{"id":14895,"date":"2023-02-10T12:00:00","date_gmt":"2023-02-10T11:00:00","guid":{"rendered":"https:\/\/le-journal.artesane.com\/arts-du-fil\/?p=14895"},"modified":"2025-09-04T14:30:44","modified_gmt":"2025-09-04T12:30:44","slug":"comment-modifier-le-tour-de-taille-dun-pantalon","status":"publish","type":"post","link":"https:\/\/www.artesane.com\/le-journal\/arts-du-fil\/comment-modifier-le-tour-de-taille-dun-pantalon\/","title":{"rendered":"Comment modifier le tour de taille d&rsquo;un pantalon ?"},"content":{"rendered":"<p>[et_pb_section fb_built=\u00a0\u00bb1&Prime; _builder_version=\u00a0\u00bb4.19.2&Prime; _module_preset=\u00a0\u00bbdefault\u00a0\u00bb global_colors_info=\u00a0\u00bb{}\u00a0\u00bb theme_builder_area=\u00a0\u00bbpost_content\u00a0\u00bb][et_pb_row _builder_version=\u00a0\u00bb4.19.2&Prime; _module_preset=\u00a0\u00bbdefault\u00a0\u00bb custom_margin=\u00a0\u00bb-43px|auto||auto||\u00a0\u00bb global_colors_info=\u00a0\u00bb{}\u00a0\u00bb theme_builder_area=\u00a0\u00bbpost_content\u00a0\u00bb][et_pb_column type=\u00a0\u00bb4_4&Prime; _builder_version=\u00a0\u00bb4.19.2&Prime; _module_preset=\u00a0\u00bbdefault\u00a0\u00bb global_colors_info=\u00a0\u00bb{}\u00a0\u00bb theme_builder_area=\u00a0\u00bbpost_content\u00a0\u00bb][et_pb_text _builder_version=\u00a0\u00bb4.19.2&Prime; _module_preset=\u00a0\u00bbdefault\u00a0\u00bb global_colors_info=\u00a0\u00bb{}\u00a0\u00bb theme_builder_area=\u00a0\u00bbpost_content\u00a0\u00bb]<\/p>\n<p style=\"text-align: justify;\"><em>En tant que petite couturi\u00e8re d\u2019un m\u00e8tre cinquante-huit, il n\u2019y a rien que je crains plus que les patrons de pantalon : d\u00e9j\u00e0, parce que je n\u2019arrive jamais \u00e0 me d\u00e9cider entre les multitudes de formes propos\u00e9es, mais surtout parce qu\u2019il faut (presque) toujours les modifier. Et l\u2019\u00e9ventail de probl\u00e8mes est multiple : trop long ou trop court, trop large ou trop serr\u00e9 \u00e0 la taille ou aux hanches\u2026<br \/><\/em><em>C\u2019est pourquoi je vous propose une nouvelle s\u00e9rie d\u2019articles pour <strong>apprendre \u00e0 modifier un patron de pantalon<\/strong> afin de l\u2019adapter \u00e0 votre morphologie sans d\u00e9naturer son aspect g\u00e9n\u00e9ral. Dans ce premier article, je vous explique comment <strong>augmenter ou diminuer le tour de taille<\/strong> !<\/em><\/p>\n<p>[\/et_pb_text][\/et_pb_column][\/et_pb_row][et_pb_row column_structure=\u00a0\u00bb1_2,1_2&Prime; _builder_version=\u00a0\u00bb4.19.2&Prime; _module_preset=\u00a0\u00bbdefault\u00a0\u00bb global_colors_info=\u00a0\u00bb{}\u00a0\u00bb theme_builder_area=\u00a0\u00bbpost_content\u00a0\u00bb][et_pb_column type=\u00a0\u00bb1_2&Prime; _builder_version=\u00a0\u00bb4.19.2&Prime; _module_preset=\u00a0\u00bbdefault\u00a0\u00bb global_colors_info=\u00a0\u00bb{}\u00a0\u00bb theme_builder_area=\u00a0\u00bbpost_content\u00a0\u00bb][et_pb_text _builder_version=\u00a0\u00bb4.19.2&Prime; _module_preset=\u00a0\u00bbdefault\u00a0\u00bb global_colors_info=\u00a0\u00bb{}\u00a0\u00bb theme_builder_area=\u00a0\u00bbpost_content\u00a0\u00bb]<\/p>\n<h2><b>SOMMAIRE<\/b><\/h2>\n<p><a href=\"#1\">Liste des fournitures n\u00e9cessaires<\/a><br \/><a href=\"#2\">\u00c0 savoir avant de commencer\u2026<\/a><br \/><a href=\"#3\">Pas-\u00e0-pas : augmenter le tour de taille d\u2019un pantalon<\/a><br \/><a href=\"#4\">Pas-\u00e0-pas : r\u00e9duire le tour de taille d\u2019un pantalon<\/a><br \/><a href=\"#5\">Et la ceinture alors ? <\/a><\/p>\n<p>[\/et_pb_text][\/et_pb_column][et_pb_column type=\u00a0\u00bb1_2&Prime; _builder_version=\u00a0\u00bb4.19.2&Prime; _module_preset=\u00a0\u00bbdefault\u00a0\u00bb global_colors_info=\u00a0\u00bb{}\u00a0\u00bb theme_builder_area=\u00a0\u00bbpost_content\u00a0\u00bb][et_pb_image src=\u00a0\u00bbhttps:\/\/le-journal.artesane.com\/arts-du-fil\/wp-content\/uploads\/2023\/02\/IMG_1389.jpg\u00a0\u00bb alt=\u00a0\u00bbphoto du haut d&rsquo;un pantalon sur mannequin\u00a0\u00bb title_text=\u00a0\u00bbIMG_1389&Prime; align=\u00a0\u00bbright\u00a0\u00bb _builder_version=\u00a0\u00bb4.19.2&Prime; _module_preset=\u00a0\u00bbdefault\u00a0\u00bb width=\u00a0\u00bb86%\u00a0\u00bb custom_margin=\u00a0\u00bb-36px|||||\u00a0\u00bb global_colors_info=\u00a0\u00bb{}\u00a0\u00bb theme_builder_area=\u00a0\u00bbpost_content\u00a0\u00bb][\/et_pb_image][\/et_pb_column][\/et_pb_row][et_pb_row _builder_version=\u00a0\u00bb4.19.2&Prime; _module_preset=\u00a0\u00bbdefault\u00a0\u00bb custom_margin=\u00a0\u00bb-14px|auto||auto||\u00a0\u00bb global_colors_info=\u00a0\u00bb{}\u00a0\u00bb theme_builder_area=\u00a0\u00bbpost_content\u00a0\u00bb][et_pb_column type=\u00a0\u00bb4_4&Prime; _builder_version=\u00a0\u00bb4.19.2&Prime; _module_preset=\u00a0\u00bbdefault\u00a0\u00bb global_colors_info=\u00a0\u00bb{}\u00a0\u00bb theme_builder_area=\u00a0\u00bbpost_content\u00a0\u00bb][et_pb_text module_id=\u00a0\u00bb1&Prime; _builder_version=\u00a0\u00bb4.19.2&Prime; _module_preset=\u00a0\u00bbdefault\u00a0\u00bb global_colors_info=\u00a0\u00bb{}\u00a0\u00bb theme_builder_area=\u00a0\u00bbpost_content\u00a0\u00bb]<\/p>\n<h2><b>Liste des fournitures n\u00e9cessaires<\/b><\/h2>\n<ul>\n<li>le patron de votre pantalon (jambe devant et jambe dos)<\/li>\n<li>du papier \u00e0 patron ou du papier Kraft<\/li>\n<li>un feutre<\/li>\n<li>une r\u00e8gle<\/li>\n<li>du scotch<\/li>\n<li>des ciseaux \u00e0 papier<\/li>\n<\/ul>\n<p>[\/et_pb_text][\/et_pb_column][\/et_pb_row][et_pb_row _builder_version=\u00a0\u00bb4.19.2&Prime; _module_preset=\u00a0\u00bbdefault\u00a0\u00bb custom_margin=\u00a0\u00bb-28px|auto||auto||\u00a0\u00bb global_colors_info=\u00a0\u00bb{}\u00a0\u00bb theme_builder_area=\u00a0\u00bbpost_content\u00a0\u00bb][et_pb_column type=\u00a0\u00bb4_4&Prime; _builder_version=\u00a0\u00bb4.19.2&Prime; _module_preset=\u00a0\u00bbdefault\u00a0\u00bb global_colors_info=\u00a0\u00bb{}\u00a0\u00bb theme_builder_area=\u00a0\u00bbpost_content\u00a0\u00bb][et_pb_text module_id=\u00a0\u00bb2&Prime; _builder_version=\u00a0\u00bb4.19.2&Prime; _module_preset=\u00a0\u00bbdefault\u00a0\u00bb global_colors_info=\u00a0\u00bb{}\u00a0\u00bb theme_builder_area=\u00a0\u00bbpost_content\u00a0\u00bb]<\/p>\n<h2 style=\"text-align: justify;\">\u00c0 savoir avant de commencer\u2026<\/h2>\n<p style=\"text-align: justify;\">Pour modifier le tour de taille de votre pantalon, vous devrez retoucher plusieurs pi\u00e8ces de votre patron : la <strong>partie avant<\/strong> de la jambe, la <strong>partie dos<\/strong> et la <strong>ceinture<\/strong> (s\u2019il y en a une, car ce n\u2019est pas toujours le cas !). En effet, le secret d\u2019une modification de taille r\u00e9ussie r\u00e9side dans la r\u00e9partition : plus les centim\u00e8tres \u00e0 \u00f4ter ou \u00e0 ajouter sont dispers\u00e9s \u00e0 diff\u00e9rents endroits, moins l\u2019aspect g\u00e9n\u00e9ral du pantalon sera modifi\u00e9 voir d\u00e9natur\u00e9.<\/p>\n<p style=\"text-align: justify;\">Ainsi, pas question d\u2019ajouter ou de retirer dix centim\u00e8tres sur l\u2019avant sans rien modifier \u00e0 l\u2019arri\u00e8re. Pour un rendu pr\u00e9cis et esth\u00e9tique, il faut r\u00e9partir ces centim\u00e8tres <strong>de part et d\u2019autre de chaque pi\u00e8ce de patron<\/strong>, c\u2019est-\u00e0-dire de chaque c\u00f4t\u00e9 des deux avant et de chaque c\u00f4t\u00e9 des deux arri\u00e8res : cela correspond \u00e0 8 endroits diff\u00e9rents\u2026 Mais rassurez-vous, rien d\u2019effrayant ! Ces modifications sont <strong>faciles<\/strong> et <strong>rapides<\/strong> \u00e0 effectuer.<\/p>\n<p>[\/et_pb_text][\/et_pb_column][\/et_pb_row][et_pb_row _builder_version=\u00a0\u00bb4.19.2&Prime; _module_preset=\u00a0\u00bbdefault\u00a0\u00bb custom_margin=\u00a0\u00bb-14px|auto||auto||\u00a0\u00bb global_colors_info=\u00a0\u00bb{}\u00a0\u00bb theme_builder_area=\u00a0\u00bbpost_content\u00a0\u00bb][et_pb_column type=\u00a0\u00bb4_4&Prime; _builder_version=\u00a0\u00bb4.19.2&Prime; _module_preset=\u00a0\u00bbdefault\u00a0\u00bb global_colors_info=\u00a0\u00bb{}\u00a0\u00bb theme_builder_area=\u00a0\u00bbpost_content\u00a0\u00bb][et_pb_text module_id=\u00a0\u00bb3&Prime; _builder_version=\u00a0\u00bb4.19.2&Prime; _module_preset=\u00a0\u00bbdefault\u00a0\u00bb global_colors_info=\u00a0\u00bb{}\u00a0\u00bb theme_builder_area=\u00a0\u00bbpost_content\u00a0\u00bb]<\/p>\n<h2><b>Pas-\u00e0-pas : augmenter le tour de taille d\u2019un pantalon<\/b><\/h2>\n<p>[\/et_pb_text][\/et_pb_column][\/et_pb_row][et_pb_row column_structure=\u00a0\u00bb1_2,1_2&Prime; _builder_version=\u00a0\u00bb4.19.2&Prime; _module_preset=\u00a0\u00bbdefault\u00a0\u00bb custom_margin=\u00a0\u00bb-40px|auto||auto||\u00a0\u00bb global_colors_info=\u00a0\u00bb{}\u00a0\u00bb theme_builder_area=\u00a0\u00bbpost_content\u00a0\u00bb][et_pb_column type=\u00a0\u00bb1_2&Prime; _builder_version=\u00a0\u00bb4.19.2&Prime; _module_preset=\u00a0\u00bbdefault\u00a0\u00bb global_colors_info=\u00a0\u00bb{}\u00a0\u00bb theme_builder_area=\u00a0\u00bbpost_content\u00a0\u00bb][et_pb_text _builder_version=\u00a0\u00bb4.19.5&Prime; _module_preset=\u00a0\u00bbdefault\u00a0\u00bb global_colors_info=\u00a0\u00bb{}\u00a0\u00bb theme_builder_area=\u00a0\u00bbpost_content\u00a0\u00bb]<\/p>\n<p style=\"text-align: justify;\">1) <strong>D\u00e9terminez le nombre de centim\u00e8tres \u00e0 ajouter<\/strong> au niveau de la taille.<\/p>\n<p style=\"text-align: justify;\">2) <strong>Divisez ce chiffre par 8<\/strong>, ce qui vous permettra de d\u00e9terminer le nombre de centim\u00e8tres \u00e0 ajouter sur chacun des huit endroits que nous avons d\u00e9termin\u00e9s. Le r\u00e9sultat trouv\u00e9 est de X cm.<\/p>\n<p style=\"text-align: justify;\">Vous allez d\u00e9sormais proc\u00e9der de la m\u00eame fa\u00e7on pour le devant et le dos :<br \/>3) <strong>Placez du papier \u00e0 patron<\/strong> en dessous de votre pi\u00e8ce de patron : c\u2019est sur ce papier que vous tracerez votre patron d\u00e9finitif.<\/p>\n<p style=\"text-align: justify;\">4) \u00c0 l\u2019aide d\u2019une r\u00e8gle, <strong>prolongez de X centim\u00e8tres la ligne de taille<\/strong>, de part et d\u2019autre de votre patron.\u00a0<\/p>\n<p>[\/et_pb_text][\/et_pb_column][et_pb_column type=\u00a0\u00bb1_2&Prime; _builder_version=\u00a0\u00bb4.19.2&Prime; _module_preset=\u00a0\u00bbdefault\u00a0\u00bb global_colors_info=\u00a0\u00bb{}\u00a0\u00bb theme_builder_area=\u00a0\u00bbpost_content\u00a0\u00bb][et_pb_image src=\u00a0\u00bbhttps:\/\/le-journal.artesane.com\/arts-du-fil\/wp-content\/uploads\/2023\/02\/Augmenter-taille.png\u00a0\u00bb alt=\u00a0\u00bbdessin explicatif pour augmenter la taille d&rsquo;un pantalon\u00a0\u00bb title_text=\u00a0\u00bbAugmenter taille\u00a0\u00bb _builder_version=\u00a0\u00bb4.19.2&Prime; _module_preset=\u00a0\u00bbdefault\u00a0\u00bb custom_margin=\u00a0\u00bb-23px|||||\u00a0\u00bb global_colors_info=\u00a0\u00bb{}\u00a0\u00bb theme_builder_area=\u00a0\u00bbpost_content\u00a0\u00bb][\/et_pb_image][\/et_pb_column][\/et_pb_row][et_pb_row _builder_version=\u00a0\u00bb4.19.2&Prime; _module_preset=\u00a0\u00bbdefault\u00a0\u00bb global_colors_info=\u00a0\u00bb{}\u00a0\u00bb theme_builder_area=\u00a0\u00bbpost_content\u00a0\u00bb][et_pb_column type=\u00a0\u00bb4_4&Prime; _builder_version=\u00a0\u00bb4.19.2&Prime; _module_preset=\u00a0\u00bbdefault\u00a0\u00bb global_colors_info=\u00a0\u00bb{}\u00a0\u00bb theme_builder_area=\u00a0\u00bbpost_content\u00a0\u00bb][et_pb_text _builder_version=\u00a0\u00bb4.19.2&Prime; _module_preset=\u00a0\u00bbdefault\u00a0\u00bb custom_margin=\u00a0\u00bb-39px|||||\u00a0\u00bb global_colors_info=\u00a0\u00bb{}\u00a0\u00bb theme_builder_area=\u00a0\u00bbpost_content\u00a0\u00bb]<\/p>\n<p style=\"text-align: justify;\">5\/ \u00c0 partir de ces rep\u00e8res, <strong>tracez les nouvelles lignes de couture<\/strong> en rejoignant progressivement les lignes existantes. Il faut \u00eatre extr\u00eamement r\u00e9gulier de fa\u00e7on \u00e0 ne pas cr\u00e9er sur notre trac\u00e9 une \u00ab bosse \u00bb disgracieuse.<\/p>\n<p>[\/et_pb_text][\/et_pb_column][\/et_pb_row][et_pb_row _builder_version=\u00a0\u00bb4.19.2&Prime; _module_preset=\u00a0\u00bbdefault\u00a0\u00bb global_colors_info=\u00a0\u00bb{}\u00a0\u00bb theme_builder_area=\u00a0\u00bbpost_content\u00a0\u00bb][et_pb_column type=\u00a0\u00bb4_4&Prime; _builder_version=\u00a0\u00bb4.19.2&Prime; _module_preset=\u00a0\u00bbdefault\u00a0\u00bb global_colors_info=\u00a0\u00bb{}\u00a0\u00bb theme_builder_area=\u00a0\u00bbpost_content\u00a0\u00bb][et_pb_text module_id=\u00a0\u00bb4&Prime; _builder_version=\u00a0\u00bb4.19.2&Prime; _module_preset=\u00a0\u00bbdefault\u00a0\u00bb global_colors_info=\u00a0\u00bb{}\u00a0\u00bb theme_builder_area=\u00a0\u00bbpost_content\u00a0\u00bb]<\/p>\n<h2><b>Pas-\u00e0-pas : r\u00e9duire le tour de taille d\u2019un pantalon<\/b><\/h2>\n<p>[\/et_pb_text][\/et_pb_column][\/et_pb_row][et_pb_row column_structure=\u00a0\u00bb1_2,1_2&Prime; _builder_version=\u00a0\u00bb4.19.2&Prime; _module_preset=\u00a0\u00bbdefault\u00a0\u00bb custom_margin=\u00a0\u00bb-40px|auto||auto||\u00a0\u00bb global_colors_info=\u00a0\u00bb{}\u00a0\u00bb theme_builder_area=\u00a0\u00bbpost_content\u00a0\u00bb][et_pb_column type=\u00a0\u00bb1_2&Prime; _builder_version=\u00a0\u00bb4.19.2&Prime; _module_preset=\u00a0\u00bbdefault\u00a0\u00bb global_colors_info=\u00a0\u00bb{}\u00a0\u00bb theme_builder_area=\u00a0\u00bbpost_content\u00a0\u00bb][et_pb_text _builder_version=\u00a0\u00bb4.19.2&Prime; _module_preset=\u00a0\u00bbdefault\u00a0\u00bb global_colors_info=\u00a0\u00bb{}\u00a0\u00bb theme_builder_area=\u00a0\u00bbpost_content\u00a0\u00bb]<\/p>\n<p style=\"text-align: justify;\">1) <strong>D\u00e9terminez le nombre de centim\u00e8tres \u00e0 retirer<\/strong> au niveau de la taille.<\/p>\n<p style=\"text-align: justify;\">2) <strong>Divisez ce chiffre par 8<\/strong>, ce qui vous permettra de d\u00e9terminer le nombre de centim\u00e8tres \u00e0 retirer de chacun des huit endroits que nous avons d\u00e9termin\u00e9s. Le r\u00e9sultat trouv\u00e9 est de X cm.<\/p>\n<p style=\"text-align: justify;\">Vous allez d\u00e9sormais proc\u00e9der de la m\u00eame fa\u00e7on pour le devant et le dos :<br \/>3) De chaque c\u00f4t\u00e9 de votre patron, <strong>retirez X cm<\/strong> sur la ligne de taille.\u00a0<\/p>\n<p style=\"text-align: justify;\">4) \u00c0 partir de ces rep\u00e8res, <strong>tracez les nouvelles lignes de couture<\/strong> en rejoignant progressivement les lignes existantes. Il faut \u00eatre extr\u00eamement r\u00e9gulier de fa\u00e7on \u00e0 ne pas cr\u00e9er sur notre trac\u00e9 une \u00ab bosse \u00bb disgracieuse.<\/p>\n<p>[\/et_pb_text][\/et_pb_column][et_pb_column type=\u00a0\u00bb1_2&Prime; _builder_version=\u00a0\u00bb4.19.2&Prime; _module_preset=\u00a0\u00bbdefault\u00a0\u00bb global_colors_info=\u00a0\u00bb{}\u00a0\u00bb theme_builder_area=\u00a0\u00bbpost_content\u00a0\u00bb][et_pb_image src=\u00a0\u00bbhttps:\/\/le-journal.artesane.com\/arts-du-fil\/wp-content\/uploads\/2023\/02\/Diminuer-taille.png\u00a0\u00bb alt=\u00a0\u00bbdessin explicatif pour diminuer la taille d&rsquo;un pantalon\u00a0\u00bb title_text=\u00a0\u00bbDiminuer taille\u00a0\u00bb _builder_version=\u00a0\u00bb4.19.2&Prime; _module_preset=\u00a0\u00bbdefault\u00a0\u00bb custom_margin=\u00a0\u00bb-11px|||||\u00a0\u00bb global_colors_info=\u00a0\u00bb{}\u00a0\u00bb theme_builder_area=\u00a0\u00bbpost_content\u00a0\u00bb][\/et_pb_image][\/et_pb_column][\/et_pb_row][et_pb_row _builder_version=\u00a0\u00bb4.19.2&Prime; _module_preset=\u00a0\u00bbdefault\u00a0\u00bb global_colors_info=\u00a0\u00bb{}\u00a0\u00bb theme_builder_area=\u00a0\u00bbpost_content\u00a0\u00bb][et_pb_column type=\u00a0\u00bb4_4&Prime; _builder_version=\u00a0\u00bb4.19.2&Prime; _module_preset=\u00a0\u00bbdefault\u00a0\u00bb global_colors_info=\u00a0\u00bb{}\u00a0\u00bb theme_builder_area=\u00a0\u00bbpost_content\u00a0\u00bb][et_pb_text module_id=\u00a0\u00bb5&Prime; _builder_version=\u00a0\u00bb4.19.2&Prime; _module_preset=\u00a0\u00bbdefault\u00a0\u00bb global_colors_info=\u00a0\u00bb{}\u00a0\u00bb theme_builder_area=\u00a0\u00bbpost_content\u00a0\u00bb]<\/p>\n<h2 style=\"text-align: justify;\">Et la ceinture alors ?<\/h2>\n<p style=\"text-align: justify;\">Si vous augmentez ou diminuez le tour de taille d\u2019un patron de pantalon, <strong>n\u2019oubliez pas d\u2019augmenter ou de diminuer \u00e9galement la circonf\u00e9rence de la ceinture<\/strong> afin que leurs tailles soient identiques ! Pour cela, rien de plus simple : vous devez r\u00e9partir sur l\u2019ensemble de la ceinture le nombre de centim\u00e8tres que vous souhaitez ajouter ou retirer (et ce nombre de centim\u00e8tres doit, \u00e9videmment, \u00eatre identique \u00e0 vos modifications sur le pantalon !).<\/p>\n<p>[\/et_pb_text][\/et_pb_column][\/et_pb_row][et_pb_row column_structure=\u00a0\u00bb1_2,1_2&Prime; _builder_version=\u00a0\u00bb4.19.2&Prime; _module_preset=\u00a0\u00bbdefault\u00a0\u00bb global_colors_info=\u00a0\u00bb{}\u00a0\u00bb theme_builder_area=\u00a0\u00bbpost_content\u00a0\u00bb][et_pb_column type=\u00a0\u00bb1_2&Prime; _builder_version=\u00a0\u00bb4.19.2&Prime; _module_preset=\u00a0\u00bbdefault\u00a0\u00bb global_colors_info=\u00a0\u00bb{}\u00a0\u00bb theme_builder_area=\u00a0\u00bbpost_content\u00a0\u00bb][et_pb_text _builder_version=\u00a0\u00bb4.19.2&Prime; _module_preset=\u00a0\u00bbdefault\u00a0\u00bb global_colors_info=\u00a0\u00bb{}\u00a0\u00bb theme_builder_area=\u00a0\u00bbpost_content\u00a0\u00bb]<\/p>\n<p style=\"text-align: justify;\"><em>Si vous souhaitez \u00e9galement apprendre \u00e0 apporter des modifications stylistiques \u00e0 votre pi\u00e8ce, le nouveau cours <a href=\"https:\/\/www.artesane.com\/arts-du-fil\/produit\/variations-de-mode-le-pantalon?utm_source=Journal&amp;utm_medium=Article&amp;utm_campaign=ascensionpantalon&amp;utm_content=ascensionpantalon&amp;utm_term=202302-Journal-Trafic-article-ascensionpantalon-art_fil\" target=\"_blank\" rel=\"noopener\"><strong>Variations de mode : le pantalon<\/strong><\/a> vous apprend \u00e0 la fois \u00e0 modifier le patron d\u2019un pantalon, mais \u00e9galement \u00e0 <strong>travailler vos tissus<\/strong> pour <strong>ornementer vos cr\u00e9ations<\/strong>. Il vous permettra de r\u00e9aliser quatre mod\u00e8les exclusifs aux finitions travaill\u00e9es, sur-mesure et parfaitement adapt\u00e9s \u00e0 votre go\u00fbt.\u00a0<\/em><\/p>\n<p style=\"text-align: justify;\"><em>Par ailleurs, restez attentifs\u2026 Un prochain article arrivera bient\u00f4t sur la <strong>modification des hanches d\u2019un pantalon<\/strong> ! <\/em><\/p>\n<p>[\/et_pb_text][\/et_pb_column][et_pb_column type=\u00a0\u00bb1_2&Prime; _builder_version=\u00a0\u00bb4.19.2&Prime; _module_preset=\u00a0\u00bbdefault\u00a0\u00bb global_colors_info=\u00a0\u00bb{}\u00a0\u00bb theme_builder_area=\u00a0\u00bbpost_content\u00a0\u00bb][et_pb_image src=\u00a0\u00bbhttps:\/\/le-journal.artesane.com\/arts-du-fil\/wp-content\/uploads\/2023\/02\/DSC_016772dpi.jpg\u00a0\u00bb alt=\u00a0\u00bbphoto des pantalons du cours Artesane Variations de mode : le pantalon\u00a0\u00bb title_text=\u00a0\u00bbDSC_016772dpi\u00a0\u00bb _builder_version=\u00a0\u00bb4.19.2&Prime; _module_preset=\u00a0\u00bbdefault\u00a0\u00bb global_colors_info=\u00a0\u00bb{}\u00a0\u00bb theme_builder_area=\u00a0\u00bbpost_content\u00a0\u00bb][\/et_pb_image][\/et_pb_column][\/et_pb_row][\/et_pb_section]<\/p>\n","protected":false},"excerpt":{"rendered":"<p>Dans ce premier article couture de la s\u00e9rie \u00ab\u00a0Modifications d&rsquo;un patron de pantalon\u00a0\u00bb, je vous explique comment retoucher le tour de taille !<\/p>\n","protected":false},"author":10,"featured_media":14946,"comment_status":"open","ping_status":"closed","sticky":false,"template":"","format":"standard","meta":{"_et_pb_use_builder":"on","_et_pb_old_content":"","_et_gb_content_width":"","_exactmetrics_skip_tracking":false,"_exactmetrics_sitenote_active":false,"_exactmetrics_sitenote_note":"","_exactmetrics_sitenote_category":0,"footnotes":""},"categories":[903],"tags":[],"class_list":["post-14895","post","type-post","status-publish","format-standard","has-post-thumbnail","hentry","category-couture"],"yoast_head":"<!-- This site is optimized with the Yoast SEO plugin v27.5 - https:\/\/yoast.com\/product\/yoast-seo-wordpress\/ -->\n<title>Comment modifier le tour de taille d&#039;un pantalon ? - Journal Artesane<\/title>\n<meta name=\"description\" content=\"Dans ce premier article couture de la s\u00e9rie &quot;Modifications d&#039;un patron de pantalon&quot;, je vous explique comment retoucher le tour de taille !\" \/>\n<meta name=\"robots\" content=\"index, follow, max-snippet:-1, max-image-preview:large, max-video-preview:-1\" \/>\n<link rel=\"canonical\" href=\"https:\/\/www.artesane.com\/le-journal\/arts-du-fil\/comment-modifier-le-tour-de-taille-dun-pantalon\/\" \/>\n<meta property=\"og:locale\" content=\"fr_FR\" \/>\n<meta property=\"og:type\" content=\"article\" \/>\n<meta property=\"og:title\" content=\"Comment modifier le tour de taille d&#039;un pantalon ? - Journal Artesane\" \/>\n<meta property=\"og:description\" content=\"Dans ce premier article couture de la s\u00e9rie &quot;Modifications d&#039;un patron de pantalon&quot;, je vous explique comment retoucher le tour de taille !\" \/>\n<meta property=\"og:url\" content=\"https:\/\/www.artesane.com\/le-journal\/arts-du-fil\/comment-modifier-le-tour-de-taille-dun-pantalon\/\" \/>\n<meta property=\"og:site_name\" content=\"Journal Artesane - Arts du Fil\" \/>\n<meta property=\"article:publisher\" content=\"https:\/\/www.facebook.com\/artesanefrance\" \/>\n<meta property=\"article:published_time\" content=\"2023-02-10T11:00:00+00:00\" \/>\n<meta property=\"article:modified_time\" content=\"2025-09-04T12:30:44+00:00\" \/>\n<meta property=\"og:image\" content=\"https:\/\/www.artesane.com\/le-journal\/arts-du-fil\/wp-content\/uploads\/2023\/02\/IMG_1389.jpg\" \/>\n\t<meta property=\"og:image:width\" content=\"1920\" \/>\n\t<meta property=\"og:image:height\" content=\"1280\" \/>\n\t<meta property=\"og:image:type\" content=\"image\/jpeg\" \/>\n<meta name=\"author\" content=\"Armelle Jany\" \/>\n<meta name=\"twitter:card\" content=\"summary_large_image\" \/>\n<meta name=\"twitter:label1\" content=\"\u00c9crit par\" \/>\n\t<meta name=\"twitter:data1\" content=\"Armelle Jany\" \/>\n\t<meta name=\"twitter:label2\" content=\"Dur\u00e9e de lecture estim\u00e9e\" \/>\n\t<meta name=\"twitter:data2\" content=\"6 minutes\" \/>\n<script type=\"application\/ld+json\" class=\"yoast-schema-graph\">{\"@context\":\"https:\\\/\\\/schema.org\",\"@graph\":[{\"@type\":\"Article\",\"@id\":\"https:\\\/\\\/www.artesane.com\\\/le-journal\\\/arts-du-fil\\\/comment-modifier-le-tour-de-taille-dun-pantalon\\\/#article\",\"isPartOf\":{\"@id\":\"https:\\\/\\\/www.artesane.com\\\/le-journal\\\/arts-du-fil\\\/comment-modifier-le-tour-de-taille-dun-pantalon\\\/\"},\"author\":{\"name\":\"Armelle Jany\",\"@id\":\"https:\\\/\\\/www.artesane.com\\\/le-journal\\\/arts-du-fil\\\/#\\\/schema\\\/person\\\/2d01bc7c2dabe4593f13958c4595ea26\"},\"headline\":\"Comment modifier le tour de taille d&rsquo;un pantalon ?\",\"datePublished\":\"2023-02-10T11:00:00+00:00\",\"dateModified\":\"2025-09-04T12:30:44+00:00\",\"mainEntityOfPage\":{\"@id\":\"https:\\\/\\\/www.artesane.com\\\/le-journal\\\/arts-du-fil\\\/comment-modifier-le-tour-de-taille-dun-pantalon\\\/\"},\"wordCount\":1810,\"commentCount\":2,\"publisher\":{\"@id\":\"https:\\\/\\\/www.artesane.com\\\/le-journal\\\/arts-du-fil\\\/#organization\"},\"image\":{\"@id\":\"https:\\\/\\\/www.artesane.com\\\/le-journal\\\/arts-du-fil\\\/comment-modifier-le-tour-de-taille-dun-pantalon\\\/#primaryimage\"},\"thumbnailUrl\":\"https:\\\/\\\/www.artesane.com\\\/le-journal\\\/arts-du-fil\\\/wp-content\\\/uploads\\\/2023\\\/02\\\/IMG_1389.jpg\",\"articleSection\":[\"Techniques de couture\"],\"inLanguage\":\"fr-FR\",\"potentialAction\":[{\"@type\":\"CommentAction\",\"name\":\"Comment\",\"target\":[\"https:\\\/\\\/www.artesane.com\\\/le-journal\\\/arts-du-fil\\\/comment-modifier-le-tour-de-taille-dun-pantalon\\\/#respond\"]}]},{\"@type\":\"WebPage\",\"@id\":\"https:\\\/\\\/www.artesane.com\\\/le-journal\\\/arts-du-fil\\\/comment-modifier-le-tour-de-taille-dun-pantalon\\\/\",\"url\":\"https:\\\/\\\/www.artesane.com\\\/le-journal\\\/arts-du-fil\\\/comment-modifier-le-tour-de-taille-dun-pantalon\\\/\",\"name\":\"Comment modifier le tour de taille d'un pantalon ? - Journal Artesane\",\"isPartOf\":{\"@id\":\"https:\\\/\\\/www.artesane.com\\\/le-journal\\\/arts-du-fil\\\/#website\"},\"primaryImageOfPage\":{\"@id\":\"https:\\\/\\\/www.artesane.com\\\/le-journal\\\/arts-du-fil\\\/comment-modifier-le-tour-de-taille-dun-pantalon\\\/#primaryimage\"},\"image\":{\"@id\":\"https:\\\/\\\/www.artesane.com\\\/le-journal\\\/arts-du-fil\\\/comment-modifier-le-tour-de-taille-dun-pantalon\\\/#primaryimage\"},\"thumbnailUrl\":\"https:\\\/\\\/www.artesane.com\\\/le-journal\\\/arts-du-fil\\\/wp-content\\\/uploads\\\/2023\\\/02\\\/IMG_1389.jpg\",\"datePublished\":\"2023-02-10T11:00:00+00:00\",\"dateModified\":\"2025-09-04T12:30:44+00:00\",\"description\":\"Dans ce premier article couture de la s\u00e9rie \\\"Modifications d'un patron de pantalon\\\", je vous explique comment retoucher le tour de taille !\",\"breadcrumb\":{\"@id\":\"https:\\\/\\\/www.artesane.com\\\/le-journal\\\/arts-du-fil\\\/comment-modifier-le-tour-de-taille-dun-pantalon\\\/#breadcrumb\"},\"inLanguage\":\"fr-FR\",\"potentialAction\":[{\"@type\":\"ReadAction\",\"target\":[\"https:\\\/\\\/www.artesane.com\\\/le-journal\\\/arts-du-fil\\\/comment-modifier-le-tour-de-taille-dun-pantalon\\\/\"]}]},{\"@type\":\"ImageObject\",\"inLanguage\":\"fr-FR\",\"@id\":\"https:\\\/\\\/www.artesane.com\\\/le-journal\\\/arts-du-fil\\\/comment-modifier-le-tour-de-taille-dun-pantalon\\\/#primaryimage\",\"url\":\"https:\\\/\\\/www.artesane.com\\\/le-journal\\\/arts-du-fil\\\/wp-content\\\/uploads\\\/2023\\\/02\\\/IMG_1389.jpg\",\"contentUrl\":\"https:\\\/\\\/www.artesane.com\\\/le-journal\\\/arts-du-fil\\\/wp-content\\\/uploads\\\/2023\\\/02\\\/IMG_1389.jpg\",\"width\":1920,\"height\":1280,\"caption\":\"photo du haut d'un pantalon sur mannequin\"},{\"@type\":\"BreadcrumbList\",\"@id\":\"https:\\\/\\\/www.artesane.com\\\/le-journal\\\/arts-du-fil\\\/comment-modifier-le-tour-de-taille-dun-pantalon\\\/#breadcrumb\",\"itemListElement\":[{\"@type\":\"ListItem\",\"position\":1,\"name\":\"Accueil\",\"item\":\"https:\\\/\\\/www.artesane.com\\\/le-journal\\\/arts-du-fil\\\/\"},{\"@type\":\"ListItem\",\"position\":2,\"name\":\"Comment modifier le tour de taille d&rsquo;un pantalon ?\"}]},{\"@type\":\"WebSite\",\"@id\":\"https:\\\/\\\/www.artesane.com\\\/le-journal\\\/arts-du-fil\\\/#website\",\"url\":\"https:\\\/\\\/www.artesane.com\\\/le-journal\\\/arts-du-fil\\\/\",\"name\":\"Journal Artesane - Arts du Fil\",\"description\":\"La meilleure \u00e9cole de cours vid\u00e9o d&#039;arts et loisir cr\u00e9atifs\",\"publisher\":{\"@id\":\"https:\\\/\\\/www.artesane.com\\\/le-journal\\\/arts-du-fil\\\/#organization\"},\"potentialAction\":[{\"@type\":\"SearchAction\",\"target\":{\"@type\":\"EntryPoint\",\"urlTemplate\":\"https:\\\/\\\/www.artesane.com\\\/le-journal\\\/arts-du-fil\\\/?s={search_term_string}\"},\"query-input\":{\"@type\":\"PropertyValueSpecification\",\"valueRequired\":true,\"valueName\":\"search_term_string\"}}],\"inLanguage\":\"fr-FR\"},{\"@type\":\"Organization\",\"@id\":\"https:\\\/\\\/www.artesane.com\\\/le-journal\\\/arts-du-fil\\\/#organization\",\"name\":\"Artesane\",\"url\":\"https:\\\/\\\/www.artesane.com\\\/le-journal\\\/arts-du-fil\\\/\",\"logo\":{\"@type\":\"ImageObject\",\"inLanguage\":\"fr-FR\",\"@id\":\"https:\\\/\\\/www.artesane.com\\\/le-journal\\\/arts-du-fil\\\/#\\\/schema\\\/logo\\\/image\\\/\",\"url\":\"https:\\\/\\\/www.artesane.com\\\/le-journal\\\/arts-du-fil\\\/wp-content\\\/uploads\\\/2022\\\/05\\\/logo-simple.png\",\"contentUrl\":\"https:\\\/\\\/www.artesane.com\\\/le-journal\\\/arts-du-fil\\\/wp-content\\\/uploads\\\/2022\\\/05\\\/logo-simple.png\",\"width\":1166,\"height\":201,\"caption\":\"Artesane\"},\"image\":{\"@id\":\"https:\\\/\\\/www.artesane.com\\\/le-journal\\\/arts-du-fil\\\/#\\\/schema\\\/logo\\\/image\\\/\"},\"sameAs\":[\"https:\\\/\\\/www.facebook.com\\\/artesanefrance\",\"https:\\\/\\\/www.instagram.com\\\/artesane_france\\\/\",\"https:\\\/\\\/fr.linkedin.com\\\/company\\\/artesane\",\"https:\\\/\\\/www.pinterest.fr\\\/ArtesaneFrance\\\/\",\"https:\\\/\\\/www.youtube.com\\\/c\\\/Artesane_lesvideos\",\"https:\\\/\\\/www.twitch.tv\\\/artesane?lang=fr\",\"https:\\\/\\\/open.spotify.com\\\/show\\\/2gdmkyp7IoWhWpDRk3G71I\"]},{\"@type\":\"Person\",\"@id\":\"https:\\\/\\\/www.artesane.com\\\/le-journal\\\/arts-du-fil\\\/#\\\/schema\\\/person\\\/2d01bc7c2dabe4593f13958c4595ea26\",\"name\":\"Armelle Jany\"}]}<\/script>\n<!-- \/ Yoast SEO plugin. -->","yoast_head_json":{"title":"Comment modifier le tour de taille d'un pantalon ? - Journal Artesane","description":"Dans ce premier article couture de la s\u00e9rie \"Modifications d'un patron de pantalon\", je vous explique comment retoucher le tour de taille !","robots":{"index":"index","follow":"follow","max-snippet":"max-snippet:-1","max-image-preview":"max-image-preview:large","max-video-preview":"max-video-preview:-1"},"canonical":"https:\/\/www.artesane.com\/le-journal\/arts-du-fil\/comment-modifier-le-tour-de-taille-dun-pantalon\/","og_locale":"fr_FR","og_type":"article","og_title":"Comment modifier le tour de taille d'un pantalon ? - Journal Artesane","og_description":"Dans ce premier article couture de la s\u00e9rie \"Modifications d'un patron de pantalon\", je vous explique comment retoucher le tour de taille !","og_url":"https:\/\/www.artesane.com\/le-journal\/arts-du-fil\/comment-modifier-le-tour-de-taille-dun-pantalon\/","og_site_name":"Journal Artesane - Arts du Fil","article_publisher":"https:\/\/www.facebook.com\/artesanefrance","article_published_time":"2023-02-10T11:00:00+00:00","article_modified_time":"2025-09-04T12:30:44+00:00","og_image":[{"width":1920,"height":1280,"url":"https:\/\/www.artesane.com\/le-journal\/arts-du-fil\/wp-content\/uploads\/2023\/02\/IMG_1389.jpg","type":"image\/jpeg"}],"author":"Armelle Jany","twitter_card":"summary_large_image","twitter_misc":{"\u00c9crit par":"Armelle Jany","Dur\u00e9e de lecture estim\u00e9e":"6 minutes"},"schema":{"@context":"https:\/\/schema.org","@graph":[{"@type":"Article","@id":"https:\/\/www.artesane.com\/le-journal\/arts-du-fil\/comment-modifier-le-tour-de-taille-dun-pantalon\/#article","isPartOf":{"@id":"https:\/\/www.artesane.com\/le-journal\/arts-du-fil\/comment-modifier-le-tour-de-taille-dun-pantalon\/"},"author":{"name":"Armelle Jany","@id":"https:\/\/www.artesane.com\/le-journal\/arts-du-fil\/#\/schema\/person\/2d01bc7c2dabe4593f13958c4595ea26"},"headline":"Comment modifier le tour de taille d&rsquo;un pantalon ?","datePublished":"2023-02-10T11:00:00+00:00","dateModified":"2025-09-04T12:30:44+00:00","mainEntityOfPage":{"@id":"https:\/\/www.artesane.com\/le-journal\/arts-du-fil\/comment-modifier-le-tour-de-taille-dun-pantalon\/"},"wordCount":1810,"commentCount":2,"publisher":{"@id":"https:\/\/www.artesane.com\/le-journal\/arts-du-fil\/#organization"},"image":{"@id":"https:\/\/www.artesane.com\/le-journal\/arts-du-fil\/comment-modifier-le-tour-de-taille-dun-pantalon\/#primaryimage"},"thumbnailUrl":"https:\/\/www.artesane.com\/le-journal\/arts-du-fil\/wp-content\/uploads\/2023\/02\/IMG_1389.jpg","articleSection":["Techniques de couture"],"inLanguage":"fr-FR","potentialAction":[{"@type":"CommentAction","name":"Comment","target":["https:\/\/www.artesane.com\/le-journal\/arts-du-fil\/comment-modifier-le-tour-de-taille-dun-pantalon\/#respond"]}]},{"@type":"WebPage","@id":"https:\/\/www.artesane.com\/le-journal\/arts-du-fil\/comment-modifier-le-tour-de-taille-dun-pantalon\/","url":"https:\/\/www.artesane.com\/le-journal\/arts-du-fil\/comment-modifier-le-tour-de-taille-dun-pantalon\/","name":"Comment modifier le tour de taille d'un pantalon ? - Journal Artesane","isPartOf":{"@id":"https:\/\/www.artesane.com\/le-journal\/arts-du-fil\/#website"},"primaryImageOfPage":{"@id":"https:\/\/www.artesane.com\/le-journal\/arts-du-fil\/comment-modifier-le-tour-de-taille-dun-pantalon\/#primaryimage"},"image":{"@id":"https:\/\/www.artesane.com\/le-journal\/arts-du-fil\/comment-modifier-le-tour-de-taille-dun-pantalon\/#primaryimage"},"thumbnailUrl":"https:\/\/www.artesane.com\/le-journal\/arts-du-fil\/wp-content\/uploads\/2023\/02\/IMG_1389.jpg","datePublished":"2023-02-10T11:00:00+00:00","dateModified":"2025-09-04T12:30:44+00:00","description":"Dans ce premier article couture de la s\u00e9rie \"Modifications d'un patron de pantalon\", je vous explique comment retoucher le tour de taille !","breadcrumb":{"@id":"https:\/\/www.artesane.com\/le-journal\/arts-du-fil\/comment-modifier-le-tour-de-taille-dun-pantalon\/#breadcrumb"},"inLanguage":"fr-FR","potentialAction":[{"@type":"ReadAction","target":["https:\/\/www.artesane.com\/le-journal\/arts-du-fil\/comment-modifier-le-tour-de-taille-dun-pantalon\/"]}]},{"@type":"ImageObject","inLanguage":"fr-FR","@id":"https:\/\/www.artesane.com\/le-journal\/arts-du-fil\/comment-modifier-le-tour-de-taille-dun-pantalon\/#primaryimage","url":"https:\/\/www.artesane.com\/le-journal\/arts-du-fil\/wp-content\/uploads\/2023\/02\/IMG_1389.jpg","contentUrl":"https:\/\/www.artesane.com\/le-journal\/arts-du-fil\/wp-content\/uploads\/2023\/02\/IMG_1389.jpg","width":1920,"height":1280,"caption":"photo du haut d'un pantalon sur mannequin"},{"@type":"BreadcrumbList","@id":"https:\/\/www.artesane.com\/le-journal\/arts-du-fil\/comment-modifier-le-tour-de-taille-dun-pantalon\/#breadcrumb","itemListElement":[{"@type":"ListItem","position":1,"name":"Accueil","item":"https:\/\/www.artesane.com\/le-journal\/arts-du-fil\/"},{"@type":"ListItem","position":2,"name":"Comment modifier le tour de taille d&rsquo;un pantalon ?"}]},{"@type":"WebSite","@id":"https:\/\/www.artesane.com\/le-journal\/arts-du-fil\/#website","url":"https:\/\/www.artesane.com\/le-journal\/arts-du-fil\/","name":"Journal Artesane - Arts du Fil","description":"La meilleure \u00e9cole de cours vid\u00e9o d&#039;arts et loisir cr\u00e9atifs","publisher":{"@id":"https:\/\/www.artesane.com\/le-journal\/arts-du-fil\/#organization"},"potentialAction":[{"@type":"SearchAction","target":{"@type":"EntryPoint","urlTemplate":"https:\/\/www.artesane.com\/le-journal\/arts-du-fil\/?s={search_term_string}"},"query-input":{"@type":"PropertyValueSpecification","valueRequired":true,"valueName":"search_term_string"}}],"inLanguage":"fr-FR"},{"@type":"Organization","@id":"https:\/\/www.artesane.com\/le-journal\/arts-du-fil\/#organization","name":"Artesane","url":"https:\/\/www.artesane.com\/le-journal\/arts-du-fil\/","logo":{"@type":"ImageObject","inLanguage":"fr-FR","@id":"https:\/\/www.artesane.com\/le-journal\/arts-du-fil\/#\/schema\/logo\/image\/","url":"https:\/\/www.artesane.com\/le-journal\/arts-du-fil\/wp-content\/uploads\/2022\/05\/logo-simple.png","contentUrl":"https:\/\/www.artesane.com\/le-journal\/arts-du-fil\/wp-content\/uploads\/2022\/05\/logo-simple.png","width":1166,"height":201,"caption":"Artesane"},"image":{"@id":"https:\/\/www.artesane.com\/le-journal\/arts-du-fil\/#\/schema\/logo\/image\/"},"sameAs":["https:\/\/www.facebook.com\/artesanefrance","https:\/\/www.instagram.com\/artesane_france\/","https:\/\/fr.linkedin.com\/company\/artesane","https:\/\/www.pinterest.fr\/ArtesaneFrance\/","https:\/\/www.youtube.com\/c\/Artesane_lesvideos","https:\/\/www.twitch.tv\/artesane?lang=fr","https:\/\/open.spotify.com\/show\/2gdmkyp7IoWhWpDRk3G71I"]},{"@type":"Person","@id":"https:\/\/www.artesane.com\/le-journal\/arts-du-fil\/#\/schema\/person\/2d01bc7c2dabe4593f13958c4595ea26","name":"Armelle Jany"}]}},"_links":{"self":[{"href":"https:\/\/www.artesane.com\/le-journal\/arts-du-fil\/wp-json\/wp\/v2\/posts\/14895","targetHints":{"allow":["GET"]}}],"collection":[{"href":"https:\/\/www.artesane.com\/le-journal\/arts-du-fil\/wp-json\/wp\/v2\/posts"}],"about":[{"href":"https:\/\/www.artesane.com\/le-journal\/arts-du-fil\/wp-json\/wp\/v2\/types\/post"}],"author":[{"embeddable":true,"href":"https:\/\/www.artesane.com\/le-journal\/arts-du-fil\/wp-json\/wp\/v2\/users\/10"}],"replies":[{"embeddable":true,"href":"https:\/\/www.artesane.com\/le-journal\/arts-du-fil\/wp-json\/wp\/v2\/comments?post=14895"}],"version-history":[{"count":19,"href":"https:\/\/www.artesane.com\/le-journal\/arts-du-fil\/wp-json\/wp\/v2\/posts\/14895\/revisions"}],"predecessor-version":[{"id":17310,"href":"https:\/\/www.artesane.com\/le-journal\/arts-du-fil\/wp-json\/wp\/v2\/posts\/14895\/revisions\/17310"}],"wp:featuredmedia":[{"embeddable":true,"href":"https:\/\/www.artesane.com\/le-journal\/arts-du-fil\/wp-json\/wp\/v2\/media\/14946"}],"wp:attachment":[{"href":"https:\/\/www.artesane.com\/le-journal\/arts-du-fil\/wp-json\/wp\/v2\/media?parent=14895"}],"wp:term":[{"taxonomy":"category","embeddable":true,"href":"https:\/\/www.artesane.com\/le-journal\/arts-du-fil\/wp-json\/wp\/v2\/categories?post=14895"},{"taxonomy":"post_tag","embeddable":true,"href":"https:\/\/www.artesane.com\/le-journal\/arts-du-fil\/wp-json\/wp\/v2\/tags?post=14895"}],"curies":[{"name":"wp","href":"https:\/\/api.w.org\/{rel}","templated":true}]}}