{"id":17722,"date":"2026-02-16T12:20:22","date_gmt":"2026-02-16T11:20:22","guid":{"rendered":"https:\/\/www.artesane.com\/le-journal\/arts-du-fil\/?p=17722"},"modified":"2026-03-12T15:31:48","modified_gmt":"2026-03-12T14:31:48","slug":"tricot-machine","status":"publish","type":"post","link":"https:\/\/www.artesane.com\/le-journal\/arts-du-fil\/tricot-machine\/","title":{"rendered":"Tricot \u00e0 la machine : le petit guide machines \u00e0 tricoter"},"content":{"rendered":"\n<figure class=\"wp-block-image size-large\"><img loading=\"lazy\" decoding=\"async\" width=\"2048\" height=\"1365\" src=\"https:\/\/www.artesane.com\/le-journal\/arts-du-fil\/wp-content\/uploads\/2026\/02\/IMG_8749-edited.jpg\" alt=\"\" class=\"wp-image-17750\" srcset=\"https:\/\/www.artesane.com\/le-journal\/arts-du-fil\/wp-content\/uploads\/2026\/02\/IMG_8749-edited.jpg 2048w, https:\/\/www.artesane.com\/le-journal\/arts-du-fil\/wp-content\/uploads\/2026\/02\/IMG_8749-edited-1280x853.jpg 1280w, https:\/\/www.artesane.com\/le-journal\/arts-du-fil\/wp-content\/uploads\/2026\/02\/IMG_8749-edited-980x653.jpg 980w, https:\/\/www.artesane.com\/le-journal\/arts-du-fil\/wp-content\/uploads\/2026\/02\/IMG_8749-edited-480x320.jpg 480w\" sizes=\"(min-width: 0px) and (max-width: 480px) 480px, (min-width: 481px) and (max-width: 980px) 980px, (min-width: 981px) and (max-width: 1280px) 1280px, (min-width: 1281px) 2048px, 100vw\" \/><\/figure>\n\n\n\n<p>Le tricot \u00e0 la machine ouvre un champ de possibilit\u00e9s immense : r\u00e9aliser un pull en quelques heures, obtenir une r\u00e9gularit\u00e9 parfaite, explorer des textures complexes ou des volumes en 3D. C\u2019est une technique \u00e0 la fois rapide, pr\u00e9cise et extr\u00eamement cr\u00e9ative.<\/p>\n\n\n\n<p>Mais pour profiter pleinement du tricot machine, le choix de la machine est d\u00e9terminant. Taille des aiguilles, fonture simple ou double, compatibilit\u00e9 avec certaines techniques : toutes les machines ne permettent pas les m\u00eames projets.<\/p>\n\n\n\n<p>Dans cet article, nous vous aidons \u00e0 comprendre les diff\u00e9rents types de machines \u00e0 tricoter, leurs usages, et \u00e0 choisir le mod\u00e8le adapt\u00e9 \u00e0 vos envies, en lien avec les cours Artesane et les machines les plus utilis\u00e9es : la Silver Reed LK150 et la Silver Reed SK280.<\/p>\n\n\n\n<h2 class=\"wp-block-heading\">1. Comprendre les crit\u00e8res essentiels d\u2019une machine \u00e0 tricot<\/h2>\n\n\n\n<h3 class=\"wp-block-heading\"><strong>La taille des aiguilles <\/strong> <\/h3>\n\n\n\n<p>Choisir une machine \u00e0 tricoter, c\u2019est un peu comme choisir un pinceau en peinture. Un gros pinceau couvre vite de grandes surfaces, mais manque de pr\u00e9cision ; un pinceau fin permet les d\u00e9tails, mais demande plus de ma\u00eetrise.<\/p>\n\n\n\n<ul class=\"wp-block-list\">\n<li><strong>Les machines \u00e0 aiguilles larges comme la machine \u00e0 tricoter Silver Reed LK150 <\/strong><br>Elles accueillent des fils plus \u00e9pais et produisent un tricot souple et g\u00e9n\u00e9reux, elles sont id\u00e9ales pour tricoter pour les pulls oversize et les projets simples. La Silver Reed LK150 est l&rsquo;une des machines les plus recommand\u00e9es pour se lancer. Sa prise en main relativement facile, ses deux jauges (6,5 mm et 13 mm), elle s\u2019adapte aussi bien aux laines moyennes qu\u2019aux fils plus \u00e9pais. et ses 150 aiguilles lui permettent de s&rsquo;adapter au laines moyennes et aux fils plus \u00e9pais. <br>La<a href=\"https:\/\/www.rascol.com\/machine-a-tricoter-silver-reed-lk150-p-219142\"> Silver Reed LK150 est notamment disponible chez Rascol.<\/a> Et si vous avez d\u00e9cid\u00e9 d&rsquo;investir dans cette machine, vous pouvez vous lancer avec le cours vid\u00e9o d&rsquo;initiation \u00e0 la machine \u00e0 tricoter sur LK150 avec Elise Amiet. <br><strong>Les avantages de la <strong>Silver Reed LK150 <\/strong>: <\/strong>sa prise en main facile <br><strong>Les inconv\u00e9nients <strong>Silver Reed LK150 <\/strong> <\/strong>: elle ne peut pas accueillir de double fonture et sera donc moins flexibles pour des projets sp\u00e9cifiques ou n\u00e9cessitant de tricoter en circulaire. <br><br><\/li>\n\n\n\n<li><strong>Les machines \u00e0 aiguilles <\/strong>\u00e0 <strong>aiguilles fines \u2013 jauge standard <strong>Silver Reed <\/strong>SK280<\/strong><br>Elles permettent un travail plus pr\u00e9cis, des points structur\u00e9s, des reliefs et des textures complexes. Jersey, jacquard, points ramass\u00e9s, dentelles, points fantaisie : gr\u00e2ce \u00e0 ses cartes perfor\u00e9es. La <strong><strong>Silver Reed <\/strong><\/strong> <strong>SK280<\/strong> est devennue un peu le mod\u00e8le iconique de ce type de machine mais vous pourrez trouver d&rsquo;autres mod\u00e8les d&rsquo;occasion comme les Brother, les  Empisal, ou les Erka qui permettent de passer d&rsquo;une simple fonture \u00e0 une double fonture. <br><br>Cette magnifique <a href=\"https:\/\/www.stecker.be\/fr\/produit\/machine-a-tricoter-silver-reed-sk280\/s20185\">machine \u00e0 tricoter versatile et perfectionn\u00e9<\/a>e est disponible chez Stecker. Si vous souhaitez vous initier sur ce type de mod\u00e8les, nous vous recommandons le cours en ligne d&rsquo;Elise Amiet, \u00ab\u00a0Inititation \u00e0 la machine \u00e0 tricoter\u00a0\u00bb.<\/li>\n<\/ul>\n\n\n\n<div style=\"height:52px\" aria-hidden=\"true\" class=\"wp-block-spacer\"><\/div>\n\n\n\n<div class=\"wp-block-buttons is-layout-flex wp-block-buttons-is-layout-flex\">\n<div class=\"wp-block-button\"><a class=\"wp-block-button__link wp-element-button\" href=\"https:\/\/www.artesane.com\/arts-du-fil\/produit\/la-machine-a-tricoter-initiation-lk150\">Initiation \u00e0 la machine \u00e0 tricoter sur LK150<\/a><\/div>\n\n\n\n<div class=\"wp-block-button\"><a class=\"wp-block-button__link wp-element-button\" href=\"https:\/\/www.artesane.com\/arts-du-fil\/produit\/initiation-a-la-machine-a-tricoter\">Initiation \u00e0 la machine \u00e0 tricoter sur SK280 (compatible Erka etc&#8230;)<\/a><\/div>\n<\/div>\n\n\n\n<div style=\"height:62px\" aria-hidden=\"true\" class=\"wp-block-spacer\"><\/div>\n\n\n\n<p>&#8211;<strong>Fonture simple ou double fonture : la structure du m\u00e9tier<\/strong><\/p>\n\n\n\n<ul class=\"wp-block-list\">\n<li><strong>Fonture simple<\/strong><br>Une seule rang\u00e9e d\u2019aiguilles. Elle permet de tricoter le jersey, des formes simples, des pulls basiques ou des projets top-down. C\u2019est la solution id\u00e9ale pour d\u00e9buter.<\/li>\n\n\n\n<li><strong>Double fonture<\/strong><br>Deux rang\u00e9es d\u2019aiguilles face \u00e0 face. Elle est indispensable pour tricoter les c\u00f4tes, le tricot en rond, le tricot 3D et toutes les textures complexes. C\u2019est la cl\u00e9 pour passer \u00e0 un niveau technique sup\u00e9rieur.<\/li>\n<\/ul>\n\n\n\n<h2 class=\"wp-block-heading\">2. Les machines \u00e0 tricoter et leurs usages<\/h2>\n\n\n\n<p><strong>Silver Reed LK150 : la machine id\u00e9ale pour d\u00e9buter<\/strong><\/p>\n\n\n\n<figure class=\"wp-block-image size-large\"><img loading=\"lazy\" decoding=\"async\" width=\"2048\" height=\"1365\" src=\"https:\/\/www.artesane.com\/le-journal\/arts-du-fil\/wp-content\/uploads\/2026\/02\/IMG_8754-edited.jpg\" alt=\"\" class=\"wp-image-17745\" srcset=\"https:\/\/www.artesane.com\/le-journal\/arts-du-fil\/wp-content\/uploads\/2026\/02\/IMG_8754-edited.jpg 2048w, https:\/\/www.artesane.com\/le-journal\/arts-du-fil\/wp-content\/uploads\/2026\/02\/IMG_8754-edited-1280x853.jpg 1280w, https:\/\/www.artesane.com\/le-journal\/arts-du-fil\/wp-content\/uploads\/2026\/02\/IMG_8754-edited-980x653.jpg 980w, https:\/\/www.artesane.com\/le-journal\/arts-du-fil\/wp-content\/uploads\/2026\/02\/IMG_8754-edited-480x320.jpg 480w\" sizes=\"(min-width: 0px) and (max-width: 480px) 480px, (min-width: 481px) and (max-width: 980px) 980px, (min-width: 981px) and (max-width: 1280px) 1280px, (min-width: 1281px) 2048px, 100vw\" \/><\/figure>\n\n\n\n<figure class=\"wp-block-gallery has-nested-images columns-default is-cropped wp-block-gallery-1 is-layout-flex wp-block-gallery-is-layout-flex\">\n<figure class=\"wp-block-image size-large\"><img loading=\"lazy\" decoding=\"async\" width=\"463\" height=\"371\" data-id=\"17746\" src=\"https:\/\/www.artesane.com\/le-journal\/arts-du-fil\/wp-content\/uploads\/2026\/02\/Capture-decran_10-2-2026_1532_www.rascol.com_-1.jpeg\" alt=\"\" class=\"wp-image-17746\" srcset=\"https:\/\/www.artesane.com\/le-journal\/arts-du-fil\/wp-content\/uploads\/2026\/02\/Capture-decran_10-2-2026_1532_www.rascol.com_-1.jpeg 463w, https:\/\/www.artesane.com\/le-journal\/arts-du-fil\/wp-content\/uploads\/2026\/02\/Capture-decran_10-2-2026_1532_www.rascol.com_-1-300x240.jpeg 300w\" sizes=\"(max-width: 463px) 100vw, 463px\" \/><\/figure>\n\n\n\n<figure class=\"wp-block-image size-large\"><img loading=\"lazy\" decoding=\"async\" width=\"432\" height=\"552\" data-id=\"17747\" src=\"https:\/\/www.artesane.com\/le-journal\/arts-du-fil\/wp-content\/uploads\/2026\/02\/Capture-decran_10-2-2026_145034_www.rascol.com_-2.jpeg\" alt=\"\" class=\"wp-image-17747\" srcset=\"https:\/\/www.artesane.com\/le-journal\/arts-du-fil\/wp-content\/uploads\/2026\/02\/Capture-decran_10-2-2026_145034_www.rascol.com_-2.jpeg 432w, https:\/\/www.artesane.com\/le-journal\/arts-du-fil\/wp-content\/uploads\/2026\/02\/Capture-decran_10-2-2026_145034_www.rascol.com_-2-235x300.jpeg 235w\" sizes=\"(max-width: 432px) 100vw, 432px\" \/><\/figure>\n\n\n\n<figure class=\"wp-block-image size-large\"><img loading=\"lazy\" decoding=\"async\" width=\"450\" height=\"571\" data-id=\"17748\" src=\"https:\/\/www.artesane.com\/le-journal\/arts-du-fil\/wp-content\/uploads\/2026\/02\/Capture-decran_10-2-2026_145019_www.rascol.com_-3.jpeg\" alt=\"\" class=\"wp-image-17748\" srcset=\"https:\/\/www.artesane.com\/le-journal\/arts-du-fil\/wp-content\/uploads\/2026\/02\/Capture-decran_10-2-2026_145019_www.rascol.com_-3.jpeg 450w, https:\/\/www.artesane.com\/le-journal\/arts-du-fil\/wp-content\/uploads\/2026\/02\/Capture-decran_10-2-2026_145019_www.rascol.com_-3-236x300.jpeg 236w\" sizes=\"(max-width: 450px) 100vw, 450px\" \/><\/figure>\n<\/figure>\n\n\n\n<p>La Silver Reed LK150 est une machine dite \u201cpremier prix\u201d, plus accessible financi\u00e8rement. Elle constitue une excellente porte d\u2019entr\u00e9e dans le monde du tricot \u00e0 la machine.<\/p>\n\n\n\n<ul class=\"wp-block-list\">\n<li>Machine \u00e0 fonture simple<\/li>\n\n\n\n<li>Aiguilles larges<\/li>\n\n\n\n<li>Parfaite pour :\n<ul class=\"wp-block-list\">\n<li>pulls simples,<\/li>\n\n\n\n<li>jersey,<\/li>\n\n\n\n<li>projets oversize,<\/li>\n\n\n\n<li>apprentissage des bases.<\/li>\n<\/ul>\n<\/li>\n<\/ul>\n\n\n\n<p>Elle est utilis\u00e9e dans le cours Basile Machine ainsi que dans le cours de prise en main de la LK150 par \u00c9lise.<\/p>\n\n\n\n<p><strong>Fournisseur recommand\u00e9 : <a href=\"https:\/\/www.rascol.com\/machine-a-tricoter-silver-reed-lk150-p-219142\">Rascol<\/a><\/strong><\/p>\n\n\n\n<hr class=\"wp-block-separator has-alpha-channel-opacity\"\/>\n\n\n\n<h4 class=\"wp-block-heading\">Silver Reed SK280 : la machine compl\u00e8te et \u00e9volutive<\/h4>\n\n\n\n<figure class=\"wp-block-image size-full is-resized\"><img loading=\"lazy\" decoding=\"async\" width=\"700\" height=\"525\" src=\"https:\/\/www.artesane.com\/le-journal\/arts-du-fil\/wp-content\/uploads\/2026\/02\/silver-reed-sk280-_1-edited.jpg\" alt=\"\" class=\"wp-image-17731\" style=\"width:803px;height:auto\" srcset=\"https:\/\/www.artesane.com\/le-journal\/arts-du-fil\/wp-content\/uploads\/2026\/02\/silver-reed-sk280-_1-edited.jpg 700w, https:\/\/www.artesane.com\/le-journal\/arts-du-fil\/wp-content\/uploads\/2026\/02\/silver-reed-sk280-_1-edited-480x360.jpg 480w\" sizes=\"(min-width: 0px) and (max-width: 480px) 480px, (min-width: 481px) 700px, 100vw\" \/><\/figure>\n\n\n\n<p>La Silver Reed SK280 est un mod\u00e8le beaucoup plus complet et plus on\u00e9reux, mais aussi beaucoup plus puissant. Elle permet d\u2019explorer tout le potentiel du tricot machine.<\/p>\n\n\n\n<ul class=\"wp-block-list\">\n<li>Compatible double fonture<\/li>\n\n\n\n<li>Jauge standard<\/li>\n\n\n\n<li>Permet de r\u00e9aliser :\n<ul class=\"wp-block-list\">\n<li>c\u00f4tes,<\/li>\n\n\n\n<li>tricot 3D,<\/li>\n\n\n\n<li>textures et reliefs,<\/li>\n\n\n\n<li>points fantaisie.<\/li>\n<\/ul>\n<\/li>\n<\/ul>\n\n\n\n<p>Tous les cours d\u2019\u00c9lise Amiet (hors prise en main LK150) sont r\u00e9alis\u00e9s sur cette machine.<\/p>\n\n\n\n<p><strong>Fournisseur recommand\u00e9 : <a href=\"https:\/\/www.stecker.be\/fr\/produit\/machine-a-tricoter-silver-reed-sk280\/s20185\">Stecker, fournisseur de r\u00e9f\u00e9rence<\/a>.<\/strong><\/p>\n\n\n\n<h2 class=\"wp-block-heading\">3. Tableau comparatif des machines \u00e0 tricoter selon le niveau et les projets<\/h2>\n\n\n\n<figure class=\"wp-block-table\"><table class=\"has-fixed-layout\"><thead><tr><th>Machine \/ Type<\/th><th>Fonture<\/th><th>Taille des aiguilles<\/th><th>Niveau<\/th><th>Projets adapt\u00e9s<\/th><th>Cours Artesane<\/th><th>Fournisseur<\/th><\/tr><\/thead><tbody><tr><td><strong>Silver Reed LK150<\/strong><\/td><td>Simple<\/td><td>Aiguilles larges<\/td><td>D\u00e9butant<\/td><td>Pulls simples, jersey, oversize<\/td><td>Basile Machine, prise en main LK (\u00c9lise)<\/td><td>Rascol<\/td><\/tr><tr><td><strong>Brother \/ Empisal \/ Erka (simple fonture)<\/strong><\/td><td>Simple<\/td><td>Variable<\/td><td>D\u00e9butant \u00e0 interm\u00e9diaire<\/td><td>Jersey, pulls basiques, tops simples<\/td><td>Cours fonture simple<\/td><td>Selon mod\u00e8le<\/td><\/tr><tr><td><strong>Silver Reed SK155<\/strong><\/td><td>Double (optionnelle)<\/td><td>Jauge standard<\/td><td>Interm\u00e9diaire<\/td><td>Pulls structur\u00e9s, premi\u00e8res c\u00f4tes<\/td><td>Cours \u00c9lise<\/td><td>Stecker<\/td><\/tr><tr><td><strong>Silver Reed SK280<\/strong><\/td><td>Double fonture<\/td><td>Jauge standard<\/td><td>Interm\u00e9diaire \u00e0 avanc\u00e9<\/td><td>C\u00f4tes, tricot 3D, textures, reliefs<\/td><td>Cours 3D &amp; c\u00f4tes (\u00c9lise)<\/td><td>Stecker<\/td><\/tr><tr><td><strong>Silver Reed SK840<\/strong><\/td><td>Double fonture + \u00e9lectronique<\/td><td>Jauge standard<\/td><td>Avanc\u00e9<\/td><td>Motifs complexes, r\u00e9p\u00e9titions pr\u00e9cises<\/td><td>Cours avanc\u00e9s<\/td><td>Stecker<\/td><\/tr><tr><td><strong>Brother \/ Empisal \/ Erka (double fonture)<\/strong><\/td><td>Double fonture<\/td><td>Variable<\/td><td>Interm\u00e9diaire \u00e0 avanc\u00e9<\/td><td>C\u00f4tes, tricot circulaire, 3D<\/td><td>Cours double fonture<\/td><td>Selon mod\u00e8le<\/td><\/tr><\/tbody><\/table><\/figure>\n\n\n\n<p><\/p>\n\n\n\n<h2 class=\"wp-block-heading\">4. Comment choisir sa machine selon son projet<\/h2>\n\n\n\n<p>Avant d\u2019investir dans une machine, posez-vous ces questions :<\/p>\n\n\n\n<ul class=\"wp-block-list\">\n<li>Souhaitez-vous tricoter des pulls simples ou des projets techniques ?<\/li>\n\n\n\n<li>Avez-vous besoin de c\u00f4tes et de tricot en rond ?<\/li>\n\n\n\n<li>Quel rendu recherchez-vous : souple et oversize ou pr\u00e9cis et structur\u00e9 ?<\/li>\n\n\n\n<li>Quel budget pouvez-vous consacrer \u00e0 votre \u00e9quipement ?<\/li>\n<\/ul>\n\n\n\n<p>Beaucoup de tricoteuses commencent avec une machine simple, puis \u00e9voluent vers une double fonture lorsqu\u2019elles souhaitent explorer de nouvelles techniques.<\/p>\n\n\n\n<h2 class=\"wp-block-heading\">Conclusion<\/h2>\n\n\n\n<p>Le tricot \u00e0 la machine est une discipline riche et \u00e9volutive. Bien choisir sa machine, c\u2019est se donner les moyens de r\u00e9ussir ses projets et de progresser sereinement.<\/p>\n\n\n\n<p>La Silver Reed LK150 est id\u00e9ale pour d\u00e9buter et tricoter rapidement, tandis que la Silver Reed SK280, permet d\u2019acc\u00e9der aux techniques avanc\u00e9es comme les c\u00f4tes et le tricot 3D.<\/p>\n\n\n\n<p>D\u00e9couvrez les cours Artesane, con\u00e7us pour vous accompagner pas \u00e0 pas, quelle que soit la machine que vous utilisez.<\/p>\n\n\n\n<h3 class=\"wp-block-heading\">Les cours sur machine \u00e0 tricoter d&rsquo;Artesane<\/h3>\n\n\n\n<p>Retrouvez ci-dessous nos cours vid\u00e9o de tricot machine. D\u00e9couvrez quel cours est fait pour vous en r\u00e9pondant \u00e0 notre petit test ! <br><\/p>\n\n\n\n<div class=\"wp-block-buttons is-layout-flex wp-block-buttons-is-layout-flex\">\n<div class=\"wp-block-button\"><a class=\"wp-block-button__link wp-element-button\" href=\"https:\/\/form.typeform.com\/to\/KTwbnsag\">Le questionnaire : quel cours machine \u00e0 tricoter est fait pour moi ? <\/a><\/div>\n<\/div>\n\n\n\n<p><\/p>\n\n\n\n<div class=\"wp-block-columns is-layout-flex wp-container-core-columns-is-layout-9d6595d7 wp-block-columns-is-layout-flex\">\n<div class=\"wp-block-column is-layout-flow wp-block-column-is-layout-flow\">\n<figure class=\"wp-block-embed is-type-video is-provider-youtube wp-block-embed-youtube wp-embed-aspect-16-9 wp-has-aspect-ratio\"><div class=\"wp-block-embed__wrapper\">\n<iframe loading=\"lazy\" title=\"Bande annonce : Initiation \u00e0 la machine \u00e0 tricoter #3 : le pull raglan\" width=\"1080\" height=\"608\" src=\"https:\/\/www.youtube.com\/embed\/q-Z5eRb99Go?feature=oembed\"  allow=\"accelerometer; autoplay; clipboard-write; encrypted-media; gyroscope; picture-in-picture; web-share\" referrerpolicy=\"strict-origin-when-cross-origin\" allowfullscreen><\/iframe>\n<\/div><\/figure>\n\n\n\n<div class=\"wp-block-buttons is-layout-flex wp-block-buttons-is-layout-flex\">\n<div class=\"wp-block-button\"><a class=\"wp-block-button__link wp-element-button\" href=\"https:\/\/www.artesane.com\/arts-du-fil\/produit\/initiation-machine-a-tricoter-3-le-pull-raglan\">Initiation \u00e0 la machine \u00e0 tricoter #3 : le pull raglan<\/a><\/div>\n<\/div>\n<\/div>\n\n\n\n<div class=\"wp-block-column is-layout-flow wp-block-column-is-layout-flow\">\n<figure class=\"wp-block-embed is-type-video is-provider-youtube wp-block-embed-youtube wp-embed-aspect-16-9 wp-has-aspect-ratio\"><div class=\"wp-block-embed__wrapper\">\n<iframe loading=\"lazy\" title=\"Bande annonce : La machine a\u0300 tricoter  : Initiation LK150\" width=\"1080\" height=\"608\" src=\"https:\/\/www.youtube.com\/embed\/gzWJrCjK0XE?feature=oembed\"  allow=\"accelerometer; autoplay; clipboard-write; encrypted-media; gyroscope; picture-in-picture; web-share\" referrerpolicy=\"strict-origin-when-cross-origin\" allowfullscreen><\/iframe>\n<\/div><\/figure>\n\n\n\n<div class=\"wp-block-buttons is-layout-flex wp-block-buttons-is-layout-flex\">\n<div class=\"wp-block-button\"><a class=\"wp-block-button__link wp-element-button\" href=\"https:\/\/www.artesane.com\/arts-du-fil\/produit\/la-machine-a-tricoter-initiation-lk150\">La machine \u00e0 tricoter &#8211; Initiation LK150<\/a><\/div>\n<\/div>\n<\/div>\n<\/div>\n\n\n\n<div class=\"wp-block-columns is-layout-flex wp-container-core-columns-is-layout-9d6595d7 wp-block-columns-is-layout-flex\">\n<div class=\"wp-block-column is-layout-flow wp-block-column-is-layout-flow\">\n<figure class=\"wp-block-embed is-type-video is-provider-youtube wp-block-embed-youtube wp-embed-aspect-16-9 wp-has-aspect-ratio\"><div class=\"wp-block-embed__wrapper\">\n<iframe loading=\"lazy\" title=\"Bande annonce : La machine a\u0300 tricoter : Le tricot 3D\" width=\"1080\" height=\"608\" src=\"https:\/\/www.youtube.com\/embed\/ED5VIqNV0TE?feature=oembed\"  allow=\"accelerometer; autoplay; clipboard-write; encrypted-media; gyroscope; picture-in-picture; web-share\" referrerpolicy=\"strict-origin-when-cross-origin\" allowfullscreen><\/iframe>\n<\/div><\/figure>\n\n\n\n<div class=\"wp-block-buttons is-layout-flex wp-block-buttons-is-layout-flex\">\n<div class=\"wp-block-button\"><a class=\"wp-block-button__link wp-element-button\" href=\"https:\/\/www.artesane.com\/arts-du-fil\/produit\/la-machine-a-tricoter-le-tricot-3d\">La machine \u00e0 tricoter : Le tricot 3D<\/a><\/div>\n<\/div>\n<\/div>\n\n\n\n<div class=\"wp-block-column is-layout-flow wp-block-column-is-layout-flow\">\n<figure class=\"wp-block-embed is-type-video is-provider-youtube wp-block-embed-youtube wp-embed-aspect-16-9 wp-has-aspect-ratio\"><div class=\"wp-block-embed__wrapper\">\n<iframe loading=\"lazy\" title=\"Bande annonce : Basile je tricote mon premier pull a\u0300 la machine a\u0300 tricoter\" width=\"1080\" height=\"608\" src=\"https:\/\/www.youtube.com\/embed\/XiAs1CT15wA?feature=oembed\"  allow=\"accelerometer; autoplay; clipboard-write; encrypted-media; gyroscope; picture-in-picture; web-share\" referrerpolicy=\"strict-origin-when-cross-origin\" allowfullscreen><\/iframe>\n<\/div><\/figure>\n\n\n\n<div class=\"wp-block-buttons is-layout-flex wp-block-buttons-is-layout-flex\">\n<div class=\"wp-block-button\"><a class=\"wp-block-button__link wp-element-button\" href=\"https:\/\/www.artesane.com\/arts-du-fil\/produit\/basile-je-tricote-mon-premier-pull-a-la-machine-a-tricoter\">Basile &#8211; Je tricote mon premier pull \u00e0 la machine <\/a><\/div>\n<\/div>\n<\/div>\n<\/div>\n\n\n\n<p><\/p>\n","protected":false},"excerpt":{"rendered":"<p>Le tricot \u00e0 la machine ouvre un champ de possibilit\u00e9s immense : r\u00e9aliser un pull en quelques heures, obtenir une r\u00e9gularit\u00e9 parfaite, explorer des textures complexes ou des volumes en 3D. C\u2019est une technique \u00e0 la fois rapide, pr\u00e9cise et extr\u00eamement cr\u00e9ative. Mais pour profiter pleinement du tricot machine, le choix de la machine est [&hellip;]<\/p>\n","protected":false},"author":25,"featured_media":0,"comment_status":"open","ping_status":"closed","sticky":false,"template":"","format":"standard","meta":{"_et_pb_use_builder":"off","_et_pb_old_content":"<!-- wp:heading {\"level\":1} -->\n<h1 class=\"wp-block-heading\">Tricot \u00e0 la machine : comment choisir sa machine et ses techniques selon vos projets<\/h1>\n<!-- \/wp:heading -->\n\n<!-- wp:paragraph -->\n<p>Le tricot \u00e0 la machine ouvre un champ de possibilit\u00e9s immense : r\u00e9aliser un pull en quelques heures, obtenir une r\u00e9gularit\u00e9 parfaite, explorer des textures complexes ou des volumes en 3D. C\u2019est une technique \u00e0 la fois rapide, pr\u00e9cise et extr\u00eamement cr\u00e9ative.<\/p>\n<!-- \/wp:paragraph -->\n\n<!-- wp:paragraph -->\n<p>Mais pour profiter pleinement du tricot machine, le choix de la machine est d\u00e9terminant. Taille des aiguilles, fonture simple ou double, compatibilit\u00e9 avec certaines techniques : toutes les machines ne permettent pas les m\u00eames projets.<\/p>\n<!-- \/wp:paragraph -->\n\n<!-- wp:paragraph -->\n<p>Dans cet article, nous vous aidons \u00e0 comprendre les diff\u00e9rents types de machines \u00e0 tricoter, leurs usages, et \u00e0 choisir le mod\u00e8le adapt\u00e9 \u00e0 vos envies, en lien avec les cours Artesane et les machines les plus utilis\u00e9es : la Silver Reed LK150 et la Silver Reed SK280.<\/p>\n<!-- \/wp:paragraph -->\n\n<!-- wp:heading {\"level\":3} -->\n<h3 class=\"wp-block-heading\">1. Comprendre les crit\u00e8res essentiels d\u2019une machine \u00e0 tricot<\/h3>\n<!-- \/wp:heading -->\n\n<!-- wp:paragraph -->\n<p><strong>La taille des aiguilles : comme le choix d\u2019un pinceau<\/strong><\/p>\n<!-- \/wp:paragraph -->\n\n<!-- wp:paragraph -->\n<p>Choisir une machine \u00e0 tricoter, c\u2019est un peu comme choisir un pinceau en peinture. Un gros pinceau couvre vite de grandes surfaces, mais manque de pr\u00e9cision ; un pinceau fin permet les d\u00e9tails, mais demande plus de ma\u00eetrise.<\/p>\n<!-- \/wp:paragraph -->\n\n<!-- wp:list -->\n<ul class=\"wp-block-list\"><!-- wp:list-item -->\n<li><strong>Aiguilles larges (LK150)<\/strong><br>Elles accueillent des fils plus \u00e9pais et produisent un tricot souple et g\u00e9n\u00e9reux. Id\u00e9al pour les pulls oversize et les projets simples.<\/li>\n<!-- \/wp:list-item -->\n\n<!-- wp:list-item -->\n<li><strong>Aiguilles fines \u2013 jauge standard (SK280)<\/strong><br>Elles permettent un travail plus pr\u00e9cis, des points structur\u00e9s, des reliefs et des textures complexes.<\/li>\n<!-- \/wp:list-item --><\/ul>\n<!-- \/wp:list -->\n\n<!-- wp:paragraph -->\n<p>Cette diff\u00e9rence impacte directement le rendu des pulls, des manches et la qualit\u00e9 des finitions.<\/p>\n<!-- \/wp:paragraph -->\n\n<!-- wp:paragraph -->\n<p>Fonture simple ou double fonture : la structure du m\u00e9tier<\/p>\n<!-- \/wp:paragraph -->\n\n<!-- wp:list -->\n<ul class=\"wp-block-list\"><!-- wp:list-item -->\n<li><strong>Fonture simple<\/strong><br>Une seule rang\u00e9e d\u2019aiguilles. Elle permet de tricoter le jersey, des formes simples, des pulls basiques ou des projets top-down. C\u2019est la solution id\u00e9ale pour d\u00e9buter.<\/li>\n<!-- \/wp:list-item -->\n\n<!-- wp:list-item -->\n<li><strong>Double fonture<\/strong><br>Deux rang\u00e9es d\u2019aiguilles face \u00e0 face. Elle est indispensable pour tricoter les c\u00f4tes, le tricot en rond, le tricot 3D et toutes les textures complexes. C\u2019est la cl\u00e9 pour passer \u00e0 un niveau technique sup\u00e9rieur.<\/li>\n<!-- \/wp:list-item --><\/ul>\n<!-- \/wp:list -->\n\n<!-- wp:heading {\"level\":3} -->\n<h3 class=\"wp-block-heading\">2. Les machines \u00e0 tricoter et leurs usages<\/h3>\n<!-- \/wp:heading -->\n\n<!-- wp:paragraph -->\n<p><strong>Silver Reed LK150 : la machine id\u00e9ale pour d\u00e9buter<\/strong><\/p>\n<!-- \/wp:paragraph -->\n\n<!-- wp:paragraph -->\n<p>La Silver Reed LK150 est une machine dite \u201cpremier prix\u201d, plus accessible financi\u00e8rement. Elle constitue une excellente porte d\u2019entr\u00e9e dans le monde du tricot \u00e0 la machine.<\/p>\n<!-- \/wp:paragraph -->\n\n<!-- wp:list -->\n<ul class=\"wp-block-list\"><!-- wp:list-item -->\n<li>Machine \u00e0 <strong>fonture simple<\/strong><\/li>\n<!-- \/wp:list-item -->\n\n<!-- wp:list-item -->\n<li>Aiguilles larges<\/li>\n<!-- \/wp:list-item -->\n\n<!-- wp:list-item -->\n<li>Parfaite pour :<!-- wp:list -->\n<ul class=\"wp-block-list\"><!-- wp:list-item -->\n<li>pulls simples,<\/li>\n<!-- \/wp:list-item -->\n\n<!-- wp:list-item -->\n<li>jersey,<\/li>\n<!-- \/wp:list-item -->\n\n<!-- wp:list-item -->\n<li>projets oversize,<\/li>\n<!-- \/wp:list-item -->\n\n<!-- wp:list-item -->\n<li>apprentissage des bases.<\/li>\n<!-- \/wp:list-item --><\/ul>\n<!-- \/wp:list --><\/li>\n<!-- \/wp:list-item --><\/ul>\n<!-- \/wp:list -->\n\n<!-- wp:paragraph -->\n<p>Elle est utilis\u00e9e dans le <strong>cours Basile Machine<\/strong> ainsi que dans le <strong>cours de prise en main de la LK150 par \u00c9lise<\/strong>.<\/p>\n<!-- \/wp:paragraph -->\n\n<!-- wp:paragraph -->\n<p><strong>Fournisseur recommand\u00e9 : Rascol<\/strong><\/p>\n<!-- \/wp:paragraph -->\n\n<!-- wp:heading {\"level\":4} -->\n<h4 class=\"wp-block-heading\">Silver Reed SK280 : la machine compl\u00e8te et \u00e9volutive<\/h4>\n<!-- \/wp:heading -->\n\n<!-- wp:paragraph -->\n<p>La <strong>Silver Reed SK280<\/strong> est un mod\u00e8le beaucoup plus complet et plus on\u00e9reux, mais aussi beaucoup plus puissant. Elle permet d\u2019explorer tout le potentiel du tricot machine.<\/p>\n<!-- \/wp:paragraph -->\n\n<!-- wp:list -->\n<ul class=\"wp-block-list\"><!-- wp:list-item -->\n<li>Compatible <strong>double fonture<\/strong><\/li>\n<!-- \/wp:list-item -->\n\n<!-- wp:list-item -->\n<li>Jauge standard<\/li>\n<!-- \/wp:list-item -->\n\n<!-- wp:list-item -->\n<li>Permet de r\u00e9aliser :<!-- wp:list -->\n<ul class=\"wp-block-list\"><!-- wp:list-item -->\n<li>c\u00f4tes,<\/li>\n<!-- \/wp:list-item -->\n\n<!-- wp:list-item -->\n<li>tricot 3D,<\/li>\n<!-- \/wp:list-item -->\n\n<!-- wp:list-item -->\n<li>textures et reliefs,<\/li>\n<!-- \/wp:list-item -->\n\n<!-- wp:list-item -->\n<li>points fantaisie.<\/li>\n<!-- \/wp:list-item --><\/ul>\n<!-- \/wp:list --><\/li>\n<!-- \/wp:list-item --><\/ul>\n<!-- \/wp:list -->\n\n<!-- wp:paragraph -->\n<p>Tous les cours d\u2019\u00c9lise Amiet (hors prise en main LK150) sont r\u00e9alis\u00e9s sur cette machine.<\/p>\n<!-- \/wp:paragraph -->\n\n<!-- wp:paragraph -->\n<p><strong>Fournisseur recommand\u00e9 : Stecker, fournisseur de r\u00e9f\u00e9rence.<\/strong><\/p>\n<!-- \/wp:paragraph -->\n\n<!-- wp:heading {\"level\":3} -->\n<h3 class=\"wp-block-heading\">3. Tableau comparatif des machines \u00e0 tricoter selon le niveau et les projets<\/h3>\n<!-- \/wp:heading -->\n\n<!-- wp:table -->\n<figure class=\"wp-block-table\"><table class=\"has-fixed-layout\"><thead><tr><th>Machine \/ Type<\/th><th>Fonture<\/th><th>Taille des aiguilles<\/th><th>Niveau<\/th><th>Projets adapt\u00e9s<\/th><th>Cours Artesane<\/th><th>Fournisseur<\/th><\/tr><\/thead><tbody><tr><td><strong>Silver Reed LK150<\/strong><\/td><td>Simple<\/td><td>Aiguilles larges<\/td><td>D\u00e9butant<\/td><td>Pulls simples, jersey, oversize<\/td><td>Basile Machine, prise en main LK (\u00c9lise)<\/td><td>Rascol<\/td><\/tr><tr><td><strong>Brother \/ Empisal \/ Erka (simple fonture)<\/strong><\/td><td>Simple<\/td><td>Variable<\/td><td>D\u00e9butant \u00e0 interm\u00e9diaire<\/td><td>Jersey, pulls basiques, tops simples<\/td><td>Cours fonture simple<\/td><td>Selon mod\u00e8le<\/td><\/tr><tr><td><strong>Silver Reed SK155<\/strong><\/td><td>Double (optionnelle)<\/td><td>Jauge standard<\/td><td>Interm\u00e9diaire<\/td><td>Pulls structur\u00e9s, premi\u00e8res c\u00f4tes<\/td><td>Cours \u00c9lise<\/td><td><strong>Stecker<\/strong><\/td><\/tr><tr><td><strong>Silver Reed SK280<\/strong><\/td><td>Double fonture<\/td><td>Jauge standard<\/td><td>Interm\u00e9diaire \u00e0 avanc\u00e9<\/td><td>C\u00f4tes, tricot 3D, textures, reliefs<\/td><td>Cours 3D &amp; c\u00f4tes (\u00c9lise)<\/td><td><strong>Stecker<\/strong><\/td><\/tr><tr><td><strong>Silver Reed SK840<\/strong><\/td><td>Double fonture + \u00e9lectronique<\/td><td>Jauge standard<\/td><td>Avanc\u00e9<\/td><td>Motifs complexes, r\u00e9p\u00e9titions pr\u00e9cises<\/td><td>Cours avanc\u00e9s<\/td><td><strong>Stecker<\/strong><\/td><\/tr><tr><td><strong>Brother \/ Empisal \/ Erka (double fonture)<\/strong><\/td><td>Double fonture<\/td><td>Variable<\/td><td>Interm\u00e9diaire \u00e0 avanc\u00e9<\/td><td>C\u00f4tes, tricot circulaire, 3D<\/td><td>Cours double fonture<\/td><td>Selon mod\u00e8le<\/td><\/tr><\/tbody><\/table><\/figure>\n<!-- \/wp:table -->\n\n<!-- wp:separator -->\n<hr class=\"wp-block-separator has-alpha-channel-opacity\"\/>\n<!-- \/wp:separator -->\n\n<!-- wp:heading {\"level\":3} -->\n<h3 class=\"wp-block-heading\">4. Comment choisir sa machine selon son projet<\/h3>\n<!-- \/wp:heading -->\n\n<!-- wp:paragraph -->\n<p>Avant d\u2019investir dans une machine, posez-vous ces questions :<\/p>\n<!-- \/wp:paragraph -->\n\n<!-- wp:list -->\n<ul class=\"wp-block-list\"><!-- wp:list-item -->\n<li>Souhaitez-vous tricoter des <strong>pulls simples ou des projets techniques<\/strong> ?<\/li>\n<!-- \/wp:list-item -->\n\n<!-- wp:list-item -->\n<li>Avez-vous besoin de <strong>c\u00f4tes et de tricot en rond<\/strong> ?<\/li>\n<!-- \/wp:list-item -->\n\n<!-- wp:list-item -->\n<li>Quel <strong>rendu<\/strong> recherchez-vous : souple et oversize ou pr\u00e9cis et structur\u00e9 ?<\/li>\n<!-- \/wp:list-item -->\n\n<!-- wp:list-item -->\n<li>Quel <strong>budget<\/strong> pouvez-vous consacrer \u00e0 votre \u00e9quipement ?<\/li>\n<!-- \/wp:list-item --><\/ul>\n<!-- \/wp:list -->\n\n<!-- wp:paragraph -->\n<p>Beaucoup de tricoteuses commencent avec une machine simple, puis \u00e9voluent vers une double fonture lorsqu\u2019elles souhaitent explorer de nouvelles techniques.<\/p>\n<!-- \/wp:paragraph -->\n\n<!-- wp:heading {\"level\":3} -->\n<h3 class=\"wp-block-heading\">Conclusion<\/h3>\n<!-- \/wp:heading -->\n\n<!-- wp:paragraph -->\n<p>Le tricot \u00e0 la machine est une discipline riche et \u00e9volutive. <strong>Bien choisir sa machine<\/strong>, c\u2019est se donner les moyens de r\u00e9ussir ses projets et de progresser sereinement.<\/p>\n<!-- \/wp:paragraph -->\n\n<!-- wp:paragraph -->\n<p>La <strong>Silver Reed LK150<\/strong> est id\u00e9ale pour d\u00e9buter et tricoter rapidement, tandis que la <strong>Silver Reed SK280<\/strong>, disponible chez <strong>Stecker<\/strong>, permet d\u2019acc\u00e9der aux techniques avanc\u00e9es comme les c\u00f4tes et le tricot 3D.<\/p>\n<!-- \/wp:paragraph -->\n\n<!-- wp:paragraph -->\n<p><strong>D\u00e9couvrez les cours Artesane<\/strong>, con\u00e7us pour vous accompagner pas \u00e0 pas, quelle que soit la machine que vous utilisez.<\/p>\n<!-- \/wp:paragraph -->\n\n<!-- wp:paragraph -->\n<p><\/p>\n<!-- \/wp:paragraph -->","_et_gb_content_width":"","_exactmetrics_skip_tracking":false,"_exactmetrics_sitenote_active":false,"_exactmetrics_sitenote_note":"","_exactmetrics_sitenote_category":0,"footnotes":""},"categories":[905],"tags":[],"class_list":["post-17722","post","type-post","status-publish","format-standard","hentry","category-arts-de-la-laine"],"yoast_head":"<!-- This site is optimized with the Yoast SEO plugin v27.4 - https:\/\/yoast.com\/product\/yoast-seo-wordpress\/ -->\n<title>Tricot \u00e0 la machine : comment choisir sa machine<\/title>\n<meta name=\"description\" content=\"Dans cet article, nous vous aidons \u00e0 choisir la machine \u00e0 tricoter id\u00e9ale pour vous accompagner dans vos projets.\" \/>\n<meta name=\"robots\" content=\"index, follow, max-snippet:-1, max-image-preview:large, max-video-preview:-1\" \/>\n<link rel=\"canonical\" href=\"https:\/\/www.artesane.com\/le-journal\/arts-du-fil\/tricot-machine\/\" \/>\n<meta property=\"og:locale\" content=\"fr_FR\" \/>\n<meta property=\"og:type\" content=\"article\" \/>\n<meta property=\"og:title\" content=\"Tricot \u00e0 la machine : comment choisir sa machine\" \/>\n<meta property=\"og:description\" content=\"Dans cet article, nous vous aidons \u00e0 choisir la machine \u00e0 tricoter id\u00e9ale pour vous accompagner dans vos projets.\" \/>\n<meta property=\"og:url\" content=\"https:\/\/www.artesane.com\/le-journal\/arts-du-fil\/tricot-machine\/\" \/>\n<meta property=\"og:site_name\" content=\"Journal Artesane - Arts du Fil\" \/>\n<meta property=\"article:publisher\" content=\"https:\/\/www.facebook.com\/artesanefrance\" \/>\n<meta property=\"article:published_time\" content=\"2026-02-16T11:20:22+00:00\" \/>\n<meta property=\"article:modified_time\" content=\"2026-03-12T14:31:48+00:00\" \/>\n<meta property=\"og:image\" content=\"https:\/\/www.artesane.com\/le-journal\/arts-du-fil\/wp-content\/uploads\/2026\/02\/IMG_8749-edited.jpg\" \/>\n\t<meta property=\"og:image:width\" content=\"2048\" \/>\n\t<meta property=\"og:image:height\" content=\"1365\" \/>\n\t<meta property=\"og:image:type\" content=\"image\/jpeg\" \/>\n<meta name=\"author\" content=\"Jade Steuffe\" \/>\n<meta name=\"twitter:card\" content=\"summary_large_image\" \/>\n<meta name=\"twitter:label1\" content=\"\u00c9crit par\" \/>\n\t<meta name=\"twitter:data1\" content=\"Jade Steuffe\" \/>\n\t<meta name=\"twitter:label2\" content=\"Dur\u00e9e de lecture estim\u00e9e\" \/>\n\t<meta name=\"twitter:data2\" content=\"7 minutes\" \/>\n<script type=\"application\/ld+json\" class=\"yoast-schema-graph\">{\"@context\":\"https:\\\/\\\/schema.org\",\"@graph\":[{\"@type\":\"Article\",\"@id\":\"https:\\\/\\\/www.artesane.com\\\/le-journal\\\/arts-du-fil\\\/tricot-machine\\\/#article\",\"isPartOf\":{\"@id\":\"https:\\\/\\\/www.artesane.com\\\/le-journal\\\/arts-du-fil\\\/tricot-machine\\\/\"},\"author\":{\"name\":\"Jade Steuffe\",\"@id\":\"https:\\\/\\\/www.artesane.com\\\/le-journal\\\/arts-du-fil\\\/#\\\/schema\\\/person\\\/6304ada5adee348c7b5595ebff7a88f7\"},\"headline\":\"Tricot \u00e0 la machine : le petit guide machines \u00e0 tricoter\",\"datePublished\":\"2026-02-16T11:20:22+00:00\",\"dateModified\":\"2026-03-12T14:31:48+00:00\",\"mainEntityOfPage\":{\"@id\":\"https:\\\/\\\/www.artesane.com\\\/le-journal\\\/arts-du-fil\\\/tricot-machine\\\/\"},\"wordCount\":1158,\"commentCount\":0,\"publisher\":{\"@id\":\"https:\\\/\\\/www.artesane.com\\\/le-journal\\\/arts-du-fil\\\/#organization\"},\"image\":{\"@id\":\"https:\\\/\\\/www.artesane.com\\\/le-journal\\\/arts-du-fil\\\/tricot-machine\\\/#primaryimage\"},\"thumbnailUrl\":\"https:\\\/\\\/www.artesane.com\\\/le-journal\\\/arts-du-fil\\\/wp-content\\\/uploads\\\/2026\\\/02\\\/IMG_8749-edited.jpg\",\"articleSection\":[\"Techniques de tricot\"],\"inLanguage\":\"fr-FR\",\"potentialAction\":[{\"@type\":\"CommentAction\",\"name\":\"Comment\",\"target\":[\"https:\\\/\\\/www.artesane.com\\\/le-journal\\\/arts-du-fil\\\/tricot-machine\\\/#respond\"]}]},{\"@type\":\"WebPage\",\"@id\":\"https:\\\/\\\/www.artesane.com\\\/le-journal\\\/arts-du-fil\\\/tricot-machine\\\/\",\"url\":\"https:\\\/\\\/www.artesane.com\\\/le-journal\\\/arts-du-fil\\\/tricot-machine\\\/\",\"name\":\"Tricot \u00e0 la machine : comment choisir sa machine\",\"isPartOf\":{\"@id\":\"https:\\\/\\\/www.artesane.com\\\/le-journal\\\/arts-du-fil\\\/#website\"},\"primaryImageOfPage\":{\"@id\":\"https:\\\/\\\/www.artesane.com\\\/le-journal\\\/arts-du-fil\\\/tricot-machine\\\/#primaryimage\"},\"image\":{\"@id\":\"https:\\\/\\\/www.artesane.com\\\/le-journal\\\/arts-du-fil\\\/tricot-machine\\\/#primaryimage\"},\"thumbnailUrl\":\"https:\\\/\\\/www.artesane.com\\\/le-journal\\\/arts-du-fil\\\/wp-content\\\/uploads\\\/2026\\\/02\\\/IMG_8749-edited.jpg\",\"datePublished\":\"2026-02-16T11:20:22+00:00\",\"dateModified\":\"2026-03-12T14:31:48+00:00\",\"description\":\"Dans cet article, nous vous aidons \u00e0 choisir la machine \u00e0 tricoter id\u00e9ale pour vous accompagner dans vos projets.\",\"breadcrumb\":{\"@id\":\"https:\\\/\\\/www.artesane.com\\\/le-journal\\\/arts-du-fil\\\/tricot-machine\\\/#breadcrumb\"},\"inLanguage\":\"fr-FR\",\"potentialAction\":[{\"@type\":\"ReadAction\",\"target\":[\"https:\\\/\\\/www.artesane.com\\\/le-journal\\\/arts-du-fil\\\/tricot-machine\\\/\"]}]},{\"@type\":\"ImageObject\",\"inLanguage\":\"fr-FR\",\"@id\":\"https:\\\/\\\/www.artesane.com\\\/le-journal\\\/arts-du-fil\\\/tricot-machine\\\/#primaryimage\",\"url\":\"https:\\\/\\\/www.artesane.com\\\/le-journal\\\/arts-du-fil\\\/wp-content\\\/uploads\\\/2026\\\/02\\\/IMG_8749-edited.jpg\",\"contentUrl\":\"https:\\\/\\\/www.artesane.com\\\/le-journal\\\/arts-du-fil\\\/wp-content\\\/uploads\\\/2026\\\/02\\\/IMG_8749-edited.jpg\",\"width\":2048,\"height\":1365},{\"@type\":\"BreadcrumbList\",\"@id\":\"https:\\\/\\\/www.artesane.com\\\/le-journal\\\/arts-du-fil\\\/tricot-machine\\\/#breadcrumb\",\"itemListElement\":[{\"@type\":\"ListItem\",\"position\":1,\"name\":\"Accueil\",\"item\":\"https:\\\/\\\/www.artesane.com\\\/le-journal\\\/arts-du-fil\\\/\"},{\"@type\":\"ListItem\",\"position\":2,\"name\":\"Tricot \u00e0 la machine : le petit guide machines \u00e0 tricoter\"}]},{\"@type\":\"WebSite\",\"@id\":\"https:\\\/\\\/www.artesane.com\\\/le-journal\\\/arts-du-fil\\\/#website\",\"url\":\"https:\\\/\\\/www.artesane.com\\\/le-journal\\\/arts-du-fil\\\/\",\"name\":\"Journal Artesane - Arts du Fil\",\"description\":\"La meilleure \u00e9cole de cours vid\u00e9o d&#039;arts et loisir cr\u00e9atifs\",\"publisher\":{\"@id\":\"https:\\\/\\\/www.artesane.com\\\/le-journal\\\/arts-du-fil\\\/#organization\"},\"potentialAction\":[{\"@type\":\"SearchAction\",\"target\":{\"@type\":\"EntryPoint\",\"urlTemplate\":\"https:\\\/\\\/www.artesane.com\\\/le-journal\\\/arts-du-fil\\\/?s={search_term_string}\"},\"query-input\":{\"@type\":\"PropertyValueSpecification\",\"valueRequired\":true,\"valueName\":\"search_term_string\"}}],\"inLanguage\":\"fr-FR\"},{\"@type\":\"Organization\",\"@id\":\"https:\\\/\\\/www.artesane.com\\\/le-journal\\\/arts-du-fil\\\/#organization\",\"name\":\"Artesane\",\"url\":\"https:\\\/\\\/www.artesane.com\\\/le-journal\\\/arts-du-fil\\\/\",\"logo\":{\"@type\":\"ImageObject\",\"inLanguage\":\"fr-FR\",\"@id\":\"https:\\\/\\\/www.artesane.com\\\/le-journal\\\/arts-du-fil\\\/#\\\/schema\\\/logo\\\/image\\\/\",\"url\":\"https:\\\/\\\/www.artesane.com\\\/le-journal\\\/arts-du-fil\\\/wp-content\\\/uploads\\\/2022\\\/05\\\/logo-simple.png\",\"contentUrl\":\"https:\\\/\\\/www.artesane.com\\\/le-journal\\\/arts-du-fil\\\/wp-content\\\/uploads\\\/2022\\\/05\\\/logo-simple.png\",\"width\":1166,\"height\":201,\"caption\":\"Artesane\"},\"image\":{\"@id\":\"https:\\\/\\\/www.artesane.com\\\/le-journal\\\/arts-du-fil\\\/#\\\/schema\\\/logo\\\/image\\\/\"},\"sameAs\":[\"https:\\\/\\\/www.facebook.com\\\/artesanefrance\",\"https:\\\/\\\/www.instagram.com\\\/artesane_france\\\/\",\"https:\\\/\\\/fr.linkedin.com\\\/company\\\/artesane\",\"https:\\\/\\\/www.pinterest.fr\\\/ArtesaneFrance\\\/\",\"https:\\\/\\\/www.youtube.com\\\/c\\\/Artesane_lesvideos\",\"https:\\\/\\\/www.twitch.tv\\\/artesane?lang=fr\",\"https:\\\/\\\/open.spotify.com\\\/show\\\/2gdmkyp7IoWhWpDRk3G71I\"]},{\"@type\":\"Person\",\"@id\":\"https:\\\/\\\/www.artesane.com\\\/le-journal\\\/arts-du-fil\\\/#\\\/schema\\\/person\\\/6304ada5adee348c7b5595ebff7a88f7\",\"name\":\"Jade Steuffe\"}]}<\/script>\n<!-- \/ Yoast SEO plugin. -->","yoast_head_json":{"title":"Tricot \u00e0 la machine : comment choisir sa machine","description":"Dans cet article, nous vous aidons \u00e0 choisir la machine \u00e0 tricoter id\u00e9ale pour vous accompagner dans vos projets.","robots":{"index":"index","follow":"follow","max-snippet":"max-snippet:-1","max-image-preview":"max-image-preview:large","max-video-preview":"max-video-preview:-1"},"canonical":"https:\/\/www.artesane.com\/le-journal\/arts-du-fil\/tricot-machine\/","og_locale":"fr_FR","og_type":"article","og_title":"Tricot \u00e0 la machine : comment choisir sa machine","og_description":"Dans cet article, nous vous aidons \u00e0 choisir la machine \u00e0 tricoter id\u00e9ale pour vous accompagner dans vos projets.","og_url":"https:\/\/www.artesane.com\/le-journal\/arts-du-fil\/tricot-machine\/","og_site_name":"Journal Artesane - Arts du Fil","article_publisher":"https:\/\/www.facebook.com\/artesanefrance","article_published_time":"2026-02-16T11:20:22+00:00","article_modified_time":"2026-03-12T14:31:48+00:00","og_image":[{"width":2048,"height":1365,"url":"https:\/\/www.artesane.com\/le-journal\/arts-du-fil\/wp-content\/uploads\/2026\/02\/IMG_8749-edited.jpg","type":"image\/jpeg"}],"author":"Jade Steuffe","twitter_card":"summary_large_image","twitter_misc":{"\u00c9crit par":"Jade Steuffe","Dur\u00e9e de lecture estim\u00e9e":"7 minutes"},"schema":{"@context":"https:\/\/schema.org","@graph":[{"@type":"Article","@id":"https:\/\/www.artesane.com\/le-journal\/arts-du-fil\/tricot-machine\/#article","isPartOf":{"@id":"https:\/\/www.artesane.com\/le-journal\/arts-du-fil\/tricot-machine\/"},"author":{"name":"Jade Steuffe","@id":"https:\/\/www.artesane.com\/le-journal\/arts-du-fil\/#\/schema\/person\/6304ada5adee348c7b5595ebff7a88f7"},"headline":"Tricot \u00e0 la machine : le petit guide machines \u00e0 tricoter","datePublished":"2026-02-16T11:20:22+00:00","dateModified":"2026-03-12T14:31:48+00:00","mainEntityOfPage":{"@id":"https:\/\/www.artesane.com\/le-journal\/arts-du-fil\/tricot-machine\/"},"wordCount":1158,"commentCount":0,"publisher":{"@id":"https:\/\/www.artesane.com\/le-journal\/arts-du-fil\/#organization"},"image":{"@id":"https:\/\/www.artesane.com\/le-journal\/arts-du-fil\/tricot-machine\/#primaryimage"},"thumbnailUrl":"https:\/\/www.artesane.com\/le-journal\/arts-du-fil\/wp-content\/uploads\/2026\/02\/IMG_8749-edited.jpg","articleSection":["Techniques de tricot"],"inLanguage":"fr-FR","potentialAction":[{"@type":"CommentAction","name":"Comment","target":["https:\/\/www.artesane.com\/le-journal\/arts-du-fil\/tricot-machine\/#respond"]}]},{"@type":"WebPage","@id":"https:\/\/www.artesane.com\/le-journal\/arts-du-fil\/tricot-machine\/","url":"https:\/\/www.artesane.com\/le-journal\/arts-du-fil\/tricot-machine\/","name":"Tricot \u00e0 la machine : comment choisir sa machine","isPartOf":{"@id":"https:\/\/www.artesane.com\/le-journal\/arts-du-fil\/#website"},"primaryImageOfPage":{"@id":"https:\/\/www.artesane.com\/le-journal\/arts-du-fil\/tricot-machine\/#primaryimage"},"image":{"@id":"https:\/\/www.artesane.com\/le-journal\/arts-du-fil\/tricot-machine\/#primaryimage"},"thumbnailUrl":"https:\/\/www.artesane.com\/le-journal\/arts-du-fil\/wp-content\/uploads\/2026\/02\/IMG_8749-edited.jpg","datePublished":"2026-02-16T11:20:22+00:00","dateModified":"2026-03-12T14:31:48+00:00","description":"Dans cet article, nous vous aidons \u00e0 choisir la machine \u00e0 tricoter id\u00e9ale pour vous accompagner dans vos projets.","breadcrumb":{"@id":"https:\/\/www.artesane.com\/le-journal\/arts-du-fil\/tricot-machine\/#breadcrumb"},"inLanguage":"fr-FR","potentialAction":[{"@type":"ReadAction","target":["https:\/\/www.artesane.com\/le-journal\/arts-du-fil\/tricot-machine\/"]}]},{"@type":"ImageObject","inLanguage":"fr-FR","@id":"https:\/\/www.artesane.com\/le-journal\/arts-du-fil\/tricot-machine\/#primaryimage","url":"https:\/\/www.artesane.com\/le-journal\/arts-du-fil\/wp-content\/uploads\/2026\/02\/IMG_8749-edited.jpg","contentUrl":"https:\/\/www.artesane.com\/le-journal\/arts-du-fil\/wp-content\/uploads\/2026\/02\/IMG_8749-edited.jpg","width":2048,"height":1365},{"@type":"BreadcrumbList","@id":"https:\/\/www.artesane.com\/le-journal\/arts-du-fil\/tricot-machine\/#breadcrumb","itemListElement":[{"@type":"ListItem","position":1,"name":"Accueil","item":"https:\/\/www.artesane.com\/le-journal\/arts-du-fil\/"},{"@type":"ListItem","position":2,"name":"Tricot \u00e0 la machine : le petit guide machines \u00e0 tricoter"}]},{"@type":"WebSite","@id":"https:\/\/www.artesane.com\/le-journal\/arts-du-fil\/#website","url":"https:\/\/www.artesane.com\/le-journal\/arts-du-fil\/","name":"Journal Artesane - Arts du Fil","description":"La meilleure \u00e9cole de cours vid\u00e9o d&#039;arts et loisir cr\u00e9atifs","publisher":{"@id":"https:\/\/www.artesane.com\/le-journal\/arts-du-fil\/#organization"},"potentialAction":[{"@type":"SearchAction","target":{"@type":"EntryPoint","urlTemplate":"https:\/\/www.artesane.com\/le-journal\/arts-du-fil\/?s={search_term_string}"},"query-input":{"@type":"PropertyValueSpecification","valueRequired":true,"valueName":"search_term_string"}}],"inLanguage":"fr-FR"},{"@type":"Organization","@id":"https:\/\/www.artesane.com\/le-journal\/arts-du-fil\/#organization","name":"Artesane","url":"https:\/\/www.artesane.com\/le-journal\/arts-du-fil\/","logo":{"@type":"ImageObject","inLanguage":"fr-FR","@id":"https:\/\/www.artesane.com\/le-journal\/arts-du-fil\/#\/schema\/logo\/image\/","url":"https:\/\/www.artesane.com\/le-journal\/arts-du-fil\/wp-content\/uploads\/2022\/05\/logo-simple.png","contentUrl":"https:\/\/www.artesane.com\/le-journal\/arts-du-fil\/wp-content\/uploads\/2022\/05\/logo-simple.png","width":1166,"height":201,"caption":"Artesane"},"image":{"@id":"https:\/\/www.artesane.com\/le-journal\/arts-du-fil\/#\/schema\/logo\/image\/"},"sameAs":["https:\/\/www.facebook.com\/artesanefrance","https:\/\/www.instagram.com\/artesane_france\/","https:\/\/fr.linkedin.com\/company\/artesane","https:\/\/www.pinterest.fr\/ArtesaneFrance\/","https:\/\/www.youtube.com\/c\/Artesane_lesvideos","https:\/\/www.twitch.tv\/artesane?lang=fr","https:\/\/open.spotify.com\/show\/2gdmkyp7IoWhWpDRk3G71I"]},{"@type":"Person","@id":"https:\/\/www.artesane.com\/le-journal\/arts-du-fil\/#\/schema\/person\/6304ada5adee348c7b5595ebff7a88f7","name":"Jade Steuffe"}]}},"_links":{"self":[{"href":"https:\/\/www.artesane.com\/le-journal\/arts-du-fil\/wp-json\/wp\/v2\/posts\/17722","targetHints":{"allow":["GET"]}}],"collection":[{"href":"https:\/\/www.artesane.com\/le-journal\/arts-du-fil\/wp-json\/wp\/v2\/posts"}],"about":[{"href":"https:\/\/www.artesane.com\/le-journal\/arts-du-fil\/wp-json\/wp\/v2\/types\/post"}],"author":[{"embeddable":true,"href":"https:\/\/www.artesane.com\/le-journal\/arts-du-fil\/wp-json\/wp\/v2\/users\/25"}],"replies":[{"embeddable":true,"href":"https:\/\/www.artesane.com\/le-journal\/arts-du-fil\/wp-json\/wp\/v2\/comments?post=17722"}],"version-history":[{"count":14,"href":"https:\/\/www.artesane.com\/le-journal\/arts-du-fil\/wp-json\/wp\/v2\/posts\/17722\/revisions"}],"predecessor-version":[{"id":17778,"href":"https:\/\/www.artesane.com\/le-journal\/arts-du-fil\/wp-json\/wp\/v2\/posts\/17722\/revisions\/17778"}],"wp:attachment":[{"href":"https:\/\/www.artesane.com\/le-journal\/arts-du-fil\/wp-json\/wp\/v2\/media?parent=17722"}],"wp:term":[{"taxonomy":"category","embeddable":true,"href":"https:\/\/www.artesane.com\/le-journal\/arts-du-fil\/wp-json\/wp\/v2\/categories?post=17722"},{"taxonomy":"post_tag","embeddable":true,"href":"https:\/\/www.artesane.com\/le-journal\/arts-du-fil\/wp-json\/wp\/v2\/tags?post=17722"}],"curies":[{"name":"wp","href":"https:\/\/api.w.org\/{rel}","templated":true}]}}