{"id":17819,"date":"2026-03-10T17:05:50","date_gmt":"2026-03-10T16:05:50","guid":{"rendered":"https:\/\/www.artesane.com\/le-journal\/arts-du-fil\/?p=17819"},"modified":"2026-04-24T09:15:40","modified_gmt":"2026-04-24T07:15:40","slug":"cousu-main-nouvelle-saison-2026","status":"publish","type":"post","link":"https:\/\/www.artesane.com\/le-journal\/arts-du-fil\/cousu-main-nouvelle-saison-2026\/","title":{"rendered":"Cousu Main fait son grand retour sur RMC Life"},"content":{"rendered":"\n<p>La date officielle de la repise de l&rsquo;\u00e9mission Cousu main est enfin tomb\u00e9e ! <em>Le grand concours de couture amateur de France reprend ses aiguilles d\u00e8s le 1er avril, avec Cristina Cordula \u00e0 la pr\u00e9sentation et deux nouvelles expertes.<\/em><\/p>\n\n\n\n<p>Les passionn\u00e9s de couture vont pouvoir ressortir leurs machines \u00e0 coudre. Apr\u00e8s une absence remarqu\u00e9e, l&rsquo;\u00e9mission <strong><em>Cousu Main<\/em><\/strong>, le plus grand concours de couture amateur de France,  fait son grand retour sur RMC Life (canal 25), \u00e0 partir du <strong>mardi 1er avril 2026, tous les mercredis \u00e0 21h10<\/strong>.<\/p>\n\n\n\n<h2 class=\"wp-block-heading\"><strong>Cristina Cordula, toujours aux commandes<\/strong><\/h2>\n\n\n\n<div class=\"wp-block-cover\"><img loading=\"lazy\" decoding=\"async\" width=\"680\" height=\"383\" class=\"wp-block-cover__image-background wp-image-17820\" alt=\"\" src=\"https:\/\/www.artesane.com\/le-journal\/arts-du-fil\/wp-content\/uploads\/2026\/03\/cristina.jpg\" data-object-fit=\"cover\" srcset=\"https:\/\/www.artesane.com\/le-journal\/arts-du-fil\/wp-content\/uploads\/2026\/03\/cristina.jpg 680w, https:\/\/www.artesane.com\/le-journal\/arts-du-fil\/wp-content\/uploads\/2026\/03\/cristina-480x270.jpg 480w\" sizes=\"(min-width: 0px) and (max-width: 480px) 480px, (min-width: 481px) 680px, 100vw\" \/><span aria-hidden=\"true\" class=\"wp-block-cover__background has-background-dim\"><\/span><div class=\"wp-block-cover__inner-container is-layout-flow wp-block-cover-is-layout-flow\">\n<p><\/p>\n<\/div><\/div>\n\n\n\n<p>Fid\u00e8le \u00e0 l&rsquo;\u00e9mission depuis ses d\u00e9buts, <strong>Cristina Cordula<\/strong> reprend le fil l\u00e0 o\u00f9 elle l&rsquo;avait laiss\u00e9. La pr\u00e9sentatrice embl\u00e9matique, connue pour son sens du style et sa bienveillance envers les candidats, sera une nouvelle fois le visage de cette comp\u00e9tition couturi\u00e8re pas comme les autres.<\/p>\n\n\n\n<p>Cette nouvelle saison marque toutefois un tournant avec l&rsquo;arriv\u00e9e de deux nouvelles expertes au jury : <strong>Morgane Jeudy<\/strong> et <strong>R\u00e9gine Pronost<\/strong>. Ces deux professionnelles apporteront leur expertise et leur regard aiguis\u00e9 pour \u00e9valuer les cr\u00e9ations des candidats tout au long de la comp\u00e9tition.<\/p>\n\n\n\n<h3 class=\"wp-block-heading\"><strong>QUI SONT LES NOUVELLES EXPERTES ?<\/strong><\/h3>\n\n\n\n<p><strong>Morgane Jeudy<\/strong> : Ancienne professeure des \u00e9coles reconvertie en prof de couture, Morgane Jeudy est aujourd&rsquo;hui une des figures populaires de la couture sur les r\u00e9seaux sociaux en France. Apr\u00e8s avoir obtenu son CAP couture, elle a cr\u00e9\u00e9 sa propre marque de patrons, <em>Germain Patrons<\/em>, et f\u00e9d\u00e8re une communaut\u00e9 de pr\u00e8s de 100 000 abonn\u00e9s sur Instagram. Connue pour sa p\u00e9dagogie, elle repr\u00e9sente la nouvelle g\u00e9n\u00e9ration de couturi\u00e8res passionn\u00e9es qui ont fait de leur hobby un v\u00e9ritable m\u00e9tier.<\/p>\n\n\n\n<p><strong>R\u00e9gine Pronost<\/strong> : \u00c0 l&rsquo;oppos\u00e9,<strong> R\u00e9gine Pronost incarne l&rsquo;excellence des grandes maisons<\/strong>. Mod\u00e9liste de formation avec plus de trente ans de carri\u00e8re dans la couture professionnelle, elle a notamment dirig\u00e9 des ateliers pour Chantal Thomass, Kenzo, Givenchy, Lacroix et plus r\u00e9cemment Mugler. Plus r\u00e9cemment directrice de d\u00e9veloppement des mod\u00e8les chez Vanessa Bruno, son regard de professionnelle du luxe promet d&rsquo;\u00e9lever le niveau d&rsquo;exigence de l&rsquo;\u00e9mission. Autant vous dire que chez Artesane, nous attendons avec impatience de d\u00e9couvrir le regard de R\u00e9gine sur le travail des candidats et candidates ! <\/p>\n\n\n\n<h2 class=\"wp-block-heading\"><strong>Un nouvel \u00e9crin parisien pour huit couturiers amateurs<\/strong><\/h2>\n\n\n\n<p>Grande nouveaut\u00e9 de cette \u00e9dition : l&rsquo;\u00e9mission s&rsquo;installe dans un <strong>nouvel atelier en plein c\u0153ur de Paris<\/strong>, offrant un cadre in\u00e9dit et inspirant pour les candidats. Ce changement de d\u00e9cor promet une atmosph\u00e8re renouvel\u00e9e, tout en conservant l&rsquo;esprit artisanal qui fait le charme du programme.<\/p>\n\n\n\n<p>Ce sont cette saison <strong>huit nouveaux couturiers amateurs<\/strong> qui s&rsquo;affronteront pour d\u00e9crocher le titre de <em>\u00ab\u00a0meilleur couturier amateur de France\u00a0\u00bb<\/em>. Port\u00e9s par leur passion du tissu, des patrons et du fil, ces candidats venus de toute la France auront \u00e0 relever une s\u00e9rie de d\u00e9fis cr\u00e9atifs et techniques pour impressionner le jury.<\/p>\n\n\n\n<h2 class=\"wp-block-heading\"><strong>La couture amateur, un ph\u00e9nom\u00e8ne culturel en plein essor<\/strong><\/h2>\n\n\n\n<p>Le retour de <em>Cousu Main<\/em> intervient dans un contexte particuli\u00e8rement favorable. Depuis quelques ann\u00e9es, la couture conna\u00eet un v\u00e9ritable renouveau en France, port\u00e9e notamment par une jeune g\u00e9n\u00e9ration s\u00e9duite par le fait main, la slow fashion et la personnalisation des v\u00eatements. Les cours de couture, les ateliers participatifs et les communaut\u00e9s en ligne autour de cette pratique ont explos\u00e9, t\u00e9moignant d&rsquo;un int\u00e9r\u00eat croissant pour cet art ancestral.<\/p>\n\n\n\n<p>L&rsquo;\u00e9mission s&rsquo;inscrit ainsi pleinement dans cet air du temps, en valorisant le savoir-faire, la cr\u00e9ativit\u00e9 et la patience de couturiers qui exercent leur art en dehors de tout cadre professionnel. Un beau message dans une \u00e9poque o\u00f9 le go\u00fbt pour l&rsquo;artisanat et l&rsquo;authenticit\u00e9 n&rsquo;a jamais \u00e9t\u00e9 aussi fort.<\/p>\n\n\n\n<h2 class=\"wp-block-heading\"><strong>Et c\u00f4t\u00e9 Artesane ?<\/strong><\/h2>\n\n\n\n<p>On ne peut s&#8217;emp\u00eacher de se poser la question : y aura-t-il des \u00e9l\u00e8ves <strong>Artesane<\/strong> parmi les candidats de cette nouvelle saison ? La plateforme de r\u00e9f\u00e9rence pour apprendre les arts cr\u00e9atifs en ligne a form\u00e9 des milliers de couturiers passionn\u00e9s, et il ne serait pas surprenant que certains ou certaines d&rsquo;entre eux tentent leur chance sous les projecteurs de RMC Life.<\/p>\n\n\n\n<figure class=\"wp-block-image size-large is-resized\"><img decoding=\"async\" src=\"https:\/\/media.artesane.com\/media\/cache\/artesane_carousel\/32\/fb\/8e0fc05690a1a7c9d88a30f6be13.jpeg.webp\" alt=\"\" style=\"width:349px;height:auto\"\/><\/figure>\n\n\n\n<p>Autre question qui br\u00fble les l\u00e8vres des fid\u00e8les de l&rsquo;\u00e9mission : <a href=\"https:\/\/www.artesane.com\/arts-du-fil\/professeur\/julien-scavini\"><strong>Julien Scavini<\/strong>, notre cher professeur tailleu<\/a>r Artesane, sera-t-il de retour dans l&rsquo;\u00e9mission ? Son expertise technique, sa p\u00e9dagogie et sa passion communicative pour la coupe et la confection en avaient fait l&rsquo;un des visages appr\u00e9ci\u00e9s du programme. Sa pr\u00e9sence, ou son absence, sera assur\u00e9ment l&rsquo;un des premiers sujets scrut\u00e9s par la communaut\u00e9 pendant cette nouvelle saison de Cousu Main. <\/p>\n\n\n\n<h3 class=\"wp-block-heading\"><strong>INFOS PRATIQUES<\/strong><\/h3>\n\n\n\n<h4 class=\"wp-block-heading\"><strong>Cousu Main \u2014 Nouvelle saison<\/strong><\/h4>\n\n\n\n<p>\ud83d\udcfa&nbsp; RMC Life \u2014 Canal 25<\/p>\n\n\n\n<p>\ud83d\udcc5&nbsp; Tous les mercredis \u00e0 21h10, d\u00e8s le 1er avril 2026<\/p>\n\n\n\n<p>\ud83c\udfac&nbsp; Pr\u00e9sent\u00e9 par Cristina Cordula<\/p>\n\n\n\n<p>\ud83d\udcf1&nbsp; En streaming sur RMC BFM Play<\/p>\n\n\n\n<p><\/p>\n\n\n\n<p><\/p>\n\n\n\n<h2 class=\"wp-block-heading\">les \u00c9pisodes de cousu main et notre analyse ! <\/h2>\n\n\n\n<ul class=\"wp-block-list\">\n<li>Notre analyse de l&rsquo;\u00e9pisode 1 de Cousu main 2026 : <a href=\"https:\/\/www.artesane.com\/le-journal\/arts-du-fil\/cousu-main-episode-1\/\">https:\/\/www.artesane.com\/le-journal\/arts-du-fil\/cousu-main-episode-1\/<\/a><\/li>\n<\/ul>\n","protected":false},"excerpt":{"rendered":"<p>La date officielle de la repise de l&rsquo;\u00e9mission Cousu main est enfin tomb\u00e9e ! Le grand concours de couture amateur de France reprend ses aiguilles d\u00e8s le 1er avril, avec Cristina Cordula \u00e0 la pr\u00e9sentation et deux nouvelles expertes. Les passionn\u00e9s de couture vont pouvoir ressortir leurs machines \u00e0 coudre. Apr\u00e8s une absence remarqu\u00e9e, l&rsquo;\u00e9mission [&hellip;]<\/p>\n","protected":false},"author":1,"featured_media":0,"comment_status":"open","ping_status":"closed","sticky":false,"template":"","format":"standard","meta":{"_et_pb_use_builder":"off","_et_pb_old_content":"","_et_gb_content_width":"","_exactmetrics_skip_tracking":false,"_exactmetrics_sitenote_active":false,"_exactmetrics_sitenote_note":"","_exactmetrics_sitenote_category":0,"footnotes":""},"categories":[7,922,919],"tags":[17,1022,1023],"class_list":["post-17819","post","type-post","status-publish","format-standard","hentry","category-actualite","category-arts-du-spectacle","category-mode-et-societe","tag-couture","tag-culture","tag-television"],"yoast_head":"<!-- This site is optimized with the Yoast SEO plugin v27.5 - https:\/\/yoast.com\/product\/yoast-seo-wordpress\/ -->\n<title>Cousu Main fait son grand retour sur RMC Life - Journal Artesane - Arts du Fil<\/title>\n<meta name=\"description\" content=\"Cousu Main revient sur RMC Life avec Cristina Cordula et deux nouvelles expertes : Morgane Jeudy et R\u00e9gine Pronost. Rendez-vous le 1er avril \u00e0 21h10 !\" \/>\n<meta name=\"robots\" content=\"index, follow, max-snippet:-1, max-image-preview:large, max-video-preview:-1\" \/>\n<link rel=\"canonical\" href=\"https:\/\/www.artesane.com\/le-journal\/arts-du-fil\/cousu-main-nouvelle-saison-2026\/\" \/>\n<meta property=\"og:locale\" content=\"fr_FR\" \/>\n<meta property=\"og:type\" content=\"article\" \/>\n<meta property=\"og:title\" content=\"Cousu Main fait son grand retour sur RMC Life - Journal Artesane - Arts du Fil\" \/>\n<meta property=\"og:description\" content=\"Cousu Main revient sur RMC Life avec Cristina Cordula et deux nouvelles expertes : Morgane Jeudy et R\u00e9gine Pronost. Rendez-vous le 1er avril \u00e0 21h10 !\" \/>\n<meta property=\"og:url\" content=\"https:\/\/www.artesane.com\/le-journal\/arts-du-fil\/cousu-main-nouvelle-saison-2026\/\" \/>\n<meta property=\"og:site_name\" content=\"Journal Artesane - Arts du Fil\" \/>\n<meta property=\"article:publisher\" content=\"https:\/\/www.facebook.com\/artesanefrance\" \/>\n<meta property=\"article:published_time\" content=\"2026-03-10T16:05:50+00:00\" \/>\n<meta property=\"article:modified_time\" content=\"2026-04-24T07:15:40+00:00\" \/>\n<meta property=\"og:image\" content=\"https:\/\/www.artesane.com\/le-journal\/arts-du-fil\/wp-content\/uploads\/2026\/03\/cristina.jpg\" \/>\n\t<meta property=\"og:image:width\" content=\"680\" \/>\n\t<meta property=\"og:image:height\" content=\"383\" \/>\n\t<meta property=\"og:image:type\" content=\"image\/jpeg\" \/>\n<meta name=\"author\" content=\"artesane\" \/>\n<meta name=\"twitter:card\" content=\"summary_large_image\" \/>\n<meta name=\"twitter:label1\" content=\"\u00c9crit par\" \/>\n\t<meta name=\"twitter:data1\" content=\"artesane\" \/>\n\t<meta name=\"twitter:label2\" content=\"Dur\u00e9e de lecture estim\u00e9e\" \/>\n\t<meta name=\"twitter:data2\" content=\"5 minutes\" \/>\n<script type=\"application\/ld+json\" class=\"yoast-schema-graph\">{\"@context\":\"https:\\\/\\\/schema.org\",\"@graph\":[{\"@type\":\"Article\",\"@id\":\"https:\\\/\\\/www.artesane.com\\\/le-journal\\\/arts-du-fil\\\/cousu-main-nouvelle-saison-2026\\\/#article\",\"isPartOf\":{\"@id\":\"https:\\\/\\\/www.artesane.com\\\/le-journal\\\/arts-du-fil\\\/cousu-main-nouvelle-saison-2026\\\/\"},\"author\":{\"name\":\"artesane\",\"@id\":\"https:\\\/\\\/www.artesane.com\\\/le-journal\\\/arts-du-fil\\\/#\\\/schema\\\/person\\\/57070b16b6acf7a2c787f96c593f31ba\"},\"headline\":\"Cousu Main fait son grand retour sur RMC Life\",\"datePublished\":\"2026-03-10T16:05:50+00:00\",\"dateModified\":\"2026-04-24T07:15:40+00:00\",\"mainEntityOfPage\":{\"@id\":\"https:\\\/\\\/www.artesane.com\\\/le-journal\\\/arts-du-fil\\\/cousu-main-nouvelle-saison-2026\\\/\"},\"wordCount\":870,\"commentCount\":0,\"publisher\":{\"@id\":\"https:\\\/\\\/www.artesane.com\\\/le-journal\\\/arts-du-fil\\\/#organization\"},\"image\":{\"@id\":\"https:\\\/\\\/www.artesane.com\\\/le-journal\\\/arts-du-fil\\\/cousu-main-nouvelle-saison-2026\\\/#primaryimage\"},\"thumbnailUrl\":\"https:\\\/\\\/www.artesane.com\\\/le-journal\\\/arts-du-fil\\\/wp-content\\\/uploads\\\/2026\\\/03\\\/cristina.jpg\",\"keywords\":[\"couture\",\"culture\",\"t\u00e9l\u00e9vision\"],\"articleSection\":[\"Actualit\u00e9s Artesane\",\"Arts du spectacle\",\"Mode et soci\u00e9t\u00e9\"],\"inLanguage\":\"fr-FR\",\"potentialAction\":[{\"@type\":\"CommentAction\",\"name\":\"Comment\",\"target\":[\"https:\\\/\\\/www.artesane.com\\\/le-journal\\\/arts-du-fil\\\/cousu-main-nouvelle-saison-2026\\\/#respond\"]}]},{\"@type\":\"WebPage\",\"@id\":\"https:\\\/\\\/www.artesane.com\\\/le-journal\\\/arts-du-fil\\\/cousu-main-nouvelle-saison-2026\\\/\",\"url\":\"https:\\\/\\\/www.artesane.com\\\/le-journal\\\/arts-du-fil\\\/cousu-main-nouvelle-saison-2026\\\/\",\"name\":\"Cousu Main fait son grand retour sur RMC Life - Journal Artesane - Arts du Fil\",\"isPartOf\":{\"@id\":\"https:\\\/\\\/www.artesane.com\\\/le-journal\\\/arts-du-fil\\\/#website\"},\"primaryImageOfPage\":{\"@id\":\"https:\\\/\\\/www.artesane.com\\\/le-journal\\\/arts-du-fil\\\/cousu-main-nouvelle-saison-2026\\\/#primaryimage\"},\"image\":{\"@id\":\"https:\\\/\\\/www.artesane.com\\\/le-journal\\\/arts-du-fil\\\/cousu-main-nouvelle-saison-2026\\\/#primaryimage\"},\"thumbnailUrl\":\"https:\\\/\\\/www.artesane.com\\\/le-journal\\\/arts-du-fil\\\/wp-content\\\/uploads\\\/2026\\\/03\\\/cristina.jpg\",\"datePublished\":\"2026-03-10T16:05:50+00:00\",\"dateModified\":\"2026-04-24T07:15:40+00:00\",\"description\":\"Cousu Main revient sur RMC Life avec Cristina Cordula et deux nouvelles expertes : Morgane Jeudy et R\u00e9gine Pronost. Rendez-vous le 1er avril \u00e0 21h10 !\",\"breadcrumb\":{\"@id\":\"https:\\\/\\\/www.artesane.com\\\/le-journal\\\/arts-du-fil\\\/cousu-main-nouvelle-saison-2026\\\/#breadcrumb\"},\"inLanguage\":\"fr-FR\",\"potentialAction\":[{\"@type\":\"ReadAction\",\"target\":[\"https:\\\/\\\/www.artesane.com\\\/le-journal\\\/arts-du-fil\\\/cousu-main-nouvelle-saison-2026\\\/\"]}]},{\"@type\":\"ImageObject\",\"inLanguage\":\"fr-FR\",\"@id\":\"https:\\\/\\\/www.artesane.com\\\/le-journal\\\/arts-du-fil\\\/cousu-main-nouvelle-saison-2026\\\/#primaryimage\",\"url\":\"https:\\\/\\\/www.artesane.com\\\/le-journal\\\/arts-du-fil\\\/wp-content\\\/uploads\\\/2026\\\/03\\\/cristina.jpg\",\"contentUrl\":\"https:\\\/\\\/www.artesane.com\\\/le-journal\\\/arts-du-fil\\\/wp-content\\\/uploads\\\/2026\\\/03\\\/cristina.jpg\",\"width\":680,\"height\":383},{\"@type\":\"BreadcrumbList\",\"@id\":\"https:\\\/\\\/www.artesane.com\\\/le-journal\\\/arts-du-fil\\\/cousu-main-nouvelle-saison-2026\\\/#breadcrumb\",\"itemListElement\":[{\"@type\":\"ListItem\",\"position\":1,\"name\":\"Accueil\",\"item\":\"https:\\\/\\\/www.artesane.com\\\/le-journal\\\/arts-du-fil\\\/\"},{\"@type\":\"ListItem\",\"position\":2,\"name\":\"Cousu Main fait son grand retour sur RMC Life\"}]},{\"@type\":\"WebSite\",\"@id\":\"https:\\\/\\\/www.artesane.com\\\/le-journal\\\/arts-du-fil\\\/#website\",\"url\":\"https:\\\/\\\/www.artesane.com\\\/le-journal\\\/arts-du-fil\\\/\",\"name\":\"Journal Artesane - Arts du Fil\",\"description\":\"La meilleure \u00e9cole de cours vid\u00e9o d&#039;arts et loisir cr\u00e9atifs\",\"publisher\":{\"@id\":\"https:\\\/\\\/www.artesane.com\\\/le-journal\\\/arts-du-fil\\\/#organization\"},\"potentialAction\":[{\"@type\":\"SearchAction\",\"target\":{\"@type\":\"EntryPoint\",\"urlTemplate\":\"https:\\\/\\\/www.artesane.com\\\/le-journal\\\/arts-du-fil\\\/?s={search_term_string}\"},\"query-input\":{\"@type\":\"PropertyValueSpecification\",\"valueRequired\":true,\"valueName\":\"search_term_string\"}}],\"inLanguage\":\"fr-FR\"},{\"@type\":\"Organization\",\"@id\":\"https:\\\/\\\/www.artesane.com\\\/le-journal\\\/arts-du-fil\\\/#organization\",\"name\":\"Artesane\",\"url\":\"https:\\\/\\\/www.artesane.com\\\/le-journal\\\/arts-du-fil\\\/\",\"logo\":{\"@type\":\"ImageObject\",\"inLanguage\":\"fr-FR\",\"@id\":\"https:\\\/\\\/www.artesane.com\\\/le-journal\\\/arts-du-fil\\\/#\\\/schema\\\/logo\\\/image\\\/\",\"url\":\"https:\\\/\\\/www.artesane.com\\\/le-journal\\\/arts-du-fil\\\/wp-content\\\/uploads\\\/2022\\\/05\\\/logo-simple.png\",\"contentUrl\":\"https:\\\/\\\/www.artesane.com\\\/le-journal\\\/arts-du-fil\\\/wp-content\\\/uploads\\\/2022\\\/05\\\/logo-simple.png\",\"width\":1166,\"height\":201,\"caption\":\"Artesane\"},\"image\":{\"@id\":\"https:\\\/\\\/www.artesane.com\\\/le-journal\\\/arts-du-fil\\\/#\\\/schema\\\/logo\\\/image\\\/\"},\"sameAs\":[\"https:\\\/\\\/www.facebook.com\\\/artesanefrance\",\"https:\\\/\\\/www.instagram.com\\\/artesane_france\\\/\",\"https:\\\/\\\/fr.linkedin.com\\\/company\\\/artesane\",\"https:\\\/\\\/www.pinterest.fr\\\/ArtesaneFrance\\\/\",\"https:\\\/\\\/www.youtube.com\\\/c\\\/Artesane_lesvideos\",\"https:\\\/\\\/www.twitch.tv\\\/artesane?lang=fr\",\"https:\\\/\\\/open.spotify.com\\\/show\\\/2gdmkyp7IoWhWpDRk3G71I\"]},{\"@type\":\"Person\",\"@id\":\"https:\\\/\\\/www.artesane.com\\\/le-journal\\\/arts-du-fil\\\/#\\\/schema\\\/person\\\/57070b16b6acf7a2c787f96c593f31ba\",\"name\":\"artesane\",\"sameAs\":[\"https:\\\/\\\/le-journal.artesane.com\\\/arts-du-fil\"]}]}<\/script>\n<!-- \/ Yoast SEO plugin. -->","yoast_head_json":{"title":"Cousu Main fait son grand retour sur RMC Life - Journal Artesane - Arts du Fil","description":"Cousu Main revient sur RMC Life avec Cristina Cordula et deux nouvelles expertes : Morgane Jeudy et R\u00e9gine Pronost. Rendez-vous le 1er avril \u00e0 21h10 !","robots":{"index":"index","follow":"follow","max-snippet":"max-snippet:-1","max-image-preview":"max-image-preview:large","max-video-preview":"max-video-preview:-1"},"canonical":"https:\/\/www.artesane.com\/le-journal\/arts-du-fil\/cousu-main-nouvelle-saison-2026\/","og_locale":"fr_FR","og_type":"article","og_title":"Cousu Main fait son grand retour sur RMC Life - Journal Artesane - Arts du Fil","og_description":"Cousu Main revient sur RMC Life avec Cristina Cordula et deux nouvelles expertes : Morgane Jeudy et R\u00e9gine Pronost. Rendez-vous le 1er avril \u00e0 21h10 !","og_url":"https:\/\/www.artesane.com\/le-journal\/arts-du-fil\/cousu-main-nouvelle-saison-2026\/","og_site_name":"Journal Artesane - Arts du Fil","article_publisher":"https:\/\/www.facebook.com\/artesanefrance","article_published_time":"2026-03-10T16:05:50+00:00","article_modified_time":"2026-04-24T07:15:40+00:00","og_image":[{"width":680,"height":383,"url":"https:\/\/www.artesane.com\/le-journal\/arts-du-fil\/wp-content\/uploads\/2026\/03\/cristina.jpg","type":"image\/jpeg"}],"author":"artesane","twitter_card":"summary_large_image","twitter_misc":{"\u00c9crit par":"artesane","Dur\u00e9e de lecture estim\u00e9e":"5 minutes"},"schema":{"@context":"https:\/\/schema.org","@graph":[{"@type":"Article","@id":"https:\/\/www.artesane.com\/le-journal\/arts-du-fil\/cousu-main-nouvelle-saison-2026\/#article","isPartOf":{"@id":"https:\/\/www.artesane.com\/le-journal\/arts-du-fil\/cousu-main-nouvelle-saison-2026\/"},"author":{"name":"artesane","@id":"https:\/\/www.artesane.com\/le-journal\/arts-du-fil\/#\/schema\/person\/57070b16b6acf7a2c787f96c593f31ba"},"headline":"Cousu Main fait son grand retour sur RMC Life","datePublished":"2026-03-10T16:05:50+00:00","dateModified":"2026-04-24T07:15:40+00:00","mainEntityOfPage":{"@id":"https:\/\/www.artesane.com\/le-journal\/arts-du-fil\/cousu-main-nouvelle-saison-2026\/"},"wordCount":870,"commentCount":0,"publisher":{"@id":"https:\/\/www.artesane.com\/le-journal\/arts-du-fil\/#organization"},"image":{"@id":"https:\/\/www.artesane.com\/le-journal\/arts-du-fil\/cousu-main-nouvelle-saison-2026\/#primaryimage"},"thumbnailUrl":"https:\/\/www.artesane.com\/le-journal\/arts-du-fil\/wp-content\/uploads\/2026\/03\/cristina.jpg","keywords":["couture","culture","t\u00e9l\u00e9vision"],"articleSection":["Actualit\u00e9s Artesane","Arts du spectacle","Mode et soci\u00e9t\u00e9"],"inLanguage":"fr-FR","potentialAction":[{"@type":"CommentAction","name":"Comment","target":["https:\/\/www.artesane.com\/le-journal\/arts-du-fil\/cousu-main-nouvelle-saison-2026\/#respond"]}]},{"@type":"WebPage","@id":"https:\/\/www.artesane.com\/le-journal\/arts-du-fil\/cousu-main-nouvelle-saison-2026\/","url":"https:\/\/www.artesane.com\/le-journal\/arts-du-fil\/cousu-main-nouvelle-saison-2026\/","name":"Cousu Main fait son grand retour sur RMC Life - Journal Artesane - Arts du Fil","isPartOf":{"@id":"https:\/\/www.artesane.com\/le-journal\/arts-du-fil\/#website"},"primaryImageOfPage":{"@id":"https:\/\/www.artesane.com\/le-journal\/arts-du-fil\/cousu-main-nouvelle-saison-2026\/#primaryimage"},"image":{"@id":"https:\/\/www.artesane.com\/le-journal\/arts-du-fil\/cousu-main-nouvelle-saison-2026\/#primaryimage"},"thumbnailUrl":"https:\/\/www.artesane.com\/le-journal\/arts-du-fil\/wp-content\/uploads\/2026\/03\/cristina.jpg","datePublished":"2026-03-10T16:05:50+00:00","dateModified":"2026-04-24T07:15:40+00:00","description":"Cousu Main revient sur RMC Life avec Cristina Cordula et deux nouvelles expertes : Morgane Jeudy et R\u00e9gine Pronost. Rendez-vous le 1er avril \u00e0 21h10 !","breadcrumb":{"@id":"https:\/\/www.artesane.com\/le-journal\/arts-du-fil\/cousu-main-nouvelle-saison-2026\/#breadcrumb"},"inLanguage":"fr-FR","potentialAction":[{"@type":"ReadAction","target":["https:\/\/www.artesane.com\/le-journal\/arts-du-fil\/cousu-main-nouvelle-saison-2026\/"]}]},{"@type":"ImageObject","inLanguage":"fr-FR","@id":"https:\/\/www.artesane.com\/le-journal\/arts-du-fil\/cousu-main-nouvelle-saison-2026\/#primaryimage","url":"https:\/\/www.artesane.com\/le-journal\/arts-du-fil\/wp-content\/uploads\/2026\/03\/cristina.jpg","contentUrl":"https:\/\/www.artesane.com\/le-journal\/arts-du-fil\/wp-content\/uploads\/2026\/03\/cristina.jpg","width":680,"height":383},{"@type":"BreadcrumbList","@id":"https:\/\/www.artesane.com\/le-journal\/arts-du-fil\/cousu-main-nouvelle-saison-2026\/#breadcrumb","itemListElement":[{"@type":"ListItem","position":1,"name":"Accueil","item":"https:\/\/www.artesane.com\/le-journal\/arts-du-fil\/"},{"@type":"ListItem","position":2,"name":"Cousu Main fait son grand retour sur RMC Life"}]},{"@type":"WebSite","@id":"https:\/\/www.artesane.com\/le-journal\/arts-du-fil\/#website","url":"https:\/\/www.artesane.com\/le-journal\/arts-du-fil\/","name":"Journal Artesane - Arts du Fil","description":"La meilleure \u00e9cole de cours vid\u00e9o d&#039;arts et loisir cr\u00e9atifs","publisher":{"@id":"https:\/\/www.artesane.com\/le-journal\/arts-du-fil\/#organization"},"potentialAction":[{"@type":"SearchAction","target":{"@type":"EntryPoint","urlTemplate":"https:\/\/www.artesane.com\/le-journal\/arts-du-fil\/?s={search_term_string}"},"query-input":{"@type":"PropertyValueSpecification","valueRequired":true,"valueName":"search_term_string"}}],"inLanguage":"fr-FR"},{"@type":"Organization","@id":"https:\/\/www.artesane.com\/le-journal\/arts-du-fil\/#organization","name":"Artesane","url":"https:\/\/www.artesane.com\/le-journal\/arts-du-fil\/","logo":{"@type":"ImageObject","inLanguage":"fr-FR","@id":"https:\/\/www.artesane.com\/le-journal\/arts-du-fil\/#\/schema\/logo\/image\/","url":"https:\/\/www.artesane.com\/le-journal\/arts-du-fil\/wp-content\/uploads\/2022\/05\/logo-simple.png","contentUrl":"https:\/\/www.artesane.com\/le-journal\/arts-du-fil\/wp-content\/uploads\/2022\/05\/logo-simple.png","width":1166,"height":201,"caption":"Artesane"},"image":{"@id":"https:\/\/www.artesane.com\/le-journal\/arts-du-fil\/#\/schema\/logo\/image\/"},"sameAs":["https:\/\/www.facebook.com\/artesanefrance","https:\/\/www.instagram.com\/artesane_france\/","https:\/\/fr.linkedin.com\/company\/artesane","https:\/\/www.pinterest.fr\/ArtesaneFrance\/","https:\/\/www.youtube.com\/c\/Artesane_lesvideos","https:\/\/www.twitch.tv\/artesane?lang=fr","https:\/\/open.spotify.com\/show\/2gdmkyp7IoWhWpDRk3G71I"]},{"@type":"Person","@id":"https:\/\/www.artesane.com\/le-journal\/arts-du-fil\/#\/schema\/person\/57070b16b6acf7a2c787f96c593f31ba","name":"artesane","sameAs":["https:\/\/le-journal.artesane.com\/arts-du-fil"]}]}},"_links":{"self":[{"href":"https:\/\/www.artesane.com\/le-journal\/arts-du-fil\/wp-json\/wp\/v2\/posts\/17819","targetHints":{"allow":["GET"]}}],"collection":[{"href":"https:\/\/www.artesane.com\/le-journal\/arts-du-fil\/wp-json\/wp\/v2\/posts"}],"about":[{"href":"https:\/\/www.artesane.com\/le-journal\/arts-du-fil\/wp-json\/wp\/v2\/types\/post"}],"author":[{"embeddable":true,"href":"https:\/\/www.artesane.com\/le-journal\/arts-du-fil\/wp-json\/wp\/v2\/users\/1"}],"replies":[{"embeddable":true,"href":"https:\/\/www.artesane.com\/le-journal\/arts-du-fil\/wp-json\/wp\/v2\/comments?post=17819"}],"version-history":[{"count":4,"href":"https:\/\/www.artesane.com\/le-journal\/arts-du-fil\/wp-json\/wp\/v2\/posts\/17819\/revisions"}],"predecessor-version":[{"id":17918,"href":"https:\/\/www.artesane.com\/le-journal\/arts-du-fil\/wp-json\/wp\/v2\/posts\/17819\/revisions\/17918"}],"wp:attachment":[{"href":"https:\/\/www.artesane.com\/le-journal\/arts-du-fil\/wp-json\/wp\/v2\/media?parent=17819"}],"wp:term":[{"taxonomy":"category","embeddable":true,"href":"https:\/\/www.artesane.com\/le-journal\/arts-du-fil\/wp-json\/wp\/v2\/categories?post=17819"},{"taxonomy":"post_tag","embeddable":true,"href":"https:\/\/www.artesane.com\/le-journal\/arts-du-fil\/wp-json\/wp\/v2\/tags?post=17819"}],"curies":[{"name":"wp","href":"https:\/\/api.w.org\/{rel}","templated":true}]}}