{"id":18849,"date":"2026-09-02T16:03:38","date_gmt":"2026-09-02T14:03:38","guid":{"rendered":"https:\/\/www.artesane.com\/le-journal\/arts-du-fil\/?p=18849"},"modified":"2026-09-02T16:04:25","modified_gmt":"2026-09-02T14:04:25","slug":"les-expositions-mode-a-ne-pas-manquer-cette-rentree-en-france-et-en-europe","status":"publish","type":"post","link":"https:\/\/www.artesane.com\/le-journal\/arts-du-fil\/les-expositions-mode-a-ne-pas-manquer-cette-rentree-en-france-et-en-europe\/","title":{"rendered":"Les expositions mode \u00e0 ne pas manquer cette rentr\u00e9e en France et en Europe"},"content":{"rendered":"\n<p class=\"wp-block-paragraph\"><\/p>\n\n\n\n<p class=\"wp-block-paragraph\">La rentr\u00e9e 2026 s&rsquo;annonce particuli\u00e8rement riche pour les passionn\u00e9.e.s de mode et de patrimoine textile. Des podiums historiques du Palais Galliera aux ateliers du TextielLab n\u00e9erlandais, en passant par les couturiers les plus flamboyants de l&rsquo;histoire, voici notre s\u00e9lection des expositions mode \u00e0 voir d\u00e8s maintenant et jusqu&rsquo;au printemps 2027, en France comme ailleurs en Europe.<\/p>\n\n\n\n<p class=\"wp-block-paragraph\"><\/p>\n\n\n\n<h2 class=\"wp-block-heading\">En France<\/h2>\n\n\n\n<h3 class=\"wp-block-heading\">Un vestiaire \u00e0 soi. F\u00e9minit\u00e9s dissidentes au 19e si\u00e8cle<\/h3>\n\n\n\n<p class=\"wp-block-paragraph\"><strong>Palais Galliera, Paris \u2014 du 26 septembre 2026 au 14 f\u00e9vrier 2027<\/strong><\/p>\n\n\n\n<p class=\"wp-block-paragraph\"><\/p>\n\n\n\n<div class=\"wp-block-uagb-image uagb-block-f2ec5dcd wp-block-uagb-image--layout-default wp-block-uagb-image--effect-static wp-block-uagb-image--align-none\"><figure class=\"wp-block-uagb-image__figure\"><img decoding=\"async\" srcset=\"https:\/\/www.artesane.com\/le-journal\/arts-du-fil\/wp-content\/uploads\/2026\/09\/2-819x1024.png ,https:\/\/www.artesane.com\/le-journal\/arts-du-fil\/wp-content\/uploads\/2026\/09\/2.png 780w, https:\/\/www.artesane.com\/le-journal\/arts-du-fil\/wp-content\/uploads\/2026\/09\/2.png 360w\" sizes=\"(max-width: 480px) 150px\" src=\"https:\/\/www.artesane.com\/le-journal\/arts-du-fil\/wp-content\/uploads\/2026\/09\/2-819x1024.png\" alt=\"\" class=\"uag-image-18851\" width=\"500\" height=\"1350\" title=\"2\" loading=\"lazy\" role=\"img\"\/><\/figure><\/div>\n\n\n\n<p class=\"wp-block-paragraph\"><\/p>\n\n\n\n<p class=\"wp-block-paragraph\"><\/p>\n\n\n\n<p class=\"wp-block-paragraph\"><\/p>\n\n\n\n<p class=\"wp-block-paragraph\"><\/p>\n\n\n\n<p class=\"wp-block-paragraph\">Le Palais Galliera consacre sa nouvelle exposition \u00e0 l&rsquo;appropriation du vestiaire masculin par les femmes du 19e si\u00e8cle. Costumes d&rsquo;amazone, pantalons, tailleurs et cravates racontent comment George Sand, Rosa Bonheur ou Natalie Clifford Barney ont fait du v\u00eatement un outil d&rsquo;\u00e9mancipation, aux c\u00f4t\u00e9s de centaines d&rsquo;anonymes r\u00e9v\u00e9l\u00e9es par la photographie amateur.<\/p>\n\n\n\n<p class=\"wp-block-paragraph\"><\/p>\n\n\n\n<h3 class=\"wp-block-heading\">Rafael Pavarotti, photographe<\/h3>\n\n\n\n<p class=\"wp-block-paragraph\"><strong>Mus\u00e9e des Arts D\u00e9coratifs, Paris \u2014 du 2 octobre 2026 au 2 mai 2027<\/strong><\/p>\n\n\n\n<p class=\"wp-block-paragraph\"><\/p>\n\n\n\n<div class=\"wp-block-uagb-image uagb-block-cca5b3d8 wp-block-uagb-image--layout-default wp-block-uagb-image--effect-static wp-block-uagb-image--align-none\"><figure class=\"wp-block-uagb-image__figure\"><img decoding=\"async\" srcset=\"https:\/\/www.artesane.com\/le-journal\/arts-du-fil\/wp-content\/uploads\/2026\/09\/3-1-819x1024.png ,https:\/\/www.artesane.com\/le-journal\/arts-du-fil\/wp-content\/uploads\/2026\/09\/3-1.png 780w, https:\/\/www.artesane.com\/le-journal\/arts-du-fil\/wp-content\/uploads\/2026\/09\/3-1.png 360w\" sizes=\"(max-width: 480px) 150px\" src=\"https:\/\/www.artesane.com\/le-journal\/arts-du-fil\/wp-content\/uploads\/2026\/09\/3-1-819x1024.png\" alt=\"\" class=\"uag-image-18856\" width=\"500\" height=\"1350\" title=\"3\" loading=\"lazy\" role=\"img\"\/><\/figure><\/div>\n\n\n\n<p class=\"wp-block-paragraph\"><\/p>\n\n\n\n<p class=\"wp-block-paragraph\">Pour la premi\u00e8re fois en France, le MAD consacre une exposition au photographe br\u00e9silien Rafael Pavarotti. Plus de 200 tirages color\u00e9s et puissants, entre couvertures de magazines et campagnes pour de grandes maisons, mettent en lumi\u00e8re une photographie de mode engag\u00e9e et attentive aux corps peu repr\u00e9sent\u00e9s.<\/p>\n\n\n\n<p class=\"wp-block-paragraph\"><\/p>\n\n\n\n<h3 class=\"wp-block-heading\">Look ! 40 ans de mode au mus\u00e9e<\/h3>\n\n\n\n<p class=\"wp-block-paragraph\"><strong>Mus\u00e9e des Arts D\u00e9coratifs, Paris \u2014 du 30 septembre 2026 au 4 avril 2027<\/strong><\/p>\n\n\n\n<div class=\"wp-block-uagb-image uagb-block-1604dde3 wp-block-uagb-image--layout-default wp-block-uagb-image--effect-static wp-block-uagb-image--align-none\"><figure class=\"wp-block-uagb-image__figure\"><img decoding=\"async\" srcset=\"https:\/\/www.artesane.com\/le-journal\/arts-du-fil\/wp-content\/uploads\/2026\/09\/4-1-819x1024.png ,https:\/\/www.artesane.com\/le-journal\/arts-du-fil\/wp-content\/uploads\/2026\/09\/4-1.png 780w, https:\/\/www.artesane.com\/le-journal\/arts-du-fil\/wp-content\/uploads\/2026\/09\/4-1.png 360w\" sizes=\"(max-width: 480px) 150px\" src=\"https:\/\/www.artesane.com\/le-journal\/arts-du-fil\/wp-content\/uploads\/2026\/09\/4-1-819x1024.png\" alt=\"\" class=\"uag-image-18857\" width=\"500\" height=\"1350\" title=\"4\" loading=\"lazy\" role=\"img\"\/><\/figure><\/div>\n\n\n\n<p class=\"wp-block-paragraph\"><\/p>\n\n\n\n<p class=\"wp-block-paragraph\"><\/p>\n\n\n\n<p class=\"wp-block-paragraph\">Le MAD c\u00e9l\u00e8bre les 40 ans du mus\u00e9e des Arts de la Mode \u00e0 travers 40 silhouettes iconiques, de Madeleine Vionnet \u00e0 Comme des Gar\u00e7ons. L&rsquo;exposition d\u00e9voile aussi les coulisses du mus\u00e9e : ateliers de restauration, patrons, dessins et d\u00e9p\u00f4ts de mod\u00e8les.<\/p>\n\n\n\n<p class=\"wp-block-paragraph\"><\/p>\n\n\n\n<h3 class=\"wp-block-heading\">Azzedine Ala\u00efa et l&rsquo;Afrique<\/h3>\n\n\n\n<p class=\"wp-block-paragraph\"><strong>Fondation Azzedine Ala\u00efa, Paris \u2014 jusqu&rsquo;au 4 janvier 2027<\/strong><\/p>\n\n\n\n<p class=\"wp-block-paragraph\"><\/p>\n\n\n\n<div class=\"wp-block-uagb-image uagb-block-bc5d7912 wp-block-uagb-image--layout-default wp-block-uagb-image--effect-static wp-block-uagb-image--align-none\"><figure class=\"wp-block-uagb-image__figure\"><img decoding=\"async\" srcset=\"https:\/\/www.artesane.com\/le-journal\/arts-du-fil\/wp-content\/uploads\/2026\/09\/5-819x1024.png ,https:\/\/www.artesane.com\/le-journal\/arts-du-fil\/wp-content\/uploads\/2026\/09\/5.png 780w, https:\/\/www.artesane.com\/le-journal\/arts-du-fil\/wp-content\/uploads\/2026\/09\/5.png 360w\" sizes=\"(max-width: 480px) 150px\" src=\"https:\/\/www.artesane.com\/le-journal\/arts-du-fil\/wp-content\/uploads\/2026\/09\/5-819x1024.png\" alt=\"\" class=\"uag-image-18858\" width=\"500\" height=\"1350\" title=\"5\" loading=\"lazy\" role=\"img\"\/><\/figure><\/div>\n\n\n\n<p class=\"wp-block-paragraph\"><\/p>\n\n\n\n<p class=\"wp-block-paragraph\"><\/p>\n\n\n\n<p class=\"wp-block-paragraph\">La Fondation Ala\u00efa explore l&rsquo;influence profonde du continent africain sur l&rsquo;\u0153uvre du couturier tunisien, \u00e0 travers une cinquantaine de silhouettes issues des collections printemps-\u00e9t\u00e9 1988, 1989 et 1990, ainsi que des photographies de son voyage au Kenya avec Peter Beard.<\/p>\n\n\n\n<p class=\"wp-block-paragraph\"><\/p>\n\n\n\n<h3 class=\"wp-block-heading\">Marie-Antoinette, de l&rsquo;avant-garde \u00e0 l&rsquo;avant-sc\u00e8ne. Costumes de sc\u00e8ne cr\u00e9\u00e9s par Christian Lacroix<\/h3>\n\n\n\n<p class=\"wp-block-paragraph\"><strong>Ch\u00e2teau de Fontainebleau \u2014 jusqu&rsquo;au 2 novembre 2026<\/strong><\/p>\n\n\n\n<p class=\"wp-block-paragraph\"><\/p>\n\n\n\n<div class=\"wp-block-uagb-image uagb-block-c000ce75 wp-block-uagb-image--layout-default wp-block-uagb-image--effect-static wp-block-uagb-image--align-none\"><figure class=\"wp-block-uagb-image__figure\"><img decoding=\"async\" srcset=\"https:\/\/www.artesane.com\/le-journal\/arts-du-fil\/wp-content\/uploads\/2026\/09\/8-819x1024.png ,https:\/\/www.artesane.com\/le-journal\/arts-du-fil\/wp-content\/uploads\/2026\/09\/8.png 780w, https:\/\/www.artesane.com\/le-journal\/arts-du-fil\/wp-content\/uploads\/2026\/09\/8.png 360w\" sizes=\"(max-width: 480px) 150px\" src=\"https:\/\/www.artesane.com\/le-journal\/arts-du-fil\/wp-content\/uploads\/2026\/09\/8-819x1024.png\" alt=\"\" class=\"uag-image-18859\" width=\"500\" height=\"1350\" title=\"8\" loading=\"lazy\" role=\"img\"\/><\/figure><\/div>\n\n\n\n<p class=\"wp-block-paragraph\"><\/p>\n\n\n\n<p class=\"wp-block-paragraph\">Onze costumes de sc\u00e8ne sign\u00e9s Christian Lacroix pour l&rsquo;op\u00e9ra <em>Le Postillon de Longjumeau<\/em>, inspir\u00e9s par l&rsquo;\u00e9l\u00e9gance de Marie-Antoinette, sont diss\u00e9min\u00e9s dans les salons du ch\u00e2teau dans le cadre du Festival de l&rsquo;histoire de l&rsquo;art.<\/p>\n\n\n\n<p class=\"wp-block-paragraph\"><\/p>\n\n\n\n<p class=\"wp-block-paragraph\"><\/p>\n\n\n\n<h3 class=\"wp-block-heading\">Mossi Traor\u00e9, la mode aussi<\/h3>\n\n\n\n<p class=\"wp-block-paragraph\"><strong>Mucem, Marseille \u2014 jusqu&rsquo;au 16 novembre 2026<\/strong><\/p>\n\n\n\n<p class=\"wp-block-paragraph\"><\/p>\n\n\n\n<div class=\"wp-block-uagb-image uagb-block-f7ff1d1b wp-block-uagb-image--layout-default wp-block-uagb-image--effect-static wp-block-uagb-image--align-none\"><figure class=\"wp-block-uagb-image__figure\"><img decoding=\"async\" srcset=\"https:\/\/www.artesane.com\/le-journal\/arts-du-fil\/wp-content\/uploads\/2026\/09\/7-819x1024.png ,https:\/\/www.artesane.com\/le-journal\/arts-du-fil\/wp-content\/uploads\/2026\/09\/7.png 780w, https:\/\/www.artesane.com\/le-journal\/arts-du-fil\/wp-content\/uploads\/2026\/09\/7.png 360w\" sizes=\"(max-width: 480px) 150px\" src=\"https:\/\/www.artesane.com\/le-journal\/arts-du-fil\/wp-content\/uploads\/2026\/09\/7-819x1024.png\" alt=\"\" class=\"uag-image-18860\" width=\"500\" height=\"1350\" title=\"7\" loading=\"lazy\" role=\"img\"\/><\/figure><\/div>\n\n\n\n<p class=\"wp-block-paragraph\"><\/p>\n\n\n\n<p class=\"wp-block-paragraph\"><\/p>\n\n\n\n<p class=\"wp-block-paragraph\">Le Mucem consacre une exposition immersive au cr\u00e9ateur Mossi Traor\u00e9, o\u00f9 la couture dialogue avec les cultures urbaines et les savoir-faire traditionnels. Silhouettes sculpturales, ateliers reconstitu\u00e9s et pi\u00e8ces \u00e0 toucher composent un parcours r\u00e9solument participatif.<\/p>\n\n\n\n<p class=\"wp-block-paragraph\"><\/p>\n\n\n\n<p class=\"wp-block-paragraph\"><\/p>\n\n\n\n<h3 class=\"wp-block-heading\">Am\u00e9d\u00e9e Couder, dessinateur pour \u00e9toffes<\/h3>\n\n\n\n<p class=\"wp-block-paragraph\"><strong>Mus\u00e9e de la Toile de Jouy, Jouy-en-Josas \u2014 jusqu&rsquo;au 10 janvier 2027<\/strong><\/p>\n\n\n\n<p class=\"wp-block-paragraph\"><\/p>\n\n\n\n<div class=\"wp-block-uagb-image uagb-block-2bf4a98f wp-block-uagb-image--layout-default wp-block-uagb-image--effect-static wp-block-uagb-image--align-none\"><figure class=\"wp-block-uagb-image__figure\"><img decoding=\"async\" srcset=\"https:\/\/www.artesane.com\/le-journal\/arts-du-fil\/wp-content\/uploads\/2026\/09\/10-819x1024.png ,https:\/\/www.artesane.com\/le-journal\/arts-du-fil\/wp-content\/uploads\/2026\/09\/10.png 780w, https:\/\/www.artesane.com\/le-journal\/arts-du-fil\/wp-content\/uploads\/2026\/09\/10.png 360w\" sizes=\"(max-width: 480px) 150px\" src=\"https:\/\/www.artesane.com\/le-journal\/arts-du-fil\/wp-content\/uploads\/2026\/09\/10-819x1024.png\" alt=\"\" class=\"uag-image-18861\" width=\"500\" height=\"1350\" title=\"10\" loading=\"lazy\" role=\"img\"\/><\/figure><\/div>\n\n\n\n<p class=\"wp-block-paragraph\"><\/p>\n\n\n\n<p class=\"wp-block-paragraph\"><\/p>\n\n\n\n<p class=\"wp-block-paragraph\">Une cinquantaine d&rsquo;\u0153uvres textiles, graphiques et archives rendent hommage \u00e0 Am\u00e9d\u00e9e Couder (1800-1864), pionnier m\u00e9connu du design textile et sp\u00e9cialiste des motifs cachemire au 19e si\u00e8cle.<\/p>\n\n\n\n<p class=\"wp-block-paragraph\"><\/p>\n\n\n\n<p class=\"wp-block-paragraph\"><\/p>\n\n\n\n<h3 class=\"wp-block-heading\">Ingres et la Mode<\/h3>\n\n\n\n<p class=\"wp-block-paragraph\"><strong>Mus\u00e9e Ingres Bourdelle, Montauban \u2014 jusqu&rsquo;au 8 novembre 2026<\/strong><\/p>\n\n\n\n<p class=\"wp-block-paragraph\"><\/p>\n\n\n\n<div class=\"wp-block-uagb-image uagb-block-3fadbf6b wp-block-uagb-image--layout-default wp-block-uagb-image--effect-static wp-block-uagb-image--align-none\"><figure class=\"wp-block-uagb-image__figure\"><img decoding=\"async\" srcset=\"https:\/\/www.artesane.com\/le-journal\/arts-du-fil\/wp-content\/uploads\/2026\/09\/13-819x1024.png ,https:\/\/www.artesane.com\/le-journal\/arts-du-fil\/wp-content\/uploads\/2026\/09\/13.png 780w, https:\/\/www.artesane.com\/le-journal\/arts-du-fil\/wp-content\/uploads\/2026\/09\/13.png 360w\" sizes=\"(max-width: 480px) 150px\" src=\"https:\/\/www.artesane.com\/le-journal\/arts-du-fil\/wp-content\/uploads\/2026\/09\/13-819x1024.png\" alt=\"\" class=\"uag-image-18862\" width=\"500\" height=\"1350\" title=\"13\" loading=\"lazy\" role=\"img\"\/><\/figure><\/div>\n\n\n\n<p class=\"wp-block-paragraph\"><\/p>\n\n\n\n<p class=\"wp-block-paragraph\"><\/p>\n\n\n\n<p class=\"wp-block-paragraph\">Plus de 200 pi\u00e8ces, peintures, textiles et accessoires, r\u00e9v\u00e8lent l&rsquo;attention m\u00e9ticuleuse d&rsquo;Ingres pour les \u00e9toffes et les drap\u00e9s de ses mod\u00e8les, avec un regard port\u00e9 jusqu&rsquo;\u00e0 son influence sur des cr\u00e9ateurs comme Yves Saint Laurent ou Issey Miyake.<\/p>\n\n\n\n<p class=\"wp-block-paragraph\"><\/p>\n\n\n\n<p class=\"wp-block-paragraph\"><\/p>\n\n\n\n<h3 class=\"wp-block-heading\">Christian Dior, \u00e0 la recherche des couleurs de l&rsquo;enfance<\/h3>\n\n\n\n<p class=\"wp-block-paragraph\"><strong>Mus\u00e9e Christian Dior, Granville \u2014 jusqu&rsquo;au 1er novembre 2026<\/strong><\/p>\n\n\n\n<p class=\"wp-block-paragraph\"><\/p>\n\n\n\n<div class=\"wp-block-uagb-image uagb-block-6d6f1231 wp-block-uagb-image--layout-default wp-block-uagb-image--effect-static wp-block-uagb-image--align-none\"><figure class=\"wp-block-uagb-image__figure\"><img decoding=\"async\" srcset=\"https:\/\/www.artesane.com\/le-journal\/arts-du-fil\/wp-content\/uploads\/2026\/09\/14-819x1024.png ,https:\/\/www.artesane.com\/le-journal\/arts-du-fil\/wp-content\/uploads\/2026\/09\/14.png 780w, https:\/\/www.artesane.com\/le-journal\/arts-du-fil\/wp-content\/uploads\/2026\/09\/14.png 360w\" sizes=\"(max-width: 480px) 150px\" src=\"https:\/\/www.artesane.com\/le-journal\/arts-du-fil\/wp-content\/uploads\/2026\/09\/14-819x1024.png\" alt=\"\" class=\"uag-image-18863\" width=\"500\" height=\"1350\" title=\"14\" loading=\"lazy\" role=\"img\"\/><\/figure><\/div>\n\n\n\n<p class=\"wp-block-paragraph\"><\/p>\n\n\n\n<p class=\"wp-block-paragraph\"><\/p>\n\n\n\n<p class=\"wp-block-paragraph\">Dans la villa Les Rhumbs, maison d&rsquo;enfance du couturier, cette exposition retrace comment les souvenirs granvillais de Christian Dior ont fa\u00e7onn\u00e9 les codes esth\u00e9tiques de sa maison de couture, \u00e0 l&rsquo;occasion des 80 ans de la fondation Dior.<\/p>\n\n\n\n<p class=\"wp-block-paragraph\"><\/p>\n\n\n\n<p class=\"wp-block-paragraph\"><\/p>\n\n\n\n<h3 class=\"wp-block-heading\">Christian Lacroix &#8211; Dessins, gribouillages et graffitis<\/h3>\n\n\n\n<p class=\"wp-block-paragraph\"><strong>Mus\u00e9e R\u00e9attu, Arles \u2014 jusqu&rsquo;au 4 octobre 2026<\/strong><\/p>\n\n\n\n<p class=\"wp-block-paragraph\"><\/p>\n\n\n\n<div class=\"wp-block-uagb-image uagb-block-db8ec091 wp-block-uagb-image--layout-default wp-block-uagb-image--effect-static wp-block-uagb-image--align-none\"><figure class=\"wp-block-uagb-image__figure\"><img decoding=\"async\" srcset=\"https:\/\/www.artesane.com\/le-journal\/arts-du-fil\/wp-content\/uploads\/2026\/09\/17-819x1024.png ,https:\/\/www.artesane.com\/le-journal\/arts-du-fil\/wp-content\/uploads\/2026\/09\/17.png 780w, https:\/\/www.artesane.com\/le-journal\/arts-du-fil\/wp-content\/uploads\/2026\/09\/17.png 360w\" sizes=\"(max-width: 480px) 150px\" src=\"https:\/\/www.artesane.com\/le-journal\/arts-du-fil\/wp-content\/uploads\/2026\/09\/17-819x1024.png\" alt=\"\" class=\"uag-image-18864\" width=\"500\" height=\"1350\" title=\"17\" loading=\"lazy\" role=\"img\"\/><\/figure><\/div>\n\n\n\n<p class=\"wp-block-paragraph\"><\/p>\n\n\n\n<p class=\"wp-block-paragraph\"><\/p>\n\n\n\n<p class=\"wp-block-paragraph\">Dans sa ville natale, Christian Lacroix d\u00e9voile sa pratique intime du dessin, de ses carnets d&rsquo;enfance \u00e0 ses cr\u00e9ations les plus r\u00e9centes, entre crayon, gouache, collage et c\u00e9ramique. Une exposition \u00e0 voir vite, elle referme ses portes d\u00e9but octobre.<\/p>\n\n\n\n<p class=\"wp-block-paragraph\"><\/p>\n\n\n\n<p class=\"wp-block-paragraph\"><\/p>\n\n\n\n<h2 class=\"wp-block-heading\">En Europe<\/h2>\n\n\n\n<p class=\"wp-block-paragraph\"><\/p>\n\n\n\n<h3 class=\"wp-block-heading\">The Burberry Trench: Crafting an Icon<\/h3>\n\n\n\n<p class=\"wp-block-paragraph\"><strong>V&amp;A South Kensington, Londres \u2014 du 21 septembre 2026 au 3 janvier 2027<\/strong><\/p>\n\n\n\n<p class=\"wp-block-paragraph\"><\/p>\n\n\n\n<div class=\"wp-block-uagb-image uagb-block-a71c32fc wp-block-uagb-image--layout-default wp-block-uagb-image--effect-static wp-block-uagb-image--align-none\"><figure class=\"wp-block-uagb-image__figure\"><img decoding=\"async\" srcset=\"https:\/\/www.artesane.com\/le-journal\/arts-du-fil\/wp-content\/uploads\/2026\/09\/6-819x1024.png ,https:\/\/www.artesane.com\/le-journal\/arts-du-fil\/wp-content\/uploads\/2026\/09\/6.png 780w, https:\/\/www.artesane.com\/le-journal\/arts-du-fil\/wp-content\/uploads\/2026\/09\/6.png 360w\" sizes=\"(max-width: 480px) 150px\" src=\"https:\/\/www.artesane.com\/le-journal\/arts-du-fil\/wp-content\/uploads\/2026\/09\/6-819x1024.png\" alt=\"\" class=\"uag-image-18865\" width=\"500\" height=\"1350\" title=\"6\" loading=\"lazy\" role=\"img\"\/><\/figure><\/div>\n\n\n\n<p class=\"wp-block-paragraph\"><\/p>\n\n\n\n<p class=\"wp-block-paragraph\"><\/p>\n\n\n\n<p class=\"wp-block-paragraph\">Pour les 170 ans de la maison, le V&amp;A retrace l&rsquo;histoire du trench Burberry depuis l&rsquo;invention de la gabardine de coton en 1879 jusqu&rsquo;aux podiums les plus r\u00e9cents, \u00e0 travers pi\u00e8ces d&rsquo;archives et silhouettes de d\u00e9fil\u00e9.<\/p>\n\n\n\n<p class=\"wp-block-paragraph\"><\/p>\n\n\n\n<p class=\"wp-block-paragraph\"><\/p>\n\n\n\n<h3 class=\"wp-block-heading\">Schiaparelli: Fashion Becomes Art<\/h3>\n\n\n\n<p class=\"wp-block-paragraph\"><strong>V&amp;A South Kensington, Londres \u2014 jusqu&rsquo;au 8 novembre 2026<\/strong><\/p>\n\n\n\n<p class=\"wp-block-paragraph\"><\/p>\n\n\n\n<div class=\"wp-block-uagb-image uagb-block-d94fa325 wp-block-uagb-image--layout-default wp-block-uagb-image--effect-static wp-block-uagb-image--align-none\"><figure class=\"wp-block-uagb-image__figure\"><img decoding=\"async\" srcset=\"https:\/\/www.artesane.com\/le-journal\/arts-du-fil\/wp-content\/uploads\/2026\/09\/12-819x1024.png ,https:\/\/www.artesane.com\/le-journal\/arts-du-fil\/wp-content\/uploads\/2026\/09\/12.png 780w, https:\/\/www.artesane.com\/le-journal\/arts-du-fil\/wp-content\/uploads\/2026\/09\/12.png 360w\" sizes=\"(max-width: 480px) 150px\" src=\"https:\/\/www.artesane.com\/le-journal\/arts-du-fil\/wp-content\/uploads\/2026\/09\/12-819x1024.png\" alt=\"\" class=\"uag-image-18866\" width=\"500\" height=\"1350\" title=\"12\" loading=\"lazy\" role=\"img\"\/><\/figure><\/div>\n\n\n\n<p class=\"wp-block-paragraph\"><\/p>\n\n\n\n<p class=\"wp-block-paragraph\"><\/p>\n\n\n\n<p class=\"wp-block-paragraph\">Premi\u00e8re exposition britannique consacr\u00e9e \u00e0 la maison Schiaparelli, cette r\u00e9trospective r\u00e9unit plus de 200 pi\u00e8ces, dont les robes \u00ab Squelette \u00bb et \u00ab Larmes \u00bb cr\u00e9\u00e9es avec Salvador Dal\u00ed, jusqu&rsquo;aux cr\u00e9ations actuelles de Daniel Roseberry.<\/p>\n\n\n\n<p class=\"wp-block-paragraph\"><\/p>\n\n\n\n<p class=\"wp-block-paragraph\"><\/p>\n\n\n\n<h3 class=\"wp-block-heading\">Ossie Clark + Celia Birtwell<\/h3>\n\n\n\n<p class=\"wp-block-paragraph\"><strong>Fashion and Textile Museum, Londres \u2014 du 2 octobre 2026 au 11 avril 2027<\/strong><\/p>\n\n\n\n<p class=\"wp-block-paragraph\"><\/p>\n\n\n\n<div class=\"wp-block-uagb-image uagb-block-349a1d6a wp-block-uagb-image--layout-default wp-block-uagb-image--effect-static wp-block-uagb-image--align-none\"><figure class=\"wp-block-uagb-image__figure\"><img decoding=\"async\" srcset=\"https:\/\/www.artesane.com\/le-journal\/arts-du-fil\/wp-content\/uploads\/2026\/09\/18-819x1024.png ,https:\/\/www.artesane.com\/le-journal\/arts-du-fil\/wp-content\/uploads\/2026\/09\/18.png 780w, https:\/\/www.artesane.com\/le-journal\/arts-du-fil\/wp-content\/uploads\/2026\/09\/18.png 360w\" sizes=\"(max-width: 480px) 150px\" src=\"https:\/\/www.artesane.com\/le-journal\/arts-du-fil\/wp-content\/uploads\/2026\/09\/18-819x1024.png\" alt=\"\" class=\"uag-image-18867\" width=\"500\" height=\"1350\" title=\"18\" loading=\"lazy\" role=\"img\"\/><\/figure><\/div>\n\n\n\n<p class=\"wp-block-paragraph\"><\/p>\n\n\n\n<p class=\"wp-block-paragraph\"><\/p>\n\n\n\n<p class=\"wp-block-paragraph\">Plus de 120 pi\u00e8ces retracent la collaboration du couturier Ossie Clark et de la cr\u00e9atrice textile Celia Birtwell, duo embl\u00e9matique du Swinging London port\u00e9 par Twiggy, Mick Jagger ou Bianca Jagger.<\/p>\n\n\n\n<p class=\"wp-block-paragraph\"><\/p>\n\n\n\n<p class=\"wp-block-paragraph\"><\/p>\n\n\n\n<h3 class=\"wp-block-heading\">Reflections on Fashion<\/h3>\n\n\n\n<p class=\"wp-block-paragraph\"><strong>Kunstmuseum Den Haag, Pays-Bas \u2014 jusqu&rsquo;au 3 janvier 2027<\/strong><\/p>\n\n\n\n<p class=\"wp-block-paragraph\"><\/p>\n\n\n\n<div class=\"wp-block-uagb-image uagb-block-f9a88662 wp-block-uagb-image--layout-default wp-block-uagb-image--effect-static wp-block-uagb-image--align-none\"><figure class=\"wp-block-uagb-image__figure\"><img decoding=\"async\" srcset=\"https:\/\/www.artesane.com\/le-journal\/arts-du-fil\/wp-content\/uploads\/2026\/09\/9-819x1024.png ,https:\/\/www.artesane.com\/le-journal\/arts-du-fil\/wp-content\/uploads\/2026\/09\/9.png 780w, https:\/\/www.artesane.com\/le-journal\/arts-du-fil\/wp-content\/uploads\/2026\/09\/9.png 360w\" sizes=\"(max-width: 480px) 150px\" src=\"https:\/\/www.artesane.com\/le-journal\/arts-du-fil\/wp-content\/uploads\/2026\/09\/9-819x1024.png\" alt=\"\" class=\"uag-image-18868\" width=\"500\" height=\"1350\" title=\"9\" loading=\"lazy\" role=\"img\"\/><\/figure><\/div>\n\n\n\n<p class=\"wp-block-paragraph\"><\/p>\n\n\n\n<p class=\"wp-block-paragraph\"><\/p>\n\n\n\n<p class=\"wp-block-paragraph\">Pour les 75 ans de sa collection mode, le Kunstmuseum invite designers et curateurs invit\u00e9s \u00e0 r\u00e9interpr\u00e9ter ses pi\u00e8ces iconiques, d&rsquo;une robe Chanel de 1926 retrouv\u00e9e par hasard aux cr\u00e9ations d&rsquo;Iris van Herpen.<\/p>\n\n\n\n<p class=\"wp-block-paragraph\"><\/p>\n\n\n\n<p class=\"wp-block-paragraph\"><\/p>\n\n\n\n<h3 class=\"wp-block-heading\">Man \u2665 Machine, 25 ans de TextielLab<\/h3>\n\n\n\n<p class=\"wp-block-paragraph\"><strong>TextielMuseum, Tilburg, Pays-Bas \u2014 jusqu&rsquo;au 11 octobre 2026<\/strong><\/p>\n\n\n\n<p class=\"wp-block-paragraph\"><\/p>\n\n\n\n<div class=\"wp-block-uagb-image uagb-block-50ffba64 wp-block-uagb-image--layout-default wp-block-uagb-image--effect-static wp-block-uagb-image--align-none\"><figure class=\"wp-block-uagb-image__figure\"><img decoding=\"async\" srcset=\"https:\/\/www.artesane.com\/le-journal\/arts-du-fil\/wp-content\/uploads\/2026\/09\/16-819x1024.png ,https:\/\/www.artesane.com\/le-journal\/arts-du-fil\/wp-content\/uploads\/2026\/09\/16.png 780w, https:\/\/www.artesane.com\/le-journal\/arts-du-fil\/wp-content\/uploads\/2026\/09\/16.png 360w\" sizes=\"(max-width: 480px) 150px\" src=\"https:\/\/www.artesane.com\/le-journal\/arts-du-fil\/wp-content\/uploads\/2026\/09\/16-819x1024.png\" alt=\"\" class=\"uag-image-18869\" width=\"500\" height=\"1350\" title=\"16\" loading=\"lazy\" role=\"img\"\/><\/figure><\/div>\n\n\n\n<p class=\"wp-block-paragraph\"><\/p>\n\n\n\n<p class=\"wp-block-paragraph\"><\/p>\n\n\n\n<p class=\"wp-block-paragraph\">Le TextielLab, atelier exp\u00e9rimental du TextielMuseum, c\u00e9l\u00e8bre ses 25 ans \u00e0 travers des \u0153uvres textiles sculpturales et des techniques de tissage 3D sign\u00e9es Jan Taminiau, Aleksandra Gaca ou Bertjan Pot.<\/p>\n\n\n\n<p class=\"wp-block-paragraph\"><\/p>\n\n\n\n<p class=\"wp-block-paragraph\"><\/p>\n\n\n\n<h3 class=\"wp-block-heading\">Six d&rsquo;Anvers, 40 ans<\/h3>\n\n\n\n<p class=\"wp-block-paragraph\"><strong>MoMu, Anvers, Belgique \u2014 jusqu&rsquo;au 17 janvier 2027<\/strong><\/p>\n\n\n\n<p class=\"wp-block-paragraph\"><\/p>\n\n\n\n<div class=\"wp-block-uagb-image uagb-block-83aed9f1 wp-block-uagb-image--layout-default wp-block-uagb-image--effect-static wp-block-uagb-image--align-none\"><figure class=\"wp-block-uagb-image__figure\"><img decoding=\"async\" srcset=\"https:\/\/www.artesane.com\/le-journal\/arts-du-fil\/wp-content\/uploads\/2026\/09\/11-819x1024.png ,https:\/\/www.artesane.com\/le-journal\/arts-du-fil\/wp-content\/uploads\/2026\/09\/11.png 780w, https:\/\/www.artesane.com\/le-journal\/arts-du-fil\/wp-content\/uploads\/2026\/09\/11.png 360w\" sizes=\"(max-width: 480px) 150px\" src=\"https:\/\/www.artesane.com\/le-journal\/arts-du-fil\/wp-content\/uploads\/2026\/09\/11-819x1024.png\" alt=\"\" class=\"uag-image-18870\" width=\"500\" height=\"1350\" title=\"11\" loading=\"lazy\" role=\"img\"\/><\/figure><\/div>\n\n\n\n<p class=\"wp-block-paragraph\"><\/p>\n\n\n\n<p class=\"wp-block-paragraph\"><\/p>\n\n\n\n<p class=\"wp-block-paragraph\">Quarante ans apr\u00e8s leur perc\u00e9e fulgurante \u00e0 Londres, les Six d&rsquo;Anvers (Dries Van Noten, Ann Demeulemeester, Walter Van Beirendonck et les autres) ont enfin droit \u00e0 leur premi\u00e8re grande r\u00e9trospective commune.<\/p>\n\n\n\n<p class=\"wp-block-paragraph\"><\/p>\n\n\n\n<p class=\"wp-block-paragraph\"><\/p>\n\n\n\n<h3 class=\"wp-block-heading\">Chambre des Dentelles<\/h3>\n\n\n\n<p class=\"wp-block-paragraph\"><strong>Mus\u00e9e Mode &amp; Dentelle, Bruxelles, Belgique \u2014 collection permanente<\/strong><\/p>\n\n\n\n<p class=\"wp-block-paragraph\"><\/p>\n\n\n\n<div class=\"wp-block-uagb-image uagb-block-1927122d wp-block-uagb-image--layout-default wp-block-uagb-image--effect-static wp-block-uagb-image--align-none\"><figure class=\"wp-block-uagb-image__figure\"><img decoding=\"async\" srcset=\"https:\/\/www.artesane.com\/le-journal\/arts-du-fil\/wp-content\/uploads\/2026\/09\/15-819x1024.png ,https:\/\/www.artesane.com\/le-journal\/arts-du-fil\/wp-content\/uploads\/2026\/09\/15.png 780w, https:\/\/www.artesane.com\/le-journal\/arts-du-fil\/wp-content\/uploads\/2026\/09\/15.png 360w\" sizes=\"(max-width: 480px) 150px\" src=\"https:\/\/www.artesane.com\/le-journal\/arts-du-fil\/wp-content\/uploads\/2026\/09\/15-819x1024.png\" alt=\"\" class=\"uag-image-18871\" width=\"500\" height=\"1350\" title=\"15\" loading=\"lazy\" role=\"img\"\/><\/figure><\/div>\n\n\n\n<p class=\"wp-block-paragraph\"><\/p>\n\n\n\n<p class=\"wp-block-paragraph\"><\/p>\n\n\n\n<p class=\"wp-block-paragraph\">Cet espace d\u00e9di\u00e9 retrace l&rsquo;histoire de la c\u00e9l\u00e8bre dentelle de Bruxelles \u00e0 travers des pi\u00e8ces d&rsquo;exception, avec un roulement r\u00e9gulier des \u0153uvres pr\u00e9sent\u00e9es pour pr\u00e9server ces textiles fragiles.<\/p>\n\n\n\n<p class=\"wp-block-paragraph\"><\/p>\n\n\n\n<hr class=\"wp-block-separator has-alpha-channel-opacity\"\/>\n\n\n\n<p class=\"wp-block-paragraph\">De Paris \u00e0 Anvers en passant par Londres et La Haye, cette rentr\u00e9e confirme la place grandissante de la mode dans les institutions mus\u00e9ales. De quoi nourrir les envies d&rsquo;ateliers, de couture et de savoir-faire textile pour toute la saison.<\/p>\n","protected":false},"excerpt":{"rendered":"<p>La rentr\u00e9e 2026 s&rsquo;annonce particuli\u00e8rement riche pour les passionn\u00e9.e.s de mode et de patrimoine textile. Des podiums historiques du Palais Galliera aux ateliers du TextielLab n\u00e9erlandais, en passant par les couturiers les plus flamboyants de l&rsquo;histoire, voici notre s\u00e9lection des expositions mode \u00e0 voir d\u00e8s maintenant et jusqu&rsquo;au printemps 2027, en France comme ailleurs en [&hellip;]<\/p>\n","protected":false},"author":28,"featured_media":18874,"comment_status":"open","ping_status":"closed","sticky":false,"template":"","format":"standard","meta":{"_et_pb_use_builder":"off","_et_pb_old_content":"","_et_gb_content_width":"","_uag_custom_page_level_css":"","footnotes":""},"categories":[7],"tags":[],"class_list":["post-18849","post","type-post","status-publish","format-standard","has-post-thumbnail","hentry","category-actualite"],"yoast_head":"<!-- This site is optimized with the Yoast SEO plugin v28.4 - https:\/\/yoast.com\/product\/yoast-seo-wordpress\/ -->\n<title>Les expositions mode \u00e0 ne pas manquer cette rentr\u00e9e en France et en Europe - Journal Artesane - Arts du Fil<\/title>\n<meta name=\"description\" content=\"Expositions mode rentr\u00e9e 2026 : notre s\u00e9lection des plus belles expositions \u00e0 voir en France et en Europe, du Palais Galliera au MoMu d&#039;Anvers, avec toutes les dates \u00e0 jour.\" \/>\n<meta name=\"robots\" content=\"index, follow, max-snippet:-1, max-image-preview:large, max-video-preview:-1\" \/>\n<link rel=\"canonical\" href=\"https:\/\/www.artesane.com\/le-journal\/arts-du-fil\/les-expositions-mode-a-ne-pas-manquer-cette-rentree-en-france-et-en-europe\/\" \/>\n<meta property=\"og:locale\" content=\"fr_FR\" \/>\n<meta property=\"og:type\" content=\"article\" \/>\n<meta property=\"og:title\" content=\"Les expositions mode \u00e0 ne pas manquer cette rentr\u00e9e en France et en Europe - Journal Artesane - Arts du Fil\" \/>\n<meta property=\"og:description\" content=\"Expositions mode rentr\u00e9e 2026 : notre s\u00e9lection des plus belles expositions \u00e0 voir en France et en Europe, du Palais Galliera au MoMu d&#039;Anvers, avec toutes les dates \u00e0 jour.\" \/>\n<meta property=\"og:url\" content=\"https:\/\/www.artesane.com\/le-journal\/arts-du-fil\/les-expositions-mode-a-ne-pas-manquer-cette-rentree-en-france-et-en-europe\/\" \/>\n<meta property=\"og:site_name\" content=\"Journal Artesane - Arts du Fil\" \/>\n<meta property=\"article:publisher\" content=\"https:\/\/www.facebook.com\/artesanefrance\" \/>\n<meta property=\"article:published_time\" content=\"2026-09-02T14:03:38+00:00\" \/>\n<meta property=\"article:modified_time\" content=\"2026-09-02T14:04:25+00:00\" \/>\n<meta property=\"og:image\" content=\"https:\/\/www.artesane.com\/le-journal\/arts-du-fil\/wp-content\/uploads\/2026\/09\/1-819x1024.png\" \/>\n\t<meta property=\"og:image:width\" content=\"819\" \/>\n\t<meta property=\"og:image:height\" content=\"1024\" \/>\n\t<meta property=\"og:image:type\" content=\"image\/png\" \/>\n<meta name=\"author\" content=\"Caroline Vallognes\" \/>\n<meta name=\"twitter:card\" content=\"summary_large_image\" \/>\n<meta name=\"twitter:label1\" content=\"\u00c9crit par\" \/>\n\t<meta name=\"twitter:data1\" content=\"Caroline Vallognes\" \/>\n\t<meta name=\"twitter:label2\" content=\"Dur\u00e9e de lecture estim\u00e9e\" \/>\n\t<meta name=\"twitter:data2\" content=\"9 minutes\" \/>\n<script type=\"application\/ld+json\" class=\"yoast-schema-graph\">{\"@context\":\"https:\\\/\\\/schema.org\",\"@graph\":[{\"@type\":\"Article\",\"@id\":\"https:\\\/\\\/www.artesane.com\\\/le-journal\\\/arts-du-fil\\\/les-expositions-mode-a-ne-pas-manquer-cette-rentree-en-france-et-en-europe\\\/#article\",\"isPartOf\":{\"@id\":\"https:\\\/\\\/www.artesane.com\\\/le-journal\\\/arts-du-fil\\\/les-expositions-mode-a-ne-pas-manquer-cette-rentree-en-france-et-en-europe\\\/\"},\"author\":{\"name\":\"Caroline Vallognes\",\"@id\":\"https:\\\/\\\/www.artesane.com\\\/le-journal\\\/arts-du-fil\\\/#\\\/schema\\\/person\\\/ff9598af907765349ca9095cc08a12ab\"},\"headline\":\"Les expositions mode \u00e0 ne pas manquer cette rentr\u00e9e en France et en Europe\",\"datePublished\":\"2026-09-02T14:03:38+00:00\",\"dateModified\":\"2026-09-02T14:04:25+00:00\",\"mainEntityOfPage\":{\"@id\":\"https:\\\/\\\/www.artesane.com\\\/le-journal\\\/arts-du-fil\\\/les-expositions-mode-a-ne-pas-manquer-cette-rentree-en-france-et-en-europe\\\/\"},\"wordCount\":1067,\"commentCount\":0,\"publisher\":{\"@id\":\"https:\\\/\\\/www.artesane.com\\\/le-journal\\\/arts-du-fil\\\/#organization\"},\"image\":{\"@id\":\"https:\\\/\\\/www.artesane.com\\\/le-journal\\\/arts-du-fil\\\/les-expositions-mode-a-ne-pas-manquer-cette-rentree-en-france-et-en-europe\\\/#primaryimage\"},\"thumbnailUrl\":\"https:\\\/\\\/www.artesane.com\\\/le-journal\\\/arts-du-fil\\\/wp-content\\\/uploads\\\/2026\\\/09\\\/1.png\",\"articleSection\":[\"Actualit\u00e9s Artesane\"],\"inLanguage\":\"fr-FR\",\"potentialAction\":[{\"@type\":\"CommentAction\",\"name\":\"Comment\",\"target\":[\"https:\\\/\\\/www.artesane.com\\\/le-journal\\\/arts-du-fil\\\/les-expositions-mode-a-ne-pas-manquer-cette-rentree-en-france-et-en-europe\\\/#respond\"]}]},{\"@type\":\"WebPage\",\"@id\":\"https:\\\/\\\/www.artesane.com\\\/le-journal\\\/arts-du-fil\\\/les-expositions-mode-a-ne-pas-manquer-cette-rentree-en-france-et-en-europe\\\/\",\"url\":\"https:\\\/\\\/www.artesane.com\\\/le-journal\\\/arts-du-fil\\\/les-expositions-mode-a-ne-pas-manquer-cette-rentree-en-france-et-en-europe\\\/\",\"name\":\"Les expositions mode \u00e0 ne pas manquer cette rentr\u00e9e en France et en Europe - Journal Artesane - Arts du Fil\",\"isPartOf\":{\"@id\":\"https:\\\/\\\/www.artesane.com\\\/le-journal\\\/arts-du-fil\\\/#website\"},\"primaryImageOfPage\":{\"@id\":\"https:\\\/\\\/www.artesane.com\\\/le-journal\\\/arts-du-fil\\\/les-expositions-mode-a-ne-pas-manquer-cette-rentree-en-france-et-en-europe\\\/#primaryimage\"},\"image\":{\"@id\":\"https:\\\/\\\/www.artesane.com\\\/le-journal\\\/arts-du-fil\\\/les-expositions-mode-a-ne-pas-manquer-cette-rentree-en-france-et-en-europe\\\/#primaryimage\"},\"thumbnailUrl\":\"https:\\\/\\\/www.artesane.com\\\/le-journal\\\/arts-du-fil\\\/wp-content\\\/uploads\\\/2026\\\/09\\\/1.png\",\"datePublished\":\"2026-09-02T14:03:38+00:00\",\"dateModified\":\"2026-09-02T14:04:25+00:00\",\"description\":\"Expositions mode rentr\u00e9e 2026 : notre s\u00e9lection des plus belles expositions \u00e0 voir en France et en Europe, du Palais Galliera au MoMu d'Anvers, avec toutes les dates \u00e0 jour.\",\"breadcrumb\":{\"@id\":\"https:\\\/\\\/www.artesane.com\\\/le-journal\\\/arts-du-fil\\\/les-expositions-mode-a-ne-pas-manquer-cette-rentree-en-france-et-en-europe\\\/#breadcrumb\"},\"inLanguage\":\"fr-FR\",\"potentialAction\":[{\"@type\":\"ReadAction\",\"target\":[\"https:\\\/\\\/www.artesane.com\\\/le-journal\\\/arts-du-fil\\\/les-expositions-mode-a-ne-pas-manquer-cette-rentree-en-france-et-en-europe\\\/\"]}]},{\"@type\":\"ImageObject\",\"inLanguage\":\"fr-FR\",\"@id\":\"https:\\\/\\\/www.artesane.com\\\/le-journal\\\/arts-du-fil\\\/les-expositions-mode-a-ne-pas-manquer-cette-rentree-en-france-et-en-europe\\\/#primaryimage\",\"url\":\"https:\\\/\\\/www.artesane.com\\\/le-journal\\\/arts-du-fil\\\/wp-content\\\/uploads\\\/2026\\\/09\\\/1.png\",\"contentUrl\":\"https:\\\/\\\/www.artesane.com\\\/le-journal\\\/arts-du-fil\\\/wp-content\\\/uploads\\\/2026\\\/09\\\/1.png\",\"width\":1080,\"height\":1350},{\"@type\":\"BreadcrumbList\",\"@id\":\"https:\\\/\\\/www.artesane.com\\\/le-journal\\\/arts-du-fil\\\/les-expositions-mode-a-ne-pas-manquer-cette-rentree-en-france-et-en-europe\\\/#breadcrumb\",\"itemListElement\":[{\"@type\":\"ListItem\",\"position\":1,\"name\":\"Accueil\",\"item\":\"https:\\\/\\\/www.artesane.com\\\/le-journal\\\/arts-du-fil\\\/\"},{\"@type\":\"ListItem\",\"position\":2,\"name\":\"Les expositions mode \u00e0 ne pas manquer cette rentr\u00e9e en France et en Europe\"}]},{\"@type\":\"WebSite\",\"@id\":\"https:\\\/\\\/www.artesane.com\\\/le-journal\\\/arts-du-fil\\\/#website\",\"url\":\"https:\\\/\\\/www.artesane.com\\\/le-journal\\\/arts-du-fil\\\/\",\"name\":\"Journal Artesane - Arts du Fil\",\"description\":\"La meilleure \u00e9cole de cours vid\u00e9o d&#039;arts et loisir cr\u00e9atifs\",\"publisher\":{\"@id\":\"https:\\\/\\\/www.artesane.com\\\/le-journal\\\/arts-du-fil\\\/#organization\"},\"potentialAction\":[{\"@type\":\"SearchAction\",\"target\":{\"@type\":\"EntryPoint\",\"urlTemplate\":\"https:\\\/\\\/www.artesane.com\\\/le-journal\\\/arts-du-fil\\\/?s={search_term_string}\"},\"query-input\":{\"@type\":\"PropertyValueSpecification\",\"valueRequired\":true,\"valueName\":\"search_term_string\"}}],\"inLanguage\":\"fr-FR\"},{\"@type\":\"Organization\",\"@id\":\"https:\\\/\\\/www.artesane.com\\\/le-journal\\\/arts-du-fil\\\/#organization\",\"name\":\"Artesane\",\"url\":\"https:\\\/\\\/www.artesane.com\\\/le-journal\\\/arts-du-fil\\\/\",\"logo\":{\"@type\":\"ImageObject\",\"inLanguage\":\"fr-FR\",\"@id\":\"https:\\\/\\\/www.artesane.com\\\/le-journal\\\/arts-du-fil\\\/#\\\/schema\\\/logo\\\/image\\\/\",\"url\":\"https:\\\/\\\/www.artesane.com\\\/le-journal\\\/arts-du-fil\\\/wp-content\\\/uploads\\\/2022\\\/05\\\/logo-simple.png\",\"contentUrl\":\"https:\\\/\\\/www.artesane.com\\\/le-journal\\\/arts-du-fil\\\/wp-content\\\/uploads\\\/2022\\\/05\\\/logo-simple.png\",\"width\":1166,\"height\":201,\"caption\":\"Artesane\"},\"image\":{\"@id\":\"https:\\\/\\\/www.artesane.com\\\/le-journal\\\/arts-du-fil\\\/#\\\/schema\\\/logo\\\/image\\\/\"},\"sameAs\":[\"https:\\\/\\\/www.facebook.com\\\/artesanefrance\",\"https:\\\/\\\/www.instagram.com\\\/artesane_france\\\/\",\"https:\\\/\\\/fr.linkedin.com\\\/company\\\/artesane\",\"https:\\\/\\\/www.pinterest.fr\\\/ArtesaneFrance\\\/\",\"https:\\\/\\\/www.youtube.com\\\/c\\\/Artesane_lesvideos\",\"https:\\\/\\\/www.twitch.tv\\\/artesane?lang=fr\",\"https:\\\/\\\/open.spotify.com\\\/show\\\/2gdmkyp7IoWhWpDRk3G71I\"]},{\"@type\":\"Person\",\"@id\":\"https:\\\/\\\/www.artesane.com\\\/le-journal\\\/arts-du-fil\\\/#\\\/schema\\\/person\\\/ff9598af907765349ca9095cc08a12ab\",\"name\":\"Caroline Vallognes\"}]}<\/script>\n<!-- \/ Yoast SEO plugin. -->","yoast_head_json":{"title":"Les expositions mode \u00e0 ne pas manquer cette rentr\u00e9e en France et en Europe - Journal Artesane - Arts du Fil","description":"Expositions mode rentr\u00e9e 2026 : notre s\u00e9lection des plus belles expositions \u00e0 voir en France et en Europe, du Palais Galliera au MoMu d'Anvers, avec toutes les dates \u00e0 jour.","robots":{"index":"index","follow":"follow","max-snippet":"max-snippet:-1","max-image-preview":"max-image-preview:large","max-video-preview":"max-video-preview:-1"},"canonical":"https:\/\/www.artesane.com\/le-journal\/arts-du-fil\/les-expositions-mode-a-ne-pas-manquer-cette-rentree-en-france-et-en-europe\/","og_locale":"fr_FR","og_type":"article","og_title":"Les expositions mode \u00e0 ne pas manquer cette rentr\u00e9e en France et en Europe - Journal Artesane - Arts du Fil","og_description":"Expositions mode rentr\u00e9e 2026 : notre s\u00e9lection des plus belles expositions \u00e0 voir en France et en Europe, du Palais Galliera au MoMu d'Anvers, avec toutes les dates \u00e0 jour.","og_url":"https:\/\/www.artesane.com\/le-journal\/arts-du-fil\/les-expositions-mode-a-ne-pas-manquer-cette-rentree-en-france-et-en-europe\/","og_site_name":"Journal Artesane - Arts du Fil","article_publisher":"https:\/\/www.facebook.com\/artesanefrance","article_published_time":"2026-09-02T14:03:38+00:00","article_modified_time":"2026-09-02T14:04:25+00:00","og_image":[{"width":819,"height":1024,"url":"https:\/\/www.artesane.com\/le-journal\/arts-du-fil\/wp-content\/uploads\/2026\/09\/1-819x1024.png","type":"image\/png"}],"author":"Caroline Vallognes","twitter_card":"summary_large_image","twitter_misc":{"\u00c9crit par":"Caroline Vallognes","Dur\u00e9e de lecture estim\u00e9e":"9 minutes"},"schema":{"@context":"https:\/\/schema.org","@graph":[{"@type":"Article","@id":"https:\/\/www.artesane.com\/le-journal\/arts-du-fil\/les-expositions-mode-a-ne-pas-manquer-cette-rentree-en-france-et-en-europe\/#article","isPartOf":{"@id":"https:\/\/www.artesane.com\/le-journal\/arts-du-fil\/les-expositions-mode-a-ne-pas-manquer-cette-rentree-en-france-et-en-europe\/"},"author":{"name":"Caroline Vallognes","@id":"https:\/\/www.artesane.com\/le-journal\/arts-du-fil\/#\/schema\/person\/ff9598af907765349ca9095cc08a12ab"},"headline":"Les expositions mode \u00e0 ne pas manquer cette rentr\u00e9e en France et en Europe","datePublished":"2026-09-02T14:03:38+00:00","dateModified":"2026-09-02T14:04:25+00:00","mainEntityOfPage":{"@id":"https:\/\/www.artesane.com\/le-journal\/arts-du-fil\/les-expositions-mode-a-ne-pas-manquer-cette-rentree-en-france-et-en-europe\/"},"wordCount":1067,"commentCount":0,"publisher":{"@id":"https:\/\/www.artesane.com\/le-journal\/arts-du-fil\/#organization"},"image":{"@id":"https:\/\/www.artesane.com\/le-journal\/arts-du-fil\/les-expositions-mode-a-ne-pas-manquer-cette-rentree-en-france-et-en-europe\/#primaryimage"},"thumbnailUrl":"https:\/\/www.artesane.com\/le-journal\/arts-du-fil\/wp-content\/uploads\/2026\/09\/1.png","articleSection":["Actualit\u00e9s Artesane"],"inLanguage":"fr-FR","potentialAction":[{"@type":"CommentAction","name":"Comment","target":["https:\/\/www.artesane.com\/le-journal\/arts-du-fil\/les-expositions-mode-a-ne-pas-manquer-cette-rentree-en-france-et-en-europe\/#respond"]}]},{"@type":"WebPage","@id":"https:\/\/www.artesane.com\/le-journal\/arts-du-fil\/les-expositions-mode-a-ne-pas-manquer-cette-rentree-en-france-et-en-europe\/","url":"https:\/\/www.artesane.com\/le-journal\/arts-du-fil\/les-expositions-mode-a-ne-pas-manquer-cette-rentree-en-france-et-en-europe\/","name":"Les expositions mode \u00e0 ne pas manquer cette rentr\u00e9e en France et en Europe - Journal Artesane - Arts du Fil","isPartOf":{"@id":"https:\/\/www.artesane.com\/le-journal\/arts-du-fil\/#website"},"primaryImageOfPage":{"@id":"https:\/\/www.artesane.com\/le-journal\/arts-du-fil\/les-expositions-mode-a-ne-pas-manquer-cette-rentree-en-france-et-en-europe\/#primaryimage"},"image":{"@id":"https:\/\/www.artesane.com\/le-journal\/arts-du-fil\/les-expositions-mode-a-ne-pas-manquer-cette-rentree-en-france-et-en-europe\/#primaryimage"},"thumbnailUrl":"https:\/\/www.artesane.com\/le-journal\/arts-du-fil\/wp-content\/uploads\/2026\/09\/1.png","datePublished":"2026-09-02T14:03:38+00:00","dateModified":"2026-09-02T14:04:25+00:00","description":"Expositions mode rentr\u00e9e 2026 : notre s\u00e9lection des plus belles expositions \u00e0 voir en France et en Europe, du Palais Galliera au MoMu d'Anvers, avec toutes les dates \u00e0 jour.","breadcrumb":{"@id":"https:\/\/www.artesane.com\/le-journal\/arts-du-fil\/les-expositions-mode-a-ne-pas-manquer-cette-rentree-en-france-et-en-europe\/#breadcrumb"},"inLanguage":"fr-FR","potentialAction":[{"@type":"ReadAction","target":["https:\/\/www.artesane.com\/le-journal\/arts-du-fil\/les-expositions-mode-a-ne-pas-manquer-cette-rentree-en-france-et-en-europe\/"]}]},{"@type":"ImageObject","inLanguage":"fr-FR","@id":"https:\/\/www.artesane.com\/le-journal\/arts-du-fil\/les-expositions-mode-a-ne-pas-manquer-cette-rentree-en-france-et-en-europe\/#primaryimage","url":"https:\/\/www.artesane.com\/le-journal\/arts-du-fil\/wp-content\/uploads\/2026\/09\/1.png","contentUrl":"https:\/\/www.artesane.com\/le-journal\/arts-du-fil\/wp-content\/uploads\/2026\/09\/1.png","width":1080,"height":1350},{"@type":"BreadcrumbList","@id":"https:\/\/www.artesane.com\/le-journal\/arts-du-fil\/les-expositions-mode-a-ne-pas-manquer-cette-rentree-en-france-et-en-europe\/#breadcrumb","itemListElement":[{"@type":"ListItem","position":1,"name":"Accueil","item":"https:\/\/www.artesane.com\/le-journal\/arts-du-fil\/"},{"@type":"ListItem","position":2,"name":"Les expositions mode \u00e0 ne pas manquer cette rentr\u00e9e en France et en Europe"}]},{"@type":"WebSite","@id":"https:\/\/www.artesane.com\/le-journal\/arts-du-fil\/#website","url":"https:\/\/www.artesane.com\/le-journal\/arts-du-fil\/","name":"Journal Artesane - Arts du Fil","description":"La meilleure \u00e9cole de cours vid\u00e9o d&#039;arts et loisir cr\u00e9atifs","publisher":{"@id":"https:\/\/www.artesane.com\/le-journal\/arts-du-fil\/#organization"},"potentialAction":[{"@type":"SearchAction","target":{"@type":"EntryPoint","urlTemplate":"https:\/\/www.artesane.com\/le-journal\/arts-du-fil\/?s={search_term_string}"},"query-input":{"@type":"PropertyValueSpecification","valueRequired":true,"valueName":"search_term_string"}}],"inLanguage":"fr-FR"},{"@type":"Organization","@id":"https:\/\/www.artesane.com\/le-journal\/arts-du-fil\/#organization","name":"Artesane","url":"https:\/\/www.artesane.com\/le-journal\/arts-du-fil\/","logo":{"@type":"ImageObject","inLanguage":"fr-FR","@id":"https:\/\/www.artesane.com\/le-journal\/arts-du-fil\/#\/schema\/logo\/image\/","url":"https:\/\/www.artesane.com\/le-journal\/arts-du-fil\/wp-content\/uploads\/2022\/05\/logo-simple.png","contentUrl":"https:\/\/www.artesane.com\/le-journal\/arts-du-fil\/wp-content\/uploads\/2022\/05\/logo-simple.png","width":1166,"height":201,"caption":"Artesane"},"image":{"@id":"https:\/\/www.artesane.com\/le-journal\/arts-du-fil\/#\/schema\/logo\/image\/"},"sameAs":["https:\/\/www.facebook.com\/artesanefrance","https:\/\/www.instagram.com\/artesane_france\/","https:\/\/fr.linkedin.com\/company\/artesane","https:\/\/www.pinterest.fr\/ArtesaneFrance\/","https:\/\/www.youtube.com\/c\/Artesane_lesvideos","https:\/\/www.twitch.tv\/artesane?lang=fr","https:\/\/open.spotify.com\/show\/2gdmkyp7IoWhWpDRk3G71I"]},{"@type":"Person","@id":"https:\/\/www.artesane.com\/le-journal\/arts-du-fil\/#\/schema\/person\/ff9598af907765349ca9095cc08a12ab","name":"Caroline Vallognes"}]}},"uagb_featured_image_src":{"full":["https:\/\/www.artesane.com\/le-journal\/arts-du-fil\/wp-content\/uploads\/2026\/09\/1.png",1080,1350,false],"thumbnail":["https:\/\/www.artesane.com\/le-journal\/arts-du-fil\/wp-content\/uploads\/2026\/09\/1-150x150.png",150,150,true],"medium":["https:\/\/www.artesane.com\/le-journal\/arts-du-fil\/wp-content\/uploads\/2026\/09\/1-240x300.png",240,300,true],"medium_large":["https:\/\/www.artesane.com\/le-journal\/arts-du-fil\/wp-content\/uploads\/2026\/09\/1-768x960.png",768,960,true],"large":["https:\/\/www.artesane.com\/le-journal\/arts-du-fil\/wp-content\/uploads\/2026\/09\/1-819x1024.png",819,1024,true],"1536x1536":["https:\/\/www.artesane.com\/le-journal\/arts-du-fil\/wp-content\/uploads\/2026\/09\/1.png",1080,1350,false],"2048x2048":["https:\/\/www.artesane.com\/le-journal\/arts-du-fil\/wp-content\/uploads\/2026\/09\/1.png",1080,1350,false],"et-pb-post-main-image":["https:\/\/www.artesane.com\/le-journal\/arts-du-fil\/wp-content\/uploads\/2026\/09\/1-400x250.png",400,250,true],"et-pb-post-main-image-fullwidth":["https:\/\/www.artesane.com\/le-journal\/arts-du-fil\/wp-content\/uploads\/2026\/09\/1-1080x675.png",1080,675,true],"et-pb-portfolio-image":["https:\/\/www.artesane.com\/le-journal\/arts-du-fil\/wp-content\/uploads\/2026\/09\/1-400x284.png",400,284,true],"et-pb-portfolio-module-image":["https:\/\/www.artesane.com\/le-journal\/arts-du-fil\/wp-content\/uploads\/2026\/09\/1-510x382.png",510,382,true],"et-pb-portfolio-image-single":["https:\/\/www.artesane.com\/le-journal\/arts-du-fil\/wp-content\/uploads\/2026\/09\/1.png",1080,1350,false],"et-pb-gallery-module-image-portrait":["https:\/\/www.artesane.com\/le-journal\/arts-du-fil\/wp-content\/uploads\/2026\/09\/1-400x516.png",400,516,true],"et-pb-post-main-image-fullwidth-large":["https:\/\/www.artesane.com\/le-journal\/arts-du-fil\/wp-content\/uploads\/2026\/09\/1.png",1080,1350,false],"et-pb-image--responsive--desktop":["https:\/\/www.artesane.com\/le-journal\/arts-du-fil\/wp-content\/uploads\/2026\/09\/1.png",576,720,false],"et-pb-image--responsive--tablet":["https:\/\/www.artesane.com\/le-journal\/arts-du-fil\/wp-content\/uploads\/2026\/09\/1-980x1225.png",441,551,true],"et-pb-image--responsive--phone":["https:\/\/www.artesane.com\/le-journal\/arts-du-fil\/wp-content\/uploads\/2026\/09\/1-480x600.png",216,270,true]},"uagb_author_info":{"display_name":"Caroline Vallognes","author_link":"https:\/\/www.artesane.com\/le-journal\/arts-du-fil\/author\/caroline-v\/"},"uagb_comment_info":0,"uagb_excerpt":"La rentr\u00e9e 2026 s&rsquo;annonce particuli\u00e8rement riche pour les passionn\u00e9.e.s de mode et de patrimoine textile. Des podiums historiques du Palais Galliera aux ateliers du TextielLab n\u00e9erlandais, en passant par les couturiers les plus flamboyants de l&rsquo;histoire, voici notre s\u00e9lection des expositions mode \u00e0 voir d\u00e8s maintenant et jusqu&rsquo;au printemps 2027, en France comme ailleurs en\u2026","_links":{"self":[{"href":"https:\/\/www.artesane.com\/le-journal\/arts-du-fil\/wp-json\/wp\/v2\/posts\/18849","targetHints":{"allow":["GET"]}}],"collection":[{"href":"https:\/\/www.artesane.com\/le-journal\/arts-du-fil\/wp-json\/wp\/v2\/posts"}],"about":[{"href":"https:\/\/www.artesane.com\/le-journal\/arts-du-fil\/wp-json\/wp\/v2\/types\/post"}],"author":[{"embeddable":true,"href":"https:\/\/www.artesane.com\/le-journal\/arts-du-fil\/wp-json\/wp\/v2\/users\/28"}],"replies":[{"embeddable":true,"href":"https:\/\/www.artesane.com\/le-journal\/arts-du-fil\/wp-json\/wp\/v2\/comments?post=18849"}],"version-history":[{"count":5,"href":"https:\/\/www.artesane.com\/le-journal\/arts-du-fil\/wp-json\/wp\/v2\/posts\/18849\/revisions"}],"predecessor-version":[{"id":18873,"href":"https:\/\/www.artesane.com\/le-journal\/arts-du-fil\/wp-json\/wp\/v2\/posts\/18849\/revisions\/18873"}],"wp:featuredmedia":[{"embeddable":true,"href":"https:\/\/www.artesane.com\/le-journal\/arts-du-fil\/wp-json\/wp\/v2\/media\/18874"}],"wp:attachment":[{"href":"https:\/\/www.artesane.com\/le-journal\/arts-du-fil\/wp-json\/wp\/v2\/media?parent=18849"}],"wp:term":[{"taxonomy":"category","embeddable":true,"href":"https:\/\/www.artesane.com\/le-journal\/arts-du-fil\/wp-json\/wp\/v2\/categories?post=18849"},{"taxonomy":"post_tag","embeddable":true,"href":"https:\/\/www.artesane.com\/le-journal\/arts-du-fil\/wp-json\/wp\/v2\/tags?post=18849"}],"curies":[{"name":"wp","href":"https:\/\/api.w.org\/{rel}","templated":true}]}}