{"id":4725,"date":"2016-12-01T07:56:01","date_gmt":"2016-12-01T06:56:01","guid":{"rendered":"http:\/\/www.artesane.com\/le-journal\/?p=4725"},"modified":"2022-12-12T12:25:06","modified_gmt":"2022-12-12T11:25:06","slug":"defi-broderie-frenchie-les-motifs-calendrier","status":"publish","type":"post","link":"https:\/\/www.artesane.com\/le-journal\/arts-du-fil\/defi-broderie-frenchie-les-motifs-calendrier\/","title":{"rendered":"D\u00e9fi broderie frenchie n\u00b03 : Les motifs du calendrier"},"content":{"rendered":"<p>[vc_row][vc_column][vc_column_text]\u00cates-vous pr\u00eats ? Avez-vous choisi vos fils \u00e0 broder et votre tissu ? Avez-vous\u00a0t\u00e9l\u00e9charg\u00e9 et imprim\u00e9 la <a href=\"http:\/\/www.artesane.com\/le-journal\/defi-broderie-frenchie-n3-calendrier-de-lavent\/\">trame du calendrier de l&rsquo;avent<\/a> ? Tous les hexagones ont-ils \u00e9t\u00e9 brod\u00e9s au point de tige ?<\/p>\n<p style=\"text-align: center;\"><strong>Alors c&rsquo;est parti pour 24 jours de surprises !<\/strong><\/p>\n<p style=\"text-align: center;\"><!--more--><\/p>\n<p style=\"text-align: left;\">Petit rappel : le d\u00e9fi broderie frenchie que vous vous appr\u00eatez \u00e0 suivre prend la forme d&rsquo;un calendrier de l&rsquo;avent. Nous vous proposons de broder chaque jour un petit motif dans un des hexagones de la trame du calendrier. Vous pouvez retrouvez la premi\u00e8re \u00e9tape du d\u00e9fi et le dessin de la trame juste <a href=\"http:\/\/www.artesane.com\/le-journal\/defi-broderie-frenchie-n3-calendrier-de-lavent\/\">ici<\/a>.<\/p>\n<p style=\"text-align: left;\">Le calendrier de l\u2019avent est con\u00e7u comme une broderie d\u00e9corative \u00e0 ins\u00e9rer au final dans un tambour de 30 cm de diam\u00e8tre. On vous donne le cadre, \u00e0 vous d\u2019imaginer la suite : les points, les fils, le style de broderie. Tout est \u00e0 inventer et \u00e0 cr\u00e9er.<\/p>\n<p>[\/vc_column_text][\/vc_column][\/vc_row][vc_row][vc_column][vc_single_image image=\u00a0\u00bb4710&Prime; img_size=\u00a0\u00bbfull\u00a0\u00bb][\/vc_column][\/vc_row][vc_row][vc_column][vc_column_text]Passons maintenant aux choses s\u00e9rieuses ! Tous les motifs sont \u00e0 retrouver ci-dessous et seront ajout\u00e9s jour apr\u00e8s jour dans cette article. Vous n&rsquo;avez plus qu&rsquo;\u00e0 <strong>cliquer sur chaque num\u00e9ro pour t\u00e9l\u00e9charger le motif du jour<\/strong>.<\/p>\n<p>Pour vous soutenir dans ce d\u00e9fi,\u00a0<strong>Martine Biessy,\u00a0<\/strong>professeur de Broderie,\u00a0postera chaque jour sur son compte instagram\u00a0<a href=\"https:\/\/www.instagram.com\/atelierbymartine\/?hl=fr\"><em>Atelier by Martine<\/em><\/a>\u00a0la broderie qu\u2019elle aura r\u00e9alis\u00e9e \u00e0 partir du motif du jour. Non seulement ce sera une source d\u2019inspiration, mais elle vous donnera aussi les indications pour retrouver les points utilis\u00e9s dans les cours\u00a0<a href=\"http:\/\/www.artesane.com\/cours\/apprendre-a-broder-avec-martine\/\"><em>Apprendre \u00e0 broder avec Martine<\/em><\/a>\u00a0et\u00a0<a href=\"http:\/\/www.artesane.com\/cours\/progressez-broderie-cours-martine\/\"><em>Progressez en broderie avec Martine<\/em><\/a>. Bien entendu vous pouvez tout \u00e0 fait vous d\u00e9tacher de ce mod\u00e8le et\u00a0interpr\u00e9ter les dessins \u00e0 votre mani\u00e8re !<\/p>\n<p>N\u2019h\u00e9sitez pas \u00e0 partager chaque jour votre avanc\u00e9e sur Instagram et Facebook avec les hashtags\u00a0<strong>#broderiefrenchie #apprendreabroder<\/strong>\u00a0et\u00a0<strong>#artesane<\/strong>\u00a0!<\/p>\n<p><em>Petite pr\u00e9cision pour \u00e9viter le g\u00e2chis inutile de papier\u00a0: vous retrouvez sur chaque pdf\u00a0le motif du jour et les pr\u00e9c\u00e9dents. Ainsi, si vous avez pris un peu de retard et devez imprimer plusieurs jours en m\u00eame temps, il vous suffit de cliquer sur le dernier jour !<\/em>[\/vc_column_text][\/vc_column][\/vc_row][vc_row][vc_column][vc_column_text]<\/p>\n<p style=\"text-align: center;\"><strong>LES MOTIFS JOUR APR\u00c8S JOUR<\/strong><\/p>\n<p style=\"text-align: center;\"><em>(cliquez sur chaque photo pour t\u00e9l\u00e9charger le motif du jour)<\/em><\/p>\n<p>[\/vc_column_text][\/vc_column][\/vc_row][vc_row][vc_column width=\u00a0\u00bb1\/3&Prime;][vc_single_image image=\u00a0\u00bb4728&Prime; img_size=\u00a0\u00bbfull\u00a0\u00bb alignment=\u00a0\u00bbcenter\u00a0\u00bb onclick=\u00a0\u00bbcustom_link\u00a0\u00bb img_link_target=\u00a0\u00bb_blank\u00a0\u00bb link=\u00a0\u00bbhttp:\/\/www.artesane.com\/le-journal\/wp-content\/uploads\/2016\/11\/1decembre.pdf\u00a0\u00bb css=\u00a0\u00bb.vc_custom_1480663181947{margin-top: -7px !important;margin-right: -7px !important;margin-bottom: -7px !important;margin-left: -7px !important;border-top-width: 0px !important;border-right-width: 0px !important;border-bottom-width: 0px !important;border-left-width: 0px !important;padding-top: 0px !important;padding-right: 0px !important;padding-bottom: 0px !important;padding-left: 0px !important;}\u00a0\u00bb][\/vc_column][vc_column width=\u00a0\u00bb1\/3&Prime;][vc_single_image image=\u00a0\u00bb4749&Prime; img_size=\u00a0\u00bbfull\u00a0\u00bb onclick=\u00a0\u00bbcustom_link\u00a0\u00bb img_link_target=\u00a0\u00bb_blank\u00a0\u00bb link=\u00a0\u00bbhttp:\/\/www.artesane.com\/le-journal\/wp-content\/uploads\/2016\/12\/2decembre.pdf\u00a0\u00bb css=\u00a0\u00bb.vc_custom_1480663200603{margin-top: -7px !important;margin-right: -7px !important;margin-bottom: -7px !important;margin-left: -7px !important;}\u00a0\u00bb][\/vc_column][vc_column width=\u00a0\u00bb1\/3&Prime;][vc_single_image image=\u00a0\u00bb4753&Prime; img_size=\u00a0\u00bbfull\u00a0\u00bb onclick=\u00a0\u00bbcustom_link\u00a0\u00bb img_link_target=\u00a0\u00bb_blank\u00a0\u00bb link=\u00a0\u00bbhttp:\/\/www.artesane.com\/le-journal\/wp-content\/uploads\/2016\/12\/3decembre.pdf\u00a0\u00bb css=\u00a0\u00bb.vc_custom_1480841868395{margin-top: -7px !important;margin-right: -7px !important;margin-bottom: -7px !important;margin-left: -7px !important;border-bottom-width: -7px !important;}\u00a0\u00bb][\/vc_column][\/vc_row][vc_row][vc_column width=\u00a0\u00bb1\/3&Prime;][vc_single_image image=\u00a0\u00bb4756&Prime; img_size=\u00a0\u00bbfull\u00a0\u00bb onclick=\u00a0\u00bbcustom_link\u00a0\u00bb img_link_target=\u00a0\u00bb_blank\u00a0\u00bb link=\u00a0\u00bbhttp:\/\/www.artesane.com\/le-journal\/wp-content\/uploads\/2016\/12\/4decembre.pdf\u00a0\u00bb css=\u00a0\u00bb.vc_custom_1480841987179{margin-top: -7px !important;margin-right: -7px !important;margin-bottom: -7px !important;margin-left: -7px !important;}\u00a0\u00bb][\/vc_column][vc_column width=\u00a0\u00bb1\/3&Prime;][vc_single_image image=\u00a0\u00bb4759&Prime; img_size=\u00a0\u00bbfull\u00a0\u00bb onclick=\u00a0\u00bbcustom_link\u00a0\u00bb img_link_target=\u00a0\u00bb_blank\u00a0\u00bb link=\u00a0\u00bbhttp:\/\/www.artesane.com\/le-journal\/wp-content\/uploads\/2016\/12\/5decembre.pdf\u00a0\u00bb css=\u00a0\u00bb.vc_custom_1480920991599{margin-top: -7px !important;margin-right: -7px !important;margin-bottom: -7px !important;margin-left: -7px !important;}\u00a0\u00bb][\/vc_column][vc_column width=\u00a0\u00bb1\/3&Prime;][vc_single_image image=\u00a0\u00bb4764&Prime; img_size=\u00a0\u00bbfull\u00a0\u00bb onclick=\u00a0\u00bbcustom_link\u00a0\u00bb img_link_target=\u00a0\u00bb_blank\u00a0\u00bb link=\u00a0\u00bbhttp:\/\/www.artesane.com\/le-journal\/wp-content\/uploads\/2016\/12\/6decembre.pdf\u00a0\u00bb css=\u00a0\u00bb.vc_custom_1481094193427{margin-top: -7px !important;margin-right: -7px !important;margin-bottom: -7px !important;margin-left: -7px !important;}\u00a0\u00bb][\/vc_column][\/vc_row][vc_row][vc_column width=\u00a0\u00bb1\/3&Prime;][vc_single_image image=\u00a0\u00bb4767&Prime; img_size=\u00a0\u00bbfull\u00a0\u00bb onclick=\u00a0\u00bbcustom_link\u00a0\u00bb img_link_target=\u00a0\u00bb_blank\u00a0\u00bb link=\u00a0\u00bbhttp:\/\/www.artesane.com\/le-journal\/wp-content\/uploads\/2016\/12\/7decembre.pdf\u00a0\u00bb css=\u00a0\u00bb.vc_custom_1481094172949{margin-top: -7px !important;margin-right: -7px !important;margin-bottom: -7px !important;margin-left: -7px !important;}\u00a0\u00bb][\/vc_column][vc_column width=\u00a0\u00bb1\/3&Prime;][vc_single_image image=\u00a0\u00bb4770&Prime; img_size=\u00a0\u00bbfull\u00a0\u00bb onclick=\u00a0\u00bbcustom_link\u00a0\u00bb img_link_target=\u00a0\u00bb_blank\u00a0\u00bb link=\u00a0\u00bbhttp:\/\/www.artesane.com\/le-journal\/wp-content\/uploads\/2016\/12\/8decembre.pdf\u00a0\u00bb css=\u00a0\u00bb.vc_custom_1481183321364{margin-top: -7px !important;margin-right: -7px !important;margin-bottom: -7px !important;margin-left: -7px !important;}\u00a0\u00bb][\/vc_column][vc_column width=\u00a0\u00bb1\/3&Prime;][vc_single_image image=\u00a0\u00bb4785&Prime; img_size=\u00a0\u00bbfull\u00a0\u00bb onclick=\u00a0\u00bbcustom_link\u00a0\u00bb img_link_target=\u00a0\u00bb_blank\u00a0\u00bb link=\u00a0\u00bbhttp:\/\/www.artesane.com\/le-journal\/wp-content\/uploads\/2016\/12\/9decembre.pdf\u00a0\u00bb css=\u00a0\u00bb.vc_custom_1481267275872{margin-top: -7px !important;margin-right: -7px !important;margin-bottom: -7px !important;margin-left: -7px !important;}\u00a0\u00bb][\/vc_column][\/vc_row][vc_row][vc_column width=\u00a0\u00bb1\/3&Prime;][vc_single_image image=\u00a0\u00bb4788&Prime; img_size=\u00a0\u00bbfull\u00a0\u00bb onclick=\u00a0\u00bbcustom_link\u00a0\u00bb img_link_target=\u00a0\u00bb_blank\u00a0\u00bb link=\u00a0\u00bbhttp:\/\/www.artesane.com\/le-journal\/wp-content\/uploads\/2016\/12\/10decembre.pdf\u00a0\u00bb css=\u00a0\u00bb.vc_custom_1481359603140{margin-top: -7px !important;margin-right: -7px !important;margin-bottom: -7px !important;margin-left: -7px !important;}\u00a0\u00bb][\/vc_column][vc_column width=\u00a0\u00bb1\/3&Prime;][vc_single_image image=\u00a0\u00bb4791&Prime; img_size=\u00a0\u00bbfull\u00a0\u00bb onclick=\u00a0\u00bbcustom_link\u00a0\u00bb img_link_target=\u00a0\u00bb_blank\u00a0\u00bb link=\u00a0\u00bbhttp:\/\/www.artesane.com\/le-journal\/wp-content\/uploads\/2016\/12\/11decembre.pdf\u00a0\u00bb css=\u00a0\u00bb.vc_custom_1481445735811{margin-top: -7px !important;margin-right: -7px !important;margin-bottom: -7px !important;margin-left: -7px !important;}\u00a0\u00bb][\/vc_column][vc_column width=\u00a0\u00bb1\/3&Prime;][vc_single_image image=\u00a0\u00bb4794&Prime; img_size=\u00a0\u00bbfull\u00a0\u00bb onclick=\u00a0\u00bbcustom_link\u00a0\u00bb img_link_target=\u00a0\u00bb_blank\u00a0\u00bb link=\u00a0\u00bbhttp:\/\/www.artesane.com\/le-journal\/wp-content\/uploads\/2016\/12\/12decembre.pdf\u00a0\u00bb css=\u00a0\u00bb.vc_custom_1481525864464{margin-top: -7px !important;margin-right: -7px !important;margin-bottom: -7px !important;margin-left: -7px !important;}\u00a0\u00bb][\/vc_column][\/vc_row][vc_row][vc_column width=\u00a0\u00bb1\/3&Prime;][vc_single_image image=\u00a0\u00bb4797&Prime; img_size=\u00a0\u00bbfull\u00a0\u00bb onclick=\u00a0\u00bbcustom_link\u00a0\u00bb img_link_target=\u00a0\u00bb_blank\u00a0\u00bb link=\u00a0\u00bbhttp:\/\/www.artesane.com\/le-journal\/wp-content\/uploads\/2016\/12\/13decembre.pdf\u00a0\u00bb css=\u00a0\u00bb.vc_custom_1481612310849{margin-top: -7px !important;margin-right: -7px !important;margin-bottom: -7px !important;margin-left: -7px !important;}\u00a0\u00bb][\/vc_column][vc_column width=\u00a0\u00bb1\/3&Prime;][vc_single_image image=\u00a0\u00bb4801&Prime; img_size=\u00a0\u00bbfull\u00a0\u00bb onclick=\u00a0\u00bbcustom_link\u00a0\u00bb img_link_target=\u00a0\u00bb_blank\u00a0\u00bb link=\u00a0\u00bbhttp:\/\/www.artesane.com\/le-journal\/wp-content\/uploads\/2016\/12\/14decembre.pdf\u00a0\u00bb css=\u00a0\u00bb.vc_custom_1481699326815{margin-top: -7px !important;margin-right: -7px !important;margin-bottom: -7px !important;margin-left: -7px !important;}\u00a0\u00bb][\/vc_column][vc_column width=\u00a0\u00bb1\/3&Prime;][vc_single_image image=\u00a0\u00bb4804&Prime; img_size=\u00a0\u00bbfull\u00a0\u00bb onclick=\u00a0\u00bbcustom_link\u00a0\u00bb img_link_target=\u00a0\u00bb_blank\u00a0\u00bb link=\u00a0\u00bbhttp:\/\/www.artesane.com\/le-journal\/wp-content\/uploads\/2016\/12\/15decembre.pdf\u00a0\u00bb css=\u00a0\u00bb.vc_custom_1481789426076{margin-top: -7px !important;margin-right: -7px !important;margin-bottom: -7px !important;margin-left: -7px !important;}\u00a0\u00bb][\/vc_column][\/vc_row][vc_row][vc_column width=\u00a0\u00bb1\/3&Prime;][vc_single_image image=\u00a0\u00bb4809&Prime; img_size=\u00a0\u00bbfull\u00a0\u00bb onclick=\u00a0\u00bbcustom_link\u00a0\u00bb img_link_target=\u00a0\u00bb_blank\u00a0\u00bb link=\u00a0\u00bbhttp:\/\/www.artesane.com\/le-journal\/wp-content\/uploads\/2016\/12\/16decembre.pdf\u00a0\u00bb css=\u00a0\u00bb.vc_custom_1481871254540{margin-top: -7px !important;margin-right: -7px !important;margin-bottom: -7px !important;margin-left: -7px !important;}\u00a0\u00bb][\/vc_column][vc_column width=\u00a0\u00bb1\/3&Prime;][vc_single_image image=\u00a0\u00bb4812&Prime; img_size=\u00a0\u00bbfull\u00a0\u00bb onclick=\u00a0\u00bbcustom_link\u00a0\u00bb img_link_target=\u00a0\u00bb_blank\u00a0\u00bb link=\u00a0\u00bbhttp:\/\/www.artesane.com\/le-journal\/wp-content\/uploads\/2016\/12\/17decembre.pdf\u00a0\u00bb css=\u00a0\u00bb.vc_custom_1481962059225{margin-top: -7px !important;margin-right: -7px !important;margin-bottom: -7px !important;margin-left: -7px !important;}\u00a0\u00bb][\/vc_column][vc_column width=\u00a0\u00bb1\/3&Prime;][vc_single_image image=\u00a0\u00bb4815&Prime; img_size=\u00a0\u00bbfull\u00a0\u00bb onclick=\u00a0\u00bbcustom_link\u00a0\u00bb img_link_target=\u00a0\u00bb_blank\u00a0\u00bb link=\u00a0\u00bbhttp:\/\/www.artesane.com\/le-journal\/wp-content\/uploads\/2016\/12\/18decembre.pdf\u00a0\u00bb css=\u00a0\u00bb.vc_custom_1482050712317{margin-top: -7px !important;margin-right: -7px !important;margin-bottom: -7px !important;margin-left: -7px !important;}\u00a0\u00bb][\/vc_column][\/vc_row][vc_row][vc_column width=\u00a0\u00bb1\/3&Prime;][vc_single_image image=\u00a0\u00bb4819&Prime; img_size=\u00a0\u00bbfull\u00a0\u00bb onclick=\u00a0\u00bbcustom_link\u00a0\u00bb img_link_target=\u00a0\u00bb_blank\u00a0\u00bb link=\u00a0\u00bbhttp:\/\/www.artesane.com\/le-journal\/wp-content\/uploads\/2016\/12\/19decembre.pdf\u00a0\u00bb css=\u00a0\u00bb.vc_custom_1482130692893{margin-top: -7px !important;margin-right: -7px !important;margin-bottom: -7px !important;margin-left: -7px !important;}\u00a0\u00bb][\/vc_column][vc_column width=\u00a0\u00bb1\/3&Prime;][vc_single_image image=\u00a0\u00bb4853&Prime; img_size=\u00a0\u00bbfull\u00a0\u00bb onclick=\u00a0\u00bbcustom_link\u00a0\u00bb img_link_target=\u00a0\u00bb_blank\u00a0\u00bb link=\u00a0\u00bbhttp:\/\/www.artesane.com\/le-journal\/wp-content\/uploads\/2016\/12\/20decembre.pdf\u00a0\u00bb css=\u00a0\u00bb.vc_custom_1482220515777{margin-top: -7px !important;margin-right: -7px !important;margin-bottom: -7px !important;margin-left: -7px !important;}\u00a0\u00bb][\/vc_column][vc_column width=\u00a0\u00bb1\/3&Prime;][vc_single_image image=\u00a0\u00bb4856&Prime; img_size=\u00a0\u00bbfull\u00a0\u00bb onclick=\u00a0\u00bbcustom_link\u00a0\u00bb img_link_target=\u00a0\u00bb_blank\u00a0\u00bb link=\u00a0\u00bbhttp:\/\/www.artesane.com\/le-journal\/wp-content\/uploads\/2016\/12\/21decembre.pdf\u00a0\u00bb css=\u00a0\u00bb.vc_custom_1482306530689{margin-top: -7px !important;margin-right: -7px !important;margin-bottom: -7px !important;margin-left: -7px !important;}\u00a0\u00bb][\/vc_column][\/vc_row][vc_row][vc_column width=\u00a0\u00bb1\/3&Prime;][vc_single_image image=\u00a0\u00bb4861&Prime; img_size=\u00a0\u00bbfull\u00a0\u00bb onclick=\u00a0\u00bbcustom_link\u00a0\u00bb img_link_target=\u00a0\u00bb_blank\u00a0\u00bb link=\u00a0\u00bbhttp:\/\/www.artesane.com\/le-journal\/wp-content\/uploads\/2016\/12\/22decembre.pdf\u00a0\u00bb css=\u00a0\u00bb.vc_custom_1482393527706{margin-top: -7px !important;margin-right: -7px !important;margin-bottom: -7px !important;margin-left: -7px !important;}\u00a0\u00bb][\/vc_column][vc_column width=\u00a0\u00bb1\/3&Prime;][vc_single_image image=\u00a0\u00bb4864&Prime; img_size=\u00a0\u00bbfull\u00a0\u00bb onclick=\u00a0\u00bbcustom_link\u00a0\u00bb img_link_target=\u00a0\u00bb_blank\u00a0\u00bb link=\u00a0\u00bbhttp:\/\/www.artesane.com\/le-journal\/wp-content\/uploads\/2016\/12\/23decembre.pdf\u00a0\u00bb css=\u00a0\u00bb.vc_custom_1482479752897{margin-top: -7px !important;margin-right: -7px !important;margin-bottom: -7px !important;margin-left: -7px !important;}\u00a0\u00bb][\/vc_column][vc_column width=\u00a0\u00bb1\/3&Prime;][vc_single_image image=\u00a0\u00bb4867&Prime; img_size=\u00a0\u00bbfull\u00a0\u00bb onclick=\u00a0\u00bbcustom_link\u00a0\u00bb img_link_target=\u00a0\u00bb_blank\u00a0\u00bb link=\u00a0\u00bbhttp:\/\/www.artesane.com\/le-journal\/wp-content\/uploads\/2016\/12\/24decembre.pdf\u00a0\u00bb css=\u00a0\u00bb.vc_custom_1482564940857{margin-top: -7px !important;margin-right: -7px !important;margin-bottom: -7px !important;margin-left: -7px !important;}\u00a0\u00bb][\/vc_column][\/vc_row][vc_row][vc_column][vc_column_text]L&rsquo;utilisation et l&rsquo;interpr\u00e9tation des images et des tutoriels gratuits propos\u00e9s par le Journal d&rsquo;Artesane est autoris\u00e9e\u00a0en dehors de tout usage commercial. Le texte et les images pr\u00e9sents sur l&rsquo;ensemble de notre blog sont la propri\u00e9t\u00e9 d&rsquo;Artesane et \u00a0peuvent \u00eatre r\u00e9utilis\u00e9s avec la mention claire de leur auteur.[\/vc_column_text][\/vc_column][\/vc_row]<\/p>\n","protected":false},"excerpt":{"rendered":"<p>[vc_row][vc_column][vc_column_text]\u00cates-vous pr\u00eats ? Avez-vous choisi vos fils \u00e0 broder et votre tissu ? Avez-vous\u00a0t\u00e9l\u00e9charg\u00e9 et imprim\u00e9 la trame du calendrier de l&rsquo;avent ? Tous les hexagones ont-ils \u00e9t\u00e9 brod\u00e9s au point de tige ? Alors c&rsquo;est parti pour 24 jours de surprises !<\/p>\n","protected":false},"author":5,"featured_media":4726,"comment_status":"open","ping_status":"open","sticky":false,"template":"","format":"standard","meta":{"_et_pb_use_builder":"","_et_pb_old_content":"","_et_gb_content_width":"","_exactmetrics_skip_tracking":false,"_exactmetrics_sitenote_active":false,"_exactmetrics_sitenote_note":"","_exactmetrics_sitenote_category":0,"footnotes":""},"categories":[7],"tags":[13,149,54,55,120,56,147,121,150,59,915,148],"class_list":["post-4725","post","type-post","status-publish","format-standard","has-post-thumbnail","hentry","category-actualite","tag-artesane","tag-au-vers-a-soie","tag-broderie","tag-broderie-en-ligne","tag-broderie-frenchie","tag-broderie-traditionnelle","tag-calendrier-de-lavent","tag-defi-broderie","tag-dmc","tag-fil-a-broder","tag-mise-en-page-image-principale","tag-noel"],"yoast_head":"<!-- This site is optimized with the Yoast SEO plugin v27.4 - https:\/\/yoast.com\/product\/yoast-seo-wordpress\/ -->\n<title>D\u00e9fi broderie frenchie n\u00b03 : Les motifs du calendrier - Journal Artesane - Arts du Fil<\/title>\n<meta name=\"description\" content=\"Brodez un calendrier de l&#039;avent de d\u00e9cembre. Chaque jour vous recevrez un motif \u00e0 broder dans un hexagone. C&#039;est le d\u00e9fi broderie frenchie n\u00b03 d&#039;Artesane !\" \/>\n<meta name=\"robots\" content=\"index, follow, max-snippet:-1, max-image-preview:large, max-video-preview:-1\" \/>\n<link rel=\"canonical\" href=\"https:\/\/www.artesane.com\/le-journal\/arts-du-fil\/defi-broderie-frenchie-les-motifs-calendrier\/\" \/>\n<meta property=\"og:locale\" content=\"fr_FR\" \/>\n<meta property=\"og:type\" content=\"article\" \/>\n<meta property=\"og:title\" content=\"D\u00e9fi broderie frenchie n\u00b03 : Les motifs du calendrier - Journal Artesane - Arts du Fil\" \/>\n<meta property=\"og:description\" content=\"Brodez un calendrier de l&#039;avent de d\u00e9cembre. Chaque jour vous recevrez un motif \u00e0 broder dans un hexagone. C&#039;est le d\u00e9fi broderie frenchie n\u00b03 d&#039;Artesane !\" \/>\n<meta property=\"og:url\" content=\"https:\/\/www.artesane.com\/le-journal\/arts-du-fil\/defi-broderie-frenchie-les-motifs-calendrier\/\" \/>\n<meta property=\"og:site_name\" content=\"Journal Artesane - Arts du Fil\" \/>\n<meta property=\"article:publisher\" content=\"https:\/\/www.facebook.com\/artesanefrance\" \/>\n<meta property=\"article:published_time\" content=\"2016-12-01T06:56:01+00:00\" \/>\n<meta property=\"article:modified_time\" content=\"2022-12-12T11:25:06+00:00\" \/>\n<meta property=\"og:image\" content=\"https:\/\/www.artesane.com\/le-journal\/arts-du-fil\/wp-content\/uploads\/2016\/11\/3-copie-scaled.jpg\" \/>\n\t<meta property=\"og:image:width\" content=\"2560\" \/>\n\t<meta property=\"og:image:height\" content=\"2560\" \/>\n\t<meta property=\"og:image:type\" content=\"image\/jpeg\" \/>\n<meta name=\"author\" content=\"mg-berland\" \/>\n<meta name=\"twitter:card\" content=\"summary_large_image\" \/>\n<meta name=\"twitter:label1\" content=\"\u00c9crit par\" \/>\n\t<meta name=\"twitter:data1\" content=\"mg-berland\" \/>\n\t<meta name=\"twitter:label2\" content=\"Dur\u00e9e de lecture estim\u00e9e\" \/>\n\t<meta name=\"twitter:data2\" content=\"9 minutes\" \/>\n<script type=\"application\/ld+json\" class=\"yoast-schema-graph\">{\"@context\":\"https:\\\/\\\/schema.org\",\"@graph\":[{\"@type\":\"Article\",\"@id\":\"https:\\\/\\\/www.artesane.com\\\/le-journal\\\/arts-du-fil\\\/defi-broderie-frenchie-les-motifs-calendrier\\\/#article\",\"isPartOf\":{\"@id\":\"https:\\\/\\\/www.artesane.com\\\/le-journal\\\/arts-du-fil\\\/defi-broderie-frenchie-les-motifs-calendrier\\\/\"},\"author\":{\"name\":\"mg-berland\",\"@id\":\"https:\\\/\\\/www.artesane.com\\\/le-journal\\\/arts-du-fil\\\/#\\\/schema\\\/person\\\/370917515c6571b456362a39457bc850\"},\"headline\":\"D\u00e9fi broderie frenchie n\u00b03 : Les motifs du calendrier\",\"datePublished\":\"2016-12-01T06:56:01+00:00\",\"dateModified\":\"2022-12-12T11:25:06+00:00\",\"mainEntityOfPage\":{\"@id\":\"https:\\\/\\\/www.artesane.com\\\/le-journal\\\/arts-du-fil\\\/defi-broderie-frenchie-les-motifs-calendrier\\\/\"},\"wordCount\":1727,\"commentCount\":3,\"publisher\":{\"@id\":\"https:\\\/\\\/www.artesane.com\\\/le-journal\\\/arts-du-fil\\\/#organization\"},\"image\":{\"@id\":\"https:\\\/\\\/www.artesane.com\\\/le-journal\\\/arts-du-fil\\\/defi-broderie-frenchie-les-motifs-calendrier\\\/#primaryimage\"},\"thumbnailUrl\":\"https:\\\/\\\/www.artesane.com\\\/le-journal\\\/arts-du-fil\\\/wp-content\\\/uploads\\\/2016\\\/11\\\/3-copie-scaled.jpg\",\"keywords\":[\"artesane\",\"au vers \u00e0 soie\",\"broderie\",\"broderie en ligne\",\"broderie frenchie\",\"broderie traditionnelle\",\"calendrier de l'avent\",\"d\u00e9fi broderie\",\"dmc\",\"fil \u00e0 broder\",\"Mise en page avec image principale\",\"no\u00ebl\"],\"articleSection\":[\"Actualit\u00e9s Artesane\"],\"inLanguage\":\"fr-FR\",\"potentialAction\":[{\"@type\":\"CommentAction\",\"name\":\"Comment\",\"target\":[\"https:\\\/\\\/www.artesane.com\\\/le-journal\\\/arts-du-fil\\\/defi-broderie-frenchie-les-motifs-calendrier\\\/#respond\"]}]},{\"@type\":\"WebPage\",\"@id\":\"https:\\\/\\\/www.artesane.com\\\/le-journal\\\/arts-du-fil\\\/defi-broderie-frenchie-les-motifs-calendrier\\\/\",\"url\":\"https:\\\/\\\/www.artesane.com\\\/le-journal\\\/arts-du-fil\\\/defi-broderie-frenchie-les-motifs-calendrier\\\/\",\"name\":\"D\u00e9fi broderie frenchie n\u00b03 : Les motifs du calendrier - Journal Artesane - Arts du Fil\",\"isPartOf\":{\"@id\":\"https:\\\/\\\/www.artesane.com\\\/le-journal\\\/arts-du-fil\\\/#website\"},\"primaryImageOfPage\":{\"@id\":\"https:\\\/\\\/www.artesane.com\\\/le-journal\\\/arts-du-fil\\\/defi-broderie-frenchie-les-motifs-calendrier\\\/#primaryimage\"},\"image\":{\"@id\":\"https:\\\/\\\/www.artesane.com\\\/le-journal\\\/arts-du-fil\\\/defi-broderie-frenchie-les-motifs-calendrier\\\/#primaryimage\"},\"thumbnailUrl\":\"https:\\\/\\\/www.artesane.com\\\/le-journal\\\/arts-du-fil\\\/wp-content\\\/uploads\\\/2016\\\/11\\\/3-copie-scaled.jpg\",\"datePublished\":\"2016-12-01T06:56:01+00:00\",\"dateModified\":\"2022-12-12T11:25:06+00:00\",\"description\":\"Brodez un calendrier de l'avent de d\u00e9cembre. Chaque jour vous recevrez un motif \u00e0 broder dans un hexagone. C'est le d\u00e9fi broderie frenchie n\u00b03 d'Artesane !\",\"breadcrumb\":{\"@id\":\"https:\\\/\\\/www.artesane.com\\\/le-journal\\\/arts-du-fil\\\/defi-broderie-frenchie-les-motifs-calendrier\\\/#breadcrumb\"},\"inLanguage\":\"fr-FR\",\"potentialAction\":[{\"@type\":\"ReadAction\",\"target\":[\"https:\\\/\\\/www.artesane.com\\\/le-journal\\\/arts-du-fil\\\/defi-broderie-frenchie-les-motifs-calendrier\\\/\"]}]},{\"@type\":\"ImageObject\",\"inLanguage\":\"fr-FR\",\"@id\":\"https:\\\/\\\/www.artesane.com\\\/le-journal\\\/arts-du-fil\\\/defi-broderie-frenchie-les-motifs-calendrier\\\/#primaryimage\",\"url\":\"https:\\\/\\\/www.artesane.com\\\/le-journal\\\/arts-du-fil\\\/wp-content\\\/uploads\\\/2016\\\/11\\\/3-copie-scaled.jpg\",\"contentUrl\":\"https:\\\/\\\/www.artesane.com\\\/le-journal\\\/arts-du-fil\\\/wp-content\\\/uploads\\\/2016\\\/11\\\/3-copie-scaled.jpg\",\"width\":2560,\"height\":2560,\"caption\":\"D\u00e9fi broderie frenchie n\u00b03 : Les motifs du calendrier\"},{\"@type\":\"BreadcrumbList\",\"@id\":\"https:\\\/\\\/www.artesane.com\\\/le-journal\\\/arts-du-fil\\\/defi-broderie-frenchie-les-motifs-calendrier\\\/#breadcrumb\",\"itemListElement\":[{\"@type\":\"ListItem\",\"position\":1,\"name\":\"Accueil\",\"item\":\"https:\\\/\\\/www.artesane.com\\\/le-journal\\\/arts-du-fil\\\/\"},{\"@type\":\"ListItem\",\"position\":2,\"name\":\"D\u00e9fi broderie frenchie n\u00b03 : Les motifs du calendrier\"}]},{\"@type\":\"WebSite\",\"@id\":\"https:\\\/\\\/www.artesane.com\\\/le-journal\\\/arts-du-fil\\\/#website\",\"url\":\"https:\\\/\\\/www.artesane.com\\\/le-journal\\\/arts-du-fil\\\/\",\"name\":\"Journal Artesane - Arts du Fil\",\"description\":\"La meilleure \u00e9cole de cours vid\u00e9o d&#039;arts et loisir cr\u00e9atifs\",\"publisher\":{\"@id\":\"https:\\\/\\\/www.artesane.com\\\/le-journal\\\/arts-du-fil\\\/#organization\"},\"potentialAction\":[{\"@type\":\"SearchAction\",\"target\":{\"@type\":\"EntryPoint\",\"urlTemplate\":\"https:\\\/\\\/www.artesane.com\\\/le-journal\\\/arts-du-fil\\\/?s={search_term_string}\"},\"query-input\":{\"@type\":\"PropertyValueSpecification\",\"valueRequired\":true,\"valueName\":\"search_term_string\"}}],\"inLanguage\":\"fr-FR\"},{\"@type\":\"Organization\",\"@id\":\"https:\\\/\\\/www.artesane.com\\\/le-journal\\\/arts-du-fil\\\/#organization\",\"name\":\"Artesane\",\"url\":\"https:\\\/\\\/www.artesane.com\\\/le-journal\\\/arts-du-fil\\\/\",\"logo\":{\"@type\":\"ImageObject\",\"inLanguage\":\"fr-FR\",\"@id\":\"https:\\\/\\\/www.artesane.com\\\/le-journal\\\/arts-du-fil\\\/#\\\/schema\\\/logo\\\/image\\\/\",\"url\":\"https:\\\/\\\/www.artesane.com\\\/le-journal\\\/arts-du-fil\\\/wp-content\\\/uploads\\\/2022\\\/05\\\/logo-simple.png\",\"contentUrl\":\"https:\\\/\\\/www.artesane.com\\\/le-journal\\\/arts-du-fil\\\/wp-content\\\/uploads\\\/2022\\\/05\\\/logo-simple.png\",\"width\":1166,\"height\":201,\"caption\":\"Artesane\"},\"image\":{\"@id\":\"https:\\\/\\\/www.artesane.com\\\/le-journal\\\/arts-du-fil\\\/#\\\/schema\\\/logo\\\/image\\\/\"},\"sameAs\":[\"https:\\\/\\\/www.facebook.com\\\/artesanefrance\",\"https:\\\/\\\/www.instagram.com\\\/artesane_france\\\/\",\"https:\\\/\\\/fr.linkedin.com\\\/company\\\/artesane\",\"https:\\\/\\\/www.pinterest.fr\\\/ArtesaneFrance\\\/\",\"https:\\\/\\\/www.youtube.com\\\/c\\\/Artesane_lesvideos\",\"https:\\\/\\\/www.twitch.tv\\\/artesane?lang=fr\",\"https:\\\/\\\/open.spotify.com\\\/show\\\/2gdmkyp7IoWhWpDRk3G71I\"]},{\"@type\":\"Person\",\"@id\":\"https:\\\/\\\/www.artesane.com\\\/le-journal\\\/arts-du-fil\\\/#\\\/schema\\\/person\\\/370917515c6571b456362a39457bc850\",\"name\":\"mg-berland\"}]}<\/script>\n<!-- \/ Yoast SEO plugin. -->","yoast_head_json":{"title":"D\u00e9fi broderie frenchie n\u00b03 : Les motifs du calendrier - Journal Artesane - Arts du Fil","description":"Brodez un calendrier de l'avent de d\u00e9cembre. Chaque jour vous recevrez un motif \u00e0 broder dans un hexagone. C'est le d\u00e9fi broderie frenchie n\u00b03 d'Artesane !","robots":{"index":"index","follow":"follow","max-snippet":"max-snippet:-1","max-image-preview":"max-image-preview:large","max-video-preview":"max-video-preview:-1"},"canonical":"https:\/\/www.artesane.com\/le-journal\/arts-du-fil\/defi-broderie-frenchie-les-motifs-calendrier\/","og_locale":"fr_FR","og_type":"article","og_title":"D\u00e9fi broderie frenchie n\u00b03 : Les motifs du calendrier - Journal Artesane - Arts du Fil","og_description":"Brodez un calendrier de l'avent de d\u00e9cembre. Chaque jour vous recevrez un motif \u00e0 broder dans un hexagone. C'est le d\u00e9fi broderie frenchie n\u00b03 d'Artesane !","og_url":"https:\/\/www.artesane.com\/le-journal\/arts-du-fil\/defi-broderie-frenchie-les-motifs-calendrier\/","og_site_name":"Journal Artesane - Arts du Fil","article_publisher":"https:\/\/www.facebook.com\/artesanefrance","article_published_time":"2016-12-01T06:56:01+00:00","article_modified_time":"2022-12-12T11:25:06+00:00","og_image":[{"width":2560,"height":2560,"url":"https:\/\/www.artesane.com\/le-journal\/arts-du-fil\/wp-content\/uploads\/2016\/11\/3-copie-scaled.jpg","type":"image\/jpeg"}],"author":"mg-berland","twitter_card":"summary_large_image","twitter_misc":{"\u00c9crit par":"mg-berland","Dur\u00e9e de lecture estim\u00e9e":"9 minutes"},"schema":{"@context":"https:\/\/schema.org","@graph":[{"@type":"Article","@id":"https:\/\/www.artesane.com\/le-journal\/arts-du-fil\/defi-broderie-frenchie-les-motifs-calendrier\/#article","isPartOf":{"@id":"https:\/\/www.artesane.com\/le-journal\/arts-du-fil\/defi-broderie-frenchie-les-motifs-calendrier\/"},"author":{"name":"mg-berland","@id":"https:\/\/www.artesane.com\/le-journal\/arts-du-fil\/#\/schema\/person\/370917515c6571b456362a39457bc850"},"headline":"D\u00e9fi broderie frenchie n\u00b03 : Les motifs du calendrier","datePublished":"2016-12-01T06:56:01+00:00","dateModified":"2022-12-12T11:25:06+00:00","mainEntityOfPage":{"@id":"https:\/\/www.artesane.com\/le-journal\/arts-du-fil\/defi-broderie-frenchie-les-motifs-calendrier\/"},"wordCount":1727,"commentCount":3,"publisher":{"@id":"https:\/\/www.artesane.com\/le-journal\/arts-du-fil\/#organization"},"image":{"@id":"https:\/\/www.artesane.com\/le-journal\/arts-du-fil\/defi-broderie-frenchie-les-motifs-calendrier\/#primaryimage"},"thumbnailUrl":"https:\/\/www.artesane.com\/le-journal\/arts-du-fil\/wp-content\/uploads\/2016\/11\/3-copie-scaled.jpg","keywords":["artesane","au vers \u00e0 soie","broderie","broderie en ligne","broderie frenchie","broderie traditionnelle","calendrier de l'avent","d\u00e9fi broderie","dmc","fil \u00e0 broder","Mise en page avec image principale","no\u00ebl"],"articleSection":["Actualit\u00e9s Artesane"],"inLanguage":"fr-FR","potentialAction":[{"@type":"CommentAction","name":"Comment","target":["https:\/\/www.artesane.com\/le-journal\/arts-du-fil\/defi-broderie-frenchie-les-motifs-calendrier\/#respond"]}]},{"@type":"WebPage","@id":"https:\/\/www.artesane.com\/le-journal\/arts-du-fil\/defi-broderie-frenchie-les-motifs-calendrier\/","url":"https:\/\/www.artesane.com\/le-journal\/arts-du-fil\/defi-broderie-frenchie-les-motifs-calendrier\/","name":"D\u00e9fi broderie frenchie n\u00b03 : Les motifs du calendrier - Journal Artesane - Arts du Fil","isPartOf":{"@id":"https:\/\/www.artesane.com\/le-journal\/arts-du-fil\/#website"},"primaryImageOfPage":{"@id":"https:\/\/www.artesane.com\/le-journal\/arts-du-fil\/defi-broderie-frenchie-les-motifs-calendrier\/#primaryimage"},"image":{"@id":"https:\/\/www.artesane.com\/le-journal\/arts-du-fil\/defi-broderie-frenchie-les-motifs-calendrier\/#primaryimage"},"thumbnailUrl":"https:\/\/www.artesane.com\/le-journal\/arts-du-fil\/wp-content\/uploads\/2016\/11\/3-copie-scaled.jpg","datePublished":"2016-12-01T06:56:01+00:00","dateModified":"2022-12-12T11:25:06+00:00","description":"Brodez un calendrier de l'avent de d\u00e9cembre. Chaque jour vous recevrez un motif \u00e0 broder dans un hexagone. C'est le d\u00e9fi broderie frenchie n\u00b03 d'Artesane !","breadcrumb":{"@id":"https:\/\/www.artesane.com\/le-journal\/arts-du-fil\/defi-broderie-frenchie-les-motifs-calendrier\/#breadcrumb"},"inLanguage":"fr-FR","potentialAction":[{"@type":"ReadAction","target":["https:\/\/www.artesane.com\/le-journal\/arts-du-fil\/defi-broderie-frenchie-les-motifs-calendrier\/"]}]},{"@type":"ImageObject","inLanguage":"fr-FR","@id":"https:\/\/www.artesane.com\/le-journal\/arts-du-fil\/defi-broderie-frenchie-les-motifs-calendrier\/#primaryimage","url":"https:\/\/www.artesane.com\/le-journal\/arts-du-fil\/wp-content\/uploads\/2016\/11\/3-copie-scaled.jpg","contentUrl":"https:\/\/www.artesane.com\/le-journal\/arts-du-fil\/wp-content\/uploads\/2016\/11\/3-copie-scaled.jpg","width":2560,"height":2560,"caption":"D\u00e9fi broderie frenchie n\u00b03 : Les motifs du calendrier"},{"@type":"BreadcrumbList","@id":"https:\/\/www.artesane.com\/le-journal\/arts-du-fil\/defi-broderie-frenchie-les-motifs-calendrier\/#breadcrumb","itemListElement":[{"@type":"ListItem","position":1,"name":"Accueil","item":"https:\/\/www.artesane.com\/le-journal\/arts-du-fil\/"},{"@type":"ListItem","position":2,"name":"D\u00e9fi broderie frenchie n\u00b03 : Les motifs du calendrier"}]},{"@type":"WebSite","@id":"https:\/\/www.artesane.com\/le-journal\/arts-du-fil\/#website","url":"https:\/\/www.artesane.com\/le-journal\/arts-du-fil\/","name":"Journal Artesane - Arts du Fil","description":"La meilleure \u00e9cole de cours vid\u00e9o d&#039;arts et loisir cr\u00e9atifs","publisher":{"@id":"https:\/\/www.artesane.com\/le-journal\/arts-du-fil\/#organization"},"potentialAction":[{"@type":"SearchAction","target":{"@type":"EntryPoint","urlTemplate":"https:\/\/www.artesane.com\/le-journal\/arts-du-fil\/?s={search_term_string}"},"query-input":{"@type":"PropertyValueSpecification","valueRequired":true,"valueName":"search_term_string"}}],"inLanguage":"fr-FR"},{"@type":"Organization","@id":"https:\/\/www.artesane.com\/le-journal\/arts-du-fil\/#organization","name":"Artesane","url":"https:\/\/www.artesane.com\/le-journal\/arts-du-fil\/","logo":{"@type":"ImageObject","inLanguage":"fr-FR","@id":"https:\/\/www.artesane.com\/le-journal\/arts-du-fil\/#\/schema\/logo\/image\/","url":"https:\/\/www.artesane.com\/le-journal\/arts-du-fil\/wp-content\/uploads\/2022\/05\/logo-simple.png","contentUrl":"https:\/\/www.artesane.com\/le-journal\/arts-du-fil\/wp-content\/uploads\/2022\/05\/logo-simple.png","width":1166,"height":201,"caption":"Artesane"},"image":{"@id":"https:\/\/www.artesane.com\/le-journal\/arts-du-fil\/#\/schema\/logo\/image\/"},"sameAs":["https:\/\/www.facebook.com\/artesanefrance","https:\/\/www.instagram.com\/artesane_france\/","https:\/\/fr.linkedin.com\/company\/artesane","https:\/\/www.pinterest.fr\/ArtesaneFrance\/","https:\/\/www.youtube.com\/c\/Artesane_lesvideos","https:\/\/www.twitch.tv\/artesane?lang=fr","https:\/\/open.spotify.com\/show\/2gdmkyp7IoWhWpDRk3G71I"]},{"@type":"Person","@id":"https:\/\/www.artesane.com\/le-journal\/arts-du-fil\/#\/schema\/person\/370917515c6571b456362a39457bc850","name":"mg-berland"}]}},"_links":{"self":[{"href":"https:\/\/www.artesane.com\/le-journal\/arts-du-fil\/wp-json\/wp\/v2\/posts\/4725","targetHints":{"allow":["GET"]}}],"collection":[{"href":"https:\/\/www.artesane.com\/le-journal\/arts-du-fil\/wp-json\/wp\/v2\/posts"}],"about":[{"href":"https:\/\/www.artesane.com\/le-journal\/arts-du-fil\/wp-json\/wp\/v2\/types\/post"}],"author":[{"embeddable":true,"href":"https:\/\/www.artesane.com\/le-journal\/arts-du-fil\/wp-json\/wp\/v2\/users\/5"}],"replies":[{"embeddable":true,"href":"https:\/\/www.artesane.com\/le-journal\/arts-du-fil\/wp-json\/wp\/v2\/comments?post=4725"}],"version-history":[{"count":1,"href":"https:\/\/www.artesane.com\/le-journal\/arts-du-fil\/wp-json\/wp\/v2\/posts\/4725\/revisions"}],"predecessor-version":[{"id":13619,"href":"https:\/\/www.artesane.com\/le-journal\/arts-du-fil\/wp-json\/wp\/v2\/posts\/4725\/revisions\/13619"}],"wp:featuredmedia":[{"embeddable":true,"href":"https:\/\/www.artesane.com\/le-journal\/arts-du-fil\/wp-json\/wp\/v2\/media\/4726"}],"wp:attachment":[{"href":"https:\/\/www.artesane.com\/le-journal\/arts-du-fil\/wp-json\/wp\/v2\/media?parent=4725"}],"wp:term":[{"taxonomy":"category","embeddable":true,"href":"https:\/\/www.artesane.com\/le-journal\/arts-du-fil\/wp-json\/wp\/v2\/categories?post=4725"},{"taxonomy":"post_tag","embeddable":true,"href":"https:\/\/www.artesane.com\/le-journal\/arts-du-fil\/wp-json\/wp\/v2\/tags?post=4725"}],"curies":[{"name":"wp","href":"https:\/\/api.w.org\/{rel}","templated":true}]}}