{"id":6871,"date":"2018-02-18T18:26:01","date_gmt":"2018-02-18T17:26:01","guid":{"rendered":"http:\/\/le-journal.artesane.com\/?p=6871"},"modified":"2025-01-23T14:29:52","modified_gmt":"2025-01-23T13:29:52","slug":"jours-brodes-jours-a-fils-tires","status":"publish","type":"post","link":"https:\/\/www.artesane.com\/le-journal\/arts-du-fil\/jours-brodes-jours-a-fils-tires\/","title":{"rendered":"Les jours brod\u00e9s &#8211; les jours \u00e0 fils tir\u00e9s"},"content":{"rendered":"<h2 style=\"text-align: justify;\">QUE SONT LES JOURS BROD\u00c9S\u00a0?<\/h2>\n<p style=\"text-align: justify;\">Les jours sont des espaces cr\u00e9\u00e9s dans une \u00e9toffe, obtenus en tirant et en supprimant certains fils. On vient ensuite broder sur les fils restants afin de r\u00e9aliser des motifs d\u00e9coratifs ornant un ouvrage. Les jours peuvent prendre la forme de bandes d\u00e9coratives, d\u2019encadrements, de motifs altern\u00e9s \u2026<\/p>\n<p><!--more--><\/p>\n<h2 style=\"text-align: justify;\">HISTOIRE DES JOURS BROD\u00c9S<\/h2>\n<p style=\"text-align: justify;\">Des tissus d\u00e9cor\u00e9s de jours brod\u00e9s ont \u00e9t\u00e9 d\u00e9couvertes dans diff\u00e9rentes zones du monde, ce qui montre la pr\u00e9occupation de leurs habitants d\u2019orner et d\u2019embellir les \u00e9toffes et d\u2019affirmer l\u2019importance de ceux qui les portent.<\/p>\n<p style=\"text-align: justify;\">Selon les historiens, les jours \u00e0 fils tir\u00e9s trouveraient leurs origines \u00e0 Constantinople. Cette technique serait n\u00e9e en Europe \u00e0 l\u2019\u00e9poque des Croisades, au Moyen-\u00c2ge. L\u2019exemple le plus ancien est un bonnet de Charles Quint, conserv\u00e9 au Ch\u00e2teau d\u2019Ecouen.<\/p>\n<p style=\"text-align: center;\"><a href=\"https:\/\/www.artesane.com\/le-journal\/arts-du-fil\/wp-content\/uploads\/2018\/02\/9-Lin-Bonnet-Charles-Quint-1550.jpg\"><img loading=\"lazy\" decoding=\"async\" class=\"aligncenter wp-image-6872 size-full\" src=\"https:\/\/www.artesane.com\/le-journal\/arts-du-fil\/wp-content\/uploads\/2018\/02\/9-Lin-Bonnet-Charles-Quint-1550.jpg\" alt=\"\" width=\"704\" height=\"567\" srcset=\"https:\/\/www.artesane.com\/le-journal\/arts-du-fil\/wp-content\/uploads\/2018\/02\/9-Lin-Bonnet-Charles-Quint-1550.jpg 704w, https:\/\/www.artesane.com\/le-journal\/arts-du-fil\/wp-content\/uploads\/2018\/02\/9-Lin-Bonnet-Charles-Quint-1550-300x242.jpg 300w\" sizes=\"(max-width: 704px) 100vw, 704px\" \/><\/a><em>Bonnet dit de Charles Quint en lin brod\u00e9, vers 1550,<\/em><br \/>\n<em>Mus\u00e9e de la Renaissance, \u00c9couen sur Agence photographique de la RMN<\/em><\/p>\n<p style=\"text-align: justify;\">Les jours \u00e0 fils tir\u00e9s \u2013 drawnwork ou drawn threadwork en anglais \u2014 se d\u00e9veloppent dans toute l\u2019Europe\u00a0: en Italie, en France, en Allemagne, en Angleterre et dans les pays scandinaves. En effet, les gouts pour la qualit\u00e9 des tissus s\u2019affirment et l\u2019apparition de toiles de lin de bien meilleure qualit\u00e9 facilite la r\u00e9alisation de jours brod\u00e9s.<\/p>\n<p style=\"text-align: justify;\">Avec l\u2019arriv\u00e9e de l\u2019imprimerie et la publication de mod\u00e8les de broderie dans des recueils, l\u2019int\u00e9r\u00eat pour les jours brod\u00e9s se multiplie. L\u2019\u00e9dition de recueils permet la diffusion des techniques et la transmission de toutes les possibilit\u00e9s d\u00e9coratives offertes par les jours \u00e0 fils tir\u00e9s.<\/p>\n<p style=\"text-align: justify;\">Souvent travaill\u00e9s en bande, les jours brod\u00e9s ornent les cols, les manches, le devant des chemises et du linge d\u2019\u00e9glise. Les d\u00e9cors sont vari\u00e9s et peuvent repr\u00e9senter des personnages, des animaux, des fleurs \u2026 Les jours sont \u00e9galement pr\u00e9sents dans l\u2019ameublement avec des dessins plus g\u00e9om\u00e9triques.<\/p>\n<p style=\"text-align: justify;\">Au 17<sup>e<\/sup> et 18<sup>e<\/sup>, les recueils sont r\u00e9imprim\u00e9s et permettent la diffusion de la pratique des jours \u00e0 fils tir\u00e9s qui atteint son apog\u00e9e. Ils sont pr\u00e9sents sur les v\u00eatements, les mouchoirs, le linge de table et de lit. C\u2019est \u00e9galement au cours du si\u00e8cle suivant que la technique se diffuse en Am\u00e9rique du Sud.<\/p>\n<p style=\"text-align: justify;\">Au milieu du 19<sup>e<\/sup>, la pratique est relanc\u00e9e et suscite de nouveau l\u2019int\u00e9r\u00eat du public notamment gr\u00e2ce aux pensionnats, aux orphelinats qui enseignent ces techniques, aux dames de bonne soci\u00e9t\u00e9 et aux jeunes filles brodant leur trousseau. L\u2019apparition de grands magasins de blancs, de catalogues et la fourniture de coton \u00e0 broder sont \u00e9galement des facteurs participant \u00e0 l\u2019engouement pour les jours \u00e0 fils tir\u00e9s.<\/p>\n<p style=\"text-align: justify;\">C\u2019est \u00e0 cette p\u00e9riode qu\u2019apparaissent des techniques tr\u00e8s proches\u00a0: les jours d\u2019Angles sur l\u2019Anglin, les jours de Cilaos, les jours norv\u00e9giens \u2026<\/p>\n<h2 style=\"text-align: justify;\">LES JOURS \u00c0 FILS TIR\u00c9S AUJOURD\u2019HUI<\/h2>\n<p style=\"text-align: justify;\"><a href=\"https:\/\/www.artesane.com\/le-journal\/arts-du-fil\/wp-content\/uploads\/2018\/02\/242c57eebf7ab765bae5d7842a2ebc80a690fe91.jpeg\"><img loading=\"lazy\" decoding=\"async\" class=\"alignnone wp-image-6922 size-full\" src=\"https:\/\/www.artesane.com\/le-journal\/arts-du-fil\/wp-content\/uploads\/2018\/02\/242c57eebf7ab765bae5d7842a2ebc80a690fe91.jpeg\" alt=\"\" width=\"1440\" height=\"960\" srcset=\"https:\/\/www.artesane.com\/le-journal\/arts-du-fil\/wp-content\/uploads\/2018\/02\/242c57eebf7ab765bae5d7842a2ebc80a690fe91.jpeg 1440w, https:\/\/www.artesane.com\/le-journal\/arts-du-fil\/wp-content\/uploads\/2018\/02\/242c57eebf7ab765bae5d7842a2ebc80a690fe91-300x200.jpeg 300w, https:\/\/www.artesane.com\/le-journal\/arts-du-fil\/wp-content\/uploads\/2018\/02\/242c57eebf7ab765bae5d7842a2ebc80a690fe91-1024x683.jpeg 1024w, https:\/\/www.artesane.com\/le-journal\/arts-du-fil\/wp-content\/uploads\/2018\/02\/242c57eebf7ab765bae5d7842a2ebc80a690fe91-768x512.jpeg 768w\" sizes=\"(max-width: 1440px) 100vw, 1440px\" \/><\/a>Chez Artesane, nous avons \u00e0 coeur de transmettre des techniques anciennes afin de ne pas perdre ces savoirs, ces pratiques datant de plusieurs si\u00e8cles. <a href=\"https:\/\/www.artesane.com\/arts-du-fil\/produit\/decouvrir-les-jours-brodes-sur-une-blouse-femme\">Dans son cours<\/a>, Martine remet les jours brod\u00e9s au go\u00fbt du jour avec des motifs actuels et tr\u00e8s tendances\u00a0! Avec elle, vous apprendrez \u00e0 broder des jours \u00e0 fils tir\u00e9s sur une blouse f\u00e9minine. Ce <a href=\"https:\/\/www.artesane.com\/arts-du-fil\/produit\/decouvrir-les-jours-brodes-sur-une-blouse-femme\">cours de broderie<\/a> est crois\u00e9 avec un cours de couture anim\u00e9 par Guenael dans lequel vous apprendrez \u00e0 coudre une blouse avec plusieurs variations et diff\u00e9rentes finitions. Vous pourrez ensuite d\u00e9couvrir comment d\u00e9corer cette blouse avec Martine, qui vous enseignera ces motifs\u00a0:<\/p>\n<ul style=\"text-align: justify;\">\n<li>Les jours simples<\/li>\n<li>Les jours en V<\/li>\n<li>Le point de Paris<\/li>\n<li>Le jour \u00e9chelle nou\u00e9 \u00e0 triples faisceaux<\/li>\n<li>Le jour \u00e9chelle divis\u00e9 et crois\u00e9<\/li>\n<li>Le jour Venise<\/li>\n<\/ul>\n<p style=\"text-align: justify;\"><a href=\"https:\/\/www.artesane.com\/arts-du-fil\/produit\/decouvrir-les-jours-brodes-sur-une-blouse-femme\" target=\"_blank\" rel=\"noopener\">D\u00e9couvrez ce nouveau cours sur Artesane !<\/a><\/p>\n<p><span style=\"border-top-left-radius: 2px; border-top-right-radius: 2px; border-bottom-right-radius: 2px; border-bottom-left-radius: 2px; text-indent: 20px; width: auto; padding: 0px 4px 0px 0px; text-align: center; font-style: normal; font-variant-caps: normal; font-weight: bold; font-size: 11px; line-height: 20px; font-family: 'Helvetica Neue', Helvetica, sans-serif; color: #ffffff; background-image: url(data:image\/svg+xml; base64,phn2zyb4bwxucz0iahr0cdovl3d3dy53my5vcmcvmjawmc9zdmciighlawdodd0imzbwecigd2lkdgg9ijmwchgiihzpzxdcb3g9ii0xic0xidmxidmxij48zz48cgf0acbkpsjnmjkundq5lde0ljy2mibdmjkundq5ldiyljcymiaymi44njgsmjkumju2ide0ljc1ldi5lji1nibdni42mzismjkumju2idaumduxldiyljcymiawlja1mswxnc42njigqzaumduxldyunjaxidyunjmyldaumdy3ide0ljc1ldaumdy3iemymi44njgsmc4wnjcgmjkundq5ldyunjaxidi5ljq0oswxnc42njiiigzpbgw9iinmzmyiihn0cm9rzt0ii2zmziigc3ryb2tllxdpzhropsixij48l3bhdgg+phbhdgggzd0itte0ljczmywxljy4nibdny41mtysms42odygms42njusny40otugms42njusmtqunjyyiemxljy2nswymc4xntkgns4xmdksmjquodu0idkuotcsmjyunzq0iem5ljg1niwyns43mtggos43ntmsmjqumtqzidewljaxniwymy4wmjigqzewlji1mywymi4wmsaxms41ndgsmtyuntcyidexlju0ocwxni41nzigqzexlju0ocwxni41nzigmteumtu3lde1ljc5nsaxms4xntcsmtqunjq2iemxms4xntcsmtiuodqyideyljixmswxms40otugmtmuntiyldexljq5nsbdmtqunjm3ldexljq5nsaxns4xnzusmtiumzi2ide1lje3nswxmy4zmjmgqze1lje3nswxnc40mzygmtqundyylde2ljegmtqumdkzlde3ljy0mybdmtmunzg1lde4ljkznsaxnc43ndusmtkuotg4ide2ljayocwxos45odggqze4ljm1mswxos45odggmjaumtm2lde3lju1niaymc4xmzysmtqumdq2iemymc4xmzysmtauotm5ide3ljg4ocw4ljc2nyaxnc42nzgsoc43njcgqzewljk1osw4ljc2nya4ljc3nywxms41mzygoc43nzcsmtqumzk4iem4ljc3nywxns41mtmgos4ymswxni43mdkgos43ndksmtcumzu5iem5ljg1niwxny40odggos44nzismtcunia5ljg0lde3ljczmsbdos43ndesmtgumtqxidkuntismtkumdizidkundc3lde5ljiwmybdos40miwxos40nca5lji4ocwxos40otegos4wncwxos4znzygqzcunda4lde4ljyymia2ljm4nywxni4yntigni4zodcsmtqumzq5iem2ljm4nywxmc4yntygos4zodmsni40otcgmtuumdiyldyundk3iemxos41ntusni40otcgmjmumdc4ldkunza1idizlja3ocwxmy45otegqzizlja3ocwxoc40njmgmjaumjm5ldiylja2miaxni4yotcsmjiumdyyiemxnc45nzmsmjiumdyyidezljcyocwyms4znzkgmtmumzayldiwlju3mibdmtmumzayldiwlju3miaxmi42ndcsmjmumdugmtiundg4ldizljy1nybdmtiumtkzldi0ljc4ncaxms4zotysmjyumtk2idewljg2mywyny4wntggqzeylja4niwyny40mzqgmtmumzg2ldi3ljyznyaxnc43mzmsmjcunjm3iemyms45nswyny42mzcgmjcuodaxldixljgyocayny44mdesmtqunjyyiemyny44mdesny40otugmjeuotusms42odygmtqunzmzldeunjg2iibmawxspsijymqwodfjij48l3bhdgg+pc9npjwvc3znpg==); background-size: 14px 14px; background-color: #bd081c; position: absolute; opacity: 1; z-index: 8675309; display: none; cursor: pointer; border: none; -webkit-font-smoothing: antialiased; top: 467px; left: 39px; background-position: 3px 50%; background-repeat: no-repeat no-repeat;\">Enregistrer<\/span><span style=\"border-top-left-radius: 2px; border-top-right-radius: 2px; border-bottom-right-radius: 2px; border-bottom-left-radius: 2px; text-indent: 20px; width: auto; padding: 0px 4px 0px 0px; text-align: center; font-style: normal; font-variant-caps: normal; font-weight: bold; font-size: 11px; line-height: 20px; font-family: 'Helvetica Neue', Helvetica, sans-serif; color: #ffffff; background-image: url(data:image\/svg+xml; base64,phn2zyb4bwxucz0iahr0cdovl3d3dy53my5vcmcvmjawmc9zdmciighlawdodd0imzbwecigd2lkdgg9ijmwchgiihzpzxdcb3g9ii0xic0xidmxidmxij48zz48cgf0acbkpsjnmjkundq5lde0ljy2mibdmjkundq5ldiyljcymiaymi44njgsmjkumju2ide0ljc1ldi5lji1nibdni42mzismjkumju2idaumduxldiyljcymiawlja1mswxnc42njigqzaumduxldyunjaxidyunjmyldaumdy3ide0ljc1ldaumdy3iemymi44njgsmc4wnjcgmjkundq5ldyunjaxidi5ljq0oswxnc42njiiigzpbgw9iinmzmyiihn0cm9rzt0ii2zmziigc3ryb2tllxdpzhropsixij48l3bhdgg+phbhdgggzd0itte0ljczmywxljy4nibdny41mtysms42odygms42njusny40otugms42njusmtqunjyyiemxljy2nswymc4xntkgns4xmdksmjquodu0idkuotcsmjyunzq0iem5ljg1niwyns43mtggos43ntmsmjqumtqzidewljaxniwymy4wmjigqzewlji1mywymi4wmsaxms41ndgsmtyuntcyidexlju0ocwxni41nzigqzexlju0ocwxni41nzigmteumtu3lde1ljc5nsaxms4xntcsmtqunjq2iemxms4xntcsmtiuodqyideyljixmswxms40otugmtmuntiyldexljq5nsbdmtqunjm3ldexljq5nsaxns4xnzusmtiumzi2ide1lje3nswxmy4zmjmgqze1lje3nswxnc40mzygmtqundyylde2ljegmtqumdkzlde3ljy0mybdmtmunzg1lde4ljkznsaxnc43ndusmtkuotg4ide2ljayocwxos45odggqze4ljm1mswxos45odggmjaumtm2lde3lju1niaymc4xmzysmtqumdq2iemymc4xmzysmtauotm5ide3ljg4ocw4ljc2nyaxnc42nzgsoc43njcgqzewljk1osw4ljc2nya4ljc3nywxms41mzygoc43nzcsmtqumzk4iem4ljc3nywxns41mtmgos4ymswxni43mdkgos43ndksmtcumzu5iem5ljg1niwxny40odggos44nzismtcunia5ljg0lde3ljczmsbdos43ndesmtgumtqxidkuntismtkumdizidkundc3lde5ljiwmybdos40miwxos40nca5lji4ocwxos40otegos4wncwxos4znzygqzcunda4lde4ljyymia2ljm4nywxni4yntigni4zodcsmtqumzq5iem2ljm4nywxmc4yntygos4zodmsni40otcgmtuumdiyldyundk3iemxos41ntusni40otcgmjmumdc4ldkunza1idizlja3ocwxmy45otegqzizlja3ocwxoc40njmgmjaumjm5ldiylja2miaxni4yotcsmjiumdyyiemxnc45nzmsmjiumdyyidezljcyocwyms4znzkgmtmumzayldiwlju3mibdmtmumzayldiwlju3miaxmi42ndcsmjmumdugmtiundg4ldizljy1nybdmtiumtkzldi0ljc4ncaxms4zotysmjyumtk2idewljg2mywyny4wntggqzeylja4niwyny40mzqgmtmumzg2ldi3ljyznyaxnc43mzmsmjcunjm3iemyms45nswyny42mzcgmjcuodaxldixljgyocayny44mdesmtqunjyyiemyny44mdesny40otugmjeuotusms42odygmtqunzmzldeunjg2iibmawxspsijymqwodfjij48l3bhdgg+pc9npjwvc3znpg==); background-size: 14px 14px; background-color: #bd081c; position: absolute; opacity: 1; z-index: 8675309; display: none; cursor: pointer; border: none; -webkit-font-smoothing: antialiased; top: 467px; left: 39px; background-position: 3px 50%; background-repeat: no-repeat no-repeat;\">Enregistrer<\/span><\/p>\n","protected":false},"excerpt":{"rendered":"<p>QUE SONT LES JOURS BROD\u00c9S\u00a0? Les jours sont des espaces cr\u00e9\u00e9s dans une \u00e9toffe, obtenus en tirant et en supprimant certains fils. On vient ensuite broder sur les fils restants afin de r\u00e9aliser des motifs d\u00e9coratifs ornant un ouvrage. Les jours peuvent prendre la forme de bandes d\u00e9coratives, d\u2019encadrements, de motifs altern\u00e9s \u2026<\/p>\n","protected":false},"author":1,"featured_media":6920,"comment_status":"open","ping_status":"open","sticky":false,"template":"","format":"standard","meta":{"_et_pb_use_builder":"","_et_pb_old_content":"","_et_gb_content_width":"","_exactmetrics_skip_tracking":false,"_exactmetrics_sitenote_active":false,"_exactmetrics_sitenote_note":"","_exactmetrics_sitenote_category":0,"footnotes":""},"categories":[899],"tags":[151,13,54,55,120,56,57,179,58,373,374,375,376,196,915,377],"class_list":["post-6871","post","type-post","status-publish","format-standard","has-post-thumbnail","hentry","category-histoire","tag-apprendre-a-broder","tag-artesane","tag-broderie","tag-broderie-en-ligne","tag-broderie-frenchie","tag-broderie-traditionnelle","tag-cours-de-broderie-en-ligne","tag-cours-video","tag-cours-video-de-broderie","tag-jour-venise","tag-jours-brodes","tag-jours-echelle","tag-jours-simples","tag-martine-biessy","tag-mise-en-page-image-principale","tag-point-de-paris"],"yoast_head":"<!-- This site is optimized with the Yoast SEO plugin v27.5 - https:\/\/yoast.com\/product\/yoast-seo-wordpress\/ -->\n<title>Les jours brod\u00e9s - les jours \u00e0 fils tir\u00e9s - Journal Artesane - Arts du Fil<\/title>\n<meta name=\"description\" content=\"Les jours brod\u00e9s en broderie, un cours vid\u00e9o de broderie. Petite histoire des jours brod\u00e9s. Apprendre \u00e0 broder des jours brod\u00e9s. Cours vid\u00e9o, cours en ligne.\" \/>\n<meta name=\"robots\" content=\"index, follow, max-snippet:-1, max-image-preview:large, max-video-preview:-1\" \/>\n<link rel=\"canonical\" href=\"https:\/\/www.artesane.com\/le-journal\/arts-du-fil\/jours-brodes-jours-a-fils-tires\/\" \/>\n<meta property=\"og:locale\" content=\"fr_FR\" \/>\n<meta property=\"og:type\" content=\"article\" \/>\n<meta property=\"og:title\" content=\"Les jours brod\u00e9s - les jours \u00e0 fils tir\u00e9s - Journal Artesane - Arts du Fil\" \/>\n<meta property=\"og:description\" content=\"Les jours brod\u00e9s en broderie, un cours vid\u00e9o de broderie. Petite histoire des jours brod\u00e9s. Apprendre \u00e0 broder des jours brod\u00e9s. Cours vid\u00e9o, cours en ligne.\" \/>\n<meta property=\"og:url\" content=\"https:\/\/www.artesane.com\/le-journal\/arts-du-fil\/jours-brodes-jours-a-fils-tires\/\" \/>\n<meta property=\"og:site_name\" content=\"Journal Artesane - Arts du Fil\" \/>\n<meta property=\"article:publisher\" content=\"https:\/\/www.facebook.com\/artesanefrance\" \/>\n<meta property=\"article:published_time\" content=\"2018-02-18T17:26:01+00:00\" \/>\n<meta property=\"article:modified_time\" content=\"2025-01-23T13:29:52+00:00\" \/>\n<meta property=\"og:image\" content=\"https:\/\/www.artesane.com\/le-journal\/arts-du-fil\/wp-content\/uploads\/2018\/02\/4_preview-2.jpeg\" \/>\n\t<meta property=\"og:image:width\" content=\"1348\" \/>\n\t<meta property=\"og:image:height\" content=\"1348\" \/>\n\t<meta property=\"og:image:type\" content=\"image\/jpeg\" \/>\n<meta name=\"author\" content=\"artesane\" \/>\n<meta name=\"twitter:card\" content=\"summary_large_image\" \/>\n<meta name=\"twitter:label1\" content=\"\u00c9crit par\" \/>\n\t<meta name=\"twitter:data1\" content=\"artesane\" \/>\n\t<meta name=\"twitter:label2\" content=\"Dur\u00e9e de lecture estim\u00e9e\" \/>\n\t<meta name=\"twitter:data2\" content=\"4 minutes\" \/>\n<script type=\"application\/ld+json\" class=\"yoast-schema-graph\">{\"@context\":\"https:\\\/\\\/schema.org\",\"@graph\":[{\"@type\":\"Article\",\"@id\":\"https:\\\/\\\/www.artesane.com\\\/le-journal\\\/arts-du-fil\\\/jours-brodes-jours-a-fils-tires\\\/#article\",\"isPartOf\":{\"@id\":\"https:\\\/\\\/www.artesane.com\\\/le-journal\\\/arts-du-fil\\\/jours-brodes-jours-a-fils-tires\\\/\"},\"author\":{\"name\":\"artesane\",\"@id\":\"https:\\\/\\\/www.artesane.com\\\/le-journal\\\/arts-du-fil\\\/#\\\/schema\\\/person\\\/57070b16b6acf7a2c787f96c593f31ba\"},\"headline\":\"Les jours brod\u00e9s &#8211; les jours \u00e0 fils tir\u00e9s\",\"datePublished\":\"2018-02-18T17:26:01+00:00\",\"dateModified\":\"2025-01-23T13:29:52+00:00\",\"mainEntityOfPage\":{\"@id\":\"https:\\\/\\\/www.artesane.com\\\/le-journal\\\/arts-du-fil\\\/jours-brodes-jours-a-fils-tires\\\/\"},\"wordCount\":663,\"commentCount\":0,\"publisher\":{\"@id\":\"https:\\\/\\\/www.artesane.com\\\/le-journal\\\/arts-du-fil\\\/#organization\"},\"image\":{\"@id\":\"https:\\\/\\\/www.artesane.com\\\/le-journal\\\/arts-du-fil\\\/jours-brodes-jours-a-fils-tires\\\/#primaryimage\"},\"thumbnailUrl\":\"https:\\\/\\\/www.artesane.com\\\/le-journal\\\/arts-du-fil\\\/wp-content\\\/uploads\\\/2018\\\/02\\\/4_preview-2.jpeg\",\"keywords\":[\"apprendre \u00e0 broder\",\"artesane\",\"broderie\",\"broderie en ligne\",\"broderie frenchie\",\"broderie traditionnelle\",\"cours de broderie en ligne\",\"cours vid\u00e9o\",\"cours vid\u00e9o de broderie\",\"jour venise\",\"jours brod\u00e9s\",\"jours \u00e9chelle\",\"jours simples\",\"Martine Biessy\",\"Mise en page avec image principale\",\"point de Paris\"],\"articleSection\":[\"Histoire de la mode\"],\"inLanguage\":\"fr-FR\",\"potentialAction\":[{\"@type\":\"CommentAction\",\"name\":\"Comment\",\"target\":[\"https:\\\/\\\/www.artesane.com\\\/le-journal\\\/arts-du-fil\\\/jours-brodes-jours-a-fils-tires\\\/#respond\"]}]},{\"@type\":\"WebPage\",\"@id\":\"https:\\\/\\\/www.artesane.com\\\/le-journal\\\/arts-du-fil\\\/jours-brodes-jours-a-fils-tires\\\/\",\"url\":\"https:\\\/\\\/www.artesane.com\\\/le-journal\\\/arts-du-fil\\\/jours-brodes-jours-a-fils-tires\\\/\",\"name\":\"Les jours brod\u00e9s - les jours \u00e0 fils tir\u00e9s - Journal Artesane - Arts du Fil\",\"isPartOf\":{\"@id\":\"https:\\\/\\\/www.artesane.com\\\/le-journal\\\/arts-du-fil\\\/#website\"},\"primaryImageOfPage\":{\"@id\":\"https:\\\/\\\/www.artesane.com\\\/le-journal\\\/arts-du-fil\\\/jours-brodes-jours-a-fils-tires\\\/#primaryimage\"},\"image\":{\"@id\":\"https:\\\/\\\/www.artesane.com\\\/le-journal\\\/arts-du-fil\\\/jours-brodes-jours-a-fils-tires\\\/#primaryimage\"},\"thumbnailUrl\":\"https:\\\/\\\/www.artesane.com\\\/le-journal\\\/arts-du-fil\\\/wp-content\\\/uploads\\\/2018\\\/02\\\/4_preview-2.jpeg\",\"datePublished\":\"2018-02-18T17:26:01+00:00\",\"dateModified\":\"2025-01-23T13:29:52+00:00\",\"description\":\"Les jours brod\u00e9s en broderie, un cours vid\u00e9o de broderie. Petite histoire des jours brod\u00e9s. Apprendre \u00e0 broder des jours brod\u00e9s. Cours vid\u00e9o, cours en ligne.\",\"breadcrumb\":{\"@id\":\"https:\\\/\\\/www.artesane.com\\\/le-journal\\\/arts-du-fil\\\/jours-brodes-jours-a-fils-tires\\\/#breadcrumb\"},\"inLanguage\":\"fr-FR\",\"potentialAction\":[{\"@type\":\"ReadAction\",\"target\":[\"https:\\\/\\\/www.artesane.com\\\/le-journal\\\/arts-du-fil\\\/jours-brodes-jours-a-fils-tires\\\/\"]}]},{\"@type\":\"ImageObject\",\"inLanguage\":\"fr-FR\",\"@id\":\"https:\\\/\\\/www.artesane.com\\\/le-journal\\\/arts-du-fil\\\/jours-brodes-jours-a-fils-tires\\\/#primaryimage\",\"url\":\"https:\\\/\\\/www.artesane.com\\\/le-journal\\\/arts-du-fil\\\/wp-content\\\/uploads\\\/2018\\\/02\\\/4_preview-2.jpeg\",\"contentUrl\":\"https:\\\/\\\/www.artesane.com\\\/le-journal\\\/arts-du-fil\\\/wp-content\\\/uploads\\\/2018\\\/02\\\/4_preview-2.jpeg\",\"width\":1348,\"height\":1348,\"caption\":\"Les jours brod\u00e9s en broderie\"},{\"@type\":\"BreadcrumbList\",\"@id\":\"https:\\\/\\\/www.artesane.com\\\/le-journal\\\/arts-du-fil\\\/jours-brodes-jours-a-fils-tires\\\/#breadcrumb\",\"itemListElement\":[{\"@type\":\"ListItem\",\"position\":1,\"name\":\"Accueil\",\"item\":\"https:\\\/\\\/www.artesane.com\\\/le-journal\\\/arts-du-fil\\\/\"},{\"@type\":\"ListItem\",\"position\":2,\"name\":\"Les jours brod\u00e9s &#8211; les jours \u00e0 fils tir\u00e9s\"}]},{\"@type\":\"WebSite\",\"@id\":\"https:\\\/\\\/www.artesane.com\\\/le-journal\\\/arts-du-fil\\\/#website\",\"url\":\"https:\\\/\\\/www.artesane.com\\\/le-journal\\\/arts-du-fil\\\/\",\"name\":\"Journal Artesane - Arts du Fil\",\"description\":\"La meilleure \u00e9cole de cours vid\u00e9o d&#039;arts et loisir cr\u00e9atifs\",\"publisher\":{\"@id\":\"https:\\\/\\\/www.artesane.com\\\/le-journal\\\/arts-du-fil\\\/#organization\"},\"potentialAction\":[{\"@type\":\"SearchAction\",\"target\":{\"@type\":\"EntryPoint\",\"urlTemplate\":\"https:\\\/\\\/www.artesane.com\\\/le-journal\\\/arts-du-fil\\\/?s={search_term_string}\"},\"query-input\":{\"@type\":\"PropertyValueSpecification\",\"valueRequired\":true,\"valueName\":\"search_term_string\"}}],\"inLanguage\":\"fr-FR\"},{\"@type\":\"Organization\",\"@id\":\"https:\\\/\\\/www.artesane.com\\\/le-journal\\\/arts-du-fil\\\/#organization\",\"name\":\"Artesane\",\"url\":\"https:\\\/\\\/www.artesane.com\\\/le-journal\\\/arts-du-fil\\\/\",\"logo\":{\"@type\":\"ImageObject\",\"inLanguage\":\"fr-FR\",\"@id\":\"https:\\\/\\\/www.artesane.com\\\/le-journal\\\/arts-du-fil\\\/#\\\/schema\\\/logo\\\/image\\\/\",\"url\":\"https:\\\/\\\/www.artesane.com\\\/le-journal\\\/arts-du-fil\\\/wp-content\\\/uploads\\\/2022\\\/05\\\/logo-simple.png\",\"contentUrl\":\"https:\\\/\\\/www.artesane.com\\\/le-journal\\\/arts-du-fil\\\/wp-content\\\/uploads\\\/2022\\\/05\\\/logo-simple.png\",\"width\":1166,\"height\":201,\"caption\":\"Artesane\"},\"image\":{\"@id\":\"https:\\\/\\\/www.artesane.com\\\/le-journal\\\/arts-du-fil\\\/#\\\/schema\\\/logo\\\/image\\\/\"},\"sameAs\":[\"https:\\\/\\\/www.facebook.com\\\/artesanefrance\",\"https:\\\/\\\/www.instagram.com\\\/artesane_france\\\/\",\"https:\\\/\\\/fr.linkedin.com\\\/company\\\/artesane\",\"https:\\\/\\\/www.pinterest.fr\\\/ArtesaneFrance\\\/\",\"https:\\\/\\\/www.youtube.com\\\/c\\\/Artesane_lesvideos\",\"https:\\\/\\\/www.twitch.tv\\\/artesane?lang=fr\",\"https:\\\/\\\/open.spotify.com\\\/show\\\/2gdmkyp7IoWhWpDRk3G71I\"]},{\"@type\":\"Person\",\"@id\":\"https:\\\/\\\/www.artesane.com\\\/le-journal\\\/arts-du-fil\\\/#\\\/schema\\\/person\\\/57070b16b6acf7a2c787f96c593f31ba\",\"name\":\"artesane\",\"sameAs\":[\"https:\\\/\\\/le-journal.artesane.com\\\/arts-du-fil\"]}]}<\/script>\n<!-- \/ Yoast SEO plugin. -->","yoast_head_json":{"title":"Les jours brod\u00e9s - les jours \u00e0 fils tir\u00e9s - Journal Artesane - Arts du Fil","description":"Les jours brod\u00e9s en broderie, un cours vid\u00e9o de broderie. Petite histoire des jours brod\u00e9s. Apprendre \u00e0 broder des jours brod\u00e9s. Cours vid\u00e9o, cours en ligne.","robots":{"index":"index","follow":"follow","max-snippet":"max-snippet:-1","max-image-preview":"max-image-preview:large","max-video-preview":"max-video-preview:-1"},"canonical":"https:\/\/www.artesane.com\/le-journal\/arts-du-fil\/jours-brodes-jours-a-fils-tires\/","og_locale":"fr_FR","og_type":"article","og_title":"Les jours brod\u00e9s - les jours \u00e0 fils tir\u00e9s - Journal Artesane - Arts du Fil","og_description":"Les jours brod\u00e9s en broderie, un cours vid\u00e9o de broderie. Petite histoire des jours brod\u00e9s. Apprendre \u00e0 broder des jours brod\u00e9s. Cours vid\u00e9o, cours en ligne.","og_url":"https:\/\/www.artesane.com\/le-journal\/arts-du-fil\/jours-brodes-jours-a-fils-tires\/","og_site_name":"Journal Artesane - Arts du Fil","article_publisher":"https:\/\/www.facebook.com\/artesanefrance","article_published_time":"2018-02-18T17:26:01+00:00","article_modified_time":"2025-01-23T13:29:52+00:00","og_image":[{"width":1348,"height":1348,"url":"https:\/\/www.artesane.com\/le-journal\/arts-du-fil\/wp-content\/uploads\/2018\/02\/4_preview-2.jpeg","type":"image\/jpeg"}],"author":"artesane","twitter_card":"summary_large_image","twitter_misc":{"\u00c9crit par":"artesane","Dur\u00e9e de lecture estim\u00e9e":"4 minutes"},"schema":{"@context":"https:\/\/schema.org","@graph":[{"@type":"Article","@id":"https:\/\/www.artesane.com\/le-journal\/arts-du-fil\/jours-brodes-jours-a-fils-tires\/#article","isPartOf":{"@id":"https:\/\/www.artesane.com\/le-journal\/arts-du-fil\/jours-brodes-jours-a-fils-tires\/"},"author":{"name":"artesane","@id":"https:\/\/www.artesane.com\/le-journal\/arts-du-fil\/#\/schema\/person\/57070b16b6acf7a2c787f96c593f31ba"},"headline":"Les jours brod\u00e9s &#8211; les jours \u00e0 fils tir\u00e9s","datePublished":"2018-02-18T17:26:01+00:00","dateModified":"2025-01-23T13:29:52+00:00","mainEntityOfPage":{"@id":"https:\/\/www.artesane.com\/le-journal\/arts-du-fil\/jours-brodes-jours-a-fils-tires\/"},"wordCount":663,"commentCount":0,"publisher":{"@id":"https:\/\/www.artesane.com\/le-journal\/arts-du-fil\/#organization"},"image":{"@id":"https:\/\/www.artesane.com\/le-journal\/arts-du-fil\/jours-brodes-jours-a-fils-tires\/#primaryimage"},"thumbnailUrl":"https:\/\/www.artesane.com\/le-journal\/arts-du-fil\/wp-content\/uploads\/2018\/02\/4_preview-2.jpeg","keywords":["apprendre \u00e0 broder","artesane","broderie","broderie en ligne","broderie frenchie","broderie traditionnelle","cours de broderie en ligne","cours vid\u00e9o","cours vid\u00e9o de broderie","jour venise","jours brod\u00e9s","jours \u00e9chelle","jours simples","Martine Biessy","Mise en page avec image principale","point de Paris"],"articleSection":["Histoire de la mode"],"inLanguage":"fr-FR","potentialAction":[{"@type":"CommentAction","name":"Comment","target":["https:\/\/www.artesane.com\/le-journal\/arts-du-fil\/jours-brodes-jours-a-fils-tires\/#respond"]}]},{"@type":"WebPage","@id":"https:\/\/www.artesane.com\/le-journal\/arts-du-fil\/jours-brodes-jours-a-fils-tires\/","url":"https:\/\/www.artesane.com\/le-journal\/arts-du-fil\/jours-brodes-jours-a-fils-tires\/","name":"Les jours brod\u00e9s - les jours \u00e0 fils tir\u00e9s - Journal Artesane - Arts du Fil","isPartOf":{"@id":"https:\/\/www.artesane.com\/le-journal\/arts-du-fil\/#website"},"primaryImageOfPage":{"@id":"https:\/\/www.artesane.com\/le-journal\/arts-du-fil\/jours-brodes-jours-a-fils-tires\/#primaryimage"},"image":{"@id":"https:\/\/www.artesane.com\/le-journal\/arts-du-fil\/jours-brodes-jours-a-fils-tires\/#primaryimage"},"thumbnailUrl":"https:\/\/www.artesane.com\/le-journal\/arts-du-fil\/wp-content\/uploads\/2018\/02\/4_preview-2.jpeg","datePublished":"2018-02-18T17:26:01+00:00","dateModified":"2025-01-23T13:29:52+00:00","description":"Les jours brod\u00e9s en broderie, un cours vid\u00e9o de broderie. Petite histoire des jours brod\u00e9s. Apprendre \u00e0 broder des jours brod\u00e9s. Cours vid\u00e9o, cours en ligne.","breadcrumb":{"@id":"https:\/\/www.artesane.com\/le-journal\/arts-du-fil\/jours-brodes-jours-a-fils-tires\/#breadcrumb"},"inLanguage":"fr-FR","potentialAction":[{"@type":"ReadAction","target":["https:\/\/www.artesane.com\/le-journal\/arts-du-fil\/jours-brodes-jours-a-fils-tires\/"]}]},{"@type":"ImageObject","inLanguage":"fr-FR","@id":"https:\/\/www.artesane.com\/le-journal\/arts-du-fil\/jours-brodes-jours-a-fils-tires\/#primaryimage","url":"https:\/\/www.artesane.com\/le-journal\/arts-du-fil\/wp-content\/uploads\/2018\/02\/4_preview-2.jpeg","contentUrl":"https:\/\/www.artesane.com\/le-journal\/arts-du-fil\/wp-content\/uploads\/2018\/02\/4_preview-2.jpeg","width":1348,"height":1348,"caption":"Les jours brod\u00e9s en broderie"},{"@type":"BreadcrumbList","@id":"https:\/\/www.artesane.com\/le-journal\/arts-du-fil\/jours-brodes-jours-a-fils-tires\/#breadcrumb","itemListElement":[{"@type":"ListItem","position":1,"name":"Accueil","item":"https:\/\/www.artesane.com\/le-journal\/arts-du-fil\/"},{"@type":"ListItem","position":2,"name":"Les jours brod\u00e9s &#8211; les jours \u00e0 fils tir\u00e9s"}]},{"@type":"WebSite","@id":"https:\/\/www.artesane.com\/le-journal\/arts-du-fil\/#website","url":"https:\/\/www.artesane.com\/le-journal\/arts-du-fil\/","name":"Journal Artesane - Arts du Fil","description":"La meilleure \u00e9cole de cours vid\u00e9o d&#039;arts et loisir cr\u00e9atifs","publisher":{"@id":"https:\/\/www.artesane.com\/le-journal\/arts-du-fil\/#organization"},"potentialAction":[{"@type":"SearchAction","target":{"@type":"EntryPoint","urlTemplate":"https:\/\/www.artesane.com\/le-journal\/arts-du-fil\/?s={search_term_string}"},"query-input":{"@type":"PropertyValueSpecification","valueRequired":true,"valueName":"search_term_string"}}],"inLanguage":"fr-FR"},{"@type":"Organization","@id":"https:\/\/www.artesane.com\/le-journal\/arts-du-fil\/#organization","name":"Artesane","url":"https:\/\/www.artesane.com\/le-journal\/arts-du-fil\/","logo":{"@type":"ImageObject","inLanguage":"fr-FR","@id":"https:\/\/www.artesane.com\/le-journal\/arts-du-fil\/#\/schema\/logo\/image\/","url":"https:\/\/www.artesane.com\/le-journal\/arts-du-fil\/wp-content\/uploads\/2022\/05\/logo-simple.png","contentUrl":"https:\/\/www.artesane.com\/le-journal\/arts-du-fil\/wp-content\/uploads\/2022\/05\/logo-simple.png","width":1166,"height":201,"caption":"Artesane"},"image":{"@id":"https:\/\/www.artesane.com\/le-journal\/arts-du-fil\/#\/schema\/logo\/image\/"},"sameAs":["https:\/\/www.facebook.com\/artesanefrance","https:\/\/www.instagram.com\/artesane_france\/","https:\/\/fr.linkedin.com\/company\/artesane","https:\/\/www.pinterest.fr\/ArtesaneFrance\/","https:\/\/www.youtube.com\/c\/Artesane_lesvideos","https:\/\/www.twitch.tv\/artesane?lang=fr","https:\/\/open.spotify.com\/show\/2gdmkyp7IoWhWpDRk3G71I"]},{"@type":"Person","@id":"https:\/\/www.artesane.com\/le-journal\/arts-du-fil\/#\/schema\/person\/57070b16b6acf7a2c787f96c593f31ba","name":"artesane","sameAs":["https:\/\/le-journal.artesane.com\/arts-du-fil"]}]}},"_links":{"self":[{"href":"https:\/\/www.artesane.com\/le-journal\/arts-du-fil\/wp-json\/wp\/v2\/posts\/6871","targetHints":{"allow":["GET"]}}],"collection":[{"href":"https:\/\/www.artesane.com\/le-journal\/arts-du-fil\/wp-json\/wp\/v2\/posts"}],"about":[{"href":"https:\/\/www.artesane.com\/le-journal\/arts-du-fil\/wp-json\/wp\/v2\/types\/post"}],"author":[{"embeddable":true,"href":"https:\/\/www.artesane.com\/le-journal\/arts-du-fil\/wp-json\/wp\/v2\/users\/1"}],"replies":[{"embeddable":true,"href":"https:\/\/www.artesane.com\/le-journal\/arts-du-fil\/wp-json\/wp\/v2\/comments?post=6871"}],"version-history":[{"count":2,"href":"https:\/\/www.artesane.com\/le-journal\/arts-du-fil\/wp-json\/wp\/v2\/posts\/6871\/revisions"}],"predecessor-version":[{"id":16544,"href":"https:\/\/www.artesane.com\/le-journal\/arts-du-fil\/wp-json\/wp\/v2\/posts\/6871\/revisions\/16544"}],"wp:featuredmedia":[{"embeddable":true,"href":"https:\/\/www.artesane.com\/le-journal\/arts-du-fil\/wp-json\/wp\/v2\/media\/6920"}],"wp:attachment":[{"href":"https:\/\/www.artesane.com\/le-journal\/arts-du-fil\/wp-json\/wp\/v2\/media?parent=6871"}],"wp:term":[{"taxonomy":"category","embeddable":true,"href":"https:\/\/www.artesane.com\/le-journal\/arts-du-fil\/wp-json\/wp\/v2\/categories?post=6871"},{"taxonomy":"post_tag","embeddable":true,"href":"https:\/\/www.artesane.com\/le-journal\/arts-du-fil\/wp-json\/wp\/v2\/tags?post=6871"}],"curies":[{"name":"wp","href":"https:\/\/api.w.org\/{rel}","templated":true}]}}