{"id":11462,"date":"2021-02-10T18:58:34","date_gmt":"2021-02-10T17:58:34","guid":{"rendered":"https:\/\/le-journal.artesane.com\/?p=11462"},"modified":"2025-09-04T14:53:42","modified_gmt":"2025-09-04T12:53:42","slug":"le-crayon-de-couleur","status":"publish","type":"post","link":"https:\/\/www.artesane.com\/le-journal\/arts-plastiques\/le-crayon-de-couleur\/","title":{"rendered":"Le crayon de couleur"},"content":{"rendered":"<p>[et_pb_section fb_built=\u00a0\u00bb1&Prime; _builder_version=\u00a0\u00bb4.16&Prime; global_colors_info=\u00a0\u00bb{}\u00a0\u00bb theme_builder_area=\u00a0\u00bbpost_content\u00a0\u00bb][et_pb_row _builder_version=\u00a0\u00bb4.16&Prime; background_size=\u00a0\u00bbinitial\u00a0\u00bb background_position=\u00a0\u00bbtop_left\u00a0\u00bb background_repeat=\u00a0\u00bbrepeat\u00a0\u00bb global_colors_info=\u00a0\u00bb{}\u00a0\u00bb theme_builder_area=\u00a0\u00bbpost_content\u00a0\u00bb][et_pb_column type=\u00a0\u00bb4_4&Prime; _builder_version=\u00a0\u00bb4.16&Prime; custom_padding=\u00a0\u00bb|||\u00a0\u00bb global_colors_info=\u00a0\u00bb{}\u00a0\u00bb custom_padding__hover=\u00a0\u00bb|||\u00a0\u00bb theme_builder_area=\u00a0\u00bbpost_content\u00a0\u00bb][et_pb_text _builder_version=\u00a0\u00bb4.16&Prime; background_size=\u00a0\u00bbinitial\u00a0\u00bb background_position=\u00a0\u00bbtop_left\u00a0\u00bb background_repeat=\u00a0\u00bbrepeat\u00a0\u00bb global_colors_info=\u00a0\u00bb{}\u00a0\u00bb theme_builder_area=\u00a0\u00bbpost_content\u00a0\u00bb]<\/p>\n<p style=\"text-align: justify;\">Le crayon de couleur est un outil pratique, facile \u00e0 utiliser et qui permet d&rsquo;obtenir rapidement des couleurs tr\u00e8s satisfaisantes. Il existe plusieurs mani\u00e8res de s&rsquo;en servir ; du simple coloriage \u00e0 des projets de dessin r\u00e9aliste, le crayon de couleur est l&rsquo;alli\u00e9 des artistes d\u00e9butants comme confirm\u00e9s. Mais lorsqu&rsquo;on se lance, le choix de ses crayons de couleur peut \u00eatre difficile \u00e0 faire. Entre les marques et les teintes diverses qui existent dans le commerce, facile de se perdre au milieu de toutes ces informations. Pas de panique ! Nous allons vous aider \u00e0 vous lancer avec les crayons de couleur.<\/p>\n<p style=\"text-align: justify;\"><img loading=\"lazy\" decoding=\"async\" class=\"aligncenter wp-image-11465 size-full\" src=\"https:\/\/le-journal.artesane.com\/wp-content\/uploads\/2021\/02\/couleur-2.png\" alt=\"\" width=\"900\" height=\"600\" srcset=\"https:\/\/www.artesane.com\/le-journal\/arts-plastiques\/wp-content\/uploads\/2021\/02\/couleur-2.png 900w, https:\/\/www.artesane.com\/le-journal\/arts-plastiques\/wp-content\/uploads\/2021\/02\/couleur-2-300x200.png 300w, https:\/\/www.artesane.com\/le-journal\/arts-plastiques\/wp-content\/uploads\/2021\/02\/couleur-2-768x512.png 768w\" sizes=\"auto, (max-width: 900px) 100vw, 900px\" \/><\/p>\n<div id=\"ez-toc-container\" class=\"ez-toc-v2_0_80 counter-hierarchy ez-toc-counter ez-toc-grey ez-toc-container-direction\">\n<div class=\"ez-toc-title-container\">\n<p class=\"ez-toc-title\" style=\"cursor:inherit\">Table of Contents<\/p>\n<span class=\"ez-toc-title-toggle\"><a href=\"#\" class=\"ez-toc-pull-right ez-toc-btn ez-toc-btn-xs ez-toc-btn-default ez-toc-toggle\" aria-label=\"Toggle Table of Content\"><span class=\"ez-toc-js-icon-con\"><span class=\"\"><span class=\"eztoc-hide\" style=\"display:none;\">Toggle<\/span><span class=\"ez-toc-icon-toggle-span\"><svg style=\"fill: #999;color:#999\" xmlns=\"http:\/\/www.w3.org\/2000\/svg\" class=\"list-377408\" width=\"20px\" height=\"20px\" viewBox=\"0 0 24 24\" fill=\"none\"><path d=\"M6 6H4v2h2V6zm14 0H8v2h12V6zM4 11h2v2H4v-2zm16 0H8v2h12v-2zM4 16h2v2H4v-2zm16 0H8v2h12v-2z\" fill=\"currentColor\"><\/path><\/svg><svg style=\"fill: #999;color:#999\" class=\"arrow-unsorted-368013\" xmlns=\"http:\/\/www.w3.org\/2000\/svg\" width=\"10px\" height=\"10px\" viewBox=\"0 0 24 24\" version=\"1.2\" baseProfile=\"tiny\"><path d=\"M18.2 9.3l-6.2-6.3-6.2 6.3c-.2.2-.3.4-.3.7s.1.5.3.7c.2.2.4.3.7.3h11c.3 0 .5-.1.7-.3.2-.2.3-.5.3-.7s-.1-.5-.3-.7zM5.8 14.7l6.2 6.3 6.2-6.3c.2-.2.3-.5.3-.7s-.1-.5-.3-.7c-.2-.2-.4-.3-.7-.3h-11c-.3 0-.5.1-.7.3-.2.2-.3.5-.3.7s.1.5.3.7z\"\/><\/svg><\/span><\/span><\/span><\/a><\/span><\/div>\n<nav><ul class='ez-toc-list ez-toc-list-level-1 ' ><li class='ez-toc-page-1 ez-toc-heading-level-3'><a class=\"ez-toc-link ez-toc-heading-1\" href=\"https:\/\/www.artesane.com\/le-journal\/arts-plastiques\/le-crayon-de-couleur\/#LA_FABRICATION_DUN_CRAYON_DE_COULEUR\" >LA FABRICATION D&rsquo;UN CRAYON DE COULEUR<\/a><\/li><li class='ez-toc-page-1 ez-toc-heading-level-3'><a class=\"ez-toc-link ez-toc-heading-2\" href=\"https:\/\/www.artesane.com\/le-journal\/arts-plastiques\/le-crayon-de-couleur\/#QUEL_CRAYON_DE_COULEUR_POUR_QUELLE_UTILISATION\" >QUEL CRAYON DE COULEUR POUR QUELLE UTILISATION ?<\/a><\/li><li class='ez-toc-page-1 ez-toc-heading-level-3'><a class=\"ez-toc-link ez-toc-heading-3\" href=\"https:\/\/www.artesane.com\/le-journal\/arts-plastiques\/le-crayon-de-couleur\/#NOTRE_SELECTION\" >NOTRE SELECTION<\/a><\/li><\/ul><\/nav><\/div>\n<h3 style=\"text-align: justify;\"><span class=\"ez-toc-section\" id=\"LA_FABRICATION_DUN_CRAYON_DE_COULEUR\"><\/span>LA FABRICATION D&rsquo;UN CRAYON DE COULEUR<span class=\"ez-toc-section-end\"><\/span><\/h3>\n<p style=\"text-align: justify;\">A premi\u00e8re vue, on peut penser que le crayon de couleur ressemble en tous points au crayon \u00e0 papier, or sa fabrication demande bien plus d&rsquo;ingr\u00e9dients et de technique. On commence par cr\u00e9er la mine du crayon de couleur en m\u00e9langeant du liant, des min\u00e9raux et des pigments color\u00e9s afin de former une p\u00e2te. Celle-ci sera r\u00e9duite en petits morceaux puis fa\u00e7onn\u00e9e en cylindre de la taille du crayon. Les mines vont ensuite \u00eatre plong\u00e9es dans des cuves de cire pour permettre au pigment d&rsquo;adh\u00e9rer sur le papier et d&rsquo;y d\u00e9poser sa couleur. Apr\u00e8s ces \u00e9tapes, la mine est pr\u00eate \u00e0 \u00eatre coll\u00e9e sur le bois rainur\u00e9 puis le crayon sera verni et estampill\u00e9 avant d&rsquo;\u00eatre conditionn\u00e9 en bo\u00eetes. La qualit\u00e9 d&rsquo;un crayon de couleur sera d\u00e9termin\u00e9e par la quantit\u00e9 de pigments qu&rsquo;il contient car ce sont eux qui vont vous permettre de r\u00e9aliser des aplats et des trac\u00e9s homog\u00e8nes et uniformes.<\/p>\n<p style=\"text-align: justify;\">\n<h3 style=\"text-align: justify;\"><span class=\"ez-toc-section\" id=\"QUEL_CRAYON_DE_COULEUR_POUR_QUELLE_UTILISATION\"><\/span>QUEL CRAYON DE COULEUR POUR QUELLE UTILISATION ?<span class=\"ez-toc-section-end\"><\/span><\/h3>\n<p style=\"text-align: justify;\">En fonction de la proportion des composants pr\u00e9sents dans la mine, on compte 3 sortes de crayons de couleur diff\u00e9rents : les crayons \u00e0 mine tendre, les crayons \u00e0 mine dure et les crayons aquarellables. Ces trois types de mines peuvent avoir des utilisations diverses :<br \/><strong>\u00d7 Les crayons \u00e0 mine dure :<\/strong> Ces crayons sont le plus souvent utilis\u00e9s pour r\u00e9aliser des hachures fines ou des trac\u00e9s, leur mine peut se tailler tr\u00e8s pr\u00e9cis\u00e9ment afin d&rsquo;obtenir des trac\u00e9s le plus fin possible. Ces crayons sont tr\u00e8s peu couvrants, mais ils peuvent \u00eatre tr\u00e8s adapt\u00e9s si vous souhaitez r\u00e9aliser des crayonn\u00e9s pr\u00e9paratoires avant de peindre ou si vous voulez travailler un dessin tr\u00e8s d\u00e9taill\u00e9 et\/ou tr\u00e8s pr\u00e9cis.<br \/><strong>\u00d7 Les crayons \u00e0 mine tendre :<\/strong> Les crayons \u00e0 mine tendre sont parfaits pour obtenir des aplats homog\u00e8nes. Ils sont tr\u00e8s couvrants et leurs mines d\u00e9posent souvent plus de pigments que des mines dures et il est donc plus ais\u00e9 d&rsquo;obtenir des couleurs soutenues. Utilisez plut\u00f4t ce type de crayons de couleur pour un travail de surface, et n\u2019h\u00e9sitez pas \u00e0 superposer deux couleurs pour cr\u00e9er de nouvelles teintes et enrichir votre dessin.<br \/><strong>\u00d7 Les crayons \u00e0 mine aquarellable :<\/strong> Ces crayons sont assez particuliers car leurs pigments, en y ajoutant de l&rsquo;eau, se dissolvent et on obtient un rendu proche de celui de l&rsquo;aquarelle. On peut m\u00eame dessiner avec apr\u00e8s avoir imbib\u00e9 son papier d&rsquo;eau pour obtenir des trac\u00e9s \u00e9pais mais tr\u00e8s color\u00e9s.<\/p>\n<p style=\"text-align: justify;\"><img loading=\"lazy\" decoding=\"async\" class=\"aligncenter wp-image-11463 size-full\" src=\"https:\/\/le-journal.artesane.com\/wp-content\/uploads\/2021\/02\/couleur-4.png\" alt=\"\" width=\"900\" height=\"600\" srcset=\"https:\/\/www.artesane.com\/le-journal\/arts-plastiques\/wp-content\/uploads\/2021\/02\/couleur-4.png 900w, https:\/\/www.artesane.com\/le-journal\/arts-plastiques\/wp-content\/uploads\/2021\/02\/couleur-4-300x200.png 300w, https:\/\/www.artesane.com\/le-journal\/arts-plastiques\/wp-content\/uploads\/2021\/02\/couleur-4-768x512.png 768w\" sizes=\"auto, (max-width: 900px) 100vw, 900px\" \/><\/p>\n<p style=\"text-align: justify;\"><strong>COMMENT M&rsquo;EQUIPER SI JE DEBUTE ?<\/strong><\/p>\n<p style=\"text-align: justify;\">Tout comme le crayon \u00e0 papier, le crayon de couleur ne demande pas de papier tr\u00e8s sp\u00e9cifique pour travailler, un papier avec un grammage compris entre 100 et 150g\/m\u00b2 fera parfaitement l&rsquo;affaire. En revanche si vous voulez vous essayer aux crayons aquarellables, pr\u00e9f\u00e9rez un papier aquarelle au gramme plus \u00e9pais (environ 300g\/m\u00b2 )pour \u00e9viter que votre papier ne gondole lorsque vous lui appliquerez de l&rsquo;eau.<br \/>En ce qui concerne les crayons de couleur, rien ne sert d&rsquo;avoir les yeux plus gros que le ventre, \u00e9vitez les bo\u00eetes conditionn\u00e9es en tr\u00e8s grandes quantit\u00e9s qui sont souvent compos\u00e9es de beaucoup de couleurs tr\u00e8s primaires que vous n&rsquo;utiliserez probablement pas. Cherchez plut\u00f4t \u00e0 vous constituer une petite gamme d&rsquo;une dizaine de couleurs pour commencer et choisissez des teintes que vous aimez et qui vous donneront envie de travailler. Cela vous permettra de tester plusieurs marques pour voir laquelle vous affectionnez le plus en achetant seulement un ou deux crayons \u00e0 la fois.<br \/>Pour constituer votre premi\u00e8re gamme de crayons de couleurs, nous vous conseillons de vous munir de 2 bleus, 2 jaunes, 2 rouges, 2 verts, 1 gris color\u00e9, 1 ocre, 1 noir au besoin soit 11 couleurs diff\u00e9rentes. Prenez des teintes qui vous inspirent dans la gamme de crayons de couleur que vous pr\u00e9f\u00e9rez, qu\u2019ils soient \u00e0 mine dure, tendre ou aquarellable.<\/p>\n<h3 style=\"text-align: justify;\"><span class=\"ez-toc-section\" id=\"NOTRE_SELECTION\"><\/span>NOTRE SELECTION<span class=\"ez-toc-section-end\"><\/span><\/h3>\n<p style=\"text-align: justify;\">\u00d7 La gamme <a href=\"https:\/\/www.faber-castell.fr\/produits\/CrayondecouleurPolychromosrougeg\u00e9raniumclair\/110121\">Polychromos<\/a> de chez Faber-Castell<br \/>\u00d7 Les <a href=\"https:\/\/www.faber-castell.fr\/produits\/CrayonaquarellableAlbrechtD\u00fcrerMagnusrougeg\u00e9raniumcla\/116921\">crayons aquarellables Albrech D\u00fcrer Magnus<\/a> de chez Faber-Castell<br \/>\u00d7 Les <a href=\"https:\/\/www.carandache.com\/fr\/fr\/supracolor-soft-aquarelle-s-1103.htm\">crayons Luminance<\/a> de chez Caran d&rsquo;Ache (pour les plus gros budgets &#8211; trouvables \u00e0 l&rsquo;unit\u00e9 en magasin de fournitures beaux-arts)<\/p>\n<p>[\/et_pb_text][\/et_pb_column][\/et_pb_row][\/et_pb_section]<\/p>\n","protected":false},"excerpt":{"rendered":"<p>Le crayon de couleur est un outil pratique, facile \u00e0 utiliser et qui permet d&rsquo;obtenir rapidement des couleurs tr\u00e8s satisfaisantes. Il existe plusieurs mani\u00e8res de s&rsquo;en servir ; du simple coloriage \u00e0 des projets de dessin r\u00e9aliste, le crayon de couleur est l&rsquo;alli\u00e9 des artistes d\u00e9butants comme confirm\u00e9s. Mais lorsqu&rsquo;on se lance, le choix de [&hellip;]<\/p>\n","protected":false},"author":11,"featured_media":11468,"comment_status":"open","ping_status":"open","sticky":false,"template":"","format":"standard","meta":{"_et_pb_use_builder":"on","_et_pb_old_content":"<p style=\"text-align: justify;\">Le crayon de couleur est un outil pratique, facile \u00e0 utiliser et qui permet d'obtenir rapidement des couleurs tr\u00e8s satisfaisantes. Il existe plusieurs mani\u00e8res de s'en servir ; du simple coloriage \u00e0 des projets de dessin r\u00e9aliste, le crayon de couleur est l'alli\u00e9 des artistes d\u00e9butants comme confirm\u00e9s. Mais lorsqu'on se lance, le choix de ses crayons de couleur peut \u00eatre difficile \u00e0 faire. Entre les marques et les teintes diverses qui existent dans le commerce, facile de se perdre au milieu de toutes ces informations. Pas de panique ! Nous allons vous aider \u00e0 vous lancer avec les crayons de couleur.<\/p>\n<p style=\"text-align: justify;\"><img class=\"aligncenter wp-image-11465 size-full\" src=\"https:\/\/le-journal.artesane.com\/wp-content\/uploads\/2021\/02\/couleur-2.png\" alt=\"\" width=\"900\" height=\"600\" \/><\/p>\n\n<h3 style=\"text-align: justify;\">LA FABRICATION D'UN CRAYON DE COULEUR<\/h3>\n<p style=\"text-align: justify;\">A premi\u00e8re vue, on peut penser que le crayon de couleur ressemble en tous points au crayon \u00e0 papier, or sa fabrication demande bien plus d'ingr\u00e9dients et de technique. On commence par cr\u00e9er la mine du crayon de couleur en m\u00e9langeant du liant, des min\u00e9raux et des pigments color\u00e9s afin de former une p\u00e2te. Celle-ci sera r\u00e9duite en petits morceaux puis fa\u00e7onn\u00e9e en cylindre de la taille du crayon. Les mines vont ensuite \u00eatre plong\u00e9es dans des cuves de cire pour permettre au pigment d'adh\u00e9rer sur le papier et d'y d\u00e9poser sa couleur. Apr\u00e8s ces \u00e9tapes, la mine est pr\u00eate \u00e0 \u00eatre coll\u00e9e sur le bois rainur\u00e9 puis le crayon sera verni et estampill\u00e9 avant d'\u00eatre conditionn\u00e9 en bo\u00eetes. La qualit\u00e9 d'un crayon de couleur sera d\u00e9termin\u00e9e par la quantit\u00e9 de pigments qu'il contient car ce sont eux qui vont vous permettre de r\u00e9aliser des aplats et des trac\u00e9s homog\u00e8nes et uniformes.<\/p>\n<p style=\"text-align: justify;\"><img class=\"aligncenter wp-image-11464 size-full\" src=\"https:\/\/le-journal.artesane.com\/wp-content\/uploads\/2021\/02\/sch\u00e9ma.png\" alt=\"\" width=\"900\" height=\"300\" \/><\/p>\n\n<h3 style=\"text-align: justify;\">QUEL CRAYON DE COULEUR POUR QUELLE UTILISATION ?<\/h3>\n<p style=\"text-align: justify;\">En fonction de la proportion des composants pr\u00e9sents dans la mine, on compte 3 sortes de crayons de couleur diff\u00e9rents : les crayons \u00e0 mine tendre, les crayons \u00e0 mine dure et les crayons aquarellables. Ces trois types de mines peuvent avoir des utilisations diverses :\n<strong>\u00d7 Les crayons \u00e0 mine dure :<\/strong> Ces crayons sont le plus souvent utilis\u00e9s pour r\u00e9aliser des hachures fines ou des trac\u00e9s, leur mine peut se tailler tr\u00e8s pr\u00e9cis\u00e9ment afin d'obtenir des trac\u00e9s le plus fin possible. Ces crayons sont tr\u00e8s peu couvrants, mais ils peuvent \u00eatre tr\u00e8s adapt\u00e9s si vous souhaitez r\u00e9aliser des crayonn\u00e9s pr\u00e9paratoires avant de peindre ou si vous voulez travailler un dessin tr\u00e8s d\u00e9taill\u00e9 et\/ou tr\u00e8s pr\u00e9cis.\n<strong>\u00d7 Les crayons \u00e0 mine tendre :<\/strong> Les crayons \u00e0 mine tendre sont parfaits pour obtenir des aplats homog\u00e8nes. Ils sont tr\u00e8s couvrants et leurs mines d\u00e9posent souvent plus de pigments que des mines dures et il est donc plus ais\u00e9 d'obtenir des couleurs soutenues. Utilisez plut\u00f4t ce type de crayons de couleur pour un travail de surface, et n\u2019h\u00e9sitez pas \u00e0 superposer deux couleurs pour cr\u00e9er de nouvelles teintes et enrichir votre dessin.\n<strong>\u00d7 Les crayons \u00e0 mine aquarellable :<\/strong> Ces crayons sont assez particuliers car leurs pigments, en y ajoutant de l'eau, se dissolvent et on obtient un rendu proche de celui de l'aquarelle. On peut m\u00eame dessiner avec apr\u00e8s avoir imbib\u00e9 son papier d'eau pour obtenir des trac\u00e9s \u00e9pais mais tr\u00e8s color\u00e9s.<\/p>\n<p style=\"text-align: justify;\"><img class=\"aligncenter wp-image-11463 size-full\" src=\"https:\/\/le-journal.artesane.com\/wp-content\/uploads\/2021\/02\/couleur-4.png\" alt=\"\" width=\"900\" height=\"600\" \/><\/p>\n<p style=\"text-align: justify;\"><strong>COMMENT M'EQUIPER SI JE DEBUTE ?<\/strong><\/p>\n<p style=\"text-align: justify;\">Tout comme le crayon \u00e0 papier, le crayon de couleur ne demande pas de papier tr\u00e8s sp\u00e9cifique pour travailler, un papier avec un grammage compris entre 100 et 150g\/m\u00b2 fera parfaitement l'affaire. En revanche si vous voulez vous essayer aux crayons aquarellables, pr\u00e9f\u00e9rez un papier aquarelle au gramme plus \u00e9pais (environ 300g\/m\u00b2 )pour \u00e9viter que votre papier ne gondole lorsque vous lui appliquerez de l'eau.\nEn ce qui concerne les crayons de couleur, rien ne sert d'avoir les yeux plus gros que le ventre, \u00e9vitez les bo\u00eetes conditionn\u00e9es en tr\u00e8s grandes quantit\u00e9s qui sont souvent compos\u00e9es de beaucoup de couleurs tr\u00e8s primaires que vous n'utiliserez probablement pas. Cherchez plut\u00f4t \u00e0 vous constituer une petite gamme d'une dizaine de couleurs pour commencer et choisissez des teintes que vous aimez et qui vous donneront envie de travailler. Cela vous permettra de tester plusieurs marques pour voir laquelle vous affectionnez le plus en achetant seulement un ou deux crayons \u00e0 la fois.\nPour constituer votre premi\u00e8re gamme de crayons de couleurs, nous vous conseillons de vous munir de 2 bleus, 2 jaunes, 2 rouges, 2 verts, 1 gris color\u00e9, 1 ocre, 1 noir au besoin soit 11 couleurs diff\u00e9rentes. Prenez des teintes qui vous inspirent dans la gamme de crayons de couleur que vous pr\u00e9f\u00e9rez, qu\u2019ils soient \u00e0 mine dure, tendre ou aquarellable.<\/p>\n\n<h3 style=\"text-align: justify;\">NOTRE SELECTION<\/h3>\n<p style=\"text-align: justify;\">\u00d7 La gamme <a href=\"https:\/\/www.faber-castell.fr\/produits\/CrayondecouleurPolychromosrougeg\u00e9raniumclair\/110121\">Polychromos<\/a> de chez Faber-Castell\n\u00d7 Les <a href=\"https:\/\/www.faber-castell.fr\/produits\/CrayonaquarellableAlbrechtD\u00fcrerMagnusrougeg\u00e9raniumcla\/116921\">crayons aquarellables Albrech D\u00fcrer Magnus<\/a> de chez Faber-Castell\n\u00d7 Les <a href=\"https:\/\/www.carandache.com\/fr\/fr\/supracolor-soft-aquarelle-s-1103.htm\">crayons Luminance<\/a> de chez Caran d'Ache (pour les plus gros budgets - trouvables \u00e0 l'unit\u00e9 en magasin de fournitures beaux-arts)<\/p>","_et_gb_content_width":"","_exactmetrics_skip_tracking":false,"_exactmetrics_sitenote_active":false,"_exactmetrics_sitenote_note":"","_exactmetrics_sitenote_category":0,"footnotes":""},"categories":[914],"tags":[675,395,677],"class_list":["post-11462","post","type-post","status-publish","format-standard","has-post-thumbnail","hentry","category-dessin-et-peinture","tag-crayon-de-couleur","tag-dessin","tag-faber-castell"],"yoast_head":"<!-- This site is optimized with the Yoast SEO plugin v27.4 - https:\/\/yoast.com\/product\/yoast-seo-wordpress\/ -->\n<title>Le crayon de couleur - Journal Artesane - Arts Plastiques<\/title>\n<meta name=\"description\" content=\"Le crayon de couleur est un outil pratique, facile \u00e0 utiliser et qui permet d&#039;obtenir rapidement des couleurs tr\u00e8s satisfaisantes. Nous vous aidons \u00e0 vous lancer avec les crayons de couleur.\" \/>\n<meta name=\"robots\" content=\"index, follow, max-snippet:-1, max-image-preview:large, max-video-preview:-1\" \/>\n<link rel=\"canonical\" href=\"https:\/\/www.artesane.com\/le-journal\/arts-plastiques\/le-crayon-de-couleur\/\" \/>\n<meta property=\"og:locale\" content=\"fr_FR\" \/>\n<meta property=\"og:type\" content=\"article\" \/>\n<meta property=\"og:title\" content=\"Le crayon de couleur - Journal Artesane - Arts Plastiques\" \/>\n<meta property=\"og:description\" content=\"Le crayon de couleur est un outil pratique, facile \u00e0 utiliser et qui permet d&#039;obtenir rapidement des couleurs tr\u00e8s satisfaisantes. Nous vous aidons \u00e0 vous lancer avec les crayons de couleur.\" \/>\n<meta property=\"og:url\" content=\"https:\/\/www.artesane.com\/le-journal\/arts-plastiques\/le-crayon-de-couleur\/\" \/>\n<meta property=\"og:site_name\" content=\"Journal Artesane - Arts Plastiques\" \/>\n<meta property=\"article:publisher\" content=\"https:\/\/www.facebook.com\/artesanefrance\" \/>\n<meta property=\"article:published_time\" content=\"2021-02-10T17:58:34+00:00\" \/>\n<meta property=\"article:modified_time\" content=\"2025-09-04T12:53:42+00:00\" \/>\n<meta property=\"og:image\" content=\"https:\/\/www.artesane.com\/le-journal\/arts-plastiques\/wp-content\/uploads\/2021\/02\/couv-1.png\" \/>\n\t<meta property=\"og:image:width\" content=\"900\" \/>\n\t<meta property=\"og:image:height\" content=\"600\" \/>\n\t<meta property=\"og:image:type\" content=\"image\/png\" \/>\n<meta name=\"author\" content=\"camille.d\" \/>\n<meta name=\"twitter:card\" content=\"summary_large_image\" \/>\n<meta name=\"twitter:label1\" content=\"\u00c9crit par\" \/>\n\t<meta name=\"twitter:data1\" content=\"camille.d\" \/>\n\t<meta name=\"twitter:label2\" content=\"Dur\u00e9e de lecture estim\u00e9e\" \/>\n\t<meta name=\"twitter:data2\" content=\"1 minute\" \/>\n<script type=\"application\/ld+json\" class=\"yoast-schema-graph\">{\"@context\":\"https:\\\/\\\/schema.org\",\"@graph\":[{\"@type\":\"Article\",\"@id\":\"https:\\\/\\\/www.artesane.com\\\/le-journal\\\/arts-plastiques\\\/le-crayon-de-couleur\\\/#article\",\"isPartOf\":{\"@id\":\"https:\\\/\\\/www.artesane.com\\\/le-journal\\\/arts-plastiques\\\/le-crayon-de-couleur\\\/\"},\"author\":{\"name\":\"camille.d\",\"@id\":\"https:\\\/\\\/www.artesane.com\\\/le-journal\\\/arts-plastiques\\\/#\\\/schema\\\/person\\\/71f2b2fe92b5a70a7340cbf22d0d5429\"},\"headline\":\"Le crayon de couleur\",\"datePublished\":\"2021-02-10T17:58:34+00:00\",\"dateModified\":\"2025-09-04T12:53:42+00:00\",\"mainEntityOfPage\":{\"@id\":\"https:\\\/\\\/www.artesane.com\\\/le-journal\\\/arts-plastiques\\\/le-crayon-de-couleur\\\/\"},\"wordCount\":932,\"commentCount\":0,\"publisher\":{\"@id\":\"https:\\\/\\\/www.artesane.com\\\/le-journal\\\/arts-plastiques\\\/#organization\"},\"image\":{\"@id\":\"https:\\\/\\\/www.artesane.com\\\/le-journal\\\/arts-plastiques\\\/le-crayon-de-couleur\\\/#primaryimage\"},\"thumbnailUrl\":\"https:\\\/\\\/www.artesane.com\\\/le-journal\\\/arts-plastiques\\\/wp-content\\\/uploads\\\/2021\\\/02\\\/couv-1.png\",\"keywords\":[\"crayon de couleur\",\"dessin\",\"faber-castell\"],\"articleSection\":[\"Dessin et peinture\"],\"inLanguage\":\"fr-FR\",\"potentialAction\":[{\"@type\":\"CommentAction\",\"name\":\"Comment\",\"target\":[\"https:\\\/\\\/www.artesane.com\\\/le-journal\\\/arts-plastiques\\\/le-crayon-de-couleur\\\/#respond\"]}]},{\"@type\":\"WebPage\",\"@id\":\"https:\\\/\\\/www.artesane.com\\\/le-journal\\\/arts-plastiques\\\/le-crayon-de-couleur\\\/\",\"url\":\"https:\\\/\\\/www.artesane.com\\\/le-journal\\\/arts-plastiques\\\/le-crayon-de-couleur\\\/\",\"name\":\"Le crayon de couleur - Journal Artesane - Arts Plastiques\",\"isPartOf\":{\"@id\":\"https:\\\/\\\/www.artesane.com\\\/le-journal\\\/arts-plastiques\\\/#website\"},\"primaryImageOfPage\":{\"@id\":\"https:\\\/\\\/www.artesane.com\\\/le-journal\\\/arts-plastiques\\\/le-crayon-de-couleur\\\/#primaryimage\"},\"image\":{\"@id\":\"https:\\\/\\\/www.artesane.com\\\/le-journal\\\/arts-plastiques\\\/le-crayon-de-couleur\\\/#primaryimage\"},\"thumbnailUrl\":\"https:\\\/\\\/www.artesane.com\\\/le-journal\\\/arts-plastiques\\\/wp-content\\\/uploads\\\/2021\\\/02\\\/couv-1.png\",\"datePublished\":\"2021-02-10T17:58:34+00:00\",\"dateModified\":\"2025-09-04T12:53:42+00:00\",\"description\":\"Le crayon de couleur est un outil pratique, facile \u00e0 utiliser et qui permet d'obtenir rapidement des couleurs tr\u00e8s satisfaisantes. Nous vous aidons \u00e0 vous lancer avec les crayons de couleur.\",\"breadcrumb\":{\"@id\":\"https:\\\/\\\/www.artesane.com\\\/le-journal\\\/arts-plastiques\\\/le-crayon-de-couleur\\\/#breadcrumb\"},\"inLanguage\":\"fr-FR\",\"potentialAction\":[{\"@type\":\"ReadAction\",\"target\":[\"https:\\\/\\\/www.artesane.com\\\/le-journal\\\/arts-plastiques\\\/le-crayon-de-couleur\\\/\"]}]},{\"@type\":\"ImageObject\",\"inLanguage\":\"fr-FR\",\"@id\":\"https:\\\/\\\/www.artesane.com\\\/le-journal\\\/arts-plastiques\\\/le-crayon-de-couleur\\\/#primaryimage\",\"url\":\"https:\\\/\\\/www.artesane.com\\\/le-journal\\\/arts-plastiques\\\/wp-content\\\/uploads\\\/2021\\\/02\\\/couv-1.png\",\"contentUrl\":\"https:\\\/\\\/www.artesane.com\\\/le-journal\\\/arts-plastiques\\\/wp-content\\\/uploads\\\/2021\\\/02\\\/couv-1.png\",\"width\":900,\"height\":600},{\"@type\":\"BreadcrumbList\",\"@id\":\"https:\\\/\\\/www.artesane.com\\\/le-journal\\\/arts-plastiques\\\/le-crayon-de-couleur\\\/#breadcrumb\",\"itemListElement\":[{\"@type\":\"ListItem\",\"position\":1,\"name\":\"Accueil\",\"item\":\"https:\\\/\\\/www.artesane.com\\\/le-journal\\\/arts-plastiques\\\/\"},{\"@type\":\"ListItem\",\"position\":2,\"name\":\"Le crayon de couleur\"}]},{\"@type\":\"WebSite\",\"@id\":\"https:\\\/\\\/www.artesane.com\\\/le-journal\\\/arts-plastiques\\\/#website\",\"url\":\"https:\\\/\\\/www.artesane.com\\\/le-journal\\\/arts-plastiques\\\/\",\"name\":\"Journal Artesane - Arts Plastiques\",\"description\":\"\",\"publisher\":{\"@id\":\"https:\\\/\\\/www.artesane.com\\\/le-journal\\\/arts-plastiques\\\/#organization\"},\"potentialAction\":[{\"@type\":\"SearchAction\",\"target\":{\"@type\":\"EntryPoint\",\"urlTemplate\":\"https:\\\/\\\/www.artesane.com\\\/le-journal\\\/arts-plastiques\\\/?s={search_term_string}\"},\"query-input\":{\"@type\":\"PropertyValueSpecification\",\"valueRequired\":true,\"valueName\":\"search_term_string\"}}],\"inLanguage\":\"fr-FR\"},{\"@type\":\"Organization\",\"@id\":\"https:\\\/\\\/www.artesane.com\\\/le-journal\\\/arts-plastiques\\\/#organization\",\"name\":\"Artesane\",\"url\":\"https:\\\/\\\/www.artesane.com\\\/le-journal\\\/arts-plastiques\\\/\",\"logo\":{\"@type\":\"ImageObject\",\"inLanguage\":\"fr-FR\",\"@id\":\"https:\\\/\\\/www.artesane.com\\\/le-journal\\\/arts-plastiques\\\/#\\\/schema\\\/logo\\\/image\\\/\",\"url\":\"https:\\\/\\\/www.artesane.com\\\/le-journal\\\/arts-plastiques\\\/wp-content\\\/uploads\\\/2022\\\/05\\\/logo-simple.png\",\"contentUrl\":\"https:\\\/\\\/www.artesane.com\\\/le-journal\\\/arts-plastiques\\\/wp-content\\\/uploads\\\/2022\\\/05\\\/logo-simple.png\",\"width\":1166,\"height\":201,\"caption\":\"Artesane\"},\"image\":{\"@id\":\"https:\\\/\\\/www.artesane.com\\\/le-journal\\\/arts-plastiques\\\/#\\\/schema\\\/logo\\\/image\\\/\"},\"sameAs\":[\"https:\\\/\\\/www.facebook.com\\\/artesanefrance\",\"https:\\\/\\\/www.instagram.com\\\/artesane_france\\\/\",\"https:\\\/\\\/fr.linkedin.com\\\/company\\\/artesane\",\"https:\\\/\\\/www.pinterest.fr\\\/ArtesaneFrance\\\/\",\"https:\\\/\\\/www.youtube.com\\\/c\\\/Artesane_lesvideos\",\"https:\\\/\\\/www.twitch.tv\\\/artesane?lang=fr\",\"https:\\\/\\\/open.spotify.com\\\/show\\\/2gdmkyp7IoWhWpDRk3G71I\"]},{\"@type\":\"Person\",\"@id\":\"https:\\\/\\\/www.artesane.com\\\/le-journal\\\/arts-plastiques\\\/#\\\/schema\\\/person\\\/71f2b2fe92b5a70a7340cbf22d0d5429\",\"name\":\"camille.d\"}]}<\/script>\n<!-- \/ Yoast SEO plugin. -->","yoast_head_json":{"title":"Le crayon de couleur - Journal Artesane - Arts Plastiques","description":"Le crayon de couleur est un outil pratique, facile \u00e0 utiliser et qui permet d'obtenir rapidement des couleurs tr\u00e8s satisfaisantes. Nous vous aidons \u00e0 vous lancer avec les crayons de couleur.","robots":{"index":"index","follow":"follow","max-snippet":"max-snippet:-1","max-image-preview":"max-image-preview:large","max-video-preview":"max-video-preview:-1"},"canonical":"https:\/\/www.artesane.com\/le-journal\/arts-plastiques\/le-crayon-de-couleur\/","og_locale":"fr_FR","og_type":"article","og_title":"Le crayon de couleur - Journal Artesane - Arts Plastiques","og_description":"Le crayon de couleur est un outil pratique, facile \u00e0 utiliser et qui permet d'obtenir rapidement des couleurs tr\u00e8s satisfaisantes. Nous vous aidons \u00e0 vous lancer avec les crayons de couleur.","og_url":"https:\/\/www.artesane.com\/le-journal\/arts-plastiques\/le-crayon-de-couleur\/","og_site_name":"Journal Artesane - Arts Plastiques","article_publisher":"https:\/\/www.facebook.com\/artesanefrance","article_published_time":"2021-02-10T17:58:34+00:00","article_modified_time":"2025-09-04T12:53:42+00:00","og_image":[{"width":900,"height":600,"url":"https:\/\/www.artesane.com\/le-journal\/arts-plastiques\/wp-content\/uploads\/2021\/02\/couv-1.png","type":"image\/png"}],"author":"camille.d","twitter_card":"summary_large_image","twitter_misc":{"\u00c9crit par":"camille.d","Dur\u00e9e de lecture estim\u00e9e":"1 minute"},"schema":{"@context":"https:\/\/schema.org","@graph":[{"@type":"Article","@id":"https:\/\/www.artesane.com\/le-journal\/arts-plastiques\/le-crayon-de-couleur\/#article","isPartOf":{"@id":"https:\/\/www.artesane.com\/le-journal\/arts-plastiques\/le-crayon-de-couleur\/"},"author":{"name":"camille.d","@id":"https:\/\/www.artesane.com\/le-journal\/arts-plastiques\/#\/schema\/person\/71f2b2fe92b5a70a7340cbf22d0d5429"},"headline":"Le crayon de couleur","datePublished":"2021-02-10T17:58:34+00:00","dateModified":"2025-09-04T12:53:42+00:00","mainEntityOfPage":{"@id":"https:\/\/www.artesane.com\/le-journal\/arts-plastiques\/le-crayon-de-couleur\/"},"wordCount":932,"commentCount":0,"publisher":{"@id":"https:\/\/www.artesane.com\/le-journal\/arts-plastiques\/#organization"},"image":{"@id":"https:\/\/www.artesane.com\/le-journal\/arts-plastiques\/le-crayon-de-couleur\/#primaryimage"},"thumbnailUrl":"https:\/\/www.artesane.com\/le-journal\/arts-plastiques\/wp-content\/uploads\/2021\/02\/couv-1.png","keywords":["crayon de couleur","dessin","faber-castell"],"articleSection":["Dessin et peinture"],"inLanguage":"fr-FR","potentialAction":[{"@type":"CommentAction","name":"Comment","target":["https:\/\/www.artesane.com\/le-journal\/arts-plastiques\/le-crayon-de-couleur\/#respond"]}]},{"@type":"WebPage","@id":"https:\/\/www.artesane.com\/le-journal\/arts-plastiques\/le-crayon-de-couleur\/","url":"https:\/\/www.artesane.com\/le-journal\/arts-plastiques\/le-crayon-de-couleur\/","name":"Le crayon de couleur - Journal Artesane - Arts Plastiques","isPartOf":{"@id":"https:\/\/www.artesane.com\/le-journal\/arts-plastiques\/#website"},"primaryImageOfPage":{"@id":"https:\/\/www.artesane.com\/le-journal\/arts-plastiques\/le-crayon-de-couleur\/#primaryimage"},"image":{"@id":"https:\/\/www.artesane.com\/le-journal\/arts-plastiques\/le-crayon-de-couleur\/#primaryimage"},"thumbnailUrl":"https:\/\/www.artesane.com\/le-journal\/arts-plastiques\/wp-content\/uploads\/2021\/02\/couv-1.png","datePublished":"2021-02-10T17:58:34+00:00","dateModified":"2025-09-04T12:53:42+00:00","description":"Le crayon de couleur est un outil pratique, facile \u00e0 utiliser et qui permet d'obtenir rapidement des couleurs tr\u00e8s satisfaisantes. Nous vous aidons \u00e0 vous lancer avec les crayons de couleur.","breadcrumb":{"@id":"https:\/\/www.artesane.com\/le-journal\/arts-plastiques\/le-crayon-de-couleur\/#breadcrumb"},"inLanguage":"fr-FR","potentialAction":[{"@type":"ReadAction","target":["https:\/\/www.artesane.com\/le-journal\/arts-plastiques\/le-crayon-de-couleur\/"]}]},{"@type":"ImageObject","inLanguage":"fr-FR","@id":"https:\/\/www.artesane.com\/le-journal\/arts-plastiques\/le-crayon-de-couleur\/#primaryimage","url":"https:\/\/www.artesane.com\/le-journal\/arts-plastiques\/wp-content\/uploads\/2021\/02\/couv-1.png","contentUrl":"https:\/\/www.artesane.com\/le-journal\/arts-plastiques\/wp-content\/uploads\/2021\/02\/couv-1.png","width":900,"height":600},{"@type":"BreadcrumbList","@id":"https:\/\/www.artesane.com\/le-journal\/arts-plastiques\/le-crayon-de-couleur\/#breadcrumb","itemListElement":[{"@type":"ListItem","position":1,"name":"Accueil","item":"https:\/\/www.artesane.com\/le-journal\/arts-plastiques\/"},{"@type":"ListItem","position":2,"name":"Le crayon de couleur"}]},{"@type":"WebSite","@id":"https:\/\/www.artesane.com\/le-journal\/arts-plastiques\/#website","url":"https:\/\/www.artesane.com\/le-journal\/arts-plastiques\/","name":"Journal Artesane - Arts Plastiques","description":"","publisher":{"@id":"https:\/\/www.artesane.com\/le-journal\/arts-plastiques\/#organization"},"potentialAction":[{"@type":"SearchAction","target":{"@type":"EntryPoint","urlTemplate":"https:\/\/www.artesane.com\/le-journal\/arts-plastiques\/?s={search_term_string}"},"query-input":{"@type":"PropertyValueSpecification","valueRequired":true,"valueName":"search_term_string"}}],"inLanguage":"fr-FR"},{"@type":"Organization","@id":"https:\/\/www.artesane.com\/le-journal\/arts-plastiques\/#organization","name":"Artesane","url":"https:\/\/www.artesane.com\/le-journal\/arts-plastiques\/","logo":{"@type":"ImageObject","inLanguage":"fr-FR","@id":"https:\/\/www.artesane.com\/le-journal\/arts-plastiques\/#\/schema\/logo\/image\/","url":"https:\/\/www.artesane.com\/le-journal\/arts-plastiques\/wp-content\/uploads\/2022\/05\/logo-simple.png","contentUrl":"https:\/\/www.artesane.com\/le-journal\/arts-plastiques\/wp-content\/uploads\/2022\/05\/logo-simple.png","width":1166,"height":201,"caption":"Artesane"},"image":{"@id":"https:\/\/www.artesane.com\/le-journal\/arts-plastiques\/#\/schema\/logo\/image\/"},"sameAs":["https:\/\/www.facebook.com\/artesanefrance","https:\/\/www.instagram.com\/artesane_france\/","https:\/\/fr.linkedin.com\/company\/artesane","https:\/\/www.pinterest.fr\/ArtesaneFrance\/","https:\/\/www.youtube.com\/c\/Artesane_lesvideos","https:\/\/www.twitch.tv\/artesane?lang=fr","https:\/\/open.spotify.com\/show\/2gdmkyp7IoWhWpDRk3G71I"]},{"@type":"Person","@id":"https:\/\/www.artesane.com\/le-journal\/arts-plastiques\/#\/schema\/person\/71f2b2fe92b5a70a7340cbf22d0d5429","name":"camille.d"}]}},"_links":{"self":[{"href":"https:\/\/www.artesane.com\/le-journal\/arts-plastiques\/wp-json\/wp\/v2\/posts\/11462","targetHints":{"allow":["GET"]}}],"collection":[{"href":"https:\/\/www.artesane.com\/le-journal\/arts-plastiques\/wp-json\/wp\/v2\/posts"}],"about":[{"href":"https:\/\/www.artesane.com\/le-journal\/arts-plastiques\/wp-json\/wp\/v2\/types\/post"}],"author":[{"embeddable":true,"href":"https:\/\/www.artesane.com\/le-journal\/arts-plastiques\/wp-json\/wp\/v2\/users\/11"}],"replies":[{"embeddable":true,"href":"https:\/\/www.artesane.com\/le-journal\/arts-plastiques\/wp-json\/wp\/v2\/comments?post=11462"}],"version-history":[{"count":3,"href":"https:\/\/www.artesane.com\/le-journal\/arts-plastiques\/wp-json\/wp\/v2\/posts\/11462\/revisions"}],"predecessor-version":[{"id":13945,"href":"https:\/\/www.artesane.com\/le-journal\/arts-plastiques\/wp-json\/wp\/v2\/posts\/11462\/revisions\/13945"}],"wp:featuredmedia":[{"embeddable":true,"href":"https:\/\/www.artesane.com\/le-journal\/arts-plastiques\/wp-json\/wp\/v2\/media\/11468"}],"wp:attachment":[{"href":"https:\/\/www.artesane.com\/le-journal\/arts-plastiques\/wp-json\/wp\/v2\/media?parent=11462"}],"wp:term":[{"taxonomy":"category","embeddable":true,"href":"https:\/\/www.artesane.com\/le-journal\/arts-plastiques\/wp-json\/wp\/v2\/categories?post=11462"},{"taxonomy":"post_tag","embeddable":true,"href":"https:\/\/www.artesane.com\/le-journal\/arts-plastiques\/wp-json\/wp\/v2\/tags?post=11462"}],"curies":[{"name":"wp","href":"https:\/\/api.w.org\/{rel}","templated":true}]}}