{"id":11482,"date":"2021-03-08T15:42:27","date_gmt":"2021-03-08T14:42:27","guid":{"rendered":"https:\/\/le-journal.artesane.com\/?p=11482"},"modified":"2022-05-25T15:26:56","modified_gmt":"2022-05-25T13:26:56","slug":"interview-tohu-bohu","status":"publish","type":"post","link":"https:\/\/www.artesane.com\/le-journal\/arts-plastiques\/interview-tohu-bohu\/","title":{"rendered":"Interview Tohu-Bohu"},"content":{"rendered":"<p>Cette semaine, le bureau de cr\u00e9ation <a href=\"https:\/\/www.tohu-bohu-bureau.fr\/\">Tohu-Bohu<\/a> sort son premier cours chez Artesane, un cours enti\u00e8rement d\u00e9di\u00e9 au dessin de motifs. Des esquisses pr\u00e9paratoires \u00e0 la finalisation sur Photoshop, Lysandre et Lucile vous accompagnent dans la cr\u00e9ation de votre propre motif, elles qui en sont passionn\u00e9es et qui en ont fait leur m\u00e9tier. Mais d&rsquo;o\u00f9 est n\u00e9e cette passion ? Comment trouvent-elles leurs inspirations ? Nous leur avons pos\u00e9 quelques questions pour que vous en appreniez plus sur leur passion du motif !<\/p>\n<p><img loading=\"lazy\" decoding=\"async\" class=\"wp-image-11495 aligncenter\" src=\"https:\/\/le-journal.artesane.com\/wp-content\/uploads\/2021\/03\/atelier-commode1-300x231.jpg\" alt=\"\" width=\"764\" height=\"588\" srcset=\"https:\/\/www.artesane.com\/le-journal\/arts-plastiques\/wp-content\/uploads\/2021\/03\/atelier-commode1-300x231.jpg 300w, https:\/\/www.artesane.com\/le-journal\/arts-plastiques\/wp-content\/uploads\/2021\/03\/atelier-commode1-1024x790.jpg 1024w, https:\/\/www.artesane.com\/le-journal\/arts-plastiques\/wp-content\/uploads\/2021\/03\/atelier-commode1-768x592.jpg 768w, https:\/\/www.artesane.com\/le-journal\/arts-plastiques\/wp-content\/uploads\/2021\/03\/atelier-commode1.jpg 1080w\" sizes=\"auto, (max-width: 764px) 100vw, 764px\" \/><\/p>\n<p><img loading=\"lazy\" decoding=\"async\" class=\"wp-image-11496 aligncenter\" src=\"https:\/\/le-journal.artesane.com\/wp-content\/uploads\/2021\/03\/atelier-commode2-300x225.jpg\" alt=\"\" width=\"763\" height=\"573\" srcset=\"https:\/\/www.artesane.com\/le-journal\/arts-plastiques\/wp-content\/uploads\/2021\/03\/atelier-commode2-300x225.jpg 300w, https:\/\/www.artesane.com\/le-journal\/arts-plastiques\/wp-content\/uploads\/2021\/03\/atelier-commode2-1024x768.jpg 1024w, https:\/\/www.artesane.com\/le-journal\/arts-plastiques\/wp-content\/uploads\/2021\/03\/atelier-commode2-768x576.jpg 768w, https:\/\/www.artesane.com\/le-journal\/arts-plastiques\/wp-content\/uploads\/2021\/03\/atelier-commode2-1536x1152.jpg 1536w, https:\/\/www.artesane.com\/le-journal\/arts-plastiques\/wp-content\/uploads\/2021\/03\/atelier-commode2-2048x1536.jpg 2048w\" sizes=\"auto, (max-width: 763px) 100vw, 763px\" \/><\/p>\n<div id=\"ez-toc-container\" class=\"ez-toc-v2_0_80 counter-hierarchy ez-toc-counter ez-toc-grey ez-toc-container-direction\">\n<div class=\"ez-toc-title-container\">\n<p class=\"ez-toc-title\" style=\"cursor:inherit\">Table of Contents<\/p>\n<span class=\"ez-toc-title-toggle\"><a href=\"#\" class=\"ez-toc-pull-right ez-toc-btn ez-toc-btn-xs ez-toc-btn-default ez-toc-toggle\" aria-label=\"Toggle Table of Content\"><span class=\"ez-toc-js-icon-con\"><span class=\"\"><span class=\"eztoc-hide\" style=\"display:none;\">Toggle<\/span><span class=\"ez-toc-icon-toggle-span\"><svg style=\"fill: #999;color:#999\" xmlns=\"http:\/\/www.w3.org\/2000\/svg\" class=\"list-377408\" width=\"20px\" height=\"20px\" viewBox=\"0 0 24 24\" fill=\"none\"><path d=\"M6 6H4v2h2V6zm14 0H8v2h12V6zM4 11h2v2H4v-2zm16 0H8v2h12v-2zM4 16h2v2H4v-2zm16 0H8v2h12v-2z\" fill=\"currentColor\"><\/path><\/svg><svg style=\"fill: #999;color:#999\" class=\"arrow-unsorted-368013\" xmlns=\"http:\/\/www.w3.org\/2000\/svg\" width=\"10px\" height=\"10px\" viewBox=\"0 0 24 24\" version=\"1.2\" baseProfile=\"tiny\"><path d=\"M18.2 9.3l-6.2-6.3-6.2 6.3c-.2.2-.3.4-.3.7s.1.5.3.7c.2.2.4.3.7.3h11c.3 0 .5-.1.7-.3.2-.2.3-.5.3-.7s-.1-.5-.3-.7zM5.8 14.7l6.2 6.3 6.2-6.3c.2-.2.3-.5.3-.7s-.1-.5-.3-.7c-.2-.2-.4-.3-.7-.3h-11c-.3 0-.5.1-.7.3-.2.2-.3.5-.3.7s.1.5.3.7z\"\/><\/svg><\/span><\/span><\/span><\/a><\/span><\/div>\n<nav><ul class='ez-toc-list ez-toc-list-level-1 ' ><li class='ez-toc-page-1 ez-toc-heading-level-3'><a class=\"ez-toc-link ez-toc-heading-1\" href=\"https:\/\/www.artesane.com\/le-journal\/arts-plastiques\/interview-tohu-bohu\/#Pouvez-vous_vous_presenter_en_quelques_mots\" >Pouvez-vous vous pr\u00e9senter en quelques mots ?<\/a><\/li><li class='ez-toc-page-1 ez-toc-heading-level-3'><a class=\"ez-toc-link ez-toc-heading-2\" href=\"https:\/\/www.artesane.com\/le-journal\/arts-plastiques\/interview-tohu-bohu\/#Dou_vous_vient_votre_gout_pour_le_travail_du_motif\" >D&rsquo;o\u00f9 vous vient votre go\u00fbt pour le travail du motif ?<\/a><\/li><li class='ez-toc-page-1 ez-toc-heading-level-3'><a class=\"ez-toc-link ez-toc-heading-3\" href=\"https:\/\/www.artesane.com\/le-journal\/arts-plastiques\/interview-tohu-bohu\/#Ou_trouvez-vous_linspiration_pour_la_creation_de_vos_motifs\" >O\u00f9 trouvez-vous l&rsquo;inspiration pour la cr\u00e9ation de vos motifs ?<\/a><\/li><li class='ez-toc-page-1 ez-toc-heading-level-3'><a class=\"ez-toc-link ez-toc-heading-4\" href=\"https:\/\/www.artesane.com\/le-journal\/arts-plastiques\/interview-tohu-bohu\/#Quel_est_le_projet_sur_lequel_vous_avez_prefere_travailler_et_pourquoi\" >Quel est le projet sur lequel vous avez pr\u00e9f\u00e9r\u00e9 travailler et pourquoi ?<\/a><\/li><li class='ez-toc-page-1 ez-toc-heading-level-3'><a class=\"ez-toc-link ez-toc-heading-5\" href=\"https:\/\/www.artesane.com\/le-journal\/arts-plastiques\/interview-tohu-bohu\/#Vos_creations_sont_souvent_declinees_sur_des_textiles_mais_vous_avez-vous_eu_loccasion_den_produire_pour_dautre_types_de_supports\" >Vos cr\u00e9ations sont souvent d\u00e9clin\u00e9es sur des textiles, mais vous avez-vous eu l&rsquo;occasion d&rsquo;en produire pour d&rsquo;autre types de supports ?<\/a><\/li><li class='ez-toc-page-1 ez-toc-heading-level-3'><a class=\"ez-toc-link ez-toc-heading-6\" href=\"https:\/\/www.artesane.com\/le-journal\/arts-plastiques\/interview-tohu-bohu\/#Si_vous_deviez_donner_un_conseil_a_un_debutant_en_dessin_de_motif\" >Si vous deviez donner un conseil \u00e0 un d\u00e9butant en dessin de motif ?<\/a><\/li><\/ul><\/nav><\/div>\n<h3><span class=\"ez-toc-section\" id=\"Pouvez-vous_vous_presenter_en_quelques_mots\"><\/span>Pouvez-vous vous pr\u00e9senter en quelques mots ?<span class=\"ez-toc-section-end\"><\/span><\/h3>\n<p>Nous sommes Lucile et Lysandre les fondatrices de Tohu-bohu, un bureau de cr\u00e9ation graphique et textile. Nous dessinons des collections de motifs pour les professionnels de la mode, de la d\u00e9coration et du packaging. Nous nous sommes rencontr\u00e9es pendant nos \u00e9tudes. A l\u2019\u00e9poque, on se retrouvait d\u00e9j\u00e0 pour dessiner et travailler c\u00f4te-\u00e0-c\u00f4te !<\/p>\n<p><img loading=\"lazy\" decoding=\"async\" class=\"wp-image-11494 aligncenter\" title=\"Lysandre et Lucile de Tohu Bohu\" src=\"https:\/\/le-journal.artesane.com\/wp-content\/uploads\/2021\/03\/Lysandre-Lucile1-300x254.jpg\" alt=\"Lysandre et Lucile de Tohu Bohu\" width=\"762\" height=\"645\" srcset=\"https:\/\/www.artesane.com\/le-journal\/arts-plastiques\/wp-content\/uploads\/2021\/03\/Lysandre-Lucile1-300x254.jpg 300w, https:\/\/www.artesane.com\/le-journal\/arts-plastiques\/wp-content\/uploads\/2021\/03\/Lysandre-Lucile1.jpg 756w\" sizes=\"auto, (max-width: 762px) 100vw, 762px\" \/><\/p>\n<h3><span class=\"ez-toc-section\" id=\"Dou_vous_vient_votre_gout_pour_le_travail_du_motif\"><\/span>D&rsquo;o\u00f9 vous vient votre go\u00fbt pour le travail du motif ?<span class=\"ez-toc-section-end\"><\/span><\/h3>\n<p><strong>Lysandre :<\/strong> C\u2019est difficile \u00e0 dire. J\u2019ai l\u2019impression que c\u2019est pr\u00e9sent en moi depuis toujours. J\u2019ai souvenir que ma m\u00e8re avait une collection de foulards aux motifs fleuris impressionnante que j\u2019adorais. Petite, je passais mon temps \u00e0 dessiner des collections de v\u00eatements et ce qui me plaisait le plus c\u2019\u00e9tait d\u2019imaginer les motifs qui les habilleraient. J\u2019ai du mal \u00e0 dire d\u2019o\u00f9 cet amour du motif me vient mais en tout cas je me suis lanc\u00e9e dans des \u00e9tudes de textile, j\u2019ai appris le stylisme, le patronage, la broderie, la maille, le tissage et c\u2019est finalement vers le motif que je me suis tourn\u00e9 et je ne m\u2019en lasse pas. C\u2019est infini tout ce qu\u2019il est possible de faire.<\/p>\n<p><strong>Lucile :<\/strong> Me concernant je faisais du graphisme g\u00e9n\u00e9raliste en free-lance. Je n\u2019y trouvais pas de r\u00e9el plaisir et j\u2019avais envie de passer davantage de temps avec mes pinceaux et mes crayons. J\u2019ai par hasard eu une premi\u00e8re exp\u00e9rience chez Lacoste et j\u2019ai ador\u00e9. Ensuite la rencontre avec Le Slip Fran\u00e7ais, qui se lan\u00e7ait, a \u00e9t\u00e9 d\u00e9terminante. Il y avait tout \u00e0 faire pour leur premiers motifs. J\u2019ai pu rencontrer des imprimeurs, comprendre comment ils travaillaient. J\u2019ai pu voir le processus d\u2019une collection de A \u00e0 Z. C\u2019est \u00e0 ce moment l\u00e0 que j\u2019ai souhait\u00e9 ne faire que \u00e7a !<br \/>\nEt puis j\u2019ai toujours \u00e9t\u00e9 attentive aux motifs. J\u2019ai toujours collectionn\u00e9 des tissus trouv\u00e9s \u00e0 Emma\u00fcs pour leurs imprim\u00e9s, aim\u00e9 les vieux papiers peints, les sols color\u00e9s\u2026 C\u2019est une pr\u00e9sence esth\u00e9tique qui se retrouve partout, qu\u2019on aime l\u2019art ou pas et peu importe le milieu dans lequel on \u00e9volue, le motif fait partie de la vie. C\u2019est une id\u00e9e qui me pla\u00eet beaucoup.<\/p>\n<h3><img loading=\"lazy\" decoding=\"async\" class=\"wp-image-11497 aligncenter\" title=\"Motifs Tohu Bohu\" src=\"https:\/\/le-journal.artesane.com\/wp-content\/uploads\/2021\/03\/6-300x200.png\" alt=\"Motifs Tohu Bohu\" width=\"764\" height=\"509\" srcset=\"https:\/\/www.artesane.com\/le-journal\/arts-plastiques\/wp-content\/uploads\/2021\/03\/6-300x200.png 300w, https:\/\/www.artesane.com\/le-journal\/arts-plastiques\/wp-content\/uploads\/2021\/03\/6-1024x682.png 1024w, https:\/\/www.artesane.com\/le-journal\/arts-plastiques\/wp-content\/uploads\/2021\/03\/6-768x512.png 768w, https:\/\/www.artesane.com\/le-journal\/arts-plastiques\/wp-content\/uploads\/2021\/03\/6.png 1301w\" sizes=\"auto, (max-width: 764px) 100vw, 764px\" \/><\/h3>\n<h3><span class=\"ez-toc-section\" id=\"Ou_trouvez-vous_linspiration_pour_la_creation_de_vos_motifs\"><\/span>O\u00f9 trouvez-vous l&rsquo;inspiration pour la cr\u00e9ation de vos motifs ?<span class=\"ez-toc-section-end\"><\/span><\/h3>\n<p><strong>Ly :<\/strong> Beaucoup dans la nature, j\u2019adore dessiner les fleurs et les v\u00e9g\u00e9taux. C\u2019est une source d\u2019inspiration in\u00e9puisable. Mais finalement tout peut m\u2019inspirer, la couleur d\u2019un v\u00eatement, une affiche vue dans le m\u00e9tro, un livre feuillet\u00e9 dans une librairie \u2026<\/p>\n<p><strong>Lu :<\/strong> En ce moment beaucoup dans la rue. Je guette les motifs sur les gens ! Alors comme ils bougent c\u2019est compliqu\u00e9 mais c\u2019est une vraie obsession qui me donne envie de dessiner en repensant \u00e0 ce que j\u2019ai essay\u00e9 d\u2019imprimer dans mes yeux. J\u2019essaye de ne plus prendre de photo dans les vitrines quand je vois un motif qui me pla\u00eet mais de le regarder vraiment. Je trouve que le plus dur ce n\u2019est pas de trouver l\u2019inspiration mais plut\u00f4t de conserver du temps de cerveau sans image. Sinon dessiner devient impossible, je me dis \u00ab tant de choses belles existent d\u00e9j\u00e0, \u00e0 quoi bon ? \u00bb !<\/p>\n<h3 style=\"font-family: 'josefin sans', Arial, serif;\"><img loading=\"lazy\" decoding=\"async\" class=\"wp-image-11498 aligncenter\" title=\"Motifs Tohu Bohu\" src=\"https:\/\/le-journal.artesane.com\/wp-content\/uploads\/2021\/03\/DSC_0392-300x200.png\" alt=\"Motifs Tohu Bohu\" width=\"761\" height=\"507\" srcset=\"https:\/\/www.artesane.com\/le-journal\/arts-plastiques\/wp-content\/uploads\/2021\/03\/DSC_0392-300x200.png 300w, https:\/\/www.artesane.com\/le-journal\/arts-plastiques\/wp-content\/uploads\/2021\/03\/DSC_0392-1024x683.png 1024w, https:\/\/www.artesane.com\/le-journal\/arts-plastiques\/wp-content\/uploads\/2021\/03\/DSC_0392-768x512.png 768w, https:\/\/www.artesane.com\/le-journal\/arts-plastiques\/wp-content\/uploads\/2021\/03\/DSC_0392.png 1440w\" sizes=\"auto, (max-width: 761px) 100vw, 761px\" \/><\/h3>\n<h3><span class=\"ez-toc-section\" id=\"Quel_est_le_projet_sur_lequel_vous_avez_prefere_travailler_et_pourquoi\"><\/span>Quel est le projet sur lequel vous avez pr\u00e9f\u00e9r\u00e9 travailler et pourquoi ?<span class=\"ez-toc-section-end\"><\/span><\/h3>\n<p>La Mini-party pour le Centre Pompidou. Nous avons sorti machines \u00e0 coudre, papiers color\u00e9s, tissus en tout genre et confectionn\u00e9 une sc\u00e9nographie pour un public \u00e2g\u00e9 de 0 \u00e0 6 ans. C\u2019\u00e9tait intense !<br \/>\nTravailler le textile en volume c\u2019est quelque chose qu\u2019on aime beaucoup et les occasions sont rares. Le fait qu\u2019on r\u00e9alisait tout \u00e7a pour construire un espace sensoriel pour des jeunes enfants, c\u2019\u00e9tait tr\u00e8s stimulant. On essayait de se mettre \u00e0 leur hauteur, de regarder avec leur yeux pour proposer quelque chose de beau et de joyeux.<br \/>\nQue tout ce travail s\u2019adresse \u00e0 un public palpable, sur un temps \u00e9ph\u00e9m\u00e8re c\u2019\u00e9tait tr\u00e8s diff\u00e9rent de notre position habituelle de dessinatrices de l\u2019ombre ! Nous sommes toujours \u00e0 la recherche de projets o\u00f9 notre travail suscite une rencontre, un \u00e9v\u00e8nement, \u00e7a permet de partager tout ce qu\u2019on a dans nos cartons \u00e0 dessins et nos ordinateurs, on trouve que c\u2019est important. \u00c7a donne un grand coup de fouet \u00e0 la cr\u00e9ativit\u00e9, \u00e7a casse le rythme tranquille des collections, bref on adore !<\/p>\n<h3><span class=\"ez-toc-section\" id=\"Vos_creations_sont_souvent_declinees_sur_des_textiles_mais_vous_avez-vous_eu_loccasion_den_produire_pour_dautre_types_de_supports\"><\/span>Vos cr\u00e9ations sont souvent d\u00e9clin\u00e9es sur des textiles, mais vous avez-vous eu l&rsquo;occasion d&rsquo;en produire pour d&rsquo;autre types de supports ?<span class=\"ez-toc-section-end\"><\/span><\/h3>\n<p>Nous travaillons r\u00e9guli\u00e8rement pour Blissim (ex Birchbox) nos motifs sont imprim\u00e9s sur leurs box beaut\u00e9. Nous avons \u00e9galement travaill\u00e9 sur des supports comme la porcelaine, pour Guy Degrenne notamment. Nous travaillons aussi r\u00e9guli\u00e8rement avec une entreprise fran\u00e7aise de packaging qui s\u2019adresse aux chocolatiers et boulangers pour leur proposer de jolis coffrets imprim\u00e9s. Comme on disait, le motif est partout, les supports potentiels sont nombreux !<\/p>\n<h3><span class=\"ez-toc-section\" id=\"Si_vous_deviez_donner_un_conseil_a_un_debutant_en_dessin_de_motif\"><\/span>Si vous deviez donner un conseil \u00e0 un d\u00e9butant en dessin de motif ?<span class=\"ez-toc-section-end\"><\/span><\/h3>\n<p><strong>Lu :<\/strong>\u00a0Justement je dirais faire attention au flot d\u2019images accessibles. Cela peut \u00eatre d\u00e9courageant et inhibant. Dessiner pour soi, sans contrainte et r\u00e9fl\u00e9chir apr\u00e8s coup pour quel support et quel public, le motif r\u00e9alis\u00e9 pourrait convenir. C\u2019est en faisant et refaisant des motifs qu\u2019on acquiert ses propres petits r\u00e9flexes pour la composition, la couleur et aussi son propre style !<\/p>\n<p>Retrouvez leur cours \u00ab\u00a0<a href=\"https:\/\/www.artesane.com\/fr\/products\/dessiner-et-creer-des-motifs\">Dessiner et cr\u00e9er des motifs<\/a>\u00a0\u00bb Artesane.com.<\/p>\n","protected":false},"excerpt":{"rendered":"<p>Cette semaine, le bureau de cr\u00e9ation Tohu-Bohu sort son premier cours chez Artesane, un cours enti\u00e8rement d\u00e9di\u00e9 au dessin de motifs. Des esquisses pr\u00e9paratoires \u00e0 la finalisation sur Photoshop, Lysandre et Lucile vous accompagnent dans la cr\u00e9ation de votre propre motif, elles qui en sont passionn\u00e9es et qui en ont fait leur m\u00e9tier. Mais d&rsquo;o\u00f9 [&hellip;]<\/p>\n","protected":false},"author":11,"featured_media":11500,"comment_status":"open","ping_status":"open","sticky":false,"template":"","format":"standard","meta":{"_et_pb_use_builder":"","_et_pb_old_content":"","_et_gb_content_width":"","_exactmetrics_skip_tracking":false,"_exactmetrics_sitenote_active":false,"_exactmetrics_sitenote_note":"","_exactmetrics_sitenote_category":0,"footnotes":""},"categories":[915],"tags":[288,13,179,87,89,674],"class_list":["post-11482","post","type-post","status-publish","format-standard","has-post-thumbnail","hentry","category-dessin-numerique","tag-apprendre-a-dessiner","tag-artesane","tag-cours-video","tag-interview","tag-les-rencontres","tag-rencontre-professeur"],"yoast_head":"<!-- This site is optimized with the Yoast SEO plugin v27.5 - https:\/\/yoast.com\/product\/yoast-seo-wordpress\/ -->\n<title>Interview Tohu-Bohu - Journal Artesane - Arts Plastiques<\/title>\n<meta name=\"description\" content=\"Cette semaine, le bureau de cr\u00e9ation Tohu-Bohu sort son premier cours chez Artesane, un cours enti\u00e8rement d\u00e9di\u00e9 au dessin de motifs.\" \/>\n<meta name=\"robots\" content=\"index, follow, max-snippet:-1, max-image-preview:large, max-video-preview:-1\" \/>\n<link rel=\"canonical\" href=\"https:\/\/www.artesane.com\/le-journal\/arts-plastiques\/interview-tohu-bohu\/\" \/>\n<meta property=\"og:locale\" content=\"fr_FR\" \/>\n<meta property=\"og:type\" content=\"article\" \/>\n<meta property=\"og:title\" content=\"Interview Tohu-Bohu - Journal Artesane - Arts Plastiques\" \/>\n<meta property=\"og:description\" content=\"Cette semaine, le bureau de cr\u00e9ation Tohu-Bohu sort son premier cours chez Artesane, un cours enti\u00e8rement d\u00e9di\u00e9 au dessin de motifs.\" \/>\n<meta property=\"og:url\" content=\"https:\/\/www.artesane.com\/le-journal\/arts-plastiques\/interview-tohu-bohu\/\" \/>\n<meta property=\"og:site_name\" content=\"Journal Artesane - Arts Plastiques\" \/>\n<meta property=\"article:publisher\" content=\"https:\/\/www.facebook.com\/artesanefrance\" \/>\n<meta property=\"article:published_time\" content=\"2021-03-08T14:42:27+00:00\" \/>\n<meta property=\"article:modified_time\" content=\"2022-05-25T13:26:56+00:00\" \/>\n<meta property=\"og:image\" content=\"https:\/\/www.artesane.com\/le-journal\/arts-plastiques\/wp-content\/uploads\/2021\/03\/1.png\" \/>\n\t<meta property=\"og:image:width\" content=\"1440\" \/>\n\t<meta property=\"og:image:height\" content=\"960\" \/>\n\t<meta property=\"og:image:type\" content=\"image\/png\" \/>\n<meta name=\"author\" content=\"camille.d\" \/>\n<meta name=\"twitter:card\" content=\"summary_large_image\" \/>\n<meta name=\"twitter:label1\" content=\"\u00c9crit par\" \/>\n\t<meta name=\"twitter:data1\" content=\"camille.d\" \/>\n\t<meta name=\"twitter:label2\" content=\"Dur\u00e9e de lecture estim\u00e9e\" \/>\n\t<meta name=\"twitter:data2\" content=\"5 minutes\" \/>\n<script type=\"application\/ld+json\" class=\"yoast-schema-graph\">{\"@context\":\"https:\\\/\\\/schema.org\",\"@graph\":[{\"@type\":\"Article\",\"@id\":\"https:\\\/\\\/www.artesane.com\\\/le-journal\\\/arts-plastiques\\\/interview-tohu-bohu\\\/#article\",\"isPartOf\":{\"@id\":\"https:\\\/\\\/www.artesane.com\\\/le-journal\\\/arts-plastiques\\\/interview-tohu-bohu\\\/\"},\"author\":{\"name\":\"camille.d\",\"@id\":\"https:\\\/\\\/www.artesane.com\\\/le-journal\\\/arts-plastiques\\\/#\\\/schema\\\/person\\\/71f2b2fe92b5a70a7340cbf22d0d5429\"},\"headline\":\"Interview Tohu-Bohu\",\"datePublished\":\"2021-03-08T14:42:27+00:00\",\"dateModified\":\"2022-05-25T13:26:56+00:00\",\"mainEntityOfPage\":{\"@id\":\"https:\\\/\\\/www.artesane.com\\\/le-journal\\\/arts-plastiques\\\/interview-tohu-bohu\\\/\"},\"wordCount\":1047,\"commentCount\":1,\"publisher\":{\"@id\":\"https:\\\/\\\/www.artesane.com\\\/le-journal\\\/arts-plastiques\\\/#organization\"},\"image\":{\"@id\":\"https:\\\/\\\/www.artesane.com\\\/le-journal\\\/arts-plastiques\\\/interview-tohu-bohu\\\/#primaryimage\"},\"thumbnailUrl\":\"https:\\\/\\\/www.artesane.com\\\/le-journal\\\/arts-plastiques\\\/wp-content\\\/uploads\\\/2021\\\/03\\\/1.png\",\"keywords\":[\"apprendre \u00e0 dessiner\",\"artesane\",\"cours vid\u00e9o\",\"interview\",\"les rencontres\",\"rencontre professeur\"],\"articleSection\":[\"Dessin num\u00e9rique\"],\"inLanguage\":\"fr-FR\",\"potentialAction\":[{\"@type\":\"CommentAction\",\"name\":\"Comment\",\"target\":[\"https:\\\/\\\/www.artesane.com\\\/le-journal\\\/arts-plastiques\\\/interview-tohu-bohu\\\/#respond\"]}]},{\"@type\":\"WebPage\",\"@id\":\"https:\\\/\\\/www.artesane.com\\\/le-journal\\\/arts-plastiques\\\/interview-tohu-bohu\\\/\",\"url\":\"https:\\\/\\\/www.artesane.com\\\/le-journal\\\/arts-plastiques\\\/interview-tohu-bohu\\\/\",\"name\":\"Interview Tohu-Bohu - Journal Artesane - Arts Plastiques\",\"isPartOf\":{\"@id\":\"https:\\\/\\\/www.artesane.com\\\/le-journal\\\/arts-plastiques\\\/#website\"},\"primaryImageOfPage\":{\"@id\":\"https:\\\/\\\/www.artesane.com\\\/le-journal\\\/arts-plastiques\\\/interview-tohu-bohu\\\/#primaryimage\"},\"image\":{\"@id\":\"https:\\\/\\\/www.artesane.com\\\/le-journal\\\/arts-plastiques\\\/interview-tohu-bohu\\\/#primaryimage\"},\"thumbnailUrl\":\"https:\\\/\\\/www.artesane.com\\\/le-journal\\\/arts-plastiques\\\/wp-content\\\/uploads\\\/2021\\\/03\\\/1.png\",\"datePublished\":\"2021-03-08T14:42:27+00:00\",\"dateModified\":\"2022-05-25T13:26:56+00:00\",\"description\":\"Cette semaine, le bureau de cr\u00e9ation Tohu-Bohu sort son premier cours chez Artesane, un cours enti\u00e8rement d\u00e9di\u00e9 au dessin de motifs.\",\"breadcrumb\":{\"@id\":\"https:\\\/\\\/www.artesane.com\\\/le-journal\\\/arts-plastiques\\\/interview-tohu-bohu\\\/#breadcrumb\"},\"inLanguage\":\"fr-FR\",\"potentialAction\":[{\"@type\":\"ReadAction\",\"target\":[\"https:\\\/\\\/www.artesane.com\\\/le-journal\\\/arts-plastiques\\\/interview-tohu-bohu\\\/\"]}]},{\"@type\":\"ImageObject\",\"inLanguage\":\"fr-FR\",\"@id\":\"https:\\\/\\\/www.artesane.com\\\/le-journal\\\/arts-plastiques\\\/interview-tohu-bohu\\\/#primaryimage\",\"url\":\"https:\\\/\\\/www.artesane.com\\\/le-journal\\\/arts-plastiques\\\/wp-content\\\/uploads\\\/2021\\\/03\\\/1.png\",\"contentUrl\":\"https:\\\/\\\/www.artesane.com\\\/le-journal\\\/arts-plastiques\\\/wp-content\\\/uploads\\\/2021\\\/03\\\/1.png\",\"width\":1440,\"height\":960},{\"@type\":\"BreadcrumbList\",\"@id\":\"https:\\\/\\\/www.artesane.com\\\/le-journal\\\/arts-plastiques\\\/interview-tohu-bohu\\\/#breadcrumb\",\"itemListElement\":[{\"@type\":\"ListItem\",\"position\":1,\"name\":\"Accueil\",\"item\":\"https:\\\/\\\/www.artesane.com\\\/le-journal\\\/arts-plastiques\\\/\"},{\"@type\":\"ListItem\",\"position\":2,\"name\":\"Interview Tohu-Bohu\"}]},{\"@type\":\"WebSite\",\"@id\":\"https:\\\/\\\/www.artesane.com\\\/le-journal\\\/arts-plastiques\\\/#website\",\"url\":\"https:\\\/\\\/www.artesane.com\\\/le-journal\\\/arts-plastiques\\\/\",\"name\":\"Journal Artesane - Arts Plastiques\",\"description\":\"\",\"publisher\":{\"@id\":\"https:\\\/\\\/www.artesane.com\\\/le-journal\\\/arts-plastiques\\\/#organization\"},\"potentialAction\":[{\"@type\":\"SearchAction\",\"target\":{\"@type\":\"EntryPoint\",\"urlTemplate\":\"https:\\\/\\\/www.artesane.com\\\/le-journal\\\/arts-plastiques\\\/?s={search_term_string}\"},\"query-input\":{\"@type\":\"PropertyValueSpecification\",\"valueRequired\":true,\"valueName\":\"search_term_string\"}}],\"inLanguage\":\"fr-FR\"},{\"@type\":\"Organization\",\"@id\":\"https:\\\/\\\/www.artesane.com\\\/le-journal\\\/arts-plastiques\\\/#organization\",\"name\":\"Artesane\",\"url\":\"https:\\\/\\\/www.artesane.com\\\/le-journal\\\/arts-plastiques\\\/\",\"logo\":{\"@type\":\"ImageObject\",\"inLanguage\":\"fr-FR\",\"@id\":\"https:\\\/\\\/www.artesane.com\\\/le-journal\\\/arts-plastiques\\\/#\\\/schema\\\/logo\\\/image\\\/\",\"url\":\"https:\\\/\\\/www.artesane.com\\\/le-journal\\\/arts-plastiques\\\/wp-content\\\/uploads\\\/2022\\\/05\\\/logo-simple.png\",\"contentUrl\":\"https:\\\/\\\/www.artesane.com\\\/le-journal\\\/arts-plastiques\\\/wp-content\\\/uploads\\\/2022\\\/05\\\/logo-simple.png\",\"width\":1166,\"height\":201,\"caption\":\"Artesane\"},\"image\":{\"@id\":\"https:\\\/\\\/www.artesane.com\\\/le-journal\\\/arts-plastiques\\\/#\\\/schema\\\/logo\\\/image\\\/\"},\"sameAs\":[\"https:\\\/\\\/www.facebook.com\\\/artesanefrance\",\"https:\\\/\\\/www.instagram.com\\\/artesane_france\\\/\",\"https:\\\/\\\/fr.linkedin.com\\\/company\\\/artesane\",\"https:\\\/\\\/www.pinterest.fr\\\/ArtesaneFrance\\\/\",\"https:\\\/\\\/www.youtube.com\\\/c\\\/Artesane_lesvideos\",\"https:\\\/\\\/www.twitch.tv\\\/artesane?lang=fr\",\"https:\\\/\\\/open.spotify.com\\\/show\\\/2gdmkyp7IoWhWpDRk3G71I\"]},{\"@type\":\"Person\",\"@id\":\"https:\\\/\\\/www.artesane.com\\\/le-journal\\\/arts-plastiques\\\/#\\\/schema\\\/person\\\/71f2b2fe92b5a70a7340cbf22d0d5429\",\"name\":\"camille.d\"}]}<\/script>\n<!-- \/ Yoast SEO plugin. -->","yoast_head_json":{"title":"Interview Tohu-Bohu - Journal Artesane - Arts Plastiques","description":"Cette semaine, le bureau de cr\u00e9ation Tohu-Bohu sort son premier cours chez Artesane, un cours enti\u00e8rement d\u00e9di\u00e9 au dessin de motifs.","robots":{"index":"index","follow":"follow","max-snippet":"max-snippet:-1","max-image-preview":"max-image-preview:large","max-video-preview":"max-video-preview:-1"},"canonical":"https:\/\/www.artesane.com\/le-journal\/arts-plastiques\/interview-tohu-bohu\/","og_locale":"fr_FR","og_type":"article","og_title":"Interview Tohu-Bohu - Journal Artesane - Arts Plastiques","og_description":"Cette semaine, le bureau de cr\u00e9ation Tohu-Bohu sort son premier cours chez Artesane, un cours enti\u00e8rement d\u00e9di\u00e9 au dessin de motifs.","og_url":"https:\/\/www.artesane.com\/le-journal\/arts-plastiques\/interview-tohu-bohu\/","og_site_name":"Journal Artesane - Arts Plastiques","article_publisher":"https:\/\/www.facebook.com\/artesanefrance","article_published_time":"2021-03-08T14:42:27+00:00","article_modified_time":"2022-05-25T13:26:56+00:00","og_image":[{"width":1440,"height":960,"url":"https:\/\/www.artesane.com\/le-journal\/arts-plastiques\/wp-content\/uploads\/2021\/03\/1.png","type":"image\/png"}],"author":"camille.d","twitter_card":"summary_large_image","twitter_misc":{"\u00c9crit par":"camille.d","Dur\u00e9e de lecture estim\u00e9e":"5 minutes"},"schema":{"@context":"https:\/\/schema.org","@graph":[{"@type":"Article","@id":"https:\/\/www.artesane.com\/le-journal\/arts-plastiques\/interview-tohu-bohu\/#article","isPartOf":{"@id":"https:\/\/www.artesane.com\/le-journal\/arts-plastiques\/interview-tohu-bohu\/"},"author":{"name":"camille.d","@id":"https:\/\/www.artesane.com\/le-journal\/arts-plastiques\/#\/schema\/person\/71f2b2fe92b5a70a7340cbf22d0d5429"},"headline":"Interview Tohu-Bohu","datePublished":"2021-03-08T14:42:27+00:00","dateModified":"2022-05-25T13:26:56+00:00","mainEntityOfPage":{"@id":"https:\/\/www.artesane.com\/le-journal\/arts-plastiques\/interview-tohu-bohu\/"},"wordCount":1047,"commentCount":1,"publisher":{"@id":"https:\/\/www.artesane.com\/le-journal\/arts-plastiques\/#organization"},"image":{"@id":"https:\/\/www.artesane.com\/le-journal\/arts-plastiques\/interview-tohu-bohu\/#primaryimage"},"thumbnailUrl":"https:\/\/www.artesane.com\/le-journal\/arts-plastiques\/wp-content\/uploads\/2021\/03\/1.png","keywords":["apprendre \u00e0 dessiner","artesane","cours vid\u00e9o","interview","les rencontres","rencontre professeur"],"articleSection":["Dessin num\u00e9rique"],"inLanguage":"fr-FR","potentialAction":[{"@type":"CommentAction","name":"Comment","target":["https:\/\/www.artesane.com\/le-journal\/arts-plastiques\/interview-tohu-bohu\/#respond"]}]},{"@type":"WebPage","@id":"https:\/\/www.artesane.com\/le-journal\/arts-plastiques\/interview-tohu-bohu\/","url":"https:\/\/www.artesane.com\/le-journal\/arts-plastiques\/interview-tohu-bohu\/","name":"Interview Tohu-Bohu - Journal Artesane - Arts Plastiques","isPartOf":{"@id":"https:\/\/www.artesane.com\/le-journal\/arts-plastiques\/#website"},"primaryImageOfPage":{"@id":"https:\/\/www.artesane.com\/le-journal\/arts-plastiques\/interview-tohu-bohu\/#primaryimage"},"image":{"@id":"https:\/\/www.artesane.com\/le-journal\/arts-plastiques\/interview-tohu-bohu\/#primaryimage"},"thumbnailUrl":"https:\/\/www.artesane.com\/le-journal\/arts-plastiques\/wp-content\/uploads\/2021\/03\/1.png","datePublished":"2021-03-08T14:42:27+00:00","dateModified":"2022-05-25T13:26:56+00:00","description":"Cette semaine, le bureau de cr\u00e9ation Tohu-Bohu sort son premier cours chez Artesane, un cours enti\u00e8rement d\u00e9di\u00e9 au dessin de motifs.","breadcrumb":{"@id":"https:\/\/www.artesane.com\/le-journal\/arts-plastiques\/interview-tohu-bohu\/#breadcrumb"},"inLanguage":"fr-FR","potentialAction":[{"@type":"ReadAction","target":["https:\/\/www.artesane.com\/le-journal\/arts-plastiques\/interview-tohu-bohu\/"]}]},{"@type":"ImageObject","inLanguage":"fr-FR","@id":"https:\/\/www.artesane.com\/le-journal\/arts-plastiques\/interview-tohu-bohu\/#primaryimage","url":"https:\/\/www.artesane.com\/le-journal\/arts-plastiques\/wp-content\/uploads\/2021\/03\/1.png","contentUrl":"https:\/\/www.artesane.com\/le-journal\/arts-plastiques\/wp-content\/uploads\/2021\/03\/1.png","width":1440,"height":960},{"@type":"BreadcrumbList","@id":"https:\/\/www.artesane.com\/le-journal\/arts-plastiques\/interview-tohu-bohu\/#breadcrumb","itemListElement":[{"@type":"ListItem","position":1,"name":"Accueil","item":"https:\/\/www.artesane.com\/le-journal\/arts-plastiques\/"},{"@type":"ListItem","position":2,"name":"Interview Tohu-Bohu"}]},{"@type":"WebSite","@id":"https:\/\/www.artesane.com\/le-journal\/arts-plastiques\/#website","url":"https:\/\/www.artesane.com\/le-journal\/arts-plastiques\/","name":"Journal Artesane - Arts Plastiques","description":"","publisher":{"@id":"https:\/\/www.artesane.com\/le-journal\/arts-plastiques\/#organization"},"potentialAction":[{"@type":"SearchAction","target":{"@type":"EntryPoint","urlTemplate":"https:\/\/www.artesane.com\/le-journal\/arts-plastiques\/?s={search_term_string}"},"query-input":{"@type":"PropertyValueSpecification","valueRequired":true,"valueName":"search_term_string"}}],"inLanguage":"fr-FR"},{"@type":"Organization","@id":"https:\/\/www.artesane.com\/le-journal\/arts-plastiques\/#organization","name":"Artesane","url":"https:\/\/www.artesane.com\/le-journal\/arts-plastiques\/","logo":{"@type":"ImageObject","inLanguage":"fr-FR","@id":"https:\/\/www.artesane.com\/le-journal\/arts-plastiques\/#\/schema\/logo\/image\/","url":"https:\/\/www.artesane.com\/le-journal\/arts-plastiques\/wp-content\/uploads\/2022\/05\/logo-simple.png","contentUrl":"https:\/\/www.artesane.com\/le-journal\/arts-plastiques\/wp-content\/uploads\/2022\/05\/logo-simple.png","width":1166,"height":201,"caption":"Artesane"},"image":{"@id":"https:\/\/www.artesane.com\/le-journal\/arts-plastiques\/#\/schema\/logo\/image\/"},"sameAs":["https:\/\/www.facebook.com\/artesanefrance","https:\/\/www.instagram.com\/artesane_france\/","https:\/\/fr.linkedin.com\/company\/artesane","https:\/\/www.pinterest.fr\/ArtesaneFrance\/","https:\/\/www.youtube.com\/c\/Artesane_lesvideos","https:\/\/www.twitch.tv\/artesane?lang=fr","https:\/\/open.spotify.com\/show\/2gdmkyp7IoWhWpDRk3G71I"]},{"@type":"Person","@id":"https:\/\/www.artesane.com\/le-journal\/arts-plastiques\/#\/schema\/person\/71f2b2fe92b5a70a7340cbf22d0d5429","name":"camille.d"}]}},"_links":{"self":[{"href":"https:\/\/www.artesane.com\/le-journal\/arts-plastiques\/wp-json\/wp\/v2\/posts\/11482","targetHints":{"allow":["GET"]}}],"collection":[{"href":"https:\/\/www.artesane.com\/le-journal\/arts-plastiques\/wp-json\/wp\/v2\/posts"}],"about":[{"href":"https:\/\/www.artesane.com\/le-journal\/arts-plastiques\/wp-json\/wp\/v2\/types\/post"}],"author":[{"embeddable":true,"href":"https:\/\/www.artesane.com\/le-journal\/arts-plastiques\/wp-json\/wp\/v2\/users\/11"}],"replies":[{"embeddable":true,"href":"https:\/\/www.artesane.com\/le-journal\/arts-plastiques\/wp-json\/wp\/v2\/comments?post=11482"}],"version-history":[{"count":1,"href":"https:\/\/www.artesane.com\/le-journal\/arts-plastiques\/wp-json\/wp\/v2\/posts\/11482\/revisions"}],"predecessor-version":[{"id":13417,"href":"https:\/\/www.artesane.com\/le-journal\/arts-plastiques\/wp-json\/wp\/v2\/posts\/11482\/revisions\/13417"}],"wp:featuredmedia":[{"embeddable":true,"href":"https:\/\/www.artesane.com\/le-journal\/arts-plastiques\/wp-json\/wp\/v2\/media\/11500"}],"wp:attachment":[{"href":"https:\/\/www.artesane.com\/le-journal\/arts-plastiques\/wp-json\/wp\/v2\/media?parent=11482"}],"wp:term":[{"taxonomy":"category","embeddable":true,"href":"https:\/\/www.artesane.com\/le-journal\/arts-plastiques\/wp-json\/wp\/v2\/categories?post=11482"},{"taxonomy":"post_tag","embeddable":true,"href":"https:\/\/www.artesane.com\/le-journal\/arts-plastiques\/wp-json\/wp\/v2\/tags?post=11482"}],"curies":[{"name":"wp","href":"https:\/\/api.w.org\/{rel}","templated":true}]}}