{"id":11542,"date":"2021-04-15T15:04:34","date_gmt":"2021-04-15T13:04:34","guid":{"rendered":"https:\/\/le-journal.artesane.com\/?p=11542"},"modified":"2022-05-25T15:26:43","modified_gmt":"2022-05-25T13:26:43","slug":"memo-des-proportions-du-corps-humain","status":"publish","type":"post","link":"https:\/\/www.artesane.com\/le-journal\/arts-plastiques\/memo-des-proportions-du-corps-humain\/","title":{"rendered":"M\u00e9mo des proportions du corps humain"},"content":{"rendered":"<p>Dessiner le corps humain est un exercice d&rsquo;observation qui n\u00e9cessite rapidit\u00e9 et pr\u00e9cision. Si vous dessinez d&rsquo;apr\u00e8s nature, il est rare que votre mod\u00e8le reste immobile pendant une longue p\u00e9riode ce qui vous incite \u00e0 travailler vite. De plus, un dessin du corps mal proportionn\u00e9 peut donner \u00e0 votre dessin un c\u00f4t\u00e9 bancal.<\/p>\n<p>Nous vous avons donc pr\u00e9par\u00e9 dans cet article un m\u00e9mo r\u00e9capitulatif des proportions corporelles. Ces proportions sont donn\u00e9es \u00e0 titre d&rsquo;exemple et correspondent \u00e0 la mani\u00e8re la plus courante de dessiner les personnages. Evidemment, tous les types de mod\u00e8les ne rentreront pas dans cette classification. Vous pouvez tout de m\u00eame vous en servir comme un point de rep\u00e8re pour \u00e9valuer les proportions de votre dessin, ou faire \u00e9voluer ces proportions en fonction de votre style.<\/p>\n<div id=\"ez-toc-container\" class=\"ez-toc-v2_0_80 counter-hierarchy ez-toc-counter ez-toc-grey ez-toc-container-direction\">\n<div class=\"ez-toc-title-container\">\n<p class=\"ez-toc-title\" style=\"cursor:inherit\">Table of Contents<\/p>\n<span class=\"ez-toc-title-toggle\"><a href=\"#\" class=\"ez-toc-pull-right ez-toc-btn ez-toc-btn-xs ez-toc-btn-default ez-toc-toggle\" aria-label=\"Toggle Table of Content\"><span class=\"ez-toc-js-icon-con\"><span class=\"\"><span class=\"eztoc-hide\" style=\"display:none;\">Toggle<\/span><span class=\"ez-toc-icon-toggle-span\"><svg style=\"fill: #999;color:#999\" xmlns=\"http:\/\/www.w3.org\/2000\/svg\" class=\"list-377408\" width=\"20px\" height=\"20px\" viewBox=\"0 0 24 24\" fill=\"none\"><path d=\"M6 6H4v2h2V6zm14 0H8v2h12V6zM4 11h2v2H4v-2zm16 0H8v2h12v-2zM4 16h2v2H4v-2zm16 0H8v2h12v-2z\" fill=\"currentColor\"><\/path><\/svg><svg style=\"fill: #999;color:#999\" class=\"arrow-unsorted-368013\" xmlns=\"http:\/\/www.w3.org\/2000\/svg\" width=\"10px\" height=\"10px\" viewBox=\"0 0 24 24\" version=\"1.2\" baseProfile=\"tiny\"><path d=\"M18.2 9.3l-6.2-6.3-6.2 6.3c-.2.2-.3.4-.3.7s.1.5.3.7c.2.2.4.3.7.3h11c.3 0 .5-.1.7-.3.2-.2.3-.5.3-.7s-.1-.5-.3-.7zM5.8 14.7l6.2 6.3 6.2-6.3c.2-.2.3-.5.3-.7s-.1-.5-.3-.7c-.2-.2-.4-.3-.7-.3h-11c-.3 0-.5.1-.7.3-.2.2-.3.5-.3.7s.1.5.3.7z\"\/><\/svg><\/span><\/span><\/span><\/a><\/span><\/div>\n<nav><ul class='ez-toc-list ez-toc-list-level-1 ' ><li class='ez-toc-page-1 ez-toc-heading-level-3'><a class=\"ez-toc-link ez-toc-heading-1\" href=\"https:\/\/www.artesane.com\/le-journal\/arts-plastiques\/memo-des-proportions-du-corps-humain\/#Le_canon_a_8_tetes\" >Le canon \u00e0 8 t\u00eates<\/a><\/li><li class='ez-toc-page-1 ez-toc-heading-level-3'><a class=\"ez-toc-link ez-toc-heading-2\" href=\"https:\/\/www.artesane.com\/le-journal\/arts-plastiques\/memo-des-proportions-du-corps-humain\/#Placer_ses_reperes\" >Placer ses rep\u00e8res<\/a><\/li><li class='ez-toc-page-1 ez-toc-heading-level-3'><a class=\"ez-toc-link ez-toc-heading-3\" href=\"https:\/\/www.artesane.com\/le-journal\/arts-plastiques\/memo-des-proportions-du-corps-humain\/#Quelques_inspirations%E2%80%A6\" >Quelques inspirations&#8230;<\/a><\/li><\/ul><\/nav><\/div>\n<h3><span class=\"ez-toc-section\" id=\"Le_canon_a_8_tetes\"><\/span>Le canon \u00e0 8 t\u00eates<span class=\"ez-toc-section-end\"><\/span><\/h3>\n<p>Bien que son nom ait l&rsquo;air inspir\u00e9 de celui d&rsquo;une b\u00eate mythologique, il n&rsquo;en est rien. Le canon \u00e0 huit t\u00eates est un standard de dessin largement r\u00e9pandu dans le croquis de personnages. Il signifie simplement que la hauteur totale de votre mod\u00e8le est \u00e9gale \u00e0 huit fois la hauteur de sa t\u00eate.<\/p>\n<p>Comme vous pouvez le voir sur le dessin issu du cours \u00ab\u00a0<a href=\"https:\/\/www.artesane.com\/fr\/products\/le-croquis-de-personnages\">Le croquis de personnage<\/a>\u00a0\u00bb de <a href=\"https:\/\/www.instagram.com\/madamedessine\/\">Madame Dessine<\/a>, la plupart des personnages de ce dessin d&rsquo;observation respectent ce canon. Ce qui leur donne une allure et une proportion cr\u00e9dible et donne une coh\u00e9rence au dessin g\u00e9n\u00e9ral.<\/p>\n<p><img loading=\"lazy\" decoding=\"async\" class=\"alignnone wp-image-11544\" title=\"Madame Dessine - Le croquis de personnage\" src=\"https:\/\/le-journal.artesane.com\/wp-content\/uploads\/2021\/04\/IMAGE1-300x188.png\" alt=\"Madame Dessine - Le croquis de personnage\" width=\"745\" height=\"467\" srcset=\"https:\/\/www.artesane.com\/le-journal\/arts-plastiques\/wp-content\/uploads\/2021\/04\/IMAGE1-300x188.png 300w, https:\/\/www.artesane.com\/le-journal\/arts-plastiques\/wp-content\/uploads\/2021\/04\/IMAGE1-768x480.png 768w, https:\/\/www.artesane.com\/le-journal\/arts-plastiques\/wp-content\/uploads\/2021\/04\/IMAGE1.png 800w\" sizes=\"auto, (max-width: 745px) 100vw, 745px\" \/><\/p>\n<p>D&rsquo;autres types de dessin comme le dessin de mode par exemple utilisent des canons diff\u00e9rents, \u00e0 9 t\u00eates en rallongeant les jambes pour donner une allure plus \u00e9lanc\u00e9e aux silhouettes. Les enfants ont une t\u00eate proportionnellement beaucoup plus grosse que les adultes et ne rentreront pas dans ce canon \u00e0 8 t\u00eates.<\/p>\n<p>Vous pouvez utiliser la t\u00eate de votre mod\u00e8le comme r\u00e9f\u00e9rence pour le reste de votre dessin. Ainsi, vous aurez plus de chances de dessiner un personnage de bonne taille, sans disproportionner une partie de son corps.<\/p>\n<p>En fonction de votre style, vous pouvez aussi vous approprier ce canon et le modifier pour donner de la personnalit\u00e9 et une patte \u00e0 votre dessin en rallongeant les jambes ou le torse par exemple.<\/p>\n<h3><span class=\"ez-toc-section\" id=\"Placer_ses_reperes\"><\/span>Placer ses rep\u00e8res<span class=\"ez-toc-section-end\"><\/span><\/h3>\n<p>Maintenant que vous avez d\u00e9fini la taille globale de votre personnage gr\u00e2ce \u00e0 la hauteur de sa t\u00eate, il faut savoir comment placer les diff\u00e9rents \u00e9l\u00e9ments du corps \u00e0 la bonne hauteur. \u00c0 chaque hauteur de t\u00eate correspond un point cl\u00e9 qui vous servira de point de rep\u00e8re dans votre dessin.<\/p>\n<p>Le sch\u00e9ma ci-dessous vous liste ces diff\u00e9rents points importants. Vous pouvez vous en servir soit comme point de rep\u00e8re une fois votre dessin amorc\u00e9 pour le r\u00e9\u00e9quilibrer, soit d\u00e8s le d\u00e9but de votre dessin afin de placer les \u00e9l\u00e9ments au bon endroit.<\/p>\n<p><img loading=\"lazy\" decoding=\"async\" class=\"alignnone wp-image-11545\" title=\"Madame Dessine - Le croquis de personnage\" src=\"https:\/\/le-journal.artesane.com\/wp-content\/uploads\/2021\/04\/IMAGE2-300x188.png\" alt=\"Madame Dessine - Le croquis de personnage\" width=\"742\" height=\"465\" srcset=\"https:\/\/www.artesane.com\/le-journal\/arts-plastiques\/wp-content\/uploads\/2021\/04\/IMAGE2-300x188.png 300w, https:\/\/www.artesane.com\/le-journal\/arts-plastiques\/wp-content\/uploads\/2021\/04\/IMAGE2-768x480.png 768w, https:\/\/www.artesane.com\/le-journal\/arts-plastiques\/wp-content\/uploads\/2021\/04\/IMAGE2.png 800w\" sizes=\"auto, (max-width: 742px) 100vw, 742px\" \/><\/p>\n<p>Cependant, ces points cl\u00e9s ne sont donn\u00e9s qu&rsquo;\u00e0 titre indicatif. Un croquis de personnage n&rsquo;est pas un dessin technique. Il est plus vivant et par cons\u00e9quent moins pr\u00e9cis. Ne prenez donc pas ces r\u00e8gles comme \u00e9tant immuables. Il faudra vous les approprier et cr\u00e9er des personnages vivants qui vous ressemblent.<\/p>\n<h3><span class=\"ez-toc-section\" id=\"Quelques_inspirations%E2%80%A6\"><\/span>Quelques inspirations&#8230;<span class=\"ez-toc-section-end\"><\/span><\/h3>\n\n\t\t<style type=\"text\/css\">\n\t\t\t#gallery-1 {\n\t\t\t\tmargin: auto;\n\t\t\t}\n\t\t\t#gallery-1 .gallery-item {\n\t\t\t\tfloat: left;\n\t\t\t\tmargin-top: 10px;\n\t\t\t\ttext-align: center;\n\t\t\t\twidth: 25%;\n\t\t\t}\n\t\t\t#gallery-1 img {\n\t\t\t\tborder: 2px solid #cfcfcf;\n\t\t\t}\n\t\t\t#gallery-1 .gallery-caption {\n\t\t\t\tmargin-left: 0;\n\t\t\t}\n\t\t\t\/* see gallery_shortcode() in wp-includes\/media.php *\/\n\t\t<\/style>\n\t\t<div id='gallery-1' class='gallery galleryid-11542 gallery-columns-4 gallery-size-thumbnail'><dl class='gallery-item'>\n\t\t\t<dt class='gallery-icon portrait'>\n\t\t\t\t<a href='https:\/\/www.artesane.com\/le-journal\/arts-plastiques\/brandon-atchison-unsplash\/'><img loading=\"lazy\" decoding=\"async\" width=\"150\" height=\"150\" src=\"https:\/\/www.artesane.com\/le-journal\/arts-plastiques\/wp-content\/uploads\/2021\/04\/brandon-atchison-unsplash-150x150.jpeg\" class=\"attachment-thumbnail size-thumbnail\" alt=\"\" \/><\/a>\n\t\t\t<\/dt><\/dl><dl class='gallery-item'>\n\t\t\t<dt class='gallery-icon portrait'>\n\t\t\t\t<a href='https:\/\/www.artesane.com\/le-journal\/arts-plastiques\/sour-moha-unsplash\/'><img loading=\"lazy\" decoding=\"async\" width=\"150\" height=\"150\" src=\"https:\/\/www.artesane.com\/le-journal\/arts-plastiques\/wp-content\/uploads\/2021\/04\/sour-moha-unsplash-150x150.jpeg\" class=\"attachment-thumbnail size-thumbnail\" alt=\"\" \/><\/a>\n\t\t\t<\/dt><\/dl><dl class='gallery-item'>\n\t\t\t<dt class='gallery-icon portrait'>\n\t\t\t\t<a href='https:\/\/www.artesane.com\/le-journal\/arts-plastiques\/erwans-socks-unsplash\/'><img loading=\"lazy\" decoding=\"async\" width=\"150\" height=\"150\" src=\"https:\/\/www.artesane.com\/le-journal\/arts-plastiques\/wp-content\/uploads\/2021\/04\/erwans-socks-unsplash-150x150.jpeg\" class=\"attachment-thumbnail size-thumbnail\" alt=\"\" \/><\/a>\n\t\t\t<\/dt><\/dl><dl class='gallery-item'>\n\t\t\t<dt class='gallery-icon portrait'>\n\t\t\t\t<a href='https:\/\/www.artesane.com\/le-journal\/arts-plastiques\/fum-unsplash\/'><img loading=\"lazy\" decoding=\"async\" width=\"150\" height=\"150\" src=\"https:\/\/www.artesane.com\/le-journal\/arts-plastiques\/wp-content\/uploads\/2021\/04\/fum-unsplash-150x150.jpeg\" class=\"attachment-thumbnail size-thumbnail\" alt=\"\" \/><\/a>\n\t\t\t<\/dt><\/dl><br style=\"clear: both\" \/><dl class='gallery-item'>\n\t\t\t<dt class='gallery-icon portrait'>\n\t\t\t\t<a href='https:\/\/www.artesane.com\/le-journal\/arts-plastiques\/sara-bertoni-unsplash\/'><img loading=\"lazy\" decoding=\"async\" width=\"150\" height=\"150\" src=\"https:\/\/www.artesane.com\/le-journal\/arts-plastiques\/wp-content\/uploads\/2021\/04\/sara-bertoni-unsplash-150x150.jpeg\" class=\"attachment-thumbnail size-thumbnail\" alt=\"\" \/><\/a>\n\t\t\t<\/dt><\/dl><dl class='gallery-item'>\n\t\t\t<dt class='gallery-icon portrait'>\n\t\t\t\t<a href='https:\/\/www.artesane.com\/le-journal\/arts-plastiques\/charly-pn-unsplash\/'><img loading=\"lazy\" decoding=\"async\" width=\"150\" height=\"150\" src=\"https:\/\/www.artesane.com\/le-journal\/arts-plastiques\/wp-content\/uploads\/2021\/04\/charly-pn-unsplash-150x150.jpeg\" class=\"attachment-thumbnail size-thumbnail\" alt=\"\" \/><\/a>\n\t\t\t<\/dt><\/dl><dl class='gallery-item'>\n\t\t\t<dt class='gallery-icon portrait'>\n\t\t\t\t<a href='https:\/\/www.artesane.com\/le-journal\/arts-plastiques\/tani-olorunyomi-unsplash\/'><img loading=\"lazy\" decoding=\"async\" width=\"150\" height=\"150\" src=\"https:\/\/www.artesane.com\/le-journal\/arts-plastiques\/wp-content\/uploads\/2021\/04\/tani-olorunyomi-unsplash-150x150.jpeg\" class=\"attachment-thumbnail size-thumbnail\" alt=\"\" \/><\/a>\n\t\t\t<\/dt><\/dl><dl class='gallery-item'>\n\t\t\t<dt class='gallery-icon portrait'>\n\t\t\t\t<a href='https:\/\/www.artesane.com\/le-journal\/arts-plastiques\/david-suarez-unsplash\/'><img loading=\"lazy\" decoding=\"async\" width=\"150\" height=\"150\" src=\"https:\/\/www.artesane.com\/le-journal\/arts-plastiques\/wp-content\/uploads\/2021\/04\/david-suarez-unsplash-150x150.jpeg\" class=\"attachment-thumbnail size-thumbnail\" alt=\"\" \/><\/a>\n\t\t\t<\/dt><\/dl><br style=\"clear: both\" \/><dl class='gallery-item'>\n\t\t\t<dt class='gallery-icon portrait'>\n\t\t\t\t<a href='https:\/\/www.artesane.com\/le-journal\/arts-plastiques\/anna-stampfli-unsplash\/'><img loading=\"lazy\" decoding=\"async\" width=\"150\" height=\"150\" src=\"https:\/\/www.artesane.com\/le-journal\/arts-plastiques\/wp-content\/uploads\/2021\/04\/anna-stampfli-unsplash-150x150.jpeg\" class=\"attachment-thumbnail size-thumbnail\" alt=\"\" \/><\/a>\n\t\t\t<\/dt><\/dl><dl class='gallery-item'>\n\t\t\t<dt class='gallery-icon portrait'>\n\t\t\t\t<a href='https:\/\/www.artesane.com\/le-journal\/arts-plastiques\/visual-karsa-unsplash\/'><img loading=\"lazy\" decoding=\"async\" width=\"150\" height=\"150\" src=\"https:\/\/www.artesane.com\/le-journal\/arts-plastiques\/wp-content\/uploads\/2021\/04\/visual-karsa-unsplash-150x150.jpeg\" class=\"attachment-thumbnail size-thumbnail\" alt=\"\" \/><\/a>\n\t\t\t<\/dt><\/dl><dl class='gallery-item'>\n\t\t\t<dt class='gallery-icon portrait'>\n\t\t\t\t<a href='https:\/\/www.artesane.com\/le-journal\/arts-plastiques\/ivan-tsaregorodtsev-unsplash\/'><img loading=\"lazy\" decoding=\"async\" width=\"150\" height=\"150\" src=\"https:\/\/www.artesane.com\/le-journal\/arts-plastiques\/wp-content\/uploads\/2021\/04\/ivan-tsaregorodtsev-unsplash-150x150.jpeg\" class=\"attachment-thumbnail size-thumbnail\" alt=\"\" \/><\/a>\n\t\t\t<\/dt><\/dl>\n\t\t\t<br style='clear: both' \/>\n\t\t<\/div>\n\n","protected":false},"excerpt":{"rendered":"<p>Dessiner le corps humain est un exercice d&rsquo;observation qui n\u00e9cessite rapidit\u00e9 et pr\u00e9cision. Si vous dessinez d&rsquo;apr\u00e8s nature, il est rare que votre mod\u00e8le reste immobile pendant une longue p\u00e9riode ce qui vous incite \u00e0 travailler vite. De plus, un dessin du corps mal proportionn\u00e9 peut donner \u00e0 votre dessin un c\u00f4t\u00e9 bancal. Nous vous [&hellip;]<\/p>\n","protected":false},"author":12,"featured_media":11543,"comment_status":"open","ping_status":"open","sticky":false,"template":"","format":"standard","meta":{"_et_pb_use_builder":"","_et_pb_old_content":"","_et_gb_content_width":"","_exactmetrics_skip_tracking":false,"_exactmetrics_sitenote_active":false,"_exactmetrics_sitenote_note":"","_exactmetrics_sitenote_category":0,"footnotes":""},"categories":[914],"tags":[892,893,503,894,895,896,897,898],"class_list":["post-11542","post","type-post","status-publish","format-standard","has-post-thumbnail","hentry","category-dessin-et-peinture","tag-canon-a-8-tetes","tag-corps-humain","tag-croquis","tag-croquis-de-personnage","tag-dessiner-un-croquis","tag-dessiner-un-croquis-de-personnage","tag-personnage","tag-proportion"],"yoast_head":"<!-- This site is optimized with the Yoast SEO plugin v27.5 - https:\/\/yoast.com\/product\/yoast-seo-wordpress\/ -->\n<title>M\u00e9mo des proportions du corps humain - Journal Artesane - Arts Plastiques<\/title>\n<meta name=\"description\" content=\"D\u00e9couvrez la fiche r\u00e9capitulative des points de rep\u00e8re \u00e0 savoir des proportions du corps, utiles pour du croquis de personnage !\" \/>\n<meta name=\"robots\" content=\"index, follow, max-snippet:-1, max-image-preview:large, max-video-preview:-1\" \/>\n<link rel=\"canonical\" href=\"https:\/\/www.artesane.com\/le-journal\/arts-plastiques\/memo-des-proportions-du-corps-humain\/\" \/>\n<meta property=\"og:locale\" content=\"fr_FR\" \/>\n<meta property=\"og:type\" content=\"article\" \/>\n<meta property=\"og:title\" content=\"M\u00e9mo des proportions du corps humain - Journal Artesane - Arts Plastiques\" \/>\n<meta property=\"og:description\" content=\"D\u00e9couvrez la fiche r\u00e9capitulative des points de rep\u00e8re \u00e0 savoir des proportions du corps, utiles pour du croquis de personnage !\" \/>\n<meta property=\"og:url\" content=\"https:\/\/www.artesane.com\/le-journal\/arts-plastiques\/memo-des-proportions-du-corps-humain\/\" \/>\n<meta property=\"og:site_name\" content=\"Journal Artesane - Arts Plastiques\" \/>\n<meta property=\"article:publisher\" content=\"https:\/\/www.facebook.com\/artesanefrance\" \/>\n<meta property=\"article:published_time\" content=\"2021-04-15T13:04:34+00:00\" \/>\n<meta property=\"article:modified_time\" content=\"2022-05-25T13:26:43+00:00\" \/>\n<meta property=\"og:image\" content=\"https:\/\/www.artesane.com\/le-journal\/arts-plastiques\/wp-content\/uploads\/2021\/04\/couverture.png\" \/>\n\t<meta property=\"og:image:width\" content=\"1920\" \/>\n\t<meta property=\"og:image:height\" content=\"1080\" \/>\n\t<meta property=\"og:image:type\" content=\"image\/png\" \/>\n<meta name=\"author\" content=\"Anissa.L\" \/>\n<meta name=\"twitter:card\" content=\"summary_large_image\" \/>\n<meta name=\"twitter:label1\" content=\"\u00c9crit par\" \/>\n\t<meta name=\"twitter:data1\" content=\"Anissa.L\" \/>\n\t<meta name=\"twitter:label2\" content=\"Dur\u00e9e de lecture estim\u00e9e\" \/>\n\t<meta name=\"twitter:data2\" content=\"3 minutes\" \/>\n<script type=\"application\/ld+json\" class=\"yoast-schema-graph\">{\"@context\":\"https:\\\/\\\/schema.org\",\"@graph\":[{\"@type\":\"Article\",\"@id\":\"https:\\\/\\\/www.artesane.com\\\/le-journal\\\/arts-plastiques\\\/memo-des-proportions-du-corps-humain\\\/#article\",\"isPartOf\":{\"@id\":\"https:\\\/\\\/www.artesane.com\\\/le-journal\\\/arts-plastiques\\\/memo-des-proportions-du-corps-humain\\\/\"},\"author\":{\"name\":\"Anissa.L\",\"@id\":\"https:\\\/\\\/www.artesane.com\\\/le-journal\\\/arts-plastiques\\\/#\\\/schema\\\/person\\\/8799f8d1364156316086d119a2902b35\"},\"headline\":\"M\u00e9mo des proportions du corps humain\",\"datePublished\":\"2021-04-15T13:04:34+00:00\",\"dateModified\":\"2022-05-25T13:26:43+00:00\",\"mainEntityOfPage\":{\"@id\":\"https:\\\/\\\/www.artesane.com\\\/le-journal\\\/arts-plastiques\\\/memo-des-proportions-du-corps-humain\\\/\"},\"wordCount\":562,\"commentCount\":0,\"publisher\":{\"@id\":\"https:\\\/\\\/www.artesane.com\\\/le-journal\\\/arts-plastiques\\\/#organization\"},\"image\":{\"@id\":\"https:\\\/\\\/www.artesane.com\\\/le-journal\\\/arts-plastiques\\\/memo-des-proportions-du-corps-humain\\\/#primaryimage\"},\"thumbnailUrl\":\"https:\\\/\\\/www.artesane.com\\\/le-journal\\\/arts-plastiques\\\/wp-content\\\/uploads\\\/2021\\\/04\\\/couverture.png\",\"keywords\":[\"canon \u00e0 8 t\u00eates\",\"corps humain\",\"croquis\",\"croquis de personnage\",\"dessiner un croquis\",\"dessiner un croquis de personnage\",\"personnage\",\"proportion\"],\"articleSection\":[\"Dessin et peinture\"],\"inLanguage\":\"fr-FR\",\"potentialAction\":[{\"@type\":\"CommentAction\",\"name\":\"Comment\",\"target\":[\"https:\\\/\\\/www.artesane.com\\\/le-journal\\\/arts-plastiques\\\/memo-des-proportions-du-corps-humain\\\/#respond\"]}]},{\"@type\":\"WebPage\",\"@id\":\"https:\\\/\\\/www.artesane.com\\\/le-journal\\\/arts-plastiques\\\/memo-des-proportions-du-corps-humain\\\/\",\"url\":\"https:\\\/\\\/www.artesane.com\\\/le-journal\\\/arts-plastiques\\\/memo-des-proportions-du-corps-humain\\\/\",\"name\":\"M\u00e9mo des proportions du corps humain - Journal Artesane - Arts Plastiques\",\"isPartOf\":{\"@id\":\"https:\\\/\\\/www.artesane.com\\\/le-journal\\\/arts-plastiques\\\/#website\"},\"primaryImageOfPage\":{\"@id\":\"https:\\\/\\\/www.artesane.com\\\/le-journal\\\/arts-plastiques\\\/memo-des-proportions-du-corps-humain\\\/#primaryimage\"},\"image\":{\"@id\":\"https:\\\/\\\/www.artesane.com\\\/le-journal\\\/arts-plastiques\\\/memo-des-proportions-du-corps-humain\\\/#primaryimage\"},\"thumbnailUrl\":\"https:\\\/\\\/www.artesane.com\\\/le-journal\\\/arts-plastiques\\\/wp-content\\\/uploads\\\/2021\\\/04\\\/couverture.png\",\"datePublished\":\"2021-04-15T13:04:34+00:00\",\"dateModified\":\"2022-05-25T13:26:43+00:00\",\"description\":\"D\u00e9couvrez la fiche r\u00e9capitulative des points de rep\u00e8re \u00e0 savoir des proportions du corps, utiles pour du croquis de personnage !\",\"breadcrumb\":{\"@id\":\"https:\\\/\\\/www.artesane.com\\\/le-journal\\\/arts-plastiques\\\/memo-des-proportions-du-corps-humain\\\/#breadcrumb\"},\"inLanguage\":\"fr-FR\",\"potentialAction\":[{\"@type\":\"ReadAction\",\"target\":[\"https:\\\/\\\/www.artesane.com\\\/le-journal\\\/arts-plastiques\\\/memo-des-proportions-du-corps-humain\\\/\"]}]},{\"@type\":\"ImageObject\",\"inLanguage\":\"fr-FR\",\"@id\":\"https:\\\/\\\/www.artesane.com\\\/le-journal\\\/arts-plastiques\\\/memo-des-proportions-du-corps-humain\\\/#primaryimage\",\"url\":\"https:\\\/\\\/www.artesane.com\\\/le-journal\\\/arts-plastiques\\\/wp-content\\\/uploads\\\/2021\\\/04\\\/couverture.png\",\"contentUrl\":\"https:\\\/\\\/www.artesane.com\\\/le-journal\\\/arts-plastiques\\\/wp-content\\\/uploads\\\/2021\\\/04\\\/couverture.png\",\"width\":1920,\"height\":1080},{\"@type\":\"BreadcrumbList\",\"@id\":\"https:\\\/\\\/www.artesane.com\\\/le-journal\\\/arts-plastiques\\\/memo-des-proportions-du-corps-humain\\\/#breadcrumb\",\"itemListElement\":[{\"@type\":\"ListItem\",\"position\":1,\"name\":\"Accueil\",\"item\":\"https:\\\/\\\/www.artesane.com\\\/le-journal\\\/arts-plastiques\\\/\"},{\"@type\":\"ListItem\",\"position\":2,\"name\":\"M\u00e9mo des proportions du corps humain\"}]},{\"@type\":\"WebSite\",\"@id\":\"https:\\\/\\\/www.artesane.com\\\/le-journal\\\/arts-plastiques\\\/#website\",\"url\":\"https:\\\/\\\/www.artesane.com\\\/le-journal\\\/arts-plastiques\\\/\",\"name\":\"Journal Artesane - Arts Plastiques\",\"description\":\"\",\"publisher\":{\"@id\":\"https:\\\/\\\/www.artesane.com\\\/le-journal\\\/arts-plastiques\\\/#organization\"},\"potentialAction\":[{\"@type\":\"SearchAction\",\"target\":{\"@type\":\"EntryPoint\",\"urlTemplate\":\"https:\\\/\\\/www.artesane.com\\\/le-journal\\\/arts-plastiques\\\/?s={search_term_string}\"},\"query-input\":{\"@type\":\"PropertyValueSpecification\",\"valueRequired\":true,\"valueName\":\"search_term_string\"}}],\"inLanguage\":\"fr-FR\"},{\"@type\":\"Organization\",\"@id\":\"https:\\\/\\\/www.artesane.com\\\/le-journal\\\/arts-plastiques\\\/#organization\",\"name\":\"Artesane\",\"url\":\"https:\\\/\\\/www.artesane.com\\\/le-journal\\\/arts-plastiques\\\/\",\"logo\":{\"@type\":\"ImageObject\",\"inLanguage\":\"fr-FR\",\"@id\":\"https:\\\/\\\/www.artesane.com\\\/le-journal\\\/arts-plastiques\\\/#\\\/schema\\\/logo\\\/image\\\/\",\"url\":\"https:\\\/\\\/www.artesane.com\\\/le-journal\\\/arts-plastiques\\\/wp-content\\\/uploads\\\/2022\\\/05\\\/logo-simple.png\",\"contentUrl\":\"https:\\\/\\\/www.artesane.com\\\/le-journal\\\/arts-plastiques\\\/wp-content\\\/uploads\\\/2022\\\/05\\\/logo-simple.png\",\"width\":1166,\"height\":201,\"caption\":\"Artesane\"},\"image\":{\"@id\":\"https:\\\/\\\/www.artesane.com\\\/le-journal\\\/arts-plastiques\\\/#\\\/schema\\\/logo\\\/image\\\/\"},\"sameAs\":[\"https:\\\/\\\/www.facebook.com\\\/artesanefrance\",\"https:\\\/\\\/www.instagram.com\\\/artesane_france\\\/\",\"https:\\\/\\\/fr.linkedin.com\\\/company\\\/artesane\",\"https:\\\/\\\/www.pinterest.fr\\\/ArtesaneFrance\\\/\",\"https:\\\/\\\/www.youtube.com\\\/c\\\/Artesane_lesvideos\",\"https:\\\/\\\/www.twitch.tv\\\/artesane?lang=fr\",\"https:\\\/\\\/open.spotify.com\\\/show\\\/2gdmkyp7IoWhWpDRk3G71I\"]},{\"@type\":\"Person\",\"@id\":\"https:\\\/\\\/www.artesane.com\\\/le-journal\\\/arts-plastiques\\\/#\\\/schema\\\/person\\\/8799f8d1364156316086d119a2902b35\",\"name\":\"Anissa.L\"}]}<\/script>\n<!-- \/ Yoast SEO plugin. -->","yoast_head_json":{"title":"M\u00e9mo des proportions du corps humain - Journal Artesane - Arts Plastiques","description":"D\u00e9couvrez la fiche r\u00e9capitulative des points de rep\u00e8re \u00e0 savoir des proportions du corps, utiles pour du croquis de personnage !","robots":{"index":"index","follow":"follow","max-snippet":"max-snippet:-1","max-image-preview":"max-image-preview:large","max-video-preview":"max-video-preview:-1"},"canonical":"https:\/\/www.artesane.com\/le-journal\/arts-plastiques\/memo-des-proportions-du-corps-humain\/","og_locale":"fr_FR","og_type":"article","og_title":"M\u00e9mo des proportions du corps humain - Journal Artesane - Arts Plastiques","og_description":"D\u00e9couvrez la fiche r\u00e9capitulative des points de rep\u00e8re \u00e0 savoir des proportions du corps, utiles pour du croquis de personnage !","og_url":"https:\/\/www.artesane.com\/le-journal\/arts-plastiques\/memo-des-proportions-du-corps-humain\/","og_site_name":"Journal Artesane - Arts Plastiques","article_publisher":"https:\/\/www.facebook.com\/artesanefrance","article_published_time":"2021-04-15T13:04:34+00:00","article_modified_time":"2022-05-25T13:26:43+00:00","og_image":[{"width":1920,"height":1080,"url":"https:\/\/www.artesane.com\/le-journal\/arts-plastiques\/wp-content\/uploads\/2021\/04\/couverture.png","type":"image\/png"}],"author":"Anissa.L","twitter_card":"summary_large_image","twitter_misc":{"\u00c9crit par":"Anissa.L","Dur\u00e9e de lecture estim\u00e9e":"3 minutes"},"schema":{"@context":"https:\/\/schema.org","@graph":[{"@type":"Article","@id":"https:\/\/www.artesane.com\/le-journal\/arts-plastiques\/memo-des-proportions-du-corps-humain\/#article","isPartOf":{"@id":"https:\/\/www.artesane.com\/le-journal\/arts-plastiques\/memo-des-proportions-du-corps-humain\/"},"author":{"name":"Anissa.L","@id":"https:\/\/www.artesane.com\/le-journal\/arts-plastiques\/#\/schema\/person\/8799f8d1364156316086d119a2902b35"},"headline":"M\u00e9mo des proportions du corps humain","datePublished":"2021-04-15T13:04:34+00:00","dateModified":"2022-05-25T13:26:43+00:00","mainEntityOfPage":{"@id":"https:\/\/www.artesane.com\/le-journal\/arts-plastiques\/memo-des-proportions-du-corps-humain\/"},"wordCount":562,"commentCount":0,"publisher":{"@id":"https:\/\/www.artesane.com\/le-journal\/arts-plastiques\/#organization"},"image":{"@id":"https:\/\/www.artesane.com\/le-journal\/arts-plastiques\/memo-des-proportions-du-corps-humain\/#primaryimage"},"thumbnailUrl":"https:\/\/www.artesane.com\/le-journal\/arts-plastiques\/wp-content\/uploads\/2021\/04\/couverture.png","keywords":["canon \u00e0 8 t\u00eates","corps humain","croquis","croquis de personnage","dessiner un croquis","dessiner un croquis de personnage","personnage","proportion"],"articleSection":["Dessin et peinture"],"inLanguage":"fr-FR","potentialAction":[{"@type":"CommentAction","name":"Comment","target":["https:\/\/www.artesane.com\/le-journal\/arts-plastiques\/memo-des-proportions-du-corps-humain\/#respond"]}]},{"@type":"WebPage","@id":"https:\/\/www.artesane.com\/le-journal\/arts-plastiques\/memo-des-proportions-du-corps-humain\/","url":"https:\/\/www.artesane.com\/le-journal\/arts-plastiques\/memo-des-proportions-du-corps-humain\/","name":"M\u00e9mo des proportions du corps humain - Journal Artesane - Arts Plastiques","isPartOf":{"@id":"https:\/\/www.artesane.com\/le-journal\/arts-plastiques\/#website"},"primaryImageOfPage":{"@id":"https:\/\/www.artesane.com\/le-journal\/arts-plastiques\/memo-des-proportions-du-corps-humain\/#primaryimage"},"image":{"@id":"https:\/\/www.artesane.com\/le-journal\/arts-plastiques\/memo-des-proportions-du-corps-humain\/#primaryimage"},"thumbnailUrl":"https:\/\/www.artesane.com\/le-journal\/arts-plastiques\/wp-content\/uploads\/2021\/04\/couverture.png","datePublished":"2021-04-15T13:04:34+00:00","dateModified":"2022-05-25T13:26:43+00:00","description":"D\u00e9couvrez la fiche r\u00e9capitulative des points de rep\u00e8re \u00e0 savoir des proportions du corps, utiles pour du croquis de personnage !","breadcrumb":{"@id":"https:\/\/www.artesane.com\/le-journal\/arts-plastiques\/memo-des-proportions-du-corps-humain\/#breadcrumb"},"inLanguage":"fr-FR","potentialAction":[{"@type":"ReadAction","target":["https:\/\/www.artesane.com\/le-journal\/arts-plastiques\/memo-des-proportions-du-corps-humain\/"]}]},{"@type":"ImageObject","inLanguage":"fr-FR","@id":"https:\/\/www.artesane.com\/le-journal\/arts-plastiques\/memo-des-proportions-du-corps-humain\/#primaryimage","url":"https:\/\/www.artesane.com\/le-journal\/arts-plastiques\/wp-content\/uploads\/2021\/04\/couverture.png","contentUrl":"https:\/\/www.artesane.com\/le-journal\/arts-plastiques\/wp-content\/uploads\/2021\/04\/couverture.png","width":1920,"height":1080},{"@type":"BreadcrumbList","@id":"https:\/\/www.artesane.com\/le-journal\/arts-plastiques\/memo-des-proportions-du-corps-humain\/#breadcrumb","itemListElement":[{"@type":"ListItem","position":1,"name":"Accueil","item":"https:\/\/www.artesane.com\/le-journal\/arts-plastiques\/"},{"@type":"ListItem","position":2,"name":"M\u00e9mo des proportions du corps humain"}]},{"@type":"WebSite","@id":"https:\/\/www.artesane.com\/le-journal\/arts-plastiques\/#website","url":"https:\/\/www.artesane.com\/le-journal\/arts-plastiques\/","name":"Journal Artesane - Arts Plastiques","description":"","publisher":{"@id":"https:\/\/www.artesane.com\/le-journal\/arts-plastiques\/#organization"},"potentialAction":[{"@type":"SearchAction","target":{"@type":"EntryPoint","urlTemplate":"https:\/\/www.artesane.com\/le-journal\/arts-plastiques\/?s={search_term_string}"},"query-input":{"@type":"PropertyValueSpecification","valueRequired":true,"valueName":"search_term_string"}}],"inLanguage":"fr-FR"},{"@type":"Organization","@id":"https:\/\/www.artesane.com\/le-journal\/arts-plastiques\/#organization","name":"Artesane","url":"https:\/\/www.artesane.com\/le-journal\/arts-plastiques\/","logo":{"@type":"ImageObject","inLanguage":"fr-FR","@id":"https:\/\/www.artesane.com\/le-journal\/arts-plastiques\/#\/schema\/logo\/image\/","url":"https:\/\/www.artesane.com\/le-journal\/arts-plastiques\/wp-content\/uploads\/2022\/05\/logo-simple.png","contentUrl":"https:\/\/www.artesane.com\/le-journal\/arts-plastiques\/wp-content\/uploads\/2022\/05\/logo-simple.png","width":1166,"height":201,"caption":"Artesane"},"image":{"@id":"https:\/\/www.artesane.com\/le-journal\/arts-plastiques\/#\/schema\/logo\/image\/"},"sameAs":["https:\/\/www.facebook.com\/artesanefrance","https:\/\/www.instagram.com\/artesane_france\/","https:\/\/fr.linkedin.com\/company\/artesane","https:\/\/www.pinterest.fr\/ArtesaneFrance\/","https:\/\/www.youtube.com\/c\/Artesane_lesvideos","https:\/\/www.twitch.tv\/artesane?lang=fr","https:\/\/open.spotify.com\/show\/2gdmkyp7IoWhWpDRk3G71I"]},{"@type":"Person","@id":"https:\/\/www.artesane.com\/le-journal\/arts-plastiques\/#\/schema\/person\/8799f8d1364156316086d119a2902b35","name":"Anissa.L"}]}},"_links":{"self":[{"href":"https:\/\/www.artesane.com\/le-journal\/arts-plastiques\/wp-json\/wp\/v2\/posts\/11542","targetHints":{"allow":["GET"]}}],"collection":[{"href":"https:\/\/www.artesane.com\/le-journal\/arts-plastiques\/wp-json\/wp\/v2\/posts"}],"about":[{"href":"https:\/\/www.artesane.com\/le-journal\/arts-plastiques\/wp-json\/wp\/v2\/types\/post"}],"author":[{"embeddable":true,"href":"https:\/\/www.artesane.com\/le-journal\/arts-plastiques\/wp-json\/wp\/v2\/users\/12"}],"replies":[{"embeddable":true,"href":"https:\/\/www.artesane.com\/le-journal\/arts-plastiques\/wp-json\/wp\/v2\/comments?post=11542"}],"version-history":[{"count":1,"href":"https:\/\/www.artesane.com\/le-journal\/arts-plastiques\/wp-json\/wp\/v2\/posts\/11542\/revisions"}],"predecessor-version":[{"id":13412,"href":"https:\/\/www.artesane.com\/le-journal\/arts-plastiques\/wp-json\/wp\/v2\/posts\/11542\/revisions\/13412"}],"wp:featuredmedia":[{"embeddable":true,"href":"https:\/\/www.artesane.com\/le-journal\/arts-plastiques\/wp-json\/wp\/v2\/media\/11543"}],"wp:attachment":[{"href":"https:\/\/www.artesane.com\/le-journal\/arts-plastiques\/wp-json\/wp\/v2\/media?parent=11542"}],"wp:term":[{"taxonomy":"category","embeddable":true,"href":"https:\/\/www.artesane.com\/le-journal\/arts-plastiques\/wp-json\/wp\/v2\/categories?post=11542"},{"taxonomy":"post_tag","embeddable":true,"href":"https:\/\/www.artesane.com\/le-journal\/arts-plastiques\/wp-json\/wp\/v2\/tags?post=11542"}],"curies":[{"name":"wp","href":"https:\/\/api.w.org\/{rel}","templated":true}]}}