{"id":11681,"date":"2021-09-09T14:39:09","date_gmt":"2021-09-09T12:39:09","guid":{"rendered":"https:\/\/le-journal.artesane.com\/?p=11681"},"modified":"2022-05-25T15:26:36","modified_gmt":"2022-05-25T13:26:36","slug":"actualite-septembre-2021","status":"publish","type":"post","link":"https:\/\/www.artesane.com\/le-journal\/arts-plastiques\/actualite-septembre-2021\/","title":{"rendered":"L&rsquo;actualit\u00e9 de septembre chez Artesane"},"content":{"rendered":"<p>[vc_row][vc_column][vc_empty_space height=\u00a0\u00bb25px\u00a0\u00bb][vc_column_text]<\/p>\n<p style=\"text-align: justify;\">\u00a0 \u00a0 Nous y voil\u00e0 ! L\u2019\u00e9quipe Artesane et ses collaborateurs se sont install\u00e9s dans de tout nouveaux locaux dans le 14<sup>e<\/sup> arrondissement de Paris. Nous sommes donc tous plus motiv\u00e9s que jamais \u00e0 vous offrir des cours et des produits de qualit\u00e9 pour vos loisirs cr\u00e9atifs et vos formations professionnelles. Cette rentr\u00e9e se fait donc sous le signe du changement, mais vous pouvez retrouver tous nos actuels <a href=\"https:\/\/www.artesane.com\/fr\/les-cours\" target=\"_blank\" rel=\"noopener\">cours de dessin et de couture<\/a> sur notre site, ainsi que nos <a href=\"https:\/\/www.artesane.com\/fr\/la-boutique\" target=\"_blank\" rel=\"noopener\">produits exclusifs<\/a>.<\/p>\n<p style=\"text-align: justify;\">Ce mois-ci, la peinture aquarelle a la cote chez Artesane, et nous vous proposons aussi de vous lancer pour devenir illustrateur. Septembre marque \u00e9galement le retour d\u2019une box couture tr\u00e8s attendue\u2026 Entre nouveaut\u00e9s et coulisses de notre rentr\u00e9e, on vous dit tout sur le programme de septembre\u00a0!<\/p>\n<p>[\/vc_column_text][vc_empty_space height=\u00a0\u00bb40px\u00a0\u00bb][\/vc_column][\/vc_row][vc_row][vc_column][vc_custom_heading text=\u00a0\u00bbLe catalogue s&rsquo;agrandit\u00a0\u00bb font_container=\u00a0\u00bbtag:h2|text_align:center|color:%23445b7b\u00a0\u00bb use_theme_fonts=\u00a0\u00bbyes\u00a0\u00bb][vc_column_text]<\/p>\n<p style=\"text-align: justify;\">\u00a0 \u00a0 \u00a0Le catalogue Artesane s&rsquo;\u00e9toffe de trois nouveaux cours d&rsquo;arts graphiques ainsi que de trois packs regroupant des cours autour de l&rsquo;aquarelle, des croquis de voyage et du logiciel <em>Procreate<\/em>.<\/p>\n<p>[\/vc_column_text][vc_empty_space height=\u00a0\u00bb40px\u00a0\u00bb][\/vc_column][\/vc_row][vc_row][vc_column][vc_column_text el_id=\u00a0\u00bbcours1&Prime;]<strong>1\/6 Je dessine un portrait r\u00e9aliste &#8211; Niveau 2<\/strong>[\/vc_column_text][\/vc_column][\/vc_row][vc_row content_placement=\u00a0\u00bbmiddle\u00a0\u00bb][vc_column width=\u00a0\u00bb11\/12&Prime;][vc_single_image image=\u00a0\u00bb11755&Prime; img_size=\u00a0\u00bblarge\u00a0\u00bb alignment=\u00a0\u00bbcenter\u00a0\u00bb][vc_empty_space height=\u00a0\u00bb25px\u00a0\u00bb][vc_column_text]<\/p>\n<p style=\"text-align: justify;\">\u00a0 \u00a0 \u00a0D\u00e9j\u00e0 chez les Romains, le portrait avait une place omnipr\u00e9sente dans la soci\u00e9t\u00e9. Symbole d\u2019honneur et de gloire par la fi\u00e8re exposition du masque d\u2019un anc\u00eatre, ou simple moyen de retrouver les <em>volumens<\/em> de son auteur favori dans l\u2019une des biblioth\u00e8ques de la Ville &#8211; en recherchant son visage dans les m\u00e9dailles rondes qui en jonchent les \u00e9tag\u00e8res -, le portrait est un exercice artistique mill\u00e9naire. Dans ce deuxi\u00e8me niveau du cours consacr\u00e9 \u00e0 cette \u00e9tude, Jean-Baptiste Vincent cherche \u00e0 donner vie aux portraits laiss\u00e9s fig\u00e9s dans son <a href=\"https:\/\/www.artesane.com\/fr\/products\/je-dessine-un-portrait-realiste\" target=\"_blank\" rel=\"noopener\">pr\u00e9c\u00e9dent cours de dessin<\/a>. Et si l\u2019\u00c9gypte des pharaons vous est plus attrayante que la Rome antique, sachez que Jean-Baptiste s\u2019attardera sur le travail des perspectives &#8211; donc du profil. La repr\u00e9sentation d\u2019un visage d\u2019homme ou de femme au crayon \u00e0 papier, prenant en compte les diff\u00e9rences morphologiques propres \u00e0 Adam et \u00e0 Eve ; un regard intense qu\u2019il soit de face ou de trois-quarts : voil\u00e0 les objectifs du nouveau cours de Jean-Baptiste, disponible le <strong>14 septembre<\/strong>.<\/p>\n<p>[\/vc_column_text][vc_empty_space][\/vc_column][vc_column width=\u00a0\u00bb1\/12&Prime;][vc_btn title=\u00a0\u00bb\u25bc\u00a0\u00bb style=\u00a0\u00bbclassic\u00a0\u00bb shape=\u00a0\u00bbsquare\u00a0\u00bb color=\u00a0\u00bbwhite\u00a0\u00bb align=\u00a0\u00bbcenter\u00a0\u00bb link=\u00a0\u00bburl:%23cours2|||\u00a0\u00bb][\/vc_column][\/vc_row][vc_row][vc_column][vc_column_text el_id=\u00a0\u00bbcours2&Prime;]<strong>2\/6 Le croquis \u00e0 l&rsquo;aquarelle<\/strong>[\/vc_column_text][\/vc_column][\/vc_row][vc_row content_placement=\u00a0\u00bbmiddle\u00a0\u00bb][vc_column width=\u00a0\u00bb11\/12&Prime;][vc_single_image image=\u00a0\u00bb11804&Prime; img_size=\u00a0\u00bblarge\u00a0\u00bb alignment=\u00a0\u00bbcenter\u00a0\u00bb][vc_empty_space height=\u00a0\u00bb25px\u00a0\u00bb][vc_column_text]<\/p>\n<p style=\"text-align: justify;\">\u00a0 \u00a0 \u00a0Delphine Priollaud-Stoclet marche dans sa ville, traverse un parc puis une zone r\u00e9sidentielle, passe devant l\u2019\u00e9picier qui ferme sa boutique. Soudain son regard se porte sur un immeuble dont elle n\u2019avait jamais remarqu\u00e9 la fa\u00e7ade singuli\u00e8re et les balcons de fer forg\u00e9. Par chance, un banc se trouve sur le trottoir d\u2019en face. Delphine s\u2019assoit, sort son carnet, et croque ce qu\u2019elle voit, par quelques gestes nerveux attentifs aux sensations plus qu\u2019\u00e0 chacun des d\u00e9tails du b\u00e2timent. M\u00ealant les techniques, elle trace des traits aux feutres fins puis ajoute de l\u2019aquarelle. Saisissant l\u2019instant, la beaut\u00e9 du moment, elle retranscrit sur sa page l\u2019atmosph\u00e8re unique de ce lieu en quelques minutes seulement. Dans ce nouveau cours, prenant la couleur pour objet de travail, Delphine vous invite \u00e0 vous reposer sur l\u2019aquarelle pour, comme elle, donner vie en quelques secondes \u00e0 vos dessins, vifs et expressifs. Capturez l\u2019essence de tous types de paysages en leur inculquant une intensit\u00e9 et une esth\u00e9tique marqu\u00e9e gr\u00e2ce \u00e0 l\u2019aquarelle dans ce nouveau cours de dessin d\u00e8s <strong>le<\/strong> <strong>21 septembre<\/strong>.<\/p>\n<p>[\/vc_column_text][vc_empty_space][\/vc_column][vc_column width=\u00a0\u00bb1\/12&Prime;][vc_btn title=\u00a0\u00bb\u25b2\u00a0\u00bb style=\u00a0\u00bbclassic\u00a0\u00bb shape=\u00a0\u00bbsquare\u00a0\u00bb color=\u00a0\u00bbwhite\u00a0\u00bb align=\u00a0\u00bbcenter\u00a0\u00bb link=\u00a0\u00bburl:https%3A%2F%2Fle-journal.artesane.com%2F%3Fp%3D11681%26preview%3Dtrue%23cours1|||\u00a0\u00bb][vc_btn title=\u00a0\u00bb\u25bc\u00a0\u00bb style=\u00a0\u00bbclassic\u00a0\u00bb shape=\u00a0\u00bbsquare\u00a0\u00bb color=\u00a0\u00bbwhite\u00a0\u00bb align=\u00a0\u00bbcenter\u00a0\u00bb link=\u00a0\u00bburl:%23cours3|||\u00a0\u00bb][\/vc_column][\/vc_row][vc_row][vc_column][vc_column_text el_id=\u00a0\u00bbcours3&Prime;]<strong>3\/6 Du croquis aux crayons de couleurs \u00e0 l&rsquo;illustration num\u00e9rique<\/strong>[\/vc_column_text][\/vc_column][\/vc_row][vc_row equal_height=\u00a0\u00bbyes\u00a0\u00bb content_placement=\u00a0\u00bbmiddle\u00a0\u00bb][vc_column width=\u00a0\u00bb5\/12&Prime;][vc_single_image image=\u00a0\u00bb11763&Prime; img_size=\u00a0\u00bblarge\u00a0\u00bb alignment=\u00a0\u00bbcenter\u00a0\u00bb][vc_empty_space][\/vc_column][vc_column width=\u00a0\u00bb6\/12&Prime;][vc_column_text]<\/p>\n<p style=\"text-align: justify;\">\u00a0 \u00a0 \u00a0Ne vous arrive-t-il jamais de vous promener le soir, et d\u2019apercevoir l\u2019int\u00e9rieur \u00e9clair\u00e9 d\u2019une habitation au travers d\u2019une fen\u00eatre ? D\u2019assister \u00e0 une sc\u00e8ne de vie qui n\u2019est pas la v\u00f4tre mais dont le hasard vous a fait le t\u00e9moin ? Ne trouvez-vous pas fascinants ces instants du quotidien que la h\u00e2te ou l\u2019indiff\u00e9rence nous emp\u00eachent souvent d\u2019observer ? C\u2019est pr\u00e9cis\u00e9ment sur ces sc\u00e8nes courantes auxquelles on ne s\u2019int\u00e9resse plus que s\u2019attarde l&rsquo;illustratrice Lucile Farroni. \u00c0 travers son style gai et color\u00e9 aux couleurs \u00e9pur\u00e9es, elle fige ces instants de vie et offre des capsules de po\u00e9sie \u00e0 la fois relaxantes et transper\u00e7antes.<\/p>\n<p>[\/vc_column_text][\/vc_column][vc_column width=\u00a0\u00bb1\/12&Prime;][vc_btn title=\u00a0\u00bb\u25b2\u00a0\u00bb style=\u00a0\u00bbclassic\u00a0\u00bb shape=\u00a0\u00bbsquare\u00a0\u00bb color=\u00a0\u00bbwhite\u00a0\u00bb align=\u00a0\u00bbcenter\u00a0\u00bb link=\u00a0\u00bburl:%23cours2|||\u00a0\u00bb][vc_btn title=\u00a0\u00bb\u25bc\u00a0\u00bb style=\u00a0\u00bbclassic\u00a0\u00bb shape=\u00a0\u00bbsquare\u00a0\u00bb color=\u00a0\u00bbwhite\u00a0\u00bb align=\u00a0\u00bbcenter\u00a0\u00bb link=\u00a0\u00bburl:%23cours4|||\u00a0\u00bb][\/vc_column][\/vc_row][vc_row][vc_column width=\u00a0\u00bb11\/12&Prime;][vc_column_text]<\/p>\n<p style=\"text-align: justify;\">\u00a0 \u00a0 Lucile vous invite dans son nouveau cours \u00e0 red\u00e9couvrir ces moments d\u2019un \u0153il nouveau, en se focalisant sur l\u2019importance de la recherche d\u2019inspiration dans le travail d\u2019illustrateur. Une fois votre palette de couleurs compos\u00e9e, elle vous propose d\u2019allier le dessin sur papier traditionnel et le dessin num\u00e9rique sur tablette, mais \u00e9galement l\u2019illustration et la cr\u00e9ation de motifs, afin de transmettre votre vision de l\u2019art et de la po\u00e9sie. Rejoignez Lucile d\u00e8s <strong>le 28 septembre<\/strong> pour une plong\u00e9e \u00e0 la d\u00e9couverte du m\u00e9tier d\u2019illustrateur.<\/p>\n<p>[\/vc_column_text][vc_empty_space][\/vc_column][\/vc_row][vc_row][vc_column][vc_column_text el_id=\u00a0\u00bbcours4&Prime;]<strong>4\/6 Pack : <em>Urban Sketchers<\/em><\/strong>[\/vc_column_text][\/vc_column][\/vc_row][vc_row content_placement=\u00a0\u00bbmiddle\u00a0\u00bb][vc_column width=\u00a0\u00bb11\/12&Prime;][vc_single_image image=\u00a0\u00bb11758&Prime; img_size=\u00a0\u00bblarge\u00a0\u00bb alignment=\u00a0\u00bbcenter\u00a0\u00bb][vc_empty_space height=\u00a0\u00bb25px\u00a0\u00bb][vc_column_text]<\/p>\n<p style=\"text-align: justify;\">\u00a0 \u00a0 \u00a0Il est \u00e0 peine descendu de l\u2019avion que ses yeux s\u2019illuminent. Enfin, il foule le sol de Shanga\u00ef, \u00e0 neuf mille kilom\u00e8tres de chez lui. Il suit la foule qui descend les tapis roulants jusqu\u2019\u00e0 la sortie de l\u2019a\u00e9roport, un carnet \u00e0 la main, et p\u00e9n\u00e8tre dans ce Paris chinois. Un taxi l\u2019emm\u00e8ne tout droit vers le c\u0153ur de la ville, traversant par un pont le fleuve Huangpu. Ces immeubles monumentaux, la perle de l\u2019Orient qui se dessine au loin, ce bateau touristique qui passe en contrebas\u2026 Il ne peut r\u00e9sister, et sort de la voiture. L\u00e0, il s\u2019appuie contre la rambarde, ouvre son carnet, en d\u00e9tache un feutre noir dont il laisse glisser la pointe sur la page blanche. Ses mouvements s\u2019acc\u00e9l\u00e8rent et des b\u00e2timents d\u2019encre apparaissent sur le papier. Il croque les silhouettes de deux amoureux assis sur les quais du quartier de Bund, et remarque la merveilleuse teinte dor\u00e9e de l\u2019eau qui refl\u00e8te la lumi\u00e8re des r\u00e9verb\u00e8res. Il sort se sa sacoche sa palette nomade d\u2019aquarelle, et immortalise en quelques coups de pinceau cette soir\u00e9e d\u2019automne de l\u2019autre bout du monde. Vous aussi, remplissez vos carnets de paysages urbains du monde entier gr\u00e2ce au <a href=\"https:\/\/www.artesane.com\/fr\/products\/pack-urban-sketchers-perspective-dessiner-en-voyage-paysages-au-feutre\" target=\"_blank\" rel=\"noopener\">pack de cours de dessin Urban Sketchers<\/a>.<\/p>\n<p>[\/vc_column_text][vc_single_image image=\u00a0\u00bb11809&Prime; img_size=\u00a0\u00bblarge\u00a0\u00bb alignment=\u00a0\u00bbcenter\u00a0\u00bb][vc_empty_space height=\u00a0\u00bb90px\u00a0\u00bb][\/vc_column][vc_column width=\u00a0\u00bb1\/12&Prime;][vc_btn title=\u00a0\u00bb\u25b2\u00a0\u00bb style=\u00a0\u00bbclassic\u00a0\u00bb shape=\u00a0\u00bbsquare\u00a0\u00bb color=\u00a0\u00bbwhite\u00a0\u00bb align=\u00a0\u00bbcenter\u00a0\u00bb link=\u00a0\u00bburl:%23cours3|||\u00a0\u00bb][vc_btn title=\u00a0\u00bb\u25bc\u00a0\u00bb style=\u00a0\u00bbclassic\u00a0\u00bb shape=\u00a0\u00bbsquare\u00a0\u00bb color=\u00a0\u00bbwhite\u00a0\u00bb align=\u00a0\u00bbcenter\u00a0\u00bb link=\u00a0\u00bburl:%23cours5|||\u00a0\u00bb][\/vc_column][\/vc_row][vc_row][vc_column][vc_column_text el_id=\u00a0\u00bbcours5&Prime;]<strong>5\/6 Pack : L&rsquo;illustration sur tablette avec <em>Procreate<\/em><\/strong>[\/vc_column_text][\/vc_column][\/vc_row][vc_row content_placement=\u00a0\u00bbmiddle\u00a0\u00bb][vc_column width=\u00a0\u00bb11\/12&Prime;][vc_single_image image=\u00a0\u00bb11761&Prime; img_size=\u00a0\u00bblarge\u00a0\u00bb alignment=\u00a0\u00bbcenter\u00a0\u00bb][vc_empty_space][vc_column_text]<\/p>\n<p style=\"text-align: justify;\">\u00a0 \u00a0 \u00a0Qui a dit que passer \u00e0 l\u2019illustration sur tablette signifiait perdre le plaisir du dessin traditionnel ? Jamais une \u00e9volution technique n\u2019a apport\u00e9 tant de bienfaits \u00e0 l\u2019art que le num\u00e9rique. Alors brandissez votre stylet comme Arthur brandirait son \u00e9p\u00e9e et partez \u00e0 la conqu\u00eate de milliers de possibilit\u00e9s. Et puisqu\u2019une croisade ne se fait pas seul, Jean-Baptiste Vincent, votre Merlin l\u2019enchanteur, est l\u00e0 pour vous guider dans cette plong\u00e9e dans le royaume digital. Initiez-vous \u00e0 la magie de Procreate et go\u00fbtez au plaisir de cr\u00e9er, tester et modifier avec une rapidit\u00e9 et une facilit\u00e9 que seul ce logiciel permet. \u00c9voluez \u00e0 votre rythme dans les deux niveaux de ce cours et croquez, coloriez, calligraphiez et animez d\u2019un seul coup de baguette magique. Nous avons trouv\u00e9 le Graal avec Procreate, et nous vous en partageons avec plaisir les secrets dans ce <a href=\"https:\/\/www.artesane.com\/fr\/products\/pack-lillustration-sur-tablette-avec-procreate-dessin-sur-tablette-niveau-1-et-niveau-2\" target=\"_blank\" rel=\"noopener\">pack de cours d\u2019illustration sur tablette<\/a>.<\/p>\n<p>[\/vc_column_text][vc_single_image image=\u00a0\u00bb11808&Prime; img_size=\u00a0\u00bblarge\u00a0\u00bb alignment=\u00a0\u00bbcenter\u00a0\u00bb][vc_empty_space height=\u00a0\u00bb90px\u00a0\u00bb][\/vc_column][vc_column width=\u00a0\u00bb1\/12&Prime;][vc_btn title=\u00a0\u00bb\u25b2\u00a0\u00bb style=\u00a0\u00bbclassic\u00a0\u00bb shape=\u00a0\u00bbsquare\u00a0\u00bb color=\u00a0\u00bbwhite\u00a0\u00bb align=\u00a0\u00bbcenter\u00a0\u00bb link=\u00a0\u00bburl:%23cours4|||\u00a0\u00bb][vc_btn title=\u00a0\u00bb\u25bc\u00a0\u00bb style=\u00a0\u00bbclassic\u00a0\u00bb shape=\u00a0\u00bbsquare\u00a0\u00bb color=\u00a0\u00bbwhite\u00a0\u00bb align=\u00a0\u00bbcenter\u00a0\u00bb link=\u00a0\u00bburl:%23cours6|||\u00a0\u00bb][\/vc_column][\/vc_row][vc_row][vc_column][vc_column_text el_id=\u00a0\u00bbcours6&Prime;]<strong>6\/6 Pack : Je d\u00e9bute en aquarelle<\/strong>[\/vc_column_text][\/vc_column][\/vc_row][vc_row content_placement=\u00a0\u00bbmiddle\u00a0\u00bb][vc_column width=\u00a0\u00bb11\/12&Prime;][vc_single_image image=\u00a0\u00bb11764&Prime; img_size=\u00a0\u00bblarge\u00a0\u00bb alignment=\u00a0\u00bbcenter\u00a0\u00bb][vc_empty_space][vc_column_text]<\/p>\n<p style=\"text-align: justify;\">\u00a0 \u00a0 La v\u00e9g\u00e9tation d\u2019hiver n\u2019a rien \u00e0 envier \u00e0 celle du printemps. Baies, chardons et mimosas sont tant de beaut\u00e9s que le blanc de la neige, comme celui du papier, ne peut que magnifier. Mais l\u2019hiver achev\u00e9, le printemps reprend sa place, apportant fleurs et fruits dont nos esprits r\u00eavent de figer la trace. Avec ce <a href=\"https:\/\/www.artesane.com\/fr\/products\/pack-je-debute-laquarelle\" target=\"_blank\" rel=\"noopener\">pack de cours de peinture aquarelle<\/a>, peignez la nature des quatre saisons, personnalisez vos objets du quotidien, et \u00e9tudiez vingt techniques pour poursuivre votre progression.<\/p>\n<p>[\/vc_column_text][vc_empty_space height=\u00a0\u00bb100px\u00a0\u00bb][\/vc_column][vc_column width=\u00a0\u00bb1\/12&Prime;][vc_btn title=\u00a0\u00bb\u25b2\u00a0\u00bb style=\u00a0\u00bbclassic\u00a0\u00bb shape=\u00a0\u00bbsquare\u00a0\u00bb color=\u00a0\u00bbwhite\u00a0\u00bb align=\u00a0\u00bbcenter\u00a0\u00bb link=\u00a0\u00bburl:%23cours5|||\u00a0\u00bb][\/vc_column][\/vc_row][vc_row][vc_column][vc_custom_heading text=\u00a0\u00bbLe coffret culottes menstruelles revient \u00a0\u00bb font_container=\u00a0\u00bbtag:h2|text_align:center|color:%23445b7b\u00a0\u00bb use_theme_fonts=\u00a0\u00bbyes\u00a0\u00bb][vc_column_text]<\/p>\n<p style=\"text-align: justify;\">\u00a0 \u00a0 Nous avons re\u00e7u et \u00e9cout\u00e9 vos nombreuses demandes concernant ce produit phare d\u2019Artesane. Nous savions que vous l\u2019attendiez et que vous seriez au rendez-vous pour l\u2019accueillir chaleureusement, c\u2019est pourquoi nous sommes particuli\u00e8rement heureux de vous annoncer le grand retour du coffret couture culottes menstruelles. Pour f\u00eater cet \u00e9v\u00e8nement, Artesane se penchera tout le mois de septembre sur la question des protections p\u00e9riodiques, en vous proposant d\u00e8s la semaine prochaine un article centr\u00e9 sur le contenu de ce coffret et sur la cr\u00e9ation des culottes par Charlotte Jaubert, notre styliste et professeure en lingerie et maillots de bain. Nous vous proposerons \u00e9galement la semaine suivante une histoire des solutions hygi\u00e9niques, retra\u00e7ant leur \u00e9volution de l\u2019Antiquit\u00e9 jusqu\u2019aux tr\u00e8s r\u00e9centes culottes menstruelles.<\/p>\n<p>[\/vc_column_text][\/vc_column][\/vc_row][vc_row content_placement=\u00a0\u00bbmiddle\u00a0\u00bb][vc_column][vc_single_image image=\u00a0\u00bb11805&Prime; img_size=\u00a0\u00bblarge\u00a0\u00bb alignment=\u00a0\u00bbcenter\u00a0\u00bb][vc_empty_space][vc_column_text]<\/p>\n<p style=\"text-align: justify;\">\u00a0 \u00a0 Il s\u2019est en effet pass\u00e9 beaucoup de choses chez Artesane ces derniers mois ! Dans l\u2019optique de vous offrir un coffret d\u2019excellence, nos \u00e9quipes se sont d\u00e9men\u00e9es pour vous trouver les meilleures fournitures possibles. Nous avons m\u00eame choisi d\u2019opter pour un lycra d\u2019une qualit\u00e9 encore meilleure que celui du pr\u00e9c\u00e9dent coffret, plus doux et confortable, pour la r\u00e9alisation de l\u2019ext\u00e9rieur de vos culottes. En ce qui concerne les autres mati\u00e8res, votre fond de culotte sera compos\u00e9 des mat\u00e9riaux absorbants les plus efficaces et agr\u00e9ables qui soient. Vous trouverez donc dans votre coffret de la doublure mousse, de l\u2019\u00e9ponge bambou, ainsi que du PUL pour l\u2019imperm\u00e9abilit\u00e9. Sans oublier le tissu star de ces culottes : le Zorb. Cet ultra-absorbant \u00e9cologique est une v\u00e9ritable r\u00e9volution dans le domaine des protections hygi\u00e9niques r\u00e9utilisables.<\/p>\n<p>[\/vc_column_text][\/vc_column][\/vc_row][vc_row equal_height=\u00a0\u00bbyes\u00a0\u00bb content_placement=\u00a0\u00bbmiddle\u00a0\u00bb][vc_column][vc_single_image image=\u00a0\u00bb11806&Prime; img_size=\u00a0\u00bblarge\u00a0\u00bb alignment=\u00a0\u00bbcenter\u00a0\u00bb][vc_empty_space][vc_column_text]<\/p>\n<p style=\"text-align: justify;\">\u00a0 \u00a0 Actuellement, nous sommes en pleine p\u00e9riode de manutention dans nos locaux. Nous recevons les fournitures et les pr\u00e9parons avec soin pour vous. C\u2019est pourquoi nous pouvons d\u00e8s \u00e0 pr\u00e9sent vous annoncer que les pr\u00e9commandes de cette box couture ouvriront le <strong>dimanche 19 septembre<\/strong>. Nous esp\u00e9rons sinc\u00e8rement que vous vous r\u00e9jouirez de retrouver le <a href=\"https:\/\/www.artesane.com\/fr\/products\/je-couds-mes-culottes-menstruelles\" target=\"_blank\" rel=\"noopener\">cours de Charlotte<\/a> afin de confectionner avec elle vos culottes menstruelles. Toute l\u2019\u00e9quipe d\u2019Artesane vous souhaite une excellente rentr\u00e9e cr\u00e9ative, dans laquelle nous sommes ravis de vous accompagner.<\/p>\n<p>[\/vc_column_text][vc_empty_space height=\u00a0\u00bb110px\u00a0\u00bb][\/vc_column][\/vc_row][vc_row][vc_column][vc_custom_heading text=\u00a0\u00bbLes coulisses de la rentr\u00e9e Artesane : bienvenue dans nos nouveaux locaux\u00a0\u00bb font_container=\u00a0\u00bbtag:h2|text_align:center|color:%23445b7b\u00a0\u00bb use_theme_fonts=\u00a0\u00bbyes\u00a0\u00bb][vc_column_text]<\/p>\n<p style=\"text-align: justify;\">\u00a0 \u00a0 Nous sommes en plein mois de septembre. Les \u00e9tudiants parisiens s\u2019appr\u00eatent \u00e0 faire leur rentr\u00e9e tandis qu\u2019une main pousse la porte d\u2019une cour du 14<sup>e<\/sup> arrondissement. Anne-Sarah s\u2019immisce dans le b\u00e2timent, monte les escaliers et entre dans le studio. \u00ab\u00a0Tout le monde est l\u00e0\u00a0! Masterclasse de septembre, dix secondes !&#8230; Trois\u2026 deux\u2026 un\u2026 \u00e7a tourne\u00a0!\u00a0\u00bb.<\/p>\n<p>[\/vc_column_text][\/vc_column][\/vc_row][vc_row][vc_column][vc_single_image image=\u00a0\u00bb11817&Prime; img_size=\u00a0\u00bblarge\u00a0\u00bb alignment=\u00a0\u00bbcenter\u00a0\u00bb][vc_empty_space][vc_column_text]<\/p>\n<p style=\"text-align: justify;\">\u00a0 \u00a0 Au centre du plateau, Charlotte est assise devant un solide bureau en bois. Sous ses doigts se d\u00e9placent sur l\u2019\u00e9cran de sa tablette des dizaines d\u2019images r\u00e9unissant motifs de broderie, coupes de tee-shirts et nuanciers de couleurs, agr\u00e9ment\u00e9s de quelques notes explicatives. Derri\u00e8re-elle, un \u00e9cran g\u00e9ant diffuse son <em>moodboard. <\/em>Charlotte se l\u00e8ve et montre \u00e0 l\u2019\u00e9cran ses inspirations et r\u00e9flexions autour de l\u2019\u00e9laboration de sa pi\u00e8ce, tout en commentant les planches de tendance que les spectateurs envoient en direct.<\/p>\n<p>[\/vc_column_text][\/vc_column][\/vc_row][vc_row][vc_column][vc_single_image image=\u00a0\u00bb11816&Prime; img_size=\u00a0\u00bblarge\u00a0\u00bb alignment=\u00a0\u00bbcenter\u00a0\u00bb][vc_empty_space][vc_column_text]<\/p>\n<p style=\"text-align: justify;\">\u00a0 \u00a0 Les commentaires de Charlottes s\u2019estompent lorsque Anne-Sarah se dirige vers Marie-Laure, d\u2019un c\u00f4t\u00e9 du plateau, assise dans une confortable banquette, devant une table basse charg\u00e9e de son attirail de broderie. Sous son aiguille, un morceau de tissu blanc est floqu\u00e9 d\u2019un logo Artesane brod\u00e9 au fil m\u00e9tallis\u00e9, agr\u00e9ment\u00e9 de quelques paillettes iris\u00e9es. Elle explique ses moindres faits et gestes, entour\u00e9e de quatre paires de petites mains reproduisant m\u00e9ticuleusement ses mouvements. \u00c0 sa gauche, une tablette sous les yeux, Marie-Gabrielle ne lui laisse aucun r\u00e9pit et lui transmet les interrogations des spectateurs \u00e0 un rythme soutenu.<\/p>\n<p>[\/vc_column_text][\/vc_column][\/vc_row][vc_row][vc_column][vc_single_image image=\u00a0\u00bb11822&Prime; img_size=\u00a0\u00bblarge\u00a0\u00bb alignment=\u00a0\u00bbcenter\u00a0\u00bb][vc_empty_space][vc_column_text]<\/p>\n<p style=\"text-align: justify;\">\u00a0 \u00a0 Anne-Sarah aper\u00e7oit alors du coin de l\u2019\u0153il le geste du r\u00e9alisateur Alban, qui presse l\u2019un des boutons de son imposante table de contr\u00f4le et observe dans l\u2019\u00e9cran de retour l\u2019image passer \u00e0 Christine, debout derri\u00e8re un long comptoir, une paire de ciseaux \u00e0 la main. Anne-Sarah se rue \u00e0 l\u2019autre bout du plateau pour commenter les gestes aguerris de la professeure. Christine termine la coupe de la pi\u00e8ce avant de son mod\u00e8le, avant de faire le tour du comptoir pour se diriger vers le centre du plateau. Elle pousse la chaise sur laquelle Charlotte \u00e9tait encore assise et s\u2019installe derri\u00e8re sa machine \u00e0 coudre. Ignorant les plaintes de la styliste, elle place son tissu sous l\u2019aiguille de la machine. L\u2019objectif de la sixi\u00e8me cam\u00e9ra du plateau, fix\u00e9e \u00e0 la bo\u00eete \u00e0 lumi\u00e8re situ\u00e9e au-dessus du bureau, s\u2019oriente droit vers le coton blanc. \u00c0 l\u2019\u00e9cran, un gros plan montre l\u2019aiguille de Christine transpercer le tissu dans un mouvement de va-et-vient fr\u00e9n\u00e9tique. Le moindre mouvement du fil est perceptible par les spectateurs, tandis que le bruit si caract\u00e9ristique de la machine \u00e0 coudre chante aux oreilles d\u2019Anne-Sarah. Ses yeux balaient le plateau et toutes ces mains qui s\u2019affairent, puis se posent sur sa tablette. \u00ab On a une question d\u2019un spectateur : c\u2019est moi ou ce studio est tout nouveau ? \u00bb Eh oui, c\u2019est aussi la rentr\u00e9e chez Artesane. Et celle-ci rime avec nouveaut\u00e9.<\/p>\n<p>[\/vc_column_text][vc_single_image image=\u00a0\u00bb11814&Prime; img_size=\u00a0\u00bblarge\u00a0\u00bb alignment=\u00a0\u00bbcenter\u00a0\u00bb][\/vc_column][vc_column][\/vc_column][\/vc_row]<\/p>\n","protected":false},"excerpt":{"rendered":"<p>[vc_row][vc_column][vc_empty_space height=\u00a0\u00bb25px\u00a0\u00bb][vc_column_text] \u00a0 \u00a0 Nous y voil\u00e0 ! L\u2019\u00e9quipe Artesane et ses collaborateurs se sont install\u00e9s dans de tout nouveaux locaux dans le 14e arrondissement de Paris. Nous sommes donc tous plus motiv\u00e9s que jamais \u00e0 vous offrir des cours et des produits de qualit\u00e9 pour vos loisirs cr\u00e9atifs et vos formations professionnelles. Cette rentr\u00e9e [&hellip;]<\/p>\n","protected":false},"author":8,"featured_media":11815,"comment_status":"open","ping_status":"open","sticky":false,"template":"","format":"standard","meta":{"_et_pb_use_builder":"","_et_pb_old_content":"","_et_gb_content_width":"","_exactmetrics_skip_tracking":false,"_exactmetrics_sitenote_active":false,"_exactmetrics_sitenote_note":"","_exactmetrics_sitenote_category":0,"footnotes":""},"categories":[7,914,915],"tags":[],"class_list":["post-11681","post","type-post","status-publish","format-standard","has-post-thumbnail","hentry","category-actualite","category-dessin-et-peinture","category-dessin-numerique"],"yoast_head":"<!-- This site is optimized with the Yoast SEO plugin v27.5 - https:\/\/yoast.com\/product\/yoast-seo-wordpress\/ -->\n<title>L&#039;actualit\u00e9 de septembre chez Artesane - Journal Artesane - Arts Plastiques<\/title>\n<meta name=\"robots\" content=\"index, follow, max-snippet:-1, max-image-preview:large, max-video-preview:-1\" \/>\n<link rel=\"canonical\" href=\"https:\/\/www.artesane.com\/le-journal\/arts-plastiques\/actualite-septembre-2021\/\" \/>\n<meta property=\"og:locale\" content=\"fr_FR\" \/>\n<meta property=\"og:type\" content=\"article\" \/>\n<meta property=\"og:title\" content=\"L&#039;actualit\u00e9 de septembre chez Artesane - Journal Artesane - Arts Plastiques\" \/>\n<meta property=\"og:description\" content=\"[vc_row][vc_column][vc_empty_space height=\u00a0\u00bb25px\u00a0\u00bb][vc_column_text] \u00a0 \u00a0 Nous y voil\u00e0 ! L\u2019\u00e9quipe Artesane et ses collaborateurs se sont install\u00e9s dans de tout nouveaux locaux dans le 14e arrondissement de Paris. Nous sommes donc tous plus motiv\u00e9s que jamais \u00e0 vous offrir des cours et des produits de qualit\u00e9 pour vos loisirs cr\u00e9atifs et vos formations professionnelles. Cette rentr\u00e9e [&hellip;]\" \/>\n<meta property=\"og:url\" content=\"https:\/\/www.artesane.com\/le-journal\/arts-plastiques\/actualite-septembre-2021\/\" \/>\n<meta property=\"og:site_name\" content=\"Journal Artesane - Arts Plastiques\" \/>\n<meta property=\"article:publisher\" content=\"https:\/\/www.facebook.com\/artesanefrance\" \/>\n<meta property=\"article:published_time\" content=\"2021-09-09T12:39:09+00:00\" \/>\n<meta property=\"article:modified_time\" content=\"2022-05-25T13:26:36+00:00\" \/>\n<meta property=\"og:image\" content=\"https:\/\/www.artesane.com\/le-journal\/arts-plastiques\/wp-content\/uploads\/2021\/09\/DSC_0214.png\" \/>\n\t<meta property=\"og:image:width\" content=\"1374\" \/>\n\t<meta property=\"og:image:height\" content=\"916\" \/>\n\t<meta property=\"og:image:type\" content=\"image\/png\" \/>\n<meta name=\"author\" content=\"Dorian Furet\" \/>\n<meta name=\"twitter:card\" content=\"summary_large_image\" \/>\n<meta name=\"twitter:label1\" content=\"\u00c9crit par\" \/>\n\t<meta name=\"twitter:data1\" content=\"Dorian Furet\" \/>\n\t<meta name=\"twitter:label2\" content=\"Dur\u00e9e de lecture estim\u00e9e\" \/>\n\t<meta name=\"twitter:data2\" content=\"10 minutes\" \/>\n<script type=\"application\/ld+json\" class=\"yoast-schema-graph\">{\"@context\":\"https:\\\/\\\/schema.org\",\"@graph\":[{\"@type\":\"Article\",\"@id\":\"https:\\\/\\\/www.artesane.com\\\/le-journal\\\/arts-plastiques\\\/actualite-septembre-2021\\\/#article\",\"isPartOf\":{\"@id\":\"https:\\\/\\\/www.artesane.com\\\/le-journal\\\/arts-plastiques\\\/actualite-septembre-2021\\\/\"},\"author\":{\"name\":\"Dorian Furet\",\"@id\":\"https:\\\/\\\/www.artesane.com\\\/le-journal\\\/arts-plastiques\\\/#\\\/schema\\\/person\\\/1a21595829c7711bda04fcbb655321b2\"},\"headline\":\"L&rsquo;actualit\u00e9 de septembre chez Artesane\",\"datePublished\":\"2021-09-09T12:39:09+00:00\",\"dateModified\":\"2022-05-25T13:26:36+00:00\",\"mainEntityOfPage\":{\"@id\":\"https:\\\/\\\/www.artesane.com\\\/le-journal\\\/arts-plastiques\\\/actualite-septembre-2021\\\/\"},\"wordCount\":3000,\"commentCount\":0,\"publisher\":{\"@id\":\"https:\\\/\\\/www.artesane.com\\\/le-journal\\\/arts-plastiques\\\/#organization\"},\"image\":{\"@id\":\"https:\\\/\\\/www.artesane.com\\\/le-journal\\\/arts-plastiques\\\/actualite-septembre-2021\\\/#primaryimage\"},\"thumbnailUrl\":\"https:\\\/\\\/www.artesane.com\\\/le-journal\\\/arts-plastiques\\\/wp-content\\\/uploads\\\/2021\\\/09\\\/DSC_0214.png\",\"articleSection\":[\"Actualit\u00e9\",\"Dessin et peinture\",\"Dessin num\u00e9rique\"],\"inLanguage\":\"fr-FR\",\"potentialAction\":[{\"@type\":\"CommentAction\",\"name\":\"Comment\",\"target\":[\"https:\\\/\\\/www.artesane.com\\\/le-journal\\\/arts-plastiques\\\/actualite-septembre-2021\\\/#respond\"]}]},{\"@type\":\"WebPage\",\"@id\":\"https:\\\/\\\/www.artesane.com\\\/le-journal\\\/arts-plastiques\\\/actualite-septembre-2021\\\/\",\"url\":\"https:\\\/\\\/www.artesane.com\\\/le-journal\\\/arts-plastiques\\\/actualite-septembre-2021\\\/\",\"name\":\"L'actualit\u00e9 de septembre chez Artesane - Journal Artesane - Arts Plastiques\",\"isPartOf\":{\"@id\":\"https:\\\/\\\/www.artesane.com\\\/le-journal\\\/arts-plastiques\\\/#website\"},\"primaryImageOfPage\":{\"@id\":\"https:\\\/\\\/www.artesane.com\\\/le-journal\\\/arts-plastiques\\\/actualite-septembre-2021\\\/#primaryimage\"},\"image\":{\"@id\":\"https:\\\/\\\/www.artesane.com\\\/le-journal\\\/arts-plastiques\\\/actualite-septembre-2021\\\/#primaryimage\"},\"thumbnailUrl\":\"https:\\\/\\\/www.artesane.com\\\/le-journal\\\/arts-plastiques\\\/wp-content\\\/uploads\\\/2021\\\/09\\\/DSC_0214.png\",\"datePublished\":\"2021-09-09T12:39:09+00:00\",\"dateModified\":\"2022-05-25T13:26:36+00:00\",\"breadcrumb\":{\"@id\":\"https:\\\/\\\/www.artesane.com\\\/le-journal\\\/arts-plastiques\\\/actualite-septembre-2021\\\/#breadcrumb\"},\"inLanguage\":\"fr-FR\",\"potentialAction\":[{\"@type\":\"ReadAction\",\"target\":[\"https:\\\/\\\/www.artesane.com\\\/le-journal\\\/arts-plastiques\\\/actualite-septembre-2021\\\/\"]}]},{\"@type\":\"ImageObject\",\"inLanguage\":\"fr-FR\",\"@id\":\"https:\\\/\\\/www.artesane.com\\\/le-journal\\\/arts-plastiques\\\/actualite-septembre-2021\\\/#primaryimage\",\"url\":\"https:\\\/\\\/www.artesane.com\\\/le-journal\\\/arts-plastiques\\\/wp-content\\\/uploads\\\/2021\\\/09\\\/DSC_0214.png\",\"contentUrl\":\"https:\\\/\\\/www.artesane.com\\\/le-journal\\\/arts-plastiques\\\/wp-content\\\/uploads\\\/2021\\\/09\\\/DSC_0214.png\",\"width\":1374,\"height\":916},{\"@type\":\"BreadcrumbList\",\"@id\":\"https:\\\/\\\/www.artesane.com\\\/le-journal\\\/arts-plastiques\\\/actualite-septembre-2021\\\/#breadcrumb\",\"itemListElement\":[{\"@type\":\"ListItem\",\"position\":1,\"name\":\"Accueil\",\"item\":\"https:\\\/\\\/www.artesane.com\\\/le-journal\\\/arts-plastiques\\\/\"},{\"@type\":\"ListItem\",\"position\":2,\"name\":\"L&rsquo;actualit\u00e9 de septembre chez Artesane\"}]},{\"@type\":\"WebSite\",\"@id\":\"https:\\\/\\\/www.artesane.com\\\/le-journal\\\/arts-plastiques\\\/#website\",\"url\":\"https:\\\/\\\/www.artesane.com\\\/le-journal\\\/arts-plastiques\\\/\",\"name\":\"Journal Artesane - Arts Plastiques\",\"description\":\"\",\"publisher\":{\"@id\":\"https:\\\/\\\/www.artesane.com\\\/le-journal\\\/arts-plastiques\\\/#organization\"},\"potentialAction\":[{\"@type\":\"SearchAction\",\"target\":{\"@type\":\"EntryPoint\",\"urlTemplate\":\"https:\\\/\\\/www.artesane.com\\\/le-journal\\\/arts-plastiques\\\/?s={search_term_string}\"},\"query-input\":{\"@type\":\"PropertyValueSpecification\",\"valueRequired\":true,\"valueName\":\"search_term_string\"}}],\"inLanguage\":\"fr-FR\"},{\"@type\":\"Organization\",\"@id\":\"https:\\\/\\\/www.artesane.com\\\/le-journal\\\/arts-plastiques\\\/#organization\",\"name\":\"Artesane\",\"url\":\"https:\\\/\\\/www.artesane.com\\\/le-journal\\\/arts-plastiques\\\/\",\"logo\":{\"@type\":\"ImageObject\",\"inLanguage\":\"fr-FR\",\"@id\":\"https:\\\/\\\/www.artesane.com\\\/le-journal\\\/arts-plastiques\\\/#\\\/schema\\\/logo\\\/image\\\/\",\"url\":\"https:\\\/\\\/www.artesane.com\\\/le-journal\\\/arts-plastiques\\\/wp-content\\\/uploads\\\/2022\\\/05\\\/logo-simple.png\",\"contentUrl\":\"https:\\\/\\\/www.artesane.com\\\/le-journal\\\/arts-plastiques\\\/wp-content\\\/uploads\\\/2022\\\/05\\\/logo-simple.png\",\"width\":1166,\"height\":201,\"caption\":\"Artesane\"},\"image\":{\"@id\":\"https:\\\/\\\/www.artesane.com\\\/le-journal\\\/arts-plastiques\\\/#\\\/schema\\\/logo\\\/image\\\/\"},\"sameAs\":[\"https:\\\/\\\/www.facebook.com\\\/artesanefrance\",\"https:\\\/\\\/www.instagram.com\\\/artesane_france\\\/\",\"https:\\\/\\\/fr.linkedin.com\\\/company\\\/artesane\",\"https:\\\/\\\/www.pinterest.fr\\\/ArtesaneFrance\\\/\",\"https:\\\/\\\/www.youtube.com\\\/c\\\/Artesane_lesvideos\",\"https:\\\/\\\/www.twitch.tv\\\/artesane?lang=fr\",\"https:\\\/\\\/open.spotify.com\\\/show\\\/2gdmkyp7IoWhWpDRk3G71I\"]},{\"@type\":\"Person\",\"@id\":\"https:\\\/\\\/www.artesane.com\\\/le-journal\\\/arts-plastiques\\\/#\\\/schema\\\/person\\\/1a21595829c7711bda04fcbb655321b2\",\"name\":\"Dorian Furet\"}]}<\/script>\n<!-- \/ Yoast SEO plugin. -->","yoast_head_json":{"title":"L'actualit\u00e9 de septembre chez Artesane - Journal Artesane - Arts Plastiques","robots":{"index":"index","follow":"follow","max-snippet":"max-snippet:-1","max-image-preview":"max-image-preview:large","max-video-preview":"max-video-preview:-1"},"canonical":"https:\/\/www.artesane.com\/le-journal\/arts-plastiques\/actualite-septembre-2021\/","og_locale":"fr_FR","og_type":"article","og_title":"L'actualit\u00e9 de septembre chez Artesane - Journal Artesane - Arts Plastiques","og_description":"[vc_row][vc_column][vc_empty_space height=\u00a0\u00bb25px\u00a0\u00bb][vc_column_text] \u00a0 \u00a0 Nous y voil\u00e0 ! L\u2019\u00e9quipe Artesane et ses collaborateurs se sont install\u00e9s dans de tout nouveaux locaux dans le 14e arrondissement de Paris. Nous sommes donc tous plus motiv\u00e9s que jamais \u00e0 vous offrir des cours et des produits de qualit\u00e9 pour vos loisirs cr\u00e9atifs et vos formations professionnelles. Cette rentr\u00e9e [&hellip;]","og_url":"https:\/\/www.artesane.com\/le-journal\/arts-plastiques\/actualite-septembre-2021\/","og_site_name":"Journal Artesane - Arts Plastiques","article_publisher":"https:\/\/www.facebook.com\/artesanefrance","article_published_time":"2021-09-09T12:39:09+00:00","article_modified_time":"2022-05-25T13:26:36+00:00","og_image":[{"width":1374,"height":916,"url":"https:\/\/www.artesane.com\/le-journal\/arts-plastiques\/wp-content\/uploads\/2021\/09\/DSC_0214.png","type":"image\/png"}],"author":"Dorian Furet","twitter_card":"summary_large_image","twitter_misc":{"\u00c9crit par":"Dorian Furet","Dur\u00e9e de lecture estim\u00e9e":"10 minutes"},"schema":{"@context":"https:\/\/schema.org","@graph":[{"@type":"Article","@id":"https:\/\/www.artesane.com\/le-journal\/arts-plastiques\/actualite-septembre-2021\/#article","isPartOf":{"@id":"https:\/\/www.artesane.com\/le-journal\/arts-plastiques\/actualite-septembre-2021\/"},"author":{"name":"Dorian Furet","@id":"https:\/\/www.artesane.com\/le-journal\/arts-plastiques\/#\/schema\/person\/1a21595829c7711bda04fcbb655321b2"},"headline":"L&rsquo;actualit\u00e9 de septembre chez Artesane","datePublished":"2021-09-09T12:39:09+00:00","dateModified":"2022-05-25T13:26:36+00:00","mainEntityOfPage":{"@id":"https:\/\/www.artesane.com\/le-journal\/arts-plastiques\/actualite-septembre-2021\/"},"wordCount":3000,"commentCount":0,"publisher":{"@id":"https:\/\/www.artesane.com\/le-journal\/arts-plastiques\/#organization"},"image":{"@id":"https:\/\/www.artesane.com\/le-journal\/arts-plastiques\/actualite-septembre-2021\/#primaryimage"},"thumbnailUrl":"https:\/\/www.artesane.com\/le-journal\/arts-plastiques\/wp-content\/uploads\/2021\/09\/DSC_0214.png","articleSection":["Actualit\u00e9","Dessin et peinture","Dessin num\u00e9rique"],"inLanguage":"fr-FR","potentialAction":[{"@type":"CommentAction","name":"Comment","target":["https:\/\/www.artesane.com\/le-journal\/arts-plastiques\/actualite-septembre-2021\/#respond"]}]},{"@type":"WebPage","@id":"https:\/\/www.artesane.com\/le-journal\/arts-plastiques\/actualite-septembre-2021\/","url":"https:\/\/www.artesane.com\/le-journal\/arts-plastiques\/actualite-septembre-2021\/","name":"L'actualit\u00e9 de septembre chez Artesane - Journal Artesane - Arts Plastiques","isPartOf":{"@id":"https:\/\/www.artesane.com\/le-journal\/arts-plastiques\/#website"},"primaryImageOfPage":{"@id":"https:\/\/www.artesane.com\/le-journal\/arts-plastiques\/actualite-septembre-2021\/#primaryimage"},"image":{"@id":"https:\/\/www.artesane.com\/le-journal\/arts-plastiques\/actualite-septembre-2021\/#primaryimage"},"thumbnailUrl":"https:\/\/www.artesane.com\/le-journal\/arts-plastiques\/wp-content\/uploads\/2021\/09\/DSC_0214.png","datePublished":"2021-09-09T12:39:09+00:00","dateModified":"2022-05-25T13:26:36+00:00","breadcrumb":{"@id":"https:\/\/www.artesane.com\/le-journal\/arts-plastiques\/actualite-septembre-2021\/#breadcrumb"},"inLanguage":"fr-FR","potentialAction":[{"@type":"ReadAction","target":["https:\/\/www.artesane.com\/le-journal\/arts-plastiques\/actualite-septembre-2021\/"]}]},{"@type":"ImageObject","inLanguage":"fr-FR","@id":"https:\/\/www.artesane.com\/le-journal\/arts-plastiques\/actualite-septembre-2021\/#primaryimage","url":"https:\/\/www.artesane.com\/le-journal\/arts-plastiques\/wp-content\/uploads\/2021\/09\/DSC_0214.png","contentUrl":"https:\/\/www.artesane.com\/le-journal\/arts-plastiques\/wp-content\/uploads\/2021\/09\/DSC_0214.png","width":1374,"height":916},{"@type":"BreadcrumbList","@id":"https:\/\/www.artesane.com\/le-journal\/arts-plastiques\/actualite-septembre-2021\/#breadcrumb","itemListElement":[{"@type":"ListItem","position":1,"name":"Accueil","item":"https:\/\/www.artesane.com\/le-journal\/arts-plastiques\/"},{"@type":"ListItem","position":2,"name":"L&rsquo;actualit\u00e9 de septembre chez Artesane"}]},{"@type":"WebSite","@id":"https:\/\/www.artesane.com\/le-journal\/arts-plastiques\/#website","url":"https:\/\/www.artesane.com\/le-journal\/arts-plastiques\/","name":"Journal Artesane - Arts Plastiques","description":"","publisher":{"@id":"https:\/\/www.artesane.com\/le-journal\/arts-plastiques\/#organization"},"potentialAction":[{"@type":"SearchAction","target":{"@type":"EntryPoint","urlTemplate":"https:\/\/www.artesane.com\/le-journal\/arts-plastiques\/?s={search_term_string}"},"query-input":{"@type":"PropertyValueSpecification","valueRequired":true,"valueName":"search_term_string"}}],"inLanguage":"fr-FR"},{"@type":"Organization","@id":"https:\/\/www.artesane.com\/le-journal\/arts-plastiques\/#organization","name":"Artesane","url":"https:\/\/www.artesane.com\/le-journal\/arts-plastiques\/","logo":{"@type":"ImageObject","inLanguage":"fr-FR","@id":"https:\/\/www.artesane.com\/le-journal\/arts-plastiques\/#\/schema\/logo\/image\/","url":"https:\/\/www.artesane.com\/le-journal\/arts-plastiques\/wp-content\/uploads\/2022\/05\/logo-simple.png","contentUrl":"https:\/\/www.artesane.com\/le-journal\/arts-plastiques\/wp-content\/uploads\/2022\/05\/logo-simple.png","width":1166,"height":201,"caption":"Artesane"},"image":{"@id":"https:\/\/www.artesane.com\/le-journal\/arts-plastiques\/#\/schema\/logo\/image\/"},"sameAs":["https:\/\/www.facebook.com\/artesanefrance","https:\/\/www.instagram.com\/artesane_france\/","https:\/\/fr.linkedin.com\/company\/artesane","https:\/\/www.pinterest.fr\/ArtesaneFrance\/","https:\/\/www.youtube.com\/c\/Artesane_lesvideos","https:\/\/www.twitch.tv\/artesane?lang=fr","https:\/\/open.spotify.com\/show\/2gdmkyp7IoWhWpDRk3G71I"]},{"@type":"Person","@id":"https:\/\/www.artesane.com\/le-journal\/arts-plastiques\/#\/schema\/person\/1a21595829c7711bda04fcbb655321b2","name":"Dorian Furet"}]}},"_links":{"self":[{"href":"https:\/\/www.artesane.com\/le-journal\/arts-plastiques\/wp-json\/wp\/v2\/posts\/11681","targetHints":{"allow":["GET"]}}],"collection":[{"href":"https:\/\/www.artesane.com\/le-journal\/arts-plastiques\/wp-json\/wp\/v2\/posts"}],"about":[{"href":"https:\/\/www.artesane.com\/le-journal\/arts-plastiques\/wp-json\/wp\/v2\/types\/post"}],"author":[{"embeddable":true,"href":"https:\/\/www.artesane.com\/le-journal\/arts-plastiques\/wp-json\/wp\/v2\/users\/8"}],"replies":[{"embeddable":true,"href":"https:\/\/www.artesane.com\/le-journal\/arts-plastiques\/wp-json\/wp\/v2\/comments?post=11681"}],"version-history":[{"count":1,"href":"https:\/\/www.artesane.com\/le-journal\/arts-plastiques\/wp-json\/wp\/v2\/posts\/11681\/revisions"}],"predecessor-version":[{"id":13413,"href":"https:\/\/www.artesane.com\/le-journal\/arts-plastiques\/wp-json\/wp\/v2\/posts\/11681\/revisions\/13413"}],"wp:featuredmedia":[{"embeddable":true,"href":"https:\/\/www.artesane.com\/le-journal\/arts-plastiques\/wp-json\/wp\/v2\/media\/11815"}],"wp:attachment":[{"href":"https:\/\/www.artesane.com\/le-journal\/arts-plastiques\/wp-json\/wp\/v2\/media?parent=11681"}],"wp:term":[{"taxonomy":"category","embeddable":true,"href":"https:\/\/www.artesane.com\/le-journal\/arts-plastiques\/wp-json\/wp\/v2\/categories?post=11681"},{"taxonomy":"post_tag","embeddable":true,"href":"https:\/\/www.artesane.com\/le-journal\/arts-plastiques\/wp-json\/wp\/v2\/tags?post=11681"}],"curies":[{"name":"wp","href":"https:\/\/api.w.org\/{rel}","templated":true}]}}