{"id":11957,"date":"2021-10-01T12:00:05","date_gmt":"2021-10-01T10:00:05","guid":{"rendered":"https:\/\/le-journal.artesane.com\/?p=11957"},"modified":"2022-05-25T15:26:12","modified_gmt":"2022-05-25T13:26:12","slug":"lactualite-doctobre-chez-artesane","status":"publish","type":"post","link":"https:\/\/www.artesane.com\/le-journal\/arts-plastiques\/lactualite-doctobre-chez-artesane\/","title":{"rendered":"L&rsquo;actualit\u00e9 d&rsquo;octobre chez Artesane"},"content":{"rendered":"<p>[vc_row][vc_column][vc_column_text]<\/p>\n<p style=\"text-align: justify;\">\u00a0 \u00a0 \u00a0Il y a presque un mois, je faisais mon arriv\u00e9e chez Artesane en publiant mon premier article autour de l\u2019actualit\u00e9 de septembre, et notamment de notre installation dans les nouveaux locaux. Ce mois-ci, il est temps de f\u00eater \u00e7a\u00a0! Le <em>jeudi 7 octobre<\/em>, nos \u00e9quipes organisent une <strong>soir\u00e9e d\u2019inauguration <\/strong>de notre nouveau lieu de travail et de cr\u00e9ation ainsi que de son magnifique studio flambant neuf. Avant que je ne vous r\u00e9v\u00e8le toutes les p\u00e9rip\u00e9ties que vous r\u00e9servera cet \u00e9v\u00e8nement et de songer aux festivit\u00e9s, je vous propose une petite promenade apaisante autour de nos nouveaux <strong>cours de dessin<\/strong>, d\u2019<strong>illustration num\u00e9rique<\/strong>, mais \u00e9galement de <strong>broderie haute couture<\/strong>, et des prochains <strong>coffrets couture<\/strong> pour r\u00e9aliser vos soutiens-gorge sans armatures de Charlotte Jaubert. Bienvenue dans les actualit\u00e9s d\u2019octobre !<\/p>\n<p>[\/vc_column_text][\/vc_column][\/vc_row][vc_row][vc_column][vc_custom_heading text=\u00a0\u00bbUne flop\u00e9e de nouveaux cours\u00a0\u00bb][vc_empty_space][vc_column_text]<\/p>\n<p style=\"text-align: justify;\">\u00a0 \u00a0 \u00a0Les \u00e9quipes Artesane n\u2019ont pas ch\u00f4m\u00e9 ces derni\u00e8res semaines, et le studio n\u2019a pas fini d\u2019accueillir nos talentueux professeurs dans celles \u00e0 venir. Ce mois-ci, cinq cours in\u00e9dits seront disponibles sur notre site, autour de styles et de techniques de dessin et de couture passionnants pour partager notre passion pour les crayons et les aiguilles.<\/p>\n<p>[\/vc_column_text][\/vc_column][\/vc_row][vc_row][vc_column][vc_custom_heading text=\u00a0\u00bb1\/5 Le dessin scientifique animalier\u00a0\u00bb google_fonts=\u00a0\u00bbfont_family:dinengschriftstd%3Aregular|font_style:400%20regular%3A400%3Anormal\u00a0\u00bb][vc_empty_space][\/vc_column][\/vc_row][vc_row content_placement=\u00a0\u00bbmiddle\u00a0\u00bb][vc_column width=\u00a0\u00bb1\/2&Prime;][vc_single_image image=\u00a0\u00bb11963&Prime; img_size=\u00a0\u00bblarge\u00a0\u00bb alignment=\u00a0\u00bbright\u00a0\u00bb][\/vc_column][vc_column width=\u00a0\u00bb1\/2&Prime;][vc_single_image image=\u00a0\u00bb11962&Prime; img_size=\u00a0\u00bblarge\u00a0\u00bb][\/vc_column][\/vc_row][vc_row][vc_column][vc_empty_space][vc_column_text]<\/p>\n<p style=\"text-align: justify;\">\u00a0 \u00a0 \u00a0\u00ab\u00a0Quelques animaux font faire \u00e0 leurs pattes de devant l&rsquo;office de mains, et, assis, ils s&rsquo;en servent pour porter les aliments \u00e0 leur bouche, par exemple les \u00e9cureuils\u00a0\u00bb\u00a0; \u00ab\u00a0Les oiseaux ont les articulations comme les quadrup\u00e8des : ils fl\u00e9chissent les ailes en avant, les pattes en arri\u00e8re\u00a0\u00bb. D\u00e9j\u00e0 au I<sup>er<\/sup> si\u00e8cle de notre \u00e8re, Pline l\u2019Ancien d\u00e9crivait les animaux dans leurs moindres d\u00e9tails. Mathilde Cathelain, illustratrice scientifique, marche dans les pas du naturaliste antique en analysant toutes les sp\u00e9cificit\u00e9s des animaux, qu\u2019elle repr\u00e9sente aux crayon et crayons de couleur. M\u00ealant l\u2019art et la science, elle cr\u00e9e de v\u00e9ritables \u0153uvres \u00e0 partir d\u2019un travail objectif d\u2019observation. Dans ce cours, <strong>d\u2019ores et d\u00e9j\u00e0 disponible<\/strong>, Mathilde vous propose de d\u00e9couvrir le dessin scientifique animalier, pour lequel elle vous donnera toutes les cl\u00e9s et techniques de la repr\u00e9sentation ultrar\u00e9aliste d\u2019animaux.<\/p>\n<p>[\/vc_column_text][vc_raw_html]JTNDZGl2JTIwc3R5bGUlM0QlMjJwYWRkaW5nJTNBNTYuMjUlMjUlMjAwJTIwMCUyMDAlM0Jwb3NpdGlvbiUzQXJlbGF0aXZlJTNCJTIyJTNFJTNDaWZyYW1lJTIwc3JjJTNEJTIyaHR0cHMlM0ElMkYlMkZwbGF5ZXIudmltZW8uY29tJTJGdmlkZW8lMkY2MTYwOTUyNDQlM0ZoJTNEYzFiYjFhYjdjOCUyNmFtcCUzQmJhZGdlJTNEMCUyNmFtcCUzQmF1dG9wYXVzZSUzRDAlMjZhbXAlM0JwbGF5ZXJfaWQlM0QwJTI2YW1wJTNCYXBwX2lkJTNENTg0NzklMjIlMjBmcmFtZWJvcmRlciUzRCUyMjAlMjIlMjBhbGxvdyUzRCUyMmF1dG9wbGF5JTNCJTIwZnVsbHNjcmVlbiUzQiUyMHBpY3R1cmUtaW4tcGljdHVyZSUyMiUyMGFsbG93ZnVsbHNjcmVlbiUyMHN0eWxlJTNEJTIycG9zaXRpb24lM0FhYnNvbHV0ZSUzQnRvcCUzQTAlM0JsZWZ0JTNBMCUzQndpZHRoJTNBMTAwJTI1JTNCaGVpZ2h0JTNBMTAwJTI1JTNCJTIyJTIwdGl0bGUlM0QlMjJDb3VycyUyMERlc3NpbiUyMHNjaWVudGlmaXF1ZSUyMEJBJTIwMTY5JTIyJTNFJTNDJTJGaWZyYW1lJTNFJTNDJTJGZGl2JTNFJTNDc2NyaXB0JTIwc3JjJTNEJTIyaHR0cHMlM0ElMkYlMkZwbGF5ZXIudmltZW8uY29tJTJGYXBpJTJGcGxheWVyLmpzJTIyJTNFJTNDJTJGc2NyaXB0JTNF[\/vc_raw_html][vc_empty_space][\/vc_column][\/vc_row][vc_row][vc_column][vc_custom_heading text=\u00a0\u00bb2\/5 Composer une illustration num\u00e9rique\u00a0\u00bb google_fonts=\u00a0\u00bbfont_family:dinengschriftstd%3Aregular|font_style:400%20regular%3A400%3Anormal\u00a0\u00bb][vc_empty_space][vc_single_image image=\u00a0\u00bb11989&Prime; img_size=\u00a0\u00bblarge\u00a0\u00bb alignment=\u00a0\u00bbcenter\u00a0\u00bb][vc_empty_space][vc_column_text]<\/p>\n<p style=\"text-align: justify;\">\u00a0 \u00a0 \u00a0Des traits simples mais impactants, des teintes de gris avec une touche de couleur, et des textes courts mais percutants, voil\u00e0 la signature des illustrations de Gomargu. Sur <em>Procreate<\/em>, elle compose ses dessins en en agen\u00e7ant minutieusement les \u00e9l\u00e9ments\u00a0: les personnages, le d\u00e9cor et le texte cohabitent afin que l\u2019\u0153il en capte facilement toute l\u2019essence et le message. Par son humour et ses conseils avis\u00e9s, Gomargu vous aide d\u00e8s <strong>le 5 octobre<\/strong> \u00e0 composer vos illustrations num\u00e9riques afin que vous puissiez vous aussi exprimer vos id\u00e9es par le dessin.<\/p>\n<p>[\/vc_column_text][\/vc_column][\/vc_row][vc_row][vc_column][vc_custom_heading text=\u00a0\u00bb3\/5 La broderie haute couture : le crochet de Lun\u00e9ville niveau 2&Prime; google_fonts=\u00a0\u00bbfont_family:dinengschriftstd%3Aregular|font_style:400%20regular%3A400%3Anormal\u00a0\u00bb][vc_empty_space][\/vc_column][\/vc_row][vc_row][vc_column width=\u00a0\u00bb1\/2&Prime;][vc_single_image image=\u00a0\u00bb11970&Prime; img_size=\u00a0\u00bblarge\u00a0\u00bb alignment=\u00a0\u00bbcenter\u00a0\u00bb][\/vc_column][vc_column width=\u00a0\u00bb1\/2&Prime;][vc_single_image image=\u00a0\u00bb11971&Prime; img_size=\u00a0\u00bblarge\u00a0\u00bb alignment=\u00a0\u00bbcenter\u00a0\u00bb][\/vc_column][\/vc_row][vc_row][vc_column][vc_empty_space][vc_column_text]<\/p>\n<p style=\"text-align: justify;\">\u00a0 \u00a0 \u00a0Derri\u00e8re le rideau, elle patiente. Elle a d\u00e9j\u00e0 d\u00e9fil\u00e9 des centaines de fois, mais elle ne peut s\u2019emp\u00eacher d\u2019avoir cette petite boule au ventre. On l\u2019appelle. Elle s\u2019\u00e9lance sur le podium, d\u2019un pas assur\u00e9 et parfaitement ma\u00eetris\u00e9. Les flashs des appareils photos font l\u2019effet d\u2019un stroboscope, et les perles et paillettes brod\u00e9es sur sa robe ne cessent de scintiller pendant que les applaudissements battent leur plein. Tous les yeux sont riv\u00e9s sur cette pi\u00e8ce r\u00e9alis\u00e9e \u00e0 la main, sans aucun doute dans les plus grands ateliers. Mais ce que tous ces spectateurs ignorent, c\u2019est que les techniques de haute couture ne sont pas r\u00e9serv\u00e9es aux grandes maisons. C\u2019est pour cela que Marie-Laure, dans cette suite du <a href=\"https:\/\/www.artesane.com\/fr\/products\/la-broderie-haute-couture-le-crochet-de-luneville-niveau-1\" target=\"_blank\" rel=\"noopener\">premier cours sur la broderie de Lun\u00e9ville<\/a>, vous d\u00e9voile tous les secrets de la broderie haute couture par une approche cr\u00e9ative de son art, afin que vous puissiez donner vie \u00e0 vos propres projets. Apprenez \u00e0 broder de nombreux points, et \u00e0 poser paillettes, vermicelles et \u00e9clats en tous genres d\u00e8s <strong>le 7 octobre<\/strong>.<\/p>\n<p>[\/vc_column_text][\/vc_column][\/vc_row][vc_row][vc_column][vc_custom_heading text=\u00a0\u00bb4\/5 Le dessin botanique \u00e0 la mine graphite<br \/>\n\u00a0\u00bb google_fonts=\u00a0\u00bbfont_family:dinengschriftstd%3Aregular|font_style:400%20regular%3A400%3Anormal\u00a0\u00bb][\/vc_column][\/vc_row][vc_row content_placement=\u00a0\u00bbmiddle\u00a0\u00bb][vc_column width=\u00a0\u00bb1\/2&Prime;][vc_single_image image=\u00a0\u00bb11973&Prime; img_size=\u00a0\u00bblarge\u00a0\u00bb alignment=\u00a0\u00bbright\u00a0\u00bb][\/vc_column][vc_column width=\u00a0\u00bb1\/2&Prime;][vc_single_image image=\u00a0\u00bb11974&Prime; img_size=\u00a0\u00bblarge\u00a0\u00bb][\/vc_column][\/vc_row][vc_row][vc_column][vc_empty_space][vc_column_text]<\/p>\n<p style=\"text-align: justify;\">\u00a0 \u00a0 \u00a0Par ses travaux et notamment les planches d\u2019illustrations qui les accompagnaient, le biologiste Ernst Haeckel a grandement contribu\u00e9 \u00e0 l\u2019acceptation de la th\u00e9orie de l\u2019\u00e9volution de Darwin en Europe. Percevoir et repr\u00e9senter les herbes et les plantes le plus exactement possible, et par l\u00e0 m\u00eame questionner sa propre perception de la r\u00e9alit\u00e9, par une vision biologique et microscopique des choses, voil\u00e0 en quoi consistaient les \u0153uvres de Haeckel, et en quoi consiste aujourd\u2019hui le travail de Camille Charnay. Camille a le don de rendre la biologie po\u00e9tique par ses traits pr\u00e9cis r\u00e9alis\u00e9s \u00e0 la mine graphite, et vous partage dans ce cours son savoir-faire. \u00c0 la crois\u00e9e des arts plastiques et de la botanique, partez avec elle \u00e0 la d\u00e9couverte de la nature et de ses moindres d\u00e9tails d\u00e8s <strong>le 12 octobre<\/strong>.<\/p>\n<p>[\/vc_column_text][\/vc_column][\/vc_row][vc_row][vc_column][vc_custom_heading text=\u00a0\u00bb5\/5 Le r\u00e9alisme au fusain\u00a0\u00bb google_fonts=\u00a0\u00bbfont_family:dinengschriftstd%3Aregular|font_style:400%20regular%3A400%3Anormal\u00a0\u00bb][vc_empty_space][vc_single_image image=\u00a0\u00bb11991&Prime; img_size=\u00a0\u00bblarge\u00a0\u00bb alignment=\u00a0\u00bbcenter\u00a0\u00bb][vc_empty_space][vc_column_text]<\/p>\n<p style=\"text-align: justify;\">\u00a0 \u00a0 \u00a0Un trait de fusain, branche carbonis\u00e9e, d\u2019un noir intense et d\u2019une immense pr\u00e9cision. Une forme qui se cr\u00e9e, une esquisse qui se forme, un animal qui se dessine. D\u2019un geste aux allures enfantines, Oriane Amiot \u00e9tale du bout de son doigt la poudre noire et cr\u00e9e des ombres. L\u2019animal semble prendre vie. Chaque poil de sa fourrure se distingue des autres, chaque trac\u00e9 de Posca blanc donne \u00e0 ce lion un autre souffle de vie. Dans ce cours consacr\u00e9 aux techniques du dessin au fusain, centr\u00e9 sur l\u2019\u00e9laboration d\u2019animaux d\u2019un r\u00e9alisme extr\u00eame, Oriane vous d\u00e9voile tous les secrets de cet instrument utilis\u00e9 depuis la nuit des temps, et par tous les plus grands noms du dessin. Les f\u00e9lins et les rapaces sont les mod\u00e8les id\u00e9als pour apprivoiser les techniques de cet outil ludique qu\u2019est le fusain, par la repr\u00e9sentation de pelages et de plumages. Ouvrez donc la cage de votre imagination, et donnez vie \u00e0 vos cr\u00e9ations avec ce cours de r\u00e9alisme au fusain, disponible <strong>le 19 octobre<\/strong>.<\/p>\n<p>[\/vc_column_text][vc_empty_space height=\u00a0\u00bb50px\u00a0\u00bb][\/vc_column][\/vc_row][vc_row][vc_column][vc_custom_heading text=\u00a0\u00bbLes nouveaux coffrets couture soutiens-gorge sans armatures\u00a0\u00bb][vc_empty_space][vc_column_text]<\/p>\n<p style=\"text-align: justify;\">\u00a0 \u00a0 \u00a0Le mois dernier a vu le retour tr\u00e8s attendu du coffret pour coudre vos culottes menstruelles. Mais si vous connaissez un petit peu Charlotte, vous savez que son esprit fourmillant d\u2019id\u00e9es et d\u2019inspirations, nourri qui plus est de l\u2019\u00e9nergie emmagasin\u00e9e durant quelques semaines de vacances, ne pouvait se contenter d\u2019une simple r\u00e9\u00e9dition pour d\u00e9marrer l\u2019ann\u00e9e\u2026 il lui fallait du neuf !<\/p>\n<p>[\/vc_column_text][\/vc_column][\/vc_row][vc_row][vc_column width=\u00a0\u00bb1\/2&Prime;][vc_single_image image=\u00a0\u00bb11981&Prime; img_size=\u00a0\u00bblarge\u00a0\u00bb alignment=\u00a0\u00bbcenter\u00a0\u00bb][vc_empty_space][\/vc_column][vc_column width=\u00a0\u00bb1\/2&Prime;][vc_single_image image=\u00a0\u00bb11980&Prime; img_size=\u00a0\u00bblarge\u00a0\u00bb alignment=\u00a0\u00bbcenter\u00a0\u00bb][vc_empty_space][\/vc_column][\/vc_row][vc_row][vc_column][vc_column_text]<\/p>\n<p style=\"text-align: justify;\">\u00a0 \u00a0 \u00a0Ce mois-ci, Charlotte Jaubert vous propose donc de compl\u00e9ter votre savoir-faire avec un tout nouveau coffret d\u00e9di\u00e9 \u00e0 un ensemble lingerie autour du soutien-gorge sans armatures, contenant &#8211; vous en avez maintenant l\u2019habitude &#8211; un cours vid\u00e9o et toutes les fournitures n\u00e9cessaires \u00e0 sa confection. Chacun des trois coffrets propos\u00e9s vous permettra de r\u00e9aliser un mod\u00e8le de soutien-gorge unique et sa culotte acolyte, dans leurs mati\u00e8res exclusives. Ces trois mod\u00e8les ont toutefois des points communs : ils sont tous sans armatures, avec un design f\u00e9minin, et con\u00e7us pour \u00eatre les plus confortables \u00e0 porter au quotidien.<\/p>\n<p style=\"text-align: justify;\">\u00a0 \u00a0 \u00a0Charlotte vous propose de vous initier au mod\u00e9lisme en vous permettant de jouer avec les tissus et les mati\u00e8res de votre soutien-gorge, mais \u00e9galement en vous proposant d\u2019imaginer et de confectionner la culotte qui l&rsquo;accompagne. \u00c9toffez votre garde-robe de sous-v\u00eatement faits main dans des mati\u00e8res de qualit\u00e9 gr\u00e2ce aux trois box couture de Charlotte, disponibles <strong>en pr\u00e9commande mi-octobre<\/strong>.<\/p>\n<p>[\/vc_column_text][vc_empty_space height=\u00a0\u00bb50px\u00a0\u00bb][\/vc_column][\/vc_row][vc_row][vc_column][vc_custom_heading text=\u00a0\u00bbLe point agenda : la soir\u00e9e d\u2019inauguration de nos locaux\u00a0\u00bb][vc_empty_space][vc_column_text]<\/p>\n<p style=\"text-align: justify;\">\u00a0 \u00a0 \u00a0C\u2019est le moment de faire la f\u00eate chez Artesane ! Comme vous avez pu le d\u00e9couvrir le mois dernier, nous nous sommes install\u00e9s cet \u00e9t\u00e9 dans de tout nouveaux locaux. C\u2019est donc avec un immense plaisir que nous vous accueillerons le jeudi <strong>7 octobre<\/strong> \u00e0 partir de <strong>18h<\/strong> au <strong>23 avenue Jean-Moulin<\/strong>, dans le <strong>14<sup>e<\/sup>\u00a0arrondissement de Paris<\/strong> \u2013 m\u00e9tro Al\u00e9sia \u2013 pour officiellement inaugurer notre nouveau lieu de travail.<\/p>\n<p>[\/vc_column_text][\/vc_column][\/vc_row][vc_row][vc_column width=\u00a0\u00bb2\/12&Prime;][\/vc_column][vc_column width=\u00a0\u00bb4\/6&Prime;][vc_single_image image=\u00a0\u00bb12005&Prime; img_size=\u00a0\u00bblarge\u00a0\u00bb alignment=\u00a0\u00bbcenter\u00a0\u00bb][vc_empty_space][\/vc_column][vc_column width=\u00a0\u00bb2\/12&Prime;][\/vc_column][\/vc_row][vc_row][vc_column][vc_column_text]<\/p>\n<p style=\"text-align: justify;\">\u00a0 \u00a0 \u00a0En arrivant, n\u2019h\u00e9sitez pas \u00e0 venir discuter avec nous autour d\u2019un verre, pour se rencontrer ou se retrouver dans la plus grande convivialit\u00e9. Apr\u00e8s avoir trinqu\u00e9 avec Alban, Anne-Sarah et Charlotte, ne ratez pas la visite de 19h30 de notre studio, sous peine de devoir encore passer trente minutes en notre compagnie, avant de pouvoir voir de vos propres yeux les d\u00e9cors de vos cours vid\u00e9o et de vos masterclasses, ainsi que tout ce qu\u2019il se passe de l\u2019autre c\u00f4t\u00e9 des cam\u00e9ras. Mon bureau est situ\u00e9 juste \u00e0 c\u00f4t\u00e9 du studio, et pour avoir pu assister \u00e0 quelques tournages, je vous assure que cela vaut le d\u00e9tour\u00a0!<\/p>\n<p>[\/vc_column_text][vc_column_text]<\/p>\n<p style=\"text-align: justify;\">\u00a0 \u00a0 \u00a0Apr\u00e8s votre visite, d\u00e9ambulez librement dans nos locaux, et arr\u00eatez-vous aux stands Artesane et Charlotte Jaubert, qui se tiendront toute la soir\u00e9e pour vous proposer certains produits. Et si par malheur \u2013 ou par chance ! \u2013 vous avez \u00e9galement manqu\u00e9 la visite de 20h, vous pouvez aller rencontrer notre professeure Christine Charles, pour retirer et faire d\u00e9dicacer votre exemplaire de son nouveau livre <em>Mes techniques de couture<\/em>, disponible en pr\u00e9commande <a href=\"https:\/\/www.artesane.com\/fr\/products\/precommande-du-livre-mes-techniques-de-couture-pour-que-plus-rien-ne-vous-arrete\" target=\"_blank\" rel=\"noopener\">ici<\/a>.<\/p>\n<p>[\/vc_column_text][vc_column_text]<\/p>\n<p style=\"text-align: justify;\">\u00a0 \u00a0 \u00a0Je vous invite donc, si vous avez autant envie que nous de passer un bon moment ensemble, \u00e0 <strong>r\u00e9server votre place<\/strong> pour cette soir\u00e9e gratuite d\u00e8s \u00e0 pr\u00e9sent en remplissant <a href=\"https:\/\/l.facebook.com\/l.php?u=https%3A%2F%2Fdocs.google.com%2Fforms%2Fd%2F1werJdTRabv7MnmH6daTVdmoqzJByfIh3gX-cSJ_Jw2s%2Fprefill&amp;h=AT3JZykx69sWE1h0YhwbN_XL2ih-C7t5T9g3209IIjAl5LX6iyFTzbbKDSK2T8KaAZlMnkMTnk9jVcr1YCD4HIo_IYlGb15vYPHwdqMIYmcv9U84D7-0bBVRxYJyOk0HdSs4GZvzOuex24cahqmAq4Rq_hvthY_5j99Sb1R0WQ\" target=\"_blank\" rel=\"noopener\">ce formulaire<\/a>.<\/p>\n<p style=\"text-align: justify;\">Nous vous attendons nombreux et nombreuses pour vous rencontrer et discuter autour de nos passions communes\u00a0!<\/p>\n<p>&nbsp;<\/p>\n<p>\u00c0 bient\u00f4t chez Artesane\u00a0![\/vc_column_text][\/vc_column][\/vc_row]<\/p>\n","protected":false},"excerpt":{"rendered":"<p>[vc_row][vc_column][vc_column_text] \u00a0 \u00a0 \u00a0Il y a presque un mois, je faisais mon arriv\u00e9e chez Artesane en publiant mon premier article autour de l\u2019actualit\u00e9 de septembre, et notamment de notre installation dans les nouveaux locaux. Ce mois-ci, il est temps de f\u00eater \u00e7a\u00a0! Le jeudi 7 octobre, nos \u00e9quipes organisent une soir\u00e9e d\u2019inauguration de notre nouveau [&hellip;]<\/p>\n","protected":false},"author":8,"featured_media":12015,"comment_status":"open","ping_status":"open","sticky":false,"template":"","format":"standard","meta":{"_et_pb_use_builder":"","_et_pb_old_content":"","_et_gb_content_width":"","_exactmetrics_skip_tracking":false,"_exactmetrics_sitenote_active":false,"_exactmetrics_sitenote_note":"","_exactmetrics_sitenote_category":0,"footnotes":""},"categories":[7,914,915],"tags":[],"class_list":["post-11957","post","type-post","status-publish","format-standard","has-post-thumbnail","hentry","category-actualite","category-dessin-et-peinture","category-dessin-numerique"],"yoast_head":"<!-- This site is optimized with the Yoast SEO plugin v27.5 - https:\/\/yoast.com\/product\/yoast-seo-wordpress\/ -->\n<title>L&#039;actualit\u00e9 d&#039;octobre chez Artesane - Journal Artesane - Arts Plastiques<\/title>\n<meta name=\"robots\" content=\"index, follow, max-snippet:-1, max-image-preview:large, max-video-preview:-1\" \/>\n<link rel=\"canonical\" href=\"https:\/\/www.artesane.com\/le-journal\/arts-plastiques\/lactualite-doctobre-chez-artesane\/\" \/>\n<meta property=\"og:locale\" content=\"fr_FR\" \/>\n<meta property=\"og:type\" content=\"article\" \/>\n<meta property=\"og:title\" content=\"L&#039;actualit\u00e9 d&#039;octobre chez Artesane - Journal Artesane - Arts Plastiques\" \/>\n<meta property=\"og:description\" content=\"[vc_row][vc_column][vc_column_text] \u00a0 \u00a0 \u00a0Il y a presque un mois, je faisais mon arriv\u00e9e chez Artesane en publiant mon premier article autour de l\u2019actualit\u00e9 de septembre, et notamment de notre installation dans les nouveaux locaux. Ce mois-ci, il est temps de f\u00eater \u00e7a\u00a0! Le jeudi 7 octobre, nos \u00e9quipes organisent une soir\u00e9e d\u2019inauguration de notre nouveau [&hellip;]\" \/>\n<meta property=\"og:url\" content=\"https:\/\/www.artesane.com\/le-journal\/arts-plastiques\/lactualite-doctobre-chez-artesane\/\" \/>\n<meta property=\"og:site_name\" content=\"Journal Artesane - Arts Plastiques\" \/>\n<meta property=\"article:publisher\" content=\"https:\/\/www.facebook.com\/artesanefrance\" \/>\n<meta property=\"article:published_time\" content=\"2021-10-01T10:00:05+00:00\" \/>\n<meta property=\"article:modified_time\" content=\"2022-05-25T13:26:12+00:00\" \/>\n<meta property=\"og:image\" content=\"https:\/\/www.artesane.com\/le-journal\/arts-plastiques\/wp-content\/uploads\/2021\/10\/animalier-1.jpg\" \/>\n\t<meta property=\"og:image:width\" content=\"1800\" \/>\n\t<meta property=\"og:image:height\" content=\"1200\" \/>\n\t<meta property=\"og:image:type\" content=\"image\/jpeg\" \/>\n<meta name=\"author\" content=\"Dorian Furet\" \/>\n<meta name=\"twitter:card\" content=\"summary_large_image\" \/>\n<meta name=\"twitter:label1\" content=\"\u00c9crit par\" \/>\n\t<meta name=\"twitter:data1\" content=\"Dorian Furet\" \/>\n\t<meta name=\"twitter:label2\" content=\"Dur\u00e9e de lecture estim\u00e9e\" \/>\n\t<meta name=\"twitter:data2\" content=\"7 minutes\" \/>\n<script type=\"application\/ld+json\" class=\"yoast-schema-graph\">{\"@context\":\"https:\\\/\\\/schema.org\",\"@graph\":[{\"@type\":\"Article\",\"@id\":\"https:\\\/\\\/www.artesane.com\\\/le-journal\\\/arts-plastiques\\\/lactualite-doctobre-chez-artesane\\\/#article\",\"isPartOf\":{\"@id\":\"https:\\\/\\\/www.artesane.com\\\/le-journal\\\/arts-plastiques\\\/lactualite-doctobre-chez-artesane\\\/\"},\"author\":{\"name\":\"Dorian Furet\",\"@id\":\"https:\\\/\\\/www.artesane.com\\\/le-journal\\\/arts-plastiques\\\/#\\\/schema\\\/person\\\/1a21595829c7711bda04fcbb655321b2\"},\"headline\":\"L&rsquo;actualit\u00e9 d&rsquo;octobre chez Artesane\",\"datePublished\":\"2021-10-01T10:00:05+00:00\",\"dateModified\":\"2022-05-25T13:26:12+00:00\",\"mainEntityOfPage\":{\"@id\":\"https:\\\/\\\/www.artesane.com\\\/le-journal\\\/arts-plastiques\\\/lactualite-doctobre-chez-artesane\\\/\"},\"wordCount\":2176,\"commentCount\":0,\"publisher\":{\"@id\":\"https:\\\/\\\/www.artesane.com\\\/le-journal\\\/arts-plastiques\\\/#organization\"},\"image\":{\"@id\":\"https:\\\/\\\/www.artesane.com\\\/le-journal\\\/arts-plastiques\\\/lactualite-doctobre-chez-artesane\\\/#primaryimage\"},\"thumbnailUrl\":\"https:\\\/\\\/www.artesane.com\\\/le-journal\\\/arts-plastiques\\\/wp-content\\\/uploads\\\/2021\\\/10\\\/animalier-1.jpg\",\"articleSection\":[\"Actualit\u00e9\",\"Dessin et peinture\",\"Dessin num\u00e9rique\"],\"inLanguage\":\"fr-FR\",\"potentialAction\":[{\"@type\":\"CommentAction\",\"name\":\"Comment\",\"target\":[\"https:\\\/\\\/www.artesane.com\\\/le-journal\\\/arts-plastiques\\\/lactualite-doctobre-chez-artesane\\\/#respond\"]}]},{\"@type\":\"WebPage\",\"@id\":\"https:\\\/\\\/www.artesane.com\\\/le-journal\\\/arts-plastiques\\\/lactualite-doctobre-chez-artesane\\\/\",\"url\":\"https:\\\/\\\/www.artesane.com\\\/le-journal\\\/arts-plastiques\\\/lactualite-doctobre-chez-artesane\\\/\",\"name\":\"L'actualit\u00e9 d'octobre chez Artesane - Journal Artesane - Arts Plastiques\",\"isPartOf\":{\"@id\":\"https:\\\/\\\/www.artesane.com\\\/le-journal\\\/arts-plastiques\\\/#website\"},\"primaryImageOfPage\":{\"@id\":\"https:\\\/\\\/www.artesane.com\\\/le-journal\\\/arts-plastiques\\\/lactualite-doctobre-chez-artesane\\\/#primaryimage\"},\"image\":{\"@id\":\"https:\\\/\\\/www.artesane.com\\\/le-journal\\\/arts-plastiques\\\/lactualite-doctobre-chez-artesane\\\/#primaryimage\"},\"thumbnailUrl\":\"https:\\\/\\\/www.artesane.com\\\/le-journal\\\/arts-plastiques\\\/wp-content\\\/uploads\\\/2021\\\/10\\\/animalier-1.jpg\",\"datePublished\":\"2021-10-01T10:00:05+00:00\",\"dateModified\":\"2022-05-25T13:26:12+00:00\",\"breadcrumb\":{\"@id\":\"https:\\\/\\\/www.artesane.com\\\/le-journal\\\/arts-plastiques\\\/lactualite-doctobre-chez-artesane\\\/#breadcrumb\"},\"inLanguage\":\"fr-FR\",\"potentialAction\":[{\"@type\":\"ReadAction\",\"target\":[\"https:\\\/\\\/www.artesane.com\\\/le-journal\\\/arts-plastiques\\\/lactualite-doctobre-chez-artesane\\\/\"]}]},{\"@type\":\"ImageObject\",\"inLanguage\":\"fr-FR\",\"@id\":\"https:\\\/\\\/www.artesane.com\\\/le-journal\\\/arts-plastiques\\\/lactualite-doctobre-chez-artesane\\\/#primaryimage\",\"url\":\"https:\\\/\\\/www.artesane.com\\\/le-journal\\\/arts-plastiques\\\/wp-content\\\/uploads\\\/2021\\\/10\\\/animalier-1.jpg\",\"contentUrl\":\"https:\\\/\\\/www.artesane.com\\\/le-journal\\\/arts-plastiques\\\/wp-content\\\/uploads\\\/2021\\\/10\\\/animalier-1.jpg\",\"width\":1800,\"height\":1200},{\"@type\":\"BreadcrumbList\",\"@id\":\"https:\\\/\\\/www.artesane.com\\\/le-journal\\\/arts-plastiques\\\/lactualite-doctobre-chez-artesane\\\/#breadcrumb\",\"itemListElement\":[{\"@type\":\"ListItem\",\"position\":1,\"name\":\"Accueil\",\"item\":\"https:\\\/\\\/www.artesane.com\\\/le-journal\\\/arts-plastiques\\\/\"},{\"@type\":\"ListItem\",\"position\":2,\"name\":\"L&rsquo;actualit\u00e9 d&rsquo;octobre chez Artesane\"}]},{\"@type\":\"WebSite\",\"@id\":\"https:\\\/\\\/www.artesane.com\\\/le-journal\\\/arts-plastiques\\\/#website\",\"url\":\"https:\\\/\\\/www.artesane.com\\\/le-journal\\\/arts-plastiques\\\/\",\"name\":\"Journal Artesane - Arts Plastiques\",\"description\":\"\",\"publisher\":{\"@id\":\"https:\\\/\\\/www.artesane.com\\\/le-journal\\\/arts-plastiques\\\/#organization\"},\"potentialAction\":[{\"@type\":\"SearchAction\",\"target\":{\"@type\":\"EntryPoint\",\"urlTemplate\":\"https:\\\/\\\/www.artesane.com\\\/le-journal\\\/arts-plastiques\\\/?s={search_term_string}\"},\"query-input\":{\"@type\":\"PropertyValueSpecification\",\"valueRequired\":true,\"valueName\":\"search_term_string\"}}],\"inLanguage\":\"fr-FR\"},{\"@type\":\"Organization\",\"@id\":\"https:\\\/\\\/www.artesane.com\\\/le-journal\\\/arts-plastiques\\\/#organization\",\"name\":\"Artesane\",\"url\":\"https:\\\/\\\/www.artesane.com\\\/le-journal\\\/arts-plastiques\\\/\",\"logo\":{\"@type\":\"ImageObject\",\"inLanguage\":\"fr-FR\",\"@id\":\"https:\\\/\\\/www.artesane.com\\\/le-journal\\\/arts-plastiques\\\/#\\\/schema\\\/logo\\\/image\\\/\",\"url\":\"https:\\\/\\\/www.artesane.com\\\/le-journal\\\/arts-plastiques\\\/wp-content\\\/uploads\\\/2022\\\/05\\\/logo-simple.png\",\"contentUrl\":\"https:\\\/\\\/www.artesane.com\\\/le-journal\\\/arts-plastiques\\\/wp-content\\\/uploads\\\/2022\\\/05\\\/logo-simple.png\",\"width\":1166,\"height\":201,\"caption\":\"Artesane\"},\"image\":{\"@id\":\"https:\\\/\\\/www.artesane.com\\\/le-journal\\\/arts-plastiques\\\/#\\\/schema\\\/logo\\\/image\\\/\"},\"sameAs\":[\"https:\\\/\\\/www.facebook.com\\\/artesanefrance\",\"https:\\\/\\\/www.instagram.com\\\/artesane_france\\\/\",\"https:\\\/\\\/fr.linkedin.com\\\/company\\\/artesane\",\"https:\\\/\\\/www.pinterest.fr\\\/ArtesaneFrance\\\/\",\"https:\\\/\\\/www.youtube.com\\\/c\\\/Artesane_lesvideos\",\"https:\\\/\\\/www.twitch.tv\\\/artesane?lang=fr\",\"https:\\\/\\\/open.spotify.com\\\/show\\\/2gdmkyp7IoWhWpDRk3G71I\"]},{\"@type\":\"Person\",\"@id\":\"https:\\\/\\\/www.artesane.com\\\/le-journal\\\/arts-plastiques\\\/#\\\/schema\\\/person\\\/1a21595829c7711bda04fcbb655321b2\",\"name\":\"Dorian Furet\"}]}<\/script>\n<!-- \/ Yoast SEO plugin. -->","yoast_head_json":{"title":"L'actualit\u00e9 d'octobre chez Artesane - Journal Artesane - Arts Plastiques","robots":{"index":"index","follow":"follow","max-snippet":"max-snippet:-1","max-image-preview":"max-image-preview:large","max-video-preview":"max-video-preview:-1"},"canonical":"https:\/\/www.artesane.com\/le-journal\/arts-plastiques\/lactualite-doctobre-chez-artesane\/","og_locale":"fr_FR","og_type":"article","og_title":"L'actualit\u00e9 d'octobre chez Artesane - Journal Artesane - Arts Plastiques","og_description":"[vc_row][vc_column][vc_column_text] \u00a0 \u00a0 \u00a0Il y a presque un mois, je faisais mon arriv\u00e9e chez Artesane en publiant mon premier article autour de l\u2019actualit\u00e9 de septembre, et notamment de notre installation dans les nouveaux locaux. Ce mois-ci, il est temps de f\u00eater \u00e7a\u00a0! Le jeudi 7 octobre, nos \u00e9quipes organisent une soir\u00e9e d\u2019inauguration de notre nouveau [&hellip;]","og_url":"https:\/\/www.artesane.com\/le-journal\/arts-plastiques\/lactualite-doctobre-chez-artesane\/","og_site_name":"Journal Artesane - Arts Plastiques","article_publisher":"https:\/\/www.facebook.com\/artesanefrance","article_published_time":"2021-10-01T10:00:05+00:00","article_modified_time":"2022-05-25T13:26:12+00:00","og_image":[{"width":1800,"height":1200,"url":"https:\/\/www.artesane.com\/le-journal\/arts-plastiques\/wp-content\/uploads\/2021\/10\/animalier-1.jpg","type":"image\/jpeg"}],"author":"Dorian Furet","twitter_card":"summary_large_image","twitter_misc":{"\u00c9crit par":"Dorian Furet","Dur\u00e9e de lecture estim\u00e9e":"7 minutes"},"schema":{"@context":"https:\/\/schema.org","@graph":[{"@type":"Article","@id":"https:\/\/www.artesane.com\/le-journal\/arts-plastiques\/lactualite-doctobre-chez-artesane\/#article","isPartOf":{"@id":"https:\/\/www.artesane.com\/le-journal\/arts-plastiques\/lactualite-doctobre-chez-artesane\/"},"author":{"name":"Dorian Furet","@id":"https:\/\/www.artesane.com\/le-journal\/arts-plastiques\/#\/schema\/person\/1a21595829c7711bda04fcbb655321b2"},"headline":"L&rsquo;actualit\u00e9 d&rsquo;octobre chez Artesane","datePublished":"2021-10-01T10:00:05+00:00","dateModified":"2022-05-25T13:26:12+00:00","mainEntityOfPage":{"@id":"https:\/\/www.artesane.com\/le-journal\/arts-plastiques\/lactualite-doctobre-chez-artesane\/"},"wordCount":2176,"commentCount":0,"publisher":{"@id":"https:\/\/www.artesane.com\/le-journal\/arts-plastiques\/#organization"},"image":{"@id":"https:\/\/www.artesane.com\/le-journal\/arts-plastiques\/lactualite-doctobre-chez-artesane\/#primaryimage"},"thumbnailUrl":"https:\/\/www.artesane.com\/le-journal\/arts-plastiques\/wp-content\/uploads\/2021\/10\/animalier-1.jpg","articleSection":["Actualit\u00e9","Dessin et peinture","Dessin num\u00e9rique"],"inLanguage":"fr-FR","potentialAction":[{"@type":"CommentAction","name":"Comment","target":["https:\/\/www.artesane.com\/le-journal\/arts-plastiques\/lactualite-doctobre-chez-artesane\/#respond"]}]},{"@type":"WebPage","@id":"https:\/\/www.artesane.com\/le-journal\/arts-plastiques\/lactualite-doctobre-chez-artesane\/","url":"https:\/\/www.artesane.com\/le-journal\/arts-plastiques\/lactualite-doctobre-chez-artesane\/","name":"L'actualit\u00e9 d'octobre chez Artesane - Journal Artesane - Arts Plastiques","isPartOf":{"@id":"https:\/\/www.artesane.com\/le-journal\/arts-plastiques\/#website"},"primaryImageOfPage":{"@id":"https:\/\/www.artesane.com\/le-journal\/arts-plastiques\/lactualite-doctobre-chez-artesane\/#primaryimage"},"image":{"@id":"https:\/\/www.artesane.com\/le-journal\/arts-plastiques\/lactualite-doctobre-chez-artesane\/#primaryimage"},"thumbnailUrl":"https:\/\/www.artesane.com\/le-journal\/arts-plastiques\/wp-content\/uploads\/2021\/10\/animalier-1.jpg","datePublished":"2021-10-01T10:00:05+00:00","dateModified":"2022-05-25T13:26:12+00:00","breadcrumb":{"@id":"https:\/\/www.artesane.com\/le-journal\/arts-plastiques\/lactualite-doctobre-chez-artesane\/#breadcrumb"},"inLanguage":"fr-FR","potentialAction":[{"@type":"ReadAction","target":["https:\/\/www.artesane.com\/le-journal\/arts-plastiques\/lactualite-doctobre-chez-artesane\/"]}]},{"@type":"ImageObject","inLanguage":"fr-FR","@id":"https:\/\/www.artesane.com\/le-journal\/arts-plastiques\/lactualite-doctobre-chez-artesane\/#primaryimage","url":"https:\/\/www.artesane.com\/le-journal\/arts-plastiques\/wp-content\/uploads\/2021\/10\/animalier-1.jpg","contentUrl":"https:\/\/www.artesane.com\/le-journal\/arts-plastiques\/wp-content\/uploads\/2021\/10\/animalier-1.jpg","width":1800,"height":1200},{"@type":"BreadcrumbList","@id":"https:\/\/www.artesane.com\/le-journal\/arts-plastiques\/lactualite-doctobre-chez-artesane\/#breadcrumb","itemListElement":[{"@type":"ListItem","position":1,"name":"Accueil","item":"https:\/\/www.artesane.com\/le-journal\/arts-plastiques\/"},{"@type":"ListItem","position":2,"name":"L&rsquo;actualit\u00e9 d&rsquo;octobre chez Artesane"}]},{"@type":"WebSite","@id":"https:\/\/www.artesane.com\/le-journal\/arts-plastiques\/#website","url":"https:\/\/www.artesane.com\/le-journal\/arts-plastiques\/","name":"Journal Artesane - Arts Plastiques","description":"","publisher":{"@id":"https:\/\/www.artesane.com\/le-journal\/arts-plastiques\/#organization"},"potentialAction":[{"@type":"SearchAction","target":{"@type":"EntryPoint","urlTemplate":"https:\/\/www.artesane.com\/le-journal\/arts-plastiques\/?s={search_term_string}"},"query-input":{"@type":"PropertyValueSpecification","valueRequired":true,"valueName":"search_term_string"}}],"inLanguage":"fr-FR"},{"@type":"Organization","@id":"https:\/\/www.artesane.com\/le-journal\/arts-plastiques\/#organization","name":"Artesane","url":"https:\/\/www.artesane.com\/le-journal\/arts-plastiques\/","logo":{"@type":"ImageObject","inLanguage":"fr-FR","@id":"https:\/\/www.artesane.com\/le-journal\/arts-plastiques\/#\/schema\/logo\/image\/","url":"https:\/\/www.artesane.com\/le-journal\/arts-plastiques\/wp-content\/uploads\/2022\/05\/logo-simple.png","contentUrl":"https:\/\/www.artesane.com\/le-journal\/arts-plastiques\/wp-content\/uploads\/2022\/05\/logo-simple.png","width":1166,"height":201,"caption":"Artesane"},"image":{"@id":"https:\/\/www.artesane.com\/le-journal\/arts-plastiques\/#\/schema\/logo\/image\/"},"sameAs":["https:\/\/www.facebook.com\/artesanefrance","https:\/\/www.instagram.com\/artesane_france\/","https:\/\/fr.linkedin.com\/company\/artesane","https:\/\/www.pinterest.fr\/ArtesaneFrance\/","https:\/\/www.youtube.com\/c\/Artesane_lesvideos","https:\/\/www.twitch.tv\/artesane?lang=fr","https:\/\/open.spotify.com\/show\/2gdmkyp7IoWhWpDRk3G71I"]},{"@type":"Person","@id":"https:\/\/www.artesane.com\/le-journal\/arts-plastiques\/#\/schema\/person\/1a21595829c7711bda04fcbb655321b2","name":"Dorian Furet"}]}},"_links":{"self":[{"href":"https:\/\/www.artesane.com\/le-journal\/arts-plastiques\/wp-json\/wp\/v2\/posts\/11957","targetHints":{"allow":["GET"]}}],"collection":[{"href":"https:\/\/www.artesane.com\/le-journal\/arts-plastiques\/wp-json\/wp\/v2\/posts"}],"about":[{"href":"https:\/\/www.artesane.com\/le-journal\/arts-plastiques\/wp-json\/wp\/v2\/types\/post"}],"author":[{"embeddable":true,"href":"https:\/\/www.artesane.com\/le-journal\/arts-plastiques\/wp-json\/wp\/v2\/users\/8"}],"replies":[{"embeddable":true,"href":"https:\/\/www.artesane.com\/le-journal\/arts-plastiques\/wp-json\/wp\/v2\/comments?post=11957"}],"version-history":[{"count":1,"href":"https:\/\/www.artesane.com\/le-journal\/arts-plastiques\/wp-json\/wp\/v2\/posts\/11957\/revisions"}],"predecessor-version":[{"id":13409,"href":"https:\/\/www.artesane.com\/le-journal\/arts-plastiques\/wp-json\/wp\/v2\/posts\/11957\/revisions\/13409"}],"wp:featuredmedia":[{"embeddable":true,"href":"https:\/\/www.artesane.com\/le-journal\/arts-plastiques\/wp-json\/wp\/v2\/media\/12015"}],"wp:attachment":[{"href":"https:\/\/www.artesane.com\/le-journal\/arts-plastiques\/wp-json\/wp\/v2\/media?parent=11957"}],"wp:term":[{"taxonomy":"category","embeddable":true,"href":"https:\/\/www.artesane.com\/le-journal\/arts-plastiques\/wp-json\/wp\/v2\/categories?post=11957"},{"taxonomy":"post_tag","embeddable":true,"href":"https:\/\/www.artesane.com\/le-journal\/arts-plastiques\/wp-json\/wp\/v2\/tags?post=11957"}],"curies":[{"name":"wp","href":"https:\/\/api.w.org\/{rel}","templated":true}]}}