{"id":12107,"date":"2021-10-29T10:00:45","date_gmt":"2021-10-29T08:00:45","guid":{"rendered":"https:\/\/le-journal.artesane.com\/?p=12107"},"modified":"2022-05-25T15:25:32","modified_gmt":"2022-05-25T13:25:32","slug":"lactualite-de-novembre-chez-artesane","status":"publish","type":"post","link":"https:\/\/www.artesane.com\/le-journal\/arts-plastiques\/lactualite-de-novembre-chez-artesane\/","title":{"rendered":"L\u2019actualit\u00e9 de novembre chez Artesane"},"content":{"rendered":"<p>[vc_row][vc_column][vc_column_text]<\/p>\n<p style=\"text-align: justify;\">\u00a0 \u00a0 \u00a0Le mois de novembre est un mois d\u2019euphorie pour Artesane. En plus des trois nouveaux <strong>cours vid\u00e9o<\/strong> qui sortiront tout au long du mois, nous serons pr\u00e9sents cette ann\u00e9e sur le <a href=\"https:\/\/www.creations-savoir-faire.com\/\" target=\"_blank\" rel=\"noopener\"><strong>salon Cr\u00e9ations &amp; savoir-faire<\/strong><\/a> \u00e0 Paris. Nous serons tr\u00e8s heureux de vous rencontrer ou de vous revoir lors de cet \u00e9v\u00e8nement, o\u00f9 vous pourrez m\u00eame pr\u00e9senter vos propres cr\u00e9ations lors d\u2019un <strong>d\u00e9fil\u00e9<\/strong>. Pour en savoir plus \u00e0 ce sujet, je vous retrouve dans la suite de cet article, ainsi que dans ceux des prochaines semaines qui seront consacr\u00e9s au salon. En attendant, place aux nouveaut\u00e9s\u00a0!<\/p>\n<p>[\/vc_column_text][\/vc_column][\/vc_row][vc_row][vc_column][vc_custom_heading text=\u00a0\u00bbDes nouveaux cours pour tous les go\u00fbts\u00a0\u00bb][vc_empty_space][\/vc_column][\/vc_row][vc_row][vc_column][vc_column_text]<\/p>\n<p style=\"text-align: justify;\"><strong>\u00a0 \u00a0 \u00a0Dessin num\u00e9rique<\/strong>, <strong>illustration jeunesse <\/strong>et <strong>gouache<\/strong>, nos talentueux professeurs ne font pas de jaloux en ce mois de novembre. Pr\u00e9parez-vous \u00e0 vous enfoncer dans les compositions de Marion et Violette, semblables \u00e0 de doux r\u00eaves, avant de vous r\u00e9veiller en fanfare avec les couleurs vives des tubes de gouache de Caroline.<\/p>\n<p>[\/vc_column_text][\/vc_column][\/vc_row][vc_row][vc_column][vc_custom_heading text=\u00a0\u00bb1\/3 Mati\u00e8res et textures en illustration num\u00e9rique\u00a0\u00bb google_fonts=\u00a0\u00bbfont_family:dinengschriftstd%3Aregular|font_style:400%20regular%3A400%3Anormal\u00a0\u00bb][vc_empty_space][\/vc_column][\/vc_row][vc_row][vc_column width=\u00a0\u00bb1\/2&Prime;][vc_column_text]<\/p>\n<p style=\"text-align: justify;\">\u00a0 \u00a0 \u00a0Je marche dans un univers inconnu mais \u00e9trangement familier, un monde color\u00e9 o\u00f9 je pourrais rester, vaquer, sans jamais me lasser. La nature m\u2019entoure, et une l\u00e9g\u00e8re brume se faufile entre mes pieds, sans que cela n\u2019interf\u00e8re en rien avec ma s\u00e9r\u00e9nit\u00e9. Je r\u00eave. J\u2019\u00e9merge d\u2019un cosmos onirique o\u00f9 rien ne pouvait me troubler. Je d\u00e9tache un instant mes yeux du magazine entre mes mains, et tourne d\u00e9j\u00e0 nostalgiquement cette page illustr\u00e9e par Marion Coudert de Masi. Plongez vous aussi dans les envo\u00fbtantes compositions de Marion, alias <strong>La Jeanette<\/strong>, et cr\u00e9ez avec elle vos propres <strong>illustrations num\u00e9riques<\/strong>.<\/p>\n<p>[\/vc_column_text][\/vc_column][vc_column width=\u00a0\u00bb1\/2&Prime;][vc_empty_space height=\u00a0\u00bb16px\u00a0\u00bb][vc_single_image image=\u00a0\u00bb12111&Prime; img_size=\u00a0\u00bbfull\u00a0\u00bb alignment=\u00a0\u00bbcenter\u00a0\u00bb][vc_empty_space][\/vc_column][\/vc_row][vc_row][vc_column][vc_column_text]<\/p>\n<p style=\"text-align: justify;\">Apprenez \u00e0 \u00e9laborer une palette de couleurs, \u00e0 manier les pinceaux et les textures du <strong>logiciel <em>Procreate<\/em><\/strong>, \u00e0 d\u00e9velopper votre patte artistique et \u00e0 composer vos dessins d\u00e8s le <strong>2 novembre<\/strong>, pour enfin partager les r\u00eaves et les cr\u00e9ations de votre esprit.<\/p>\n<p>[\/vc_column_text][\/vc_column][\/vc_row][vc_row][vc_column][vc_custom_heading text=\u00a0\u00bb2\/3 Introduction \u00e0 l\u2019illustration jeunesse \u00e0 l\u2019aquarelle\u00a0\u00bb google_fonts=\u00a0\u00bbfont_family:dinengschriftstd%3Aregular|font_style:400%20regular%3A400%3Anormal\u00a0\u00bb][vc_empty_space][vc_single_image image=\u00a0\u00bb12110&Prime; img_size=\u00a0\u00bbfull\u00a0\u00bb alignment=\u00a0\u00bbcenter\u00a0\u00bb][vc_empty_space][\/vc_column][\/vc_row][vc_row][vc_column][vc_column_text]<\/p>\n<p style=\"text-align: justify;\"><em>\u00a0 \u00a0 \u00a0F\u00e9\u00e9ries et jeunes sorciers, ch\u00e2teaux forts et lac gel\u00e9s, que Violette Imagine vous envo\u00fbte de ses illustrations enchant\u00e9es<\/em>. Avec une douceur et une po\u00e9sie enfantines, Violette vous initie \u00e0 l\u2019illustration jeunesse \u00e0 l\u2019aquarelle. Entre croquis, histoire et anecdotes, vous d\u00e9couvrirez comment donner \u00e0 vos dessins un aspect imaginaire et cr\u00e9er une ambiance propre \u00e0 l\u2019<strong>illustration jeunesse<\/strong>, en choisissant vos couleurs et en cr\u00e9ant vos personnages et d\u00e9cors. Donnez vie \u00e0 vos contes et r\u00e9veillez la na\u00efvet\u00e9 de l\u2019enfance qui se cache en nous tous d\u2019un simple coup de baguette magique sign\u00e9 Violette Imagine, d\u00e8s le <strong>9 novembre<\/strong>.<\/p>\n<p>[\/vc_column_text][\/vc_column][\/vc_row][vc_row][vc_column][vc_custom_heading text=\u00a0\u00bb3\/3 L\u2019illustration \u00e0 la gouache\u00a0\u00bb google_fonts=\u00a0\u00bbfont_family:dinengschriftstd%3Aregular|font_style:400%20regular%3A400%3Anormal\u00a0\u00bb][vc_empty_space][vc_single_image image=\u00a0\u00bb12121&Prime; img_size=\u00a0\u00bbfull\u00a0\u00bb alignment=\u00a0\u00bbcenter\u00a0\u00bb][vc_empty_space][\/vc_column][\/vc_row][vc_row][vc_column][vc_column_text]<\/p>\n<p style=\"text-align: justify;\">\u00a0 \u00a0 \u00a0De l\u2019eau au buvard, du buvard \u00e0 la palette, et de la palette au papier, Caroline Laguerre fait jouer ses pinceaux et cr\u00e9e des sc\u00e8nes touchantes et color\u00e9es \u00e0 la <strong>gouache acrylique<\/strong>. De t\u00e2ches de couleurs vives naissent des arbres et des animaux, prenant vie couche par couche sous les coups de peinture apposant\u00a0chaque d\u00e9tail. Caroline vous pr\u00e9sente dans ce cours sa propre conception artistique du dessin et des morphologies, en vous aidant \u00e0 composer vos illustrations plan par plan \u00e0 partir d\u2019une gamme de couleurs restreinte et tranch\u00e9e. \u00c9largissez vos perspectives gr\u00e2ce \u00e0 la gouache d\u00e8s le <strong>30 novembre<\/strong>.<\/p>\n<p>[\/vc_column_text][\/vc_column][\/vc_row][vc_row][vc_column][vc_custom_heading text=\u00a0\u00bbArtesane au salon Cr\u00e9ations &amp; savoir-faire\u00a0\u00bb][vc_empty_space][\/vc_column][\/vc_row][vc_row][vc_column][vc_column_text]<\/p>\n<p style=\"text-align: justify;\">\u00a0 \u00a0 \u00a0Cr\u00e9ations et savoir-faire, quels termes pour mieux repr\u00e9senter les \u00e9quipes et la communaut\u00e9 d\u2019Artesane ? Cette ann\u00e9e encore, nous r\u00e9pondons pr\u00e9sent au rendez-vous du <a href=\"https:\/\/www.creations-savoir-faire.com\/Catalogue-Creations-Savoir-Faire\/Catalogue\/Exposant\/ARTESANE\" target=\"_blank\" rel=\"noopener\"><strong>CSF<\/strong><\/a> pendant cinq jours, <strong>du mercredi 17 au dimanche 21 novembre<\/strong>, \u00e0 la <strong>porte de Versailles<\/strong> de <strong>Paris<\/strong>. Cet \u00e9v\u00e8nement sera l\u2019occasion pour nous de vous passer du temps avec vous dans un cadre des plus propices \u00e0 nos passions communes.<\/p>\n<p>[\/vc_column_text][\/vc_column][\/vc_row][vc_row][vc_column][vc_column_text]<\/p>\n<p style=\"text-align: justify;\">\u00a0 \u00a0 \u00a0En arrivant sur le salon, vous pourrez nous trouver \u00e0 notre habituel stand Artesane, pour discuter, se rencontrer, mais aussi d\u00e9couvrir nos <strong>coffrets<\/strong> ainsi que nos <strong>cours vid\u00e9o<\/strong>. Apr\u00e8s \u00eatre pass\u00e9 nous voir, vous pourrez vous diriger vers notre deuxi\u00e8me emplacement r\u00e9serv\u00e9 \u00e0 la formation professionnelle, o\u00f9 notre \u00e9quipe et Christine Charles de <strong>R\u00eave \u00e0 soie<\/strong> vous attendront pour vous expliquer les tenants et aboutissants du <strong>CAP M\u00e9tiers de la mode \u2013 v\u00eatement flou<\/strong>.<\/p>\n<p>[\/vc_column_text][\/vc_column][\/vc_row][vc_row][vc_column][vc_column_text]<\/p>\n<p style=\"text-align: justify;\">\u00a0 \u00a0 \u00a0Une fois qu\u2019Artesane n\u2019aura plus de secrets pour vous, nous vous invitons \u00e0 venir sur notre troisi\u00e8me espace d\u00e9di\u00e9 \u00e0 l\u2019\u00e9v\u00e8nementiel, afin d\u2019assister en exclusivit\u00e9 \u00e0 des tables rondes, des entretiens, des d\u00e9monstrations et maintes autres surprises. Et si jamais ce large programme vous int\u00e9resse mais que vous ne pouvez pas \u00eatre pr\u00e9sents sur place, c\u2019est le salon qui viendra \u00e0 vous puisque toutes nos animations seront retransmises en direct sur nos divers r\u00e9seaux sociaux. Les \u00e9quipes d\u2019<strong>Alban creative<\/strong> seront mobilis\u00e9es pour vous offrir, comme \u00e0 leur habitude, la meilleure qualit\u00e9 vid\u00e9o et audio possible, pour vivre le CSF avec nous, comme si vous y \u00e9tiez\u00a0!<\/p>\n<p>[\/vc_column_text][vc_single_image image=\u00a0\u00bb12156&Prime; img_size=\u00a0\u00bbfull\u00a0\u00bb alignment=\u00a0\u00bbcenter\u00a0\u00bb][vc_empty_space][\/vc_column][\/vc_row][vc_row][vc_column][vc_column_text]<\/p>\n<p style=\"text-align: justify;\">\u00a0 \u00a0 \u00a0Mais Artesane, ce n\u2019est pas seulement notre \u00e9quipe et nos professeurs mis en image par les talentueux regards de la troupe Alban Creative, c\u2019est aussi et surtout vous. C\u2019est pourquoi nous vous convions \u00e0 deux reprises durant le salon, lors de la <strong>nocturne du jeudi<\/strong> et le <strong>samedi apr\u00e8s-midi<\/strong>, \u00e0 venir pr\u00e9senter vos cr\u00e9ations cousues \u00e0 partir d\u2019un cours, d\u2019un cahier ou d\u2019un d\u00e9fi Artesane, lors de <strong>d\u00e9fil\u00e9s<\/strong> organis\u00e9s pour vous et vos r\u00e9alisations. Nous avons h\u00e2te de voir vos pi\u00e8ces de nos propres yeux, mises en valeur lors d\u2019un v\u00e9ritable d\u00e9fil\u00e9. Si vous souhaitez partager vos cr\u00e9ations avec nous et le salon, vous pouvez d\u00e8s \u00e0 pr\u00e9sent vous inscrire \u00e0 la s\u00e9lection en <a href=\"https:\/\/maeva119802.typeform.com\/defileCSF\" target=\"_blank\" rel=\"noopener\">cliquant ici<\/a>.<\/p>\n<p>[\/vc_column_text][\/vc_column][\/vc_row][vc_row][vc_column][vc_column_text]<\/p>\n<p style=\"text-align: justify;\">\u00a0 \u00a0 \u00a0J\u2019en profite pour vous annoncer d\u00e8s maintenant que les articles des deux prochaines semaines auront pour th\u00e8mes le planning pr\u00e9cis des animations que nous vous pr\u00e9parons pour le CSF, ainsi que les produits que vous pourrez retrouver sur notre stand principal. Nous attendons tous cet \u00e9v\u00e8nement convivial avec impatience, et esp\u00e9rons vous voir nombreux sur le salon ! En attendant, il nous reste beaucoup de choses \u00e0 pr\u00e9parer pour le 17 novembre ! Moi, j\u2019ai termin\u00e9 mon article, alors je vais aller hurler un petit compte \u00e0 rebours bien stressant dans les bureaux, pour motiver les troupes. J\u2019adore me faire appr\u00e9cier de mes coll\u00e8gues\u2026<\/p>\n<p>[\/vc_column_text][\/vc_column][\/vc_row][vc_row][vc_column][vc_empty_space][vc_empty_space][vc_column_text]\u00c0 bient\u00f4t chez Artesane\u00a0![\/vc_column_text][\/vc_column][\/vc_row]<\/p>\n","protected":false},"excerpt":{"rendered":"<p>[vc_row][vc_column][vc_column_text] \u00a0 \u00a0 \u00a0Le mois de novembre est un mois d\u2019euphorie pour Artesane. En plus des trois nouveaux cours vid\u00e9o qui sortiront tout au long du mois, nous serons pr\u00e9sents cette ann\u00e9e sur le salon Cr\u00e9ations &amp; savoir-faire \u00e0 Paris. Nous serons tr\u00e8s heureux de vous rencontrer ou de vous revoir lors de cet \u00e9v\u00e8nement, [&hellip;]<\/p>\n","protected":false},"author":8,"featured_media":12122,"comment_status":"open","ping_status":"open","sticky":false,"template":"","format":"standard","meta":{"_et_pb_use_builder":"","_et_pb_old_content":"","_et_gb_content_width":"","_exactmetrics_skip_tracking":false,"_exactmetrics_sitenote_active":false,"_exactmetrics_sitenote_note":"","_exactmetrics_sitenote_category":0,"footnotes":""},"categories":[7,914,915],"tags":[],"class_list":["post-12107","post","type-post","status-publish","format-standard","has-post-thumbnail","hentry","category-actualite","category-dessin-et-peinture","category-dessin-numerique"],"yoast_head":"<!-- This site is optimized with the Yoast SEO plugin v27.5 - https:\/\/yoast.com\/product\/yoast-seo-wordpress\/ -->\n<title>L\u2019actualit\u00e9 de novembre chez Artesane - Journal Artesane - Arts Plastiques<\/title>\n<meta name=\"robots\" content=\"index, follow, max-snippet:-1, max-image-preview:large, max-video-preview:-1\" \/>\n<link rel=\"canonical\" href=\"https:\/\/www.artesane.com\/le-journal\/arts-plastiques\/lactualite-de-novembre-chez-artesane\/\" \/>\n<meta property=\"og:locale\" content=\"fr_FR\" \/>\n<meta property=\"og:type\" content=\"article\" \/>\n<meta property=\"og:title\" content=\"L\u2019actualit\u00e9 de novembre chez Artesane - Journal Artesane - Arts Plastiques\" \/>\n<meta property=\"og:description\" content=\"[vc_row][vc_column][vc_column_text] \u00a0 \u00a0 \u00a0Le mois de novembre est un mois d\u2019euphorie pour Artesane. En plus des trois nouveaux cours vid\u00e9o qui sortiront tout au long du mois, nous serons pr\u00e9sents cette ann\u00e9e sur le salon Cr\u00e9ations &amp; savoir-faire \u00e0 Paris. Nous serons tr\u00e8s heureux de vous rencontrer ou de vous revoir lors de cet \u00e9v\u00e8nement, [&hellip;]\" \/>\n<meta property=\"og:url\" content=\"https:\/\/www.artesane.com\/le-journal\/arts-plastiques\/lactualite-de-novembre-chez-artesane\/\" \/>\n<meta property=\"og:site_name\" content=\"Journal Artesane - Arts Plastiques\" \/>\n<meta property=\"article:publisher\" content=\"https:\/\/www.facebook.com\/artesanefrance\" \/>\n<meta property=\"article:published_time\" content=\"2021-10-29T08:00:45+00:00\" \/>\n<meta property=\"article:modified_time\" content=\"2022-05-25T13:25:32+00:00\" \/>\n<meta property=\"og:image\" content=\"https:\/\/www.artesane.com\/le-journal\/arts-plastiques\/wp-content\/uploads\/2021\/10\/tournage.png\" \/>\n\t<meta property=\"og:image:width\" content=\"1244\" \/>\n\t<meta property=\"og:image:height\" content=\"829\" \/>\n\t<meta property=\"og:image:type\" content=\"image\/png\" \/>\n<meta name=\"author\" content=\"Dorian Furet\" \/>\n<meta name=\"twitter:card\" content=\"summary_large_image\" \/>\n<meta name=\"twitter:label1\" content=\"\u00c9crit par\" \/>\n\t<meta name=\"twitter:data1\" content=\"Dorian Furet\" \/>\n\t<meta name=\"twitter:label2\" content=\"Dur\u00e9e de lecture estim\u00e9e\" \/>\n\t<meta name=\"twitter:data2\" content=\"5 minutes\" \/>\n<script type=\"application\/ld+json\" class=\"yoast-schema-graph\">{\"@context\":\"https:\\\/\\\/schema.org\",\"@graph\":[{\"@type\":\"Article\",\"@id\":\"https:\\\/\\\/www.artesane.com\\\/le-journal\\\/arts-plastiques\\\/lactualite-de-novembre-chez-artesane\\\/#article\",\"isPartOf\":{\"@id\":\"https:\\\/\\\/www.artesane.com\\\/le-journal\\\/arts-plastiques\\\/lactualite-de-novembre-chez-artesane\\\/\"},\"author\":{\"name\":\"Dorian Furet\",\"@id\":\"https:\\\/\\\/www.artesane.com\\\/le-journal\\\/arts-plastiques\\\/#\\\/schema\\\/person\\\/1a21595829c7711bda04fcbb655321b2\"},\"headline\":\"L\u2019actualit\u00e9 de novembre chez Artesane\",\"datePublished\":\"2021-10-29T08:00:45+00:00\",\"dateModified\":\"2022-05-25T13:25:32+00:00\",\"mainEntityOfPage\":{\"@id\":\"https:\\\/\\\/www.artesane.com\\\/le-journal\\\/arts-plastiques\\\/lactualite-de-novembre-chez-artesane\\\/\"},\"wordCount\":1421,\"commentCount\":0,\"publisher\":{\"@id\":\"https:\\\/\\\/www.artesane.com\\\/le-journal\\\/arts-plastiques\\\/#organization\"},\"image\":{\"@id\":\"https:\\\/\\\/www.artesane.com\\\/le-journal\\\/arts-plastiques\\\/lactualite-de-novembre-chez-artesane\\\/#primaryimage\"},\"thumbnailUrl\":\"https:\\\/\\\/www.artesane.com\\\/le-journal\\\/arts-plastiques\\\/wp-content\\\/uploads\\\/2021\\\/10\\\/tournage.png\",\"articleSection\":[\"Actualit\u00e9\",\"Dessin et peinture\",\"Dessin num\u00e9rique\"],\"inLanguage\":\"fr-FR\",\"potentialAction\":[{\"@type\":\"CommentAction\",\"name\":\"Comment\",\"target\":[\"https:\\\/\\\/www.artesane.com\\\/le-journal\\\/arts-plastiques\\\/lactualite-de-novembre-chez-artesane\\\/#respond\"]}]},{\"@type\":\"WebPage\",\"@id\":\"https:\\\/\\\/www.artesane.com\\\/le-journal\\\/arts-plastiques\\\/lactualite-de-novembre-chez-artesane\\\/\",\"url\":\"https:\\\/\\\/www.artesane.com\\\/le-journal\\\/arts-plastiques\\\/lactualite-de-novembre-chez-artesane\\\/\",\"name\":\"L\u2019actualit\u00e9 de novembre chez Artesane - Journal Artesane - Arts Plastiques\",\"isPartOf\":{\"@id\":\"https:\\\/\\\/www.artesane.com\\\/le-journal\\\/arts-plastiques\\\/#website\"},\"primaryImageOfPage\":{\"@id\":\"https:\\\/\\\/www.artesane.com\\\/le-journal\\\/arts-plastiques\\\/lactualite-de-novembre-chez-artesane\\\/#primaryimage\"},\"image\":{\"@id\":\"https:\\\/\\\/www.artesane.com\\\/le-journal\\\/arts-plastiques\\\/lactualite-de-novembre-chez-artesane\\\/#primaryimage\"},\"thumbnailUrl\":\"https:\\\/\\\/www.artesane.com\\\/le-journal\\\/arts-plastiques\\\/wp-content\\\/uploads\\\/2021\\\/10\\\/tournage.png\",\"datePublished\":\"2021-10-29T08:00:45+00:00\",\"dateModified\":\"2022-05-25T13:25:32+00:00\",\"breadcrumb\":{\"@id\":\"https:\\\/\\\/www.artesane.com\\\/le-journal\\\/arts-plastiques\\\/lactualite-de-novembre-chez-artesane\\\/#breadcrumb\"},\"inLanguage\":\"fr-FR\",\"potentialAction\":[{\"@type\":\"ReadAction\",\"target\":[\"https:\\\/\\\/www.artesane.com\\\/le-journal\\\/arts-plastiques\\\/lactualite-de-novembre-chez-artesane\\\/\"]}]},{\"@type\":\"ImageObject\",\"inLanguage\":\"fr-FR\",\"@id\":\"https:\\\/\\\/www.artesane.com\\\/le-journal\\\/arts-plastiques\\\/lactualite-de-novembre-chez-artesane\\\/#primaryimage\",\"url\":\"https:\\\/\\\/www.artesane.com\\\/le-journal\\\/arts-plastiques\\\/wp-content\\\/uploads\\\/2021\\\/10\\\/tournage.png\",\"contentUrl\":\"https:\\\/\\\/www.artesane.com\\\/le-journal\\\/arts-plastiques\\\/wp-content\\\/uploads\\\/2021\\\/10\\\/tournage.png\",\"width\":1244,\"height\":829},{\"@type\":\"BreadcrumbList\",\"@id\":\"https:\\\/\\\/www.artesane.com\\\/le-journal\\\/arts-plastiques\\\/lactualite-de-novembre-chez-artesane\\\/#breadcrumb\",\"itemListElement\":[{\"@type\":\"ListItem\",\"position\":1,\"name\":\"Accueil\",\"item\":\"https:\\\/\\\/www.artesane.com\\\/le-journal\\\/arts-plastiques\\\/\"},{\"@type\":\"ListItem\",\"position\":2,\"name\":\"L\u2019actualit\u00e9 de novembre chez Artesane\"}]},{\"@type\":\"WebSite\",\"@id\":\"https:\\\/\\\/www.artesane.com\\\/le-journal\\\/arts-plastiques\\\/#website\",\"url\":\"https:\\\/\\\/www.artesane.com\\\/le-journal\\\/arts-plastiques\\\/\",\"name\":\"Journal Artesane - Arts Plastiques\",\"description\":\"\",\"publisher\":{\"@id\":\"https:\\\/\\\/www.artesane.com\\\/le-journal\\\/arts-plastiques\\\/#organization\"},\"potentialAction\":[{\"@type\":\"SearchAction\",\"target\":{\"@type\":\"EntryPoint\",\"urlTemplate\":\"https:\\\/\\\/www.artesane.com\\\/le-journal\\\/arts-plastiques\\\/?s={search_term_string}\"},\"query-input\":{\"@type\":\"PropertyValueSpecification\",\"valueRequired\":true,\"valueName\":\"search_term_string\"}}],\"inLanguage\":\"fr-FR\"},{\"@type\":\"Organization\",\"@id\":\"https:\\\/\\\/www.artesane.com\\\/le-journal\\\/arts-plastiques\\\/#organization\",\"name\":\"Artesane\",\"url\":\"https:\\\/\\\/www.artesane.com\\\/le-journal\\\/arts-plastiques\\\/\",\"logo\":{\"@type\":\"ImageObject\",\"inLanguage\":\"fr-FR\",\"@id\":\"https:\\\/\\\/www.artesane.com\\\/le-journal\\\/arts-plastiques\\\/#\\\/schema\\\/logo\\\/image\\\/\",\"url\":\"https:\\\/\\\/www.artesane.com\\\/le-journal\\\/arts-plastiques\\\/wp-content\\\/uploads\\\/2022\\\/05\\\/logo-simple.png\",\"contentUrl\":\"https:\\\/\\\/www.artesane.com\\\/le-journal\\\/arts-plastiques\\\/wp-content\\\/uploads\\\/2022\\\/05\\\/logo-simple.png\",\"width\":1166,\"height\":201,\"caption\":\"Artesane\"},\"image\":{\"@id\":\"https:\\\/\\\/www.artesane.com\\\/le-journal\\\/arts-plastiques\\\/#\\\/schema\\\/logo\\\/image\\\/\"},\"sameAs\":[\"https:\\\/\\\/www.facebook.com\\\/artesanefrance\",\"https:\\\/\\\/www.instagram.com\\\/artesane_france\\\/\",\"https:\\\/\\\/fr.linkedin.com\\\/company\\\/artesane\",\"https:\\\/\\\/www.pinterest.fr\\\/ArtesaneFrance\\\/\",\"https:\\\/\\\/www.youtube.com\\\/c\\\/Artesane_lesvideos\",\"https:\\\/\\\/www.twitch.tv\\\/artesane?lang=fr\",\"https:\\\/\\\/open.spotify.com\\\/show\\\/2gdmkyp7IoWhWpDRk3G71I\"]},{\"@type\":\"Person\",\"@id\":\"https:\\\/\\\/www.artesane.com\\\/le-journal\\\/arts-plastiques\\\/#\\\/schema\\\/person\\\/1a21595829c7711bda04fcbb655321b2\",\"name\":\"Dorian Furet\"}]}<\/script>\n<!-- \/ Yoast SEO plugin. -->","yoast_head_json":{"title":"L\u2019actualit\u00e9 de novembre chez Artesane - Journal Artesane - Arts Plastiques","robots":{"index":"index","follow":"follow","max-snippet":"max-snippet:-1","max-image-preview":"max-image-preview:large","max-video-preview":"max-video-preview:-1"},"canonical":"https:\/\/www.artesane.com\/le-journal\/arts-plastiques\/lactualite-de-novembre-chez-artesane\/","og_locale":"fr_FR","og_type":"article","og_title":"L\u2019actualit\u00e9 de novembre chez Artesane - Journal Artesane - Arts Plastiques","og_description":"[vc_row][vc_column][vc_column_text] \u00a0 \u00a0 \u00a0Le mois de novembre est un mois d\u2019euphorie pour Artesane. En plus des trois nouveaux cours vid\u00e9o qui sortiront tout au long du mois, nous serons pr\u00e9sents cette ann\u00e9e sur le salon Cr\u00e9ations &amp; savoir-faire \u00e0 Paris. Nous serons tr\u00e8s heureux de vous rencontrer ou de vous revoir lors de cet \u00e9v\u00e8nement, [&hellip;]","og_url":"https:\/\/www.artesane.com\/le-journal\/arts-plastiques\/lactualite-de-novembre-chez-artesane\/","og_site_name":"Journal Artesane - Arts Plastiques","article_publisher":"https:\/\/www.facebook.com\/artesanefrance","article_published_time":"2021-10-29T08:00:45+00:00","article_modified_time":"2022-05-25T13:25:32+00:00","og_image":[{"width":1244,"height":829,"url":"https:\/\/www.artesane.com\/le-journal\/arts-plastiques\/wp-content\/uploads\/2021\/10\/tournage.png","type":"image\/png"}],"author":"Dorian Furet","twitter_card":"summary_large_image","twitter_misc":{"\u00c9crit par":"Dorian Furet","Dur\u00e9e de lecture estim\u00e9e":"5 minutes"},"schema":{"@context":"https:\/\/schema.org","@graph":[{"@type":"Article","@id":"https:\/\/www.artesane.com\/le-journal\/arts-plastiques\/lactualite-de-novembre-chez-artesane\/#article","isPartOf":{"@id":"https:\/\/www.artesane.com\/le-journal\/arts-plastiques\/lactualite-de-novembre-chez-artesane\/"},"author":{"name":"Dorian Furet","@id":"https:\/\/www.artesane.com\/le-journal\/arts-plastiques\/#\/schema\/person\/1a21595829c7711bda04fcbb655321b2"},"headline":"L\u2019actualit\u00e9 de novembre chez Artesane","datePublished":"2021-10-29T08:00:45+00:00","dateModified":"2022-05-25T13:25:32+00:00","mainEntityOfPage":{"@id":"https:\/\/www.artesane.com\/le-journal\/arts-plastiques\/lactualite-de-novembre-chez-artesane\/"},"wordCount":1421,"commentCount":0,"publisher":{"@id":"https:\/\/www.artesane.com\/le-journal\/arts-plastiques\/#organization"},"image":{"@id":"https:\/\/www.artesane.com\/le-journal\/arts-plastiques\/lactualite-de-novembre-chez-artesane\/#primaryimage"},"thumbnailUrl":"https:\/\/www.artesane.com\/le-journal\/arts-plastiques\/wp-content\/uploads\/2021\/10\/tournage.png","articleSection":["Actualit\u00e9","Dessin et peinture","Dessin num\u00e9rique"],"inLanguage":"fr-FR","potentialAction":[{"@type":"CommentAction","name":"Comment","target":["https:\/\/www.artesane.com\/le-journal\/arts-plastiques\/lactualite-de-novembre-chez-artesane\/#respond"]}]},{"@type":"WebPage","@id":"https:\/\/www.artesane.com\/le-journal\/arts-plastiques\/lactualite-de-novembre-chez-artesane\/","url":"https:\/\/www.artesane.com\/le-journal\/arts-plastiques\/lactualite-de-novembre-chez-artesane\/","name":"L\u2019actualit\u00e9 de novembre chez Artesane - Journal Artesane - Arts Plastiques","isPartOf":{"@id":"https:\/\/www.artesane.com\/le-journal\/arts-plastiques\/#website"},"primaryImageOfPage":{"@id":"https:\/\/www.artesane.com\/le-journal\/arts-plastiques\/lactualite-de-novembre-chez-artesane\/#primaryimage"},"image":{"@id":"https:\/\/www.artesane.com\/le-journal\/arts-plastiques\/lactualite-de-novembre-chez-artesane\/#primaryimage"},"thumbnailUrl":"https:\/\/www.artesane.com\/le-journal\/arts-plastiques\/wp-content\/uploads\/2021\/10\/tournage.png","datePublished":"2021-10-29T08:00:45+00:00","dateModified":"2022-05-25T13:25:32+00:00","breadcrumb":{"@id":"https:\/\/www.artesane.com\/le-journal\/arts-plastiques\/lactualite-de-novembre-chez-artesane\/#breadcrumb"},"inLanguage":"fr-FR","potentialAction":[{"@type":"ReadAction","target":["https:\/\/www.artesane.com\/le-journal\/arts-plastiques\/lactualite-de-novembre-chez-artesane\/"]}]},{"@type":"ImageObject","inLanguage":"fr-FR","@id":"https:\/\/www.artesane.com\/le-journal\/arts-plastiques\/lactualite-de-novembre-chez-artesane\/#primaryimage","url":"https:\/\/www.artesane.com\/le-journal\/arts-plastiques\/wp-content\/uploads\/2021\/10\/tournage.png","contentUrl":"https:\/\/www.artesane.com\/le-journal\/arts-plastiques\/wp-content\/uploads\/2021\/10\/tournage.png","width":1244,"height":829},{"@type":"BreadcrumbList","@id":"https:\/\/www.artesane.com\/le-journal\/arts-plastiques\/lactualite-de-novembre-chez-artesane\/#breadcrumb","itemListElement":[{"@type":"ListItem","position":1,"name":"Accueil","item":"https:\/\/www.artesane.com\/le-journal\/arts-plastiques\/"},{"@type":"ListItem","position":2,"name":"L\u2019actualit\u00e9 de novembre chez Artesane"}]},{"@type":"WebSite","@id":"https:\/\/www.artesane.com\/le-journal\/arts-plastiques\/#website","url":"https:\/\/www.artesane.com\/le-journal\/arts-plastiques\/","name":"Journal Artesane - Arts Plastiques","description":"","publisher":{"@id":"https:\/\/www.artesane.com\/le-journal\/arts-plastiques\/#organization"},"potentialAction":[{"@type":"SearchAction","target":{"@type":"EntryPoint","urlTemplate":"https:\/\/www.artesane.com\/le-journal\/arts-plastiques\/?s={search_term_string}"},"query-input":{"@type":"PropertyValueSpecification","valueRequired":true,"valueName":"search_term_string"}}],"inLanguage":"fr-FR"},{"@type":"Organization","@id":"https:\/\/www.artesane.com\/le-journal\/arts-plastiques\/#organization","name":"Artesane","url":"https:\/\/www.artesane.com\/le-journal\/arts-plastiques\/","logo":{"@type":"ImageObject","inLanguage":"fr-FR","@id":"https:\/\/www.artesane.com\/le-journal\/arts-plastiques\/#\/schema\/logo\/image\/","url":"https:\/\/www.artesane.com\/le-journal\/arts-plastiques\/wp-content\/uploads\/2022\/05\/logo-simple.png","contentUrl":"https:\/\/www.artesane.com\/le-journal\/arts-plastiques\/wp-content\/uploads\/2022\/05\/logo-simple.png","width":1166,"height":201,"caption":"Artesane"},"image":{"@id":"https:\/\/www.artesane.com\/le-journal\/arts-plastiques\/#\/schema\/logo\/image\/"},"sameAs":["https:\/\/www.facebook.com\/artesanefrance","https:\/\/www.instagram.com\/artesane_france\/","https:\/\/fr.linkedin.com\/company\/artesane","https:\/\/www.pinterest.fr\/ArtesaneFrance\/","https:\/\/www.youtube.com\/c\/Artesane_lesvideos","https:\/\/www.twitch.tv\/artesane?lang=fr","https:\/\/open.spotify.com\/show\/2gdmkyp7IoWhWpDRk3G71I"]},{"@type":"Person","@id":"https:\/\/www.artesane.com\/le-journal\/arts-plastiques\/#\/schema\/person\/1a21595829c7711bda04fcbb655321b2","name":"Dorian Furet"}]}},"_links":{"self":[{"href":"https:\/\/www.artesane.com\/le-journal\/arts-plastiques\/wp-json\/wp\/v2\/posts\/12107","targetHints":{"allow":["GET"]}}],"collection":[{"href":"https:\/\/www.artesane.com\/le-journal\/arts-plastiques\/wp-json\/wp\/v2\/posts"}],"about":[{"href":"https:\/\/www.artesane.com\/le-journal\/arts-plastiques\/wp-json\/wp\/v2\/types\/post"}],"author":[{"embeddable":true,"href":"https:\/\/www.artesane.com\/le-journal\/arts-plastiques\/wp-json\/wp\/v2\/users\/8"}],"replies":[{"embeddable":true,"href":"https:\/\/www.artesane.com\/le-journal\/arts-plastiques\/wp-json\/wp\/v2\/comments?post=12107"}],"version-history":[{"count":1,"href":"https:\/\/www.artesane.com\/le-journal\/arts-plastiques\/wp-json\/wp\/v2\/posts\/12107\/revisions"}],"predecessor-version":[{"id":13405,"href":"https:\/\/www.artesane.com\/le-journal\/arts-plastiques\/wp-json\/wp\/v2\/posts\/12107\/revisions\/13405"}],"wp:featuredmedia":[{"embeddable":true,"href":"https:\/\/www.artesane.com\/le-journal\/arts-plastiques\/wp-json\/wp\/v2\/media\/12122"}],"wp:attachment":[{"href":"https:\/\/www.artesane.com\/le-journal\/arts-plastiques\/wp-json\/wp\/v2\/media?parent=12107"}],"wp:term":[{"taxonomy":"category","embeddable":true,"href":"https:\/\/www.artesane.com\/le-journal\/arts-plastiques\/wp-json\/wp\/v2\/categories?post=12107"},{"taxonomy":"post_tag","embeddable":true,"href":"https:\/\/www.artesane.com\/le-journal\/arts-plastiques\/wp-json\/wp\/v2\/tags?post=12107"}],"curies":[{"name":"wp","href":"https:\/\/api.w.org\/{rel}","templated":true}]}}