{"id":12622,"date":"2022-01-07T11:59:53","date_gmt":"2022-01-07T10:59:53","guid":{"rendered":"https:\/\/le-journal.artesane.com\/?p=12622"},"modified":"2022-05-26T11:48:18","modified_gmt":"2022-05-26T09:48:18","slug":"lactualite-de-janvier-chez-artesane","status":"publish","type":"post","link":"https:\/\/www.artesane.com\/le-journal\/arts-plastiques\/lactualite-de-janvier-chez-artesane\/","title":{"rendered":"L&rsquo;actualit\u00e9 de janvier chez Artesane"},"content":{"rendered":"<p>[vc_row][vc_column][vc_column_text]<\/p>\n<p style=\"text-align: justify;\">\u00a0 \u00a0 \u00a0Bienvenue \u00e0 toutes et \u00e0 tous dans ce premier article du Journal Artesane de l\u2019ann\u00e9e 2022 ! J\u2019esp\u00e8re que vos f\u00eates de fin d\u2019ann\u00e9e se sont bien pass\u00e9es et je vous pr\u00e9sente mes meilleurs v\u0153ux pour cette nouvelle ann\u00e9e qui, je l\u2019esp\u00e8re, sera cr\u00e9ative et pleine de beaux projets !<\/p>\n<p>[\/vc_column_text][vc_column_text]<\/p>\n<p style=\"text-align: justify;\">\u00a0 \u00a0 \u00a0Aujourd\u2019hui, d\u00e9but de mois oblige, je vous propose de d\u00e9couvrir les actualit\u00e9s de janvier pour avoir un aper\u00e7u des tout nouveaux cours qui vous attendent pour bien d\u00e9marrer l\u2019ann\u00e9e. De tr\u00e8s belles surprises et nouveaut\u00e9s arriveront tout au long de ce d\u00e9but d\u2019ann\u00e9e, et je serai l\u00e0 pour vous les partager. J\u2019esp\u00e8re que vous serez au rendez-vous et je vous remercie pour l\u2019accueil que vous avez r\u00e9serv\u00e9 \u00e0 mes \u00e9crits depuis mon premier article qui pr\u00e9sentait les actualit\u00e9s de septembre, il y a d\u00e9j\u00e0 quatre mois ! \u00c0 pr\u00e9sent, passons au vif du sujet avec les quatre nouveaux cours Artesane !<\/p>\n<p>[\/vc_column_text][\/vc_column][\/vc_row][vc_row][vc_column][vc_custom_heading text=\u00a0\u00bb1\/4 Techniques et finitions haute couture niveau 3&Prime;][vc_empty_space][\/vc_column][\/vc_row][vc_row][vc_column][vc_column_text]<\/p>\n<p style=\"text-align: justify;\">\u00a0 \u00a0 \u00a0Navigant dans l\u2019atelier, Marie-Laure observe des cr\u00e9ations toutes plus r\u00e9ussies les unes que les autres, mais auxquelles il semble manquer quelque chose, un d\u00e9tail peut-\u00eatre, de quoi faire de ces tenues de v\u00e9ritables pi\u00e8ces d\u2019exception. Elle saisit une aiguille abandonn\u00e9e sur l\u2019une des tables, et ici ajoute du biais, l\u00e0 cr\u00e9e un roulott\u00e9, texture cette partie en la matelassant, et celle-l\u00e0 en la cordant. Voici ce qu\u2019il manquait pour donner un caract\u00e8re unique \u00e0 toutes ces tenues : des finitions haute couture.<\/p>\n<p>[\/vc_column_text][vc_single_image image=\u00a0\u00bb12626&Prime; img_size=\u00a0\u00bbfull\u00a0\u00bb alignment=\u00a0\u00bbcenter\u00a0\u00bb][vc_empty_space][vc_column_text]<\/p>\n<p style=\"text-align: justify;\">\u00a0 \u00a0 \u00a0C\u2019est pour partager son savoir-faire en haute couture et vous aider \u00e0 cr\u00e9er des pi\u00e8ces dignes des plus grands ateliers que Marie-Laure vous retrouve pour un troisi\u00e8me cours sur les techniques et finitions haute couture. Elle vous apprendra cette fois des techniques ornementales pour r\u00e9aliser plis, fronces et ourlets, ajouter passepoils, d\u00e9coupes et appliqu\u00e9s, et cr\u00e9er des textures. Rejoignez Marie-Laure d\u00e8s <strong>le 6 janvier<\/strong> pour augmenter encore votre arsenal de techniques et finitions haute couture.<\/p>\n<p>[\/vc_column_text][vc_single_image image=\u00a0\u00bb12624&Prime; img_size=\u00a0\u00bbfull\u00a0\u00bb alignment=\u00a0\u00bbcenter\u00a0\u00bb][vc_empty_space][\/vc_column][\/vc_row][vc_row][vc_column][vc_custom_heading text=\u00a0\u00bb2\/4 D\u00e9butez en peinture \u00e0 l\u2019huile\u00a0\u00bb][vc_empty_space][\/vc_column][\/vc_row][vc_row][vc_column][vc_column_text]<\/p>\n<p style=\"text-align: justify;\">\u00a0 \u00a0 \u00a0Lorsqu\u2019un bateau s\u2019amarre \u00e0 la jet\u00e9e, qu\u2019un banc de voiliers passe \u00e0 l\u2019horizon ou que le ciel de Bretagne m\u00eale ses teintes gris-bleu aux toits des demeures de Dinard, Yves-Marie Salanson ne peut s\u2019emp\u00eacher de poser son chevalet et de jouer de l\u2019huile et des pinceaux pour retranscrire l\u2019atmosph\u00e8re des sc\u00e8nes quotidiennes de la C\u00f4te d\u2019\u00c9meraude.<\/p>\n<p>[\/vc_column_text][vc_single_image image=\u00a0\u00bb12636&Prime; img_size=\u00a0\u00bbfull\u00a0\u00bb alignment=\u00a0\u00bbcenter\u00a0\u00bb][vc_empty_space][vc_column_text]<\/p>\n<p style=\"text-align: justify;\">\u00a0 \u00a0 \u00a0Dans ce nouveau cours, Yves-Marie vous emm\u00e8ne \u00e0 la d\u00e9couverte du travail de la peinture \u00e0 l\u2019huile, qui a recouvert les toiles des plus grands ma\u00eetres de la peinture au cours des si\u00e8cles. De de Vinci \u00e0 Van Gogh, en passant par V\u00e9lasquez, la peinture \u00e0 l\u2019huile a su conqu\u00e9rir les courants artistiques par sa polyvalence et le panel d\u2019approches qu\u2019elle offre. Yves-Marie vous conseillera sur le choix du mat\u00e9riel et la construction d\u2019un sujet, avec une vision moderne et dynamique de la peinture \u00e0 l\u2019huile, pour que vous puissiez r\u00e9aliser une \u0153uvre de l\u2019esquisse aux finitions. Ce cours sera disponible <strong>le\u00a011\u00a0janvier<\/strong>.<\/p>\n<p>[\/vc_column_text][vc_single_image image=\u00a0\u00bb12635&Prime; img_size=\u00a0\u00bbfull\u00a0\u00bb alignment=\u00a0\u00bbcenter\u00a0\u00bb][vc_empty_space][\/vc_column][\/vc_row][vc_row][vc_column][vc_custom_heading text=\u00a0\u00bb3\/4 Adaptations essentielles d&rsquo;un patron de couture\u00a0\u00bb][vc_empty_space][\/vc_column][\/vc_row][vc_row][vc_column][vc_column_text]<\/p>\n<p style=\"text-align: justify;\">\u00a0 \u00a0 \u00a0Chaque corps est unique, et chaque personne devrait pouvoir porter des v\u00eatement qui lui si\u00e9ent parfaitement. Pour vous aider \u00e0 donner \u00e0 vos cr\u00e9ations un rendu sur-mesure, Sophie Valantoine vous propose dans ce cours disponible <strong>le 20 janvier<\/strong> d\u2019apprendre \u00e0 prendre vos mesures et \u00e0 retravailler vos mod\u00e8les sur patron et sur toile.<\/p>\n<p>[\/vc_column_text][vc_single_image image=\u00a0\u00bb12640&Prime; img_size=\u00a0\u00bbfull\u00a0\u00bb alignment=\u00a0\u00bbcenter\u00a0\u00bb][vc_empty_space][vc_column_text]<\/p>\n<p style=\"text-align: justify;\">\u00a0 \u00a0 \u00a0Avec Sophie, vous apprendrez \u00e0 pr\u00e9parer votre travail en fonction de votre mod\u00e8le, \u00e0 confectionner votre toile d\u2019essayage et \u00e0 rep\u00e9rer les modifications \u00e0 effectuer pour que votre pi\u00e8ce convienne totalement \u00e0 votre morphologie. Vous pourrez ensuite mettre en pratique ces modifications en d\u00e9couvrant comment ajouter ou retrancher de la mati\u00e8re, marquer ou effacer des volumes ou encore ajuster des manches. Les modifications et ajustements de patrons n\u2019auront plus de secrets pour vous !<\/p>\n<p>[\/vc_column_text][vc_single_image image=\u00a0\u00bb12639&Prime; img_size=\u00a0\u00bbfull\u00a0\u00bb alignment=\u00a0\u00bbcenter\u00a0\u00bb][vc_empty_space][\/vc_column][\/vc_row][vc_row][vc_column][vc_custom_heading text=\u00a0\u00bb4\/4 Les bases de la BD\u00a0\u00bb][vc_empty_space][\/vc_column][\/vc_row][vc_row][vc_column][vc_column_text]<\/p>\n<p style=\"text-align: justify;\">\u00a0 \u00a0 \u00a0Sautant dans ses bandes dessin\u00e9es d\u2019\u00e9poque en \u00e9poque et d\u2019univers en univers comme l\u2019\u0153il saute de case en case, Lorenzo Chiavini explore le dessin sous le prisme de la narration et de la construction de personnages et de mondes r\u00e9els ou fictionnels. C\u2019est ce travail inh\u00e9rent \u00e0 la bande dessin\u00e9e que vous propose de d\u00e9couvrir Lorenzo dans ce nouveau cours consacr\u00e9 aux bases de cet art, disponible <strong>le 25 janvier<\/strong>.<\/p>\n<p>[\/vc_column_text][vc_column_text]<\/p>\n<p style=\"text-align: justify;\">\u00a0 \u00a0 \u00a0Apr\u00e8s vous avoir pr\u00e9sent\u00e9 le mat\u00e9riel n\u00e9cessaire au dessin et \u00e0 la mise en couleur, Lorenzo vous invitera \u00e0 r\u00e9fl\u00e9chir \u00e0 vos personnages, \u00e0 l\u2019intrigue et aux \u00e9l\u00e9ments de votre bande dessin\u00e9e afin de r\u00e9aliser une \u0153uvre coh\u00e9rente. Vous pourrez ensuite cr\u00e9er votre storyboard et passer \u00e0 la mise en couleur. De quoi ravir les amateurs de bandes dessin\u00e9es qui ont toujours voulu cr\u00e9er la leur !<\/p>\n<p>[\/vc_column_text][vc_single_image image=\u00a0\u00bb12642&Prime; img_size=\u00a0\u00bbfull\u00a0\u00bb alignment=\u00a0\u00bbcenter\u00a0\u00bb][vc_empty_space][\/vc_column][\/vc_row][vc_row][vc_column][vc_empty_space][vc_column_text]<\/p>\n<p style=\"text-align: justify;\">\u00a0 \u00a0 \u00a0Couture, mod\u00e9lisme, peinture et bande dessin\u00e9e, j&rsquo;esp\u00e8re que ce programme vous permettra de bien d\u00e9buter l&rsquo;ann\u00e9e et d&rsquo;entreprendre de nouveaux projets cr\u00e9atifs. De belles choses arrivent \u00e9galement le mois prochain, dont des nouveaut\u00e9s de Charlotte Jaubert, et un cours d&rsquo;une professeure tr\u00e8s attendue. Je me r\u00e9jouis par avance de vous en parler dans les articles qui arrivent ces prochaines semaines, et d&rsquo;ici l\u00e0 vous souhaite encore tout le meilleur pour 2022.<\/p>\n<p>[\/vc_column_text][vc_empty_space][vc_empty_space][vc_column_text]<\/p>\n<p style=\"text-align: justify;\">\u00c0 bient\u00f4t chez Artesane\u00a0!<\/p>\n<p>[\/vc_column_text][\/vc_column][\/vc_row]<\/p>\n","protected":false},"excerpt":{"rendered":"<p>[vc_row][vc_column][vc_column_text] \u00a0 \u00a0 \u00a0Bienvenue \u00e0 toutes et \u00e0 tous dans ce premier article du Journal Artesane de l\u2019ann\u00e9e 2022 ! J\u2019esp\u00e8re que vos f\u00eates de fin d\u2019ann\u00e9e se sont bien pass\u00e9es et je vous pr\u00e9sente mes meilleurs v\u0153ux pour cette nouvelle ann\u00e9e qui, je l\u2019esp\u00e8re, sera cr\u00e9ative et pleine de beaux projets ! [\/vc_column_text][vc_column_text] \u00a0 [&hellip;]<\/p>\n","protected":false},"author":8,"featured_media":12792,"comment_status":"open","ping_status":"open","sticky":false,"template":"","format":"standard","meta":{"_et_pb_use_builder":"","_et_pb_old_content":"","_et_gb_content_width":"","_exactmetrics_skip_tracking":false,"_exactmetrics_sitenote_active":false,"_exactmetrics_sitenote_note":"","_exactmetrics_sitenote_category":0,"footnotes":""},"categories":[7,914],"tags":[],"class_list":["post-12622","post","type-post","status-publish","format-standard","has-post-thumbnail","hentry","category-actualite","category-dessin-et-peinture"],"yoast_head":"<!-- This site is optimized with the Yoast SEO plugin v27.5 - https:\/\/yoast.com\/product\/yoast-seo-wordpress\/ -->\n<title>L&#039;actualit\u00e9 de janvier chez Artesane - Journal Artesane - Arts Plastiques<\/title>\n<meta name=\"robots\" content=\"index, follow, max-snippet:-1, max-image-preview:large, max-video-preview:-1\" \/>\n<link rel=\"canonical\" href=\"https:\/\/www.artesane.com\/le-journal\/arts-plastiques\/lactualite-de-janvier-chez-artesane\/\" \/>\n<meta property=\"og:locale\" content=\"fr_FR\" \/>\n<meta property=\"og:type\" content=\"article\" \/>\n<meta property=\"og:title\" content=\"L&#039;actualit\u00e9 de janvier chez Artesane - Journal Artesane - Arts Plastiques\" \/>\n<meta property=\"og:description\" content=\"[vc_row][vc_column][vc_column_text] \u00a0 \u00a0 \u00a0Bienvenue \u00e0 toutes et \u00e0 tous dans ce premier article du Journal Artesane de l\u2019ann\u00e9e 2022 ! J\u2019esp\u00e8re que vos f\u00eates de fin d\u2019ann\u00e9e se sont bien pass\u00e9es et je vous pr\u00e9sente mes meilleurs v\u0153ux pour cette nouvelle ann\u00e9e qui, je l\u2019esp\u00e8re, sera cr\u00e9ative et pleine de beaux projets ! [\/vc_column_text][vc_column_text] \u00a0 [&hellip;]\" \/>\n<meta property=\"og:url\" content=\"https:\/\/www.artesane.com\/le-journal\/arts-plastiques\/lactualite-de-janvier-chez-artesane\/\" \/>\n<meta property=\"og:site_name\" content=\"Journal Artesane - Arts Plastiques\" \/>\n<meta property=\"article:publisher\" content=\"https:\/\/www.facebook.com\/artesanefrance\" \/>\n<meta property=\"article:published_time\" content=\"2022-01-07T10:59:53+00:00\" \/>\n<meta property=\"article:modified_time\" content=\"2022-05-26T09:48:18+00:00\" \/>\n<meta property=\"og:image\" content=\"https:\/\/www.artesane.com\/le-journal\/arts-plastiques\/wp-content\/uploads\/2022\/03\/monogramme-decore-scaled-1.jpg\" \/>\n\t<meta property=\"og:image:width\" content=\"2560\" \/>\n\t<meta property=\"og:image:height\" content=\"1707\" \/>\n\t<meta property=\"og:image:type\" content=\"image\/jpeg\" \/>\n<meta name=\"author\" content=\"Dorian Furet\" \/>\n<meta name=\"twitter:card\" content=\"summary_large_image\" \/>\n<meta name=\"twitter:label1\" content=\"\u00c9crit par\" \/>\n\t<meta name=\"twitter:data1\" content=\"Dorian Furet\" \/>\n\t<meta name=\"twitter:label2\" content=\"Dur\u00e9e de lecture estim\u00e9e\" \/>\n\t<meta name=\"twitter:data2\" content=\"4 minutes\" \/>\n<script type=\"application\/ld+json\" class=\"yoast-schema-graph\">{\"@context\":\"https:\\\/\\\/schema.org\",\"@graph\":[{\"@type\":\"Article\",\"@id\":\"https:\\\/\\\/www.artesane.com\\\/le-journal\\\/arts-plastiques\\\/lactualite-de-janvier-chez-artesane\\\/#article\",\"isPartOf\":{\"@id\":\"https:\\\/\\\/www.artesane.com\\\/le-journal\\\/arts-plastiques\\\/lactualite-de-janvier-chez-artesane\\\/\"},\"author\":{\"name\":\"Dorian Furet\",\"@id\":\"https:\\\/\\\/www.artesane.com\\\/le-journal\\\/arts-plastiques\\\/#\\\/schema\\\/person\\\/1a21595829c7711bda04fcbb655321b2\"},\"headline\":\"L&rsquo;actualit\u00e9 de janvier chez Artesane\",\"datePublished\":\"2022-01-07T10:59:53+00:00\",\"dateModified\":\"2022-05-26T09:48:18+00:00\",\"mainEntityOfPage\":{\"@id\":\"https:\\\/\\\/www.artesane.com\\\/le-journal\\\/arts-plastiques\\\/lactualite-de-janvier-chez-artesane\\\/\"},\"wordCount\":1205,\"commentCount\":0,\"publisher\":{\"@id\":\"https:\\\/\\\/www.artesane.com\\\/le-journal\\\/arts-plastiques\\\/#organization\"},\"image\":{\"@id\":\"https:\\\/\\\/www.artesane.com\\\/le-journal\\\/arts-plastiques\\\/lactualite-de-janvier-chez-artesane\\\/#primaryimage\"},\"thumbnailUrl\":\"https:\\\/\\\/www.artesane.com\\\/le-journal\\\/arts-plastiques\\\/wp-content\\\/uploads\\\/2022\\\/03\\\/monogramme-decore-scaled-1.jpg\",\"articleSection\":[\"Actualit\u00e9\",\"Dessin et peinture\"],\"inLanguage\":\"fr-FR\",\"potentialAction\":[{\"@type\":\"CommentAction\",\"name\":\"Comment\",\"target\":[\"https:\\\/\\\/www.artesane.com\\\/le-journal\\\/arts-plastiques\\\/lactualite-de-janvier-chez-artesane\\\/#respond\"]}]},{\"@type\":\"WebPage\",\"@id\":\"https:\\\/\\\/www.artesane.com\\\/le-journal\\\/arts-plastiques\\\/lactualite-de-janvier-chez-artesane\\\/\",\"url\":\"https:\\\/\\\/www.artesane.com\\\/le-journal\\\/arts-plastiques\\\/lactualite-de-janvier-chez-artesane\\\/\",\"name\":\"L'actualit\u00e9 de janvier chez Artesane - Journal Artesane - Arts Plastiques\",\"isPartOf\":{\"@id\":\"https:\\\/\\\/www.artesane.com\\\/le-journal\\\/arts-plastiques\\\/#website\"},\"primaryImageOfPage\":{\"@id\":\"https:\\\/\\\/www.artesane.com\\\/le-journal\\\/arts-plastiques\\\/lactualite-de-janvier-chez-artesane\\\/#primaryimage\"},\"image\":{\"@id\":\"https:\\\/\\\/www.artesane.com\\\/le-journal\\\/arts-plastiques\\\/lactualite-de-janvier-chez-artesane\\\/#primaryimage\"},\"thumbnailUrl\":\"https:\\\/\\\/www.artesane.com\\\/le-journal\\\/arts-plastiques\\\/wp-content\\\/uploads\\\/2022\\\/03\\\/monogramme-decore-scaled-1.jpg\",\"datePublished\":\"2022-01-07T10:59:53+00:00\",\"dateModified\":\"2022-05-26T09:48:18+00:00\",\"breadcrumb\":{\"@id\":\"https:\\\/\\\/www.artesane.com\\\/le-journal\\\/arts-plastiques\\\/lactualite-de-janvier-chez-artesane\\\/#breadcrumb\"},\"inLanguage\":\"fr-FR\",\"potentialAction\":[{\"@type\":\"ReadAction\",\"target\":[\"https:\\\/\\\/www.artesane.com\\\/le-journal\\\/arts-plastiques\\\/lactualite-de-janvier-chez-artesane\\\/\"]}]},{\"@type\":\"ImageObject\",\"inLanguage\":\"fr-FR\",\"@id\":\"https:\\\/\\\/www.artesane.com\\\/le-journal\\\/arts-plastiques\\\/lactualite-de-janvier-chez-artesane\\\/#primaryimage\",\"url\":\"https:\\\/\\\/www.artesane.com\\\/le-journal\\\/arts-plastiques\\\/wp-content\\\/uploads\\\/2022\\\/03\\\/monogramme-decore-scaled-1.jpg\",\"contentUrl\":\"https:\\\/\\\/www.artesane.com\\\/le-journal\\\/arts-plastiques\\\/wp-content\\\/uploads\\\/2022\\\/03\\\/monogramme-decore-scaled-1.jpg\",\"width\":2560,\"height\":1707},{\"@type\":\"BreadcrumbList\",\"@id\":\"https:\\\/\\\/www.artesane.com\\\/le-journal\\\/arts-plastiques\\\/lactualite-de-janvier-chez-artesane\\\/#breadcrumb\",\"itemListElement\":[{\"@type\":\"ListItem\",\"position\":1,\"name\":\"Accueil\",\"item\":\"https:\\\/\\\/www.artesane.com\\\/le-journal\\\/arts-plastiques\\\/\"},{\"@type\":\"ListItem\",\"position\":2,\"name\":\"L&rsquo;actualit\u00e9 de janvier chez Artesane\"}]},{\"@type\":\"WebSite\",\"@id\":\"https:\\\/\\\/www.artesane.com\\\/le-journal\\\/arts-plastiques\\\/#website\",\"url\":\"https:\\\/\\\/www.artesane.com\\\/le-journal\\\/arts-plastiques\\\/\",\"name\":\"Journal Artesane - Arts Plastiques\",\"description\":\"\",\"publisher\":{\"@id\":\"https:\\\/\\\/www.artesane.com\\\/le-journal\\\/arts-plastiques\\\/#organization\"},\"potentialAction\":[{\"@type\":\"SearchAction\",\"target\":{\"@type\":\"EntryPoint\",\"urlTemplate\":\"https:\\\/\\\/www.artesane.com\\\/le-journal\\\/arts-plastiques\\\/?s={search_term_string}\"},\"query-input\":{\"@type\":\"PropertyValueSpecification\",\"valueRequired\":true,\"valueName\":\"search_term_string\"}}],\"inLanguage\":\"fr-FR\"},{\"@type\":\"Organization\",\"@id\":\"https:\\\/\\\/www.artesane.com\\\/le-journal\\\/arts-plastiques\\\/#organization\",\"name\":\"Artesane\",\"url\":\"https:\\\/\\\/www.artesane.com\\\/le-journal\\\/arts-plastiques\\\/\",\"logo\":{\"@type\":\"ImageObject\",\"inLanguage\":\"fr-FR\",\"@id\":\"https:\\\/\\\/www.artesane.com\\\/le-journal\\\/arts-plastiques\\\/#\\\/schema\\\/logo\\\/image\\\/\",\"url\":\"https:\\\/\\\/www.artesane.com\\\/le-journal\\\/arts-plastiques\\\/wp-content\\\/uploads\\\/2022\\\/05\\\/logo-simple.png\",\"contentUrl\":\"https:\\\/\\\/www.artesane.com\\\/le-journal\\\/arts-plastiques\\\/wp-content\\\/uploads\\\/2022\\\/05\\\/logo-simple.png\",\"width\":1166,\"height\":201,\"caption\":\"Artesane\"},\"image\":{\"@id\":\"https:\\\/\\\/www.artesane.com\\\/le-journal\\\/arts-plastiques\\\/#\\\/schema\\\/logo\\\/image\\\/\"},\"sameAs\":[\"https:\\\/\\\/www.facebook.com\\\/artesanefrance\",\"https:\\\/\\\/www.instagram.com\\\/artesane_france\\\/\",\"https:\\\/\\\/fr.linkedin.com\\\/company\\\/artesane\",\"https:\\\/\\\/www.pinterest.fr\\\/ArtesaneFrance\\\/\",\"https:\\\/\\\/www.youtube.com\\\/c\\\/Artesane_lesvideos\",\"https:\\\/\\\/www.twitch.tv\\\/artesane?lang=fr\",\"https:\\\/\\\/open.spotify.com\\\/show\\\/2gdmkyp7IoWhWpDRk3G71I\"]},{\"@type\":\"Person\",\"@id\":\"https:\\\/\\\/www.artesane.com\\\/le-journal\\\/arts-plastiques\\\/#\\\/schema\\\/person\\\/1a21595829c7711bda04fcbb655321b2\",\"name\":\"Dorian Furet\"}]}<\/script>\n<!-- \/ Yoast SEO plugin. -->","yoast_head_json":{"title":"L'actualit\u00e9 de janvier chez Artesane - Journal Artesane - Arts Plastiques","robots":{"index":"index","follow":"follow","max-snippet":"max-snippet:-1","max-image-preview":"max-image-preview:large","max-video-preview":"max-video-preview:-1"},"canonical":"https:\/\/www.artesane.com\/le-journal\/arts-plastiques\/lactualite-de-janvier-chez-artesane\/","og_locale":"fr_FR","og_type":"article","og_title":"L'actualit\u00e9 de janvier chez Artesane - Journal Artesane - Arts Plastiques","og_description":"[vc_row][vc_column][vc_column_text] \u00a0 \u00a0 \u00a0Bienvenue \u00e0 toutes et \u00e0 tous dans ce premier article du Journal Artesane de l\u2019ann\u00e9e 2022 ! J\u2019esp\u00e8re que vos f\u00eates de fin d\u2019ann\u00e9e se sont bien pass\u00e9es et je vous pr\u00e9sente mes meilleurs v\u0153ux pour cette nouvelle ann\u00e9e qui, je l\u2019esp\u00e8re, sera cr\u00e9ative et pleine de beaux projets ! [\/vc_column_text][vc_column_text] \u00a0 [&hellip;]","og_url":"https:\/\/www.artesane.com\/le-journal\/arts-plastiques\/lactualite-de-janvier-chez-artesane\/","og_site_name":"Journal Artesane - Arts Plastiques","article_publisher":"https:\/\/www.facebook.com\/artesanefrance","article_published_time":"2022-01-07T10:59:53+00:00","article_modified_time":"2022-05-26T09:48:18+00:00","og_image":[{"width":2560,"height":1707,"url":"https:\/\/www.artesane.com\/le-journal\/arts-plastiques\/wp-content\/uploads\/2022\/03\/monogramme-decore-scaled-1.jpg","type":"image\/jpeg"}],"author":"Dorian Furet","twitter_card":"summary_large_image","twitter_misc":{"\u00c9crit par":"Dorian Furet","Dur\u00e9e de lecture estim\u00e9e":"4 minutes"},"schema":{"@context":"https:\/\/schema.org","@graph":[{"@type":"Article","@id":"https:\/\/www.artesane.com\/le-journal\/arts-plastiques\/lactualite-de-janvier-chez-artesane\/#article","isPartOf":{"@id":"https:\/\/www.artesane.com\/le-journal\/arts-plastiques\/lactualite-de-janvier-chez-artesane\/"},"author":{"name":"Dorian Furet","@id":"https:\/\/www.artesane.com\/le-journal\/arts-plastiques\/#\/schema\/person\/1a21595829c7711bda04fcbb655321b2"},"headline":"L&rsquo;actualit\u00e9 de janvier chez Artesane","datePublished":"2022-01-07T10:59:53+00:00","dateModified":"2022-05-26T09:48:18+00:00","mainEntityOfPage":{"@id":"https:\/\/www.artesane.com\/le-journal\/arts-plastiques\/lactualite-de-janvier-chez-artesane\/"},"wordCount":1205,"commentCount":0,"publisher":{"@id":"https:\/\/www.artesane.com\/le-journal\/arts-plastiques\/#organization"},"image":{"@id":"https:\/\/www.artesane.com\/le-journal\/arts-plastiques\/lactualite-de-janvier-chez-artesane\/#primaryimage"},"thumbnailUrl":"https:\/\/www.artesane.com\/le-journal\/arts-plastiques\/wp-content\/uploads\/2022\/03\/monogramme-decore-scaled-1.jpg","articleSection":["Actualit\u00e9","Dessin et peinture"],"inLanguage":"fr-FR","potentialAction":[{"@type":"CommentAction","name":"Comment","target":["https:\/\/www.artesane.com\/le-journal\/arts-plastiques\/lactualite-de-janvier-chez-artesane\/#respond"]}]},{"@type":"WebPage","@id":"https:\/\/www.artesane.com\/le-journal\/arts-plastiques\/lactualite-de-janvier-chez-artesane\/","url":"https:\/\/www.artesane.com\/le-journal\/arts-plastiques\/lactualite-de-janvier-chez-artesane\/","name":"L'actualit\u00e9 de janvier chez Artesane - Journal Artesane - Arts Plastiques","isPartOf":{"@id":"https:\/\/www.artesane.com\/le-journal\/arts-plastiques\/#website"},"primaryImageOfPage":{"@id":"https:\/\/www.artesane.com\/le-journal\/arts-plastiques\/lactualite-de-janvier-chez-artesane\/#primaryimage"},"image":{"@id":"https:\/\/www.artesane.com\/le-journal\/arts-plastiques\/lactualite-de-janvier-chez-artesane\/#primaryimage"},"thumbnailUrl":"https:\/\/www.artesane.com\/le-journal\/arts-plastiques\/wp-content\/uploads\/2022\/03\/monogramme-decore-scaled-1.jpg","datePublished":"2022-01-07T10:59:53+00:00","dateModified":"2022-05-26T09:48:18+00:00","breadcrumb":{"@id":"https:\/\/www.artesane.com\/le-journal\/arts-plastiques\/lactualite-de-janvier-chez-artesane\/#breadcrumb"},"inLanguage":"fr-FR","potentialAction":[{"@type":"ReadAction","target":["https:\/\/www.artesane.com\/le-journal\/arts-plastiques\/lactualite-de-janvier-chez-artesane\/"]}]},{"@type":"ImageObject","inLanguage":"fr-FR","@id":"https:\/\/www.artesane.com\/le-journal\/arts-plastiques\/lactualite-de-janvier-chez-artesane\/#primaryimage","url":"https:\/\/www.artesane.com\/le-journal\/arts-plastiques\/wp-content\/uploads\/2022\/03\/monogramme-decore-scaled-1.jpg","contentUrl":"https:\/\/www.artesane.com\/le-journal\/arts-plastiques\/wp-content\/uploads\/2022\/03\/monogramme-decore-scaled-1.jpg","width":2560,"height":1707},{"@type":"BreadcrumbList","@id":"https:\/\/www.artesane.com\/le-journal\/arts-plastiques\/lactualite-de-janvier-chez-artesane\/#breadcrumb","itemListElement":[{"@type":"ListItem","position":1,"name":"Accueil","item":"https:\/\/www.artesane.com\/le-journal\/arts-plastiques\/"},{"@type":"ListItem","position":2,"name":"L&rsquo;actualit\u00e9 de janvier chez Artesane"}]},{"@type":"WebSite","@id":"https:\/\/www.artesane.com\/le-journal\/arts-plastiques\/#website","url":"https:\/\/www.artesane.com\/le-journal\/arts-plastiques\/","name":"Journal Artesane - Arts Plastiques","description":"","publisher":{"@id":"https:\/\/www.artesane.com\/le-journal\/arts-plastiques\/#organization"},"potentialAction":[{"@type":"SearchAction","target":{"@type":"EntryPoint","urlTemplate":"https:\/\/www.artesane.com\/le-journal\/arts-plastiques\/?s={search_term_string}"},"query-input":{"@type":"PropertyValueSpecification","valueRequired":true,"valueName":"search_term_string"}}],"inLanguage":"fr-FR"},{"@type":"Organization","@id":"https:\/\/www.artesane.com\/le-journal\/arts-plastiques\/#organization","name":"Artesane","url":"https:\/\/www.artesane.com\/le-journal\/arts-plastiques\/","logo":{"@type":"ImageObject","inLanguage":"fr-FR","@id":"https:\/\/www.artesane.com\/le-journal\/arts-plastiques\/#\/schema\/logo\/image\/","url":"https:\/\/www.artesane.com\/le-journal\/arts-plastiques\/wp-content\/uploads\/2022\/05\/logo-simple.png","contentUrl":"https:\/\/www.artesane.com\/le-journal\/arts-plastiques\/wp-content\/uploads\/2022\/05\/logo-simple.png","width":1166,"height":201,"caption":"Artesane"},"image":{"@id":"https:\/\/www.artesane.com\/le-journal\/arts-plastiques\/#\/schema\/logo\/image\/"},"sameAs":["https:\/\/www.facebook.com\/artesanefrance","https:\/\/www.instagram.com\/artesane_france\/","https:\/\/fr.linkedin.com\/company\/artesane","https:\/\/www.pinterest.fr\/ArtesaneFrance\/","https:\/\/www.youtube.com\/c\/Artesane_lesvideos","https:\/\/www.twitch.tv\/artesane?lang=fr","https:\/\/open.spotify.com\/show\/2gdmkyp7IoWhWpDRk3G71I"]},{"@type":"Person","@id":"https:\/\/www.artesane.com\/le-journal\/arts-plastiques\/#\/schema\/person\/1a21595829c7711bda04fcbb655321b2","name":"Dorian Furet"}]}},"_links":{"self":[{"href":"https:\/\/www.artesane.com\/le-journal\/arts-plastiques\/wp-json\/wp\/v2\/posts\/12622","targetHints":{"allow":["GET"]}}],"collection":[{"href":"https:\/\/www.artesane.com\/le-journal\/arts-plastiques\/wp-json\/wp\/v2\/posts"}],"about":[{"href":"https:\/\/www.artesane.com\/le-journal\/arts-plastiques\/wp-json\/wp\/v2\/types\/post"}],"author":[{"embeddable":true,"href":"https:\/\/www.artesane.com\/le-journal\/arts-plastiques\/wp-json\/wp\/v2\/users\/8"}],"replies":[{"embeddable":true,"href":"https:\/\/www.artesane.com\/le-journal\/arts-plastiques\/wp-json\/wp\/v2\/comments?post=12622"}],"version-history":[{"count":1,"href":"https:\/\/www.artesane.com\/le-journal\/arts-plastiques\/wp-json\/wp\/v2\/posts\/12622\/revisions"}],"predecessor-version":[{"id":13391,"href":"https:\/\/www.artesane.com\/le-journal\/arts-plastiques\/wp-json\/wp\/v2\/posts\/12622\/revisions\/13391"}],"wp:featuredmedia":[{"embeddable":true,"href":"https:\/\/www.artesane.com\/le-journal\/arts-plastiques\/wp-json\/wp\/v2\/media\/12792"}],"wp:attachment":[{"href":"https:\/\/www.artesane.com\/le-journal\/arts-plastiques\/wp-json\/wp\/v2\/media?parent=12622"}],"wp:term":[{"taxonomy":"category","embeddable":true,"href":"https:\/\/www.artesane.com\/le-journal\/arts-plastiques\/wp-json\/wp\/v2\/categories?post=12622"},{"taxonomy":"post_tag","embeddable":true,"href":"https:\/\/www.artesane.com\/le-journal\/arts-plastiques\/wp-json\/wp\/v2\/tags?post=12622"}],"curies":[{"name":"wp","href":"https:\/\/api.w.org\/{rel}","templated":true}]}}