{"id":12723,"date":"2022-02-10T11:59:29","date_gmt":"2022-02-10T10:59:29","guid":{"rendered":"https:\/\/le-journal.artesane.com\/?p=12723"},"modified":"2022-05-25T15:22:53","modified_gmt":"2022-05-25T13:22:53","slug":"focus-sur-cy-illustratrice-autrice-de-bd-et-passionnee-dencre","status":"publish","type":"post","link":"https:\/\/www.artesane.com\/le-journal\/arts-plastiques\/focus-sur-cy-illustratrice-autrice-de-bd-et-passionnee-dencre\/","title":{"rendered":"Focus sur Cy. : Illustratrice, autrice de BD, et passionn\u00e9e d\u2019encre"},"content":{"rendered":"<p>[vc_row][vc_column][vc_column_text]<\/p>\n<p style=\"text-align: justify;\">\u00a0 \u00a0 \u00a0Cette semaine, dans le catalogue Artesane, sort un cours tr\u00e8s attendu, propos\u00e9 par une professeure avec qui nous sommes ravi d\u2019avoir collabor\u00e9, et avec qui j\u2019ai pris grand plaisir \u00e0 discuter lors de son tournage dans notre studio. Je veux parler de Cyrielle Evrard, alias Cy., de son nom d\u2019illustratrice, qui vous propose cette semaine un cours Artesane dans lequel elle vous pr\u00e9sente et vous apprend \u00e0 manier son m\u00e9dium de dessin favoris : l\u2019encre. Je vous propose donc de vous partager ma discussion avec elle, et de vous transmettre les messages qu\u2019elle voudrait faire passer \u00e0 toutes celles et ceux qui sont, comme elle, passionn\u00e9s par les arts.<\/p>\n<p>[\/vc_column_text][\/vc_column][\/vc_row][vc_row][vc_column][vc_custom_heading text=\u00a0\u00bbLe parcours de Cy.\u00a0\u00bb][vc_empty_space][\/vc_column][\/vc_row][vc_row][vc_column][vc_column_text]<\/p>\n<p style=\"text-align: justify;\">\u00a0 \u00a0 \u00a0Avant d\u2019\u00eatre illustratrice freelance et de collaborer pour de nombreux projets, Cy. a tout d\u2019abord effectu\u00e9 un cycle sup\u00e9rieur d\u2019illustration, afin de recevoir une formation professionnelle dans ce domaine. Elle a alors notamment \u00e9t\u00e9 graphiste ex\u00e9cutive pour une entreprise de vin, et directrice artistique pour madmoiZelle.com. Tout en illustrant dans le secteur professionnel, Cy. travaillait sur ses bandes dessin\u00e9es <em>Le vrai sexe de la vraie vie<\/em>, dessin\u00e9es aux crayons, jusqu\u2019\u00e0 devenir illustratrice freelance, et publier les deux tomes de sa BD. Depuis plusieurs ann\u00e9es, elle arbore \u00e9galement la casquette de vid\u00e9aste en partageant son quotidien et ses conseils de graphiste et illustratrice sur Youtube.<\/p>\n<p>[\/vc_column_text][\/vc_column][\/vc_row][vc_row][vc_column][vc_column_text]<\/p>\n<p style=\"text-align: justify;\">\u00a0 \u00a0 \u00a0L\u2019ann\u00e9e derni\u00e8re, Cy. a publi\u00e9 une nouvelle bande dessin\u00e9e, <em>Radium Girls<\/em>, qui conte l\u2019histoire de ces femmes des ann\u00e9es 1920 qui fabriquaient des cadrans de montres en utilisant la technique du <em>lip pointing<\/em>, qui consiste \u00e0 \u00e9pointer le pinceau du bout des l\u00e8vres. La peinture des cadrans \u00e9tait cependant compos\u00e9e de radium qui servait \u00e0 les rendre phosphorescents, mais qui est \u00e9galement tr\u00e8s toxique. Les ouvri\u00e8res ont alors souffert de graves maladies, et du proc\u00e8s qui suivit cette affaire ont d\u00e9coul\u00e9 les lois des travailleurs am\u00e9ricains. C\u2019est donc en tant que militante que Cy. cr\u00e9e ses bandes dessin\u00e9es, en voulant pr\u00e9senter des histoires qui lui tiennent \u00e0 c\u0153ur avec <em>Radium Girls<\/em> ou sensibiliser sur des sujets important comme avec les deux tomes du <em>Vrai sexe de la vraie vie. <\/em><\/p>\n<p>[\/vc_column_text][\/vc_column][\/vc_row][vc_row][vc_column][vc_custom_heading text=\u00a0\u00bbL\u2019encre, un m\u00e9dium passionnant\u00a0\u00bb][vc_empty_space][\/vc_column][\/vc_row][vc_row][vc_column][vc_column_text]<\/p>\n<p style=\"text-align: justify;\">\u00a0 \u00a0 \u00a0Je ne crois pas me souvenir avoir d\u00e9j\u00e0 observ\u00e9 quoi que ce soit de plus envo\u00fbtant que les mouvements du pinceau de Cy. et l\u2019encre qui se r\u00e9pand telle une onde vivante \u00e0 travers les fibres du papier. Le processus de dessin est aussi magnifique que son r\u00e9sultat, et je comprends l\u2019engouement des abonn\u00e9es de la cha\u00eene Twitch de Cy. qui ne cessent de redemander des diffusions en direct. Le bruit m\u00eame du pinceau qui glisse sur la feuille, humide de l\u2019encre sombre qui s\u2019\u00e9claircit au fil de son trajet, est des plus plaisants.<\/p>\n<p>[\/vc_column_text][\/vc_column][\/vc_row][vc_row][vc_column][vc_column_text]<\/p>\n<p style=\"text-align: justify;\">\u00a0 \u00a0 \u00a0En assistant au tournage de Cy., j\u2019ai pu remarquer qu\u2019elle travaillait ses illustrations en couches d\u2019encre successives, ajoutant chaque fois des nuances et de la lumi\u00e8re \u00e0 son \u0153uvre, arm\u00e9e de son s\u00e8che-cheveux pour \u00e9viter de trop attendre que l\u2019encre s\u00e8che. De la pointe de son pinceau, elle cr\u00e9e des sources de lumi\u00e8res, laisse s\u2019exprimer l\u2019\u00e9clat des couleurs des encres, \u00e9labore des jeux d\u2019ombre et des contrejours. En m\u2019approchant de sa r\u00e9alisation, j\u2019ai \u00e9t\u00e9 frapp\u00e9 par cette impression que le papier \u00e9mettait sa propre lumi\u00e8re, comme si l\u2019objet que cette femme dessin\u00e9e tient dans sa main rayonnait v\u00e9ritablement au-del\u00e0 de la feuille.<\/p>\n<p>[\/vc_column_text][\/vc_column][\/vc_row][vc_row][vc_column][vc_single_image image=\u00a0\u00bb12728&Prime; img_size=\u00a0\u00bbfull\u00a0\u00bb alignment=\u00a0\u00bbcenter\u00a0\u00bb][vc_empty_space][\/vc_column][\/vc_row][vc_row][vc_column][vc_column_text]<\/p>\n<p style=\"text-align: justify;\">\u00a0 \u00a0 \u00a0Comme le Caravage et son clair-obscur, Cy. module la lumi\u00e8re de son \u0153uvre \u00e0 partir d\u2019un fond tr\u00e8s sombre, allant jusqu\u2019\u00e0 apposer l\u2019encre brute sur le papier \u00e0 la pipette pour colorer des zones tr\u00e8s fonc\u00e9es. Elle joue avec la capillarit\u00e9 du papier, c\u2019est-\u00e0-dire son absorption de l\u2019encre et du comportement du liquide \u00e0 sa surface, pour cr\u00e9er ses jeux de lumi\u00e8re. Couche apr\u00e8s couche, et \u00e0 chaque coup de pinceau, on observe la silhouette de cette femme drap\u00e9e se dessiner et se d\u00e9tacher de l\u2019obscurit\u00e9.<\/p>\n<p>[\/vc_column_text][\/vc_column][\/vc_row][vc_row][vc_column][vc_column_text]<\/p>\n<p style=\"text-align: justify;\">\u00a0 \u00a0 \u00a0Cy. est une v\u00e9ritable passionn\u00e9e d\u2019encre, et la mani\u00e8re dont elle en parle le prouve. Elle appelle cette substance qu\u2019elle aime tant un \u00ab m\u00e9dium de caract\u00e8re \u00bb. Si l\u2019encre est en effet plus difficile \u00e0 manipuler et \u00e0 contr\u00f4ler que d\u2019autres m\u00e9diums, les possibilit\u00e9s et la satisfaction qu\u2019elle procure sont aussi indescriptibles que les \u0153uvres de Cy. sont fabuleuses. L\u2019illustratrice utilise donc la capillarit\u00e9 du papier afin de la laisser vivre ou essayer de la cadrer. Selon elle, l\u2019atout principal de l\u2019encre est cette luminosit\u00e9 qu\u2019elle d\u00e9gage, ce que j\u2019ai pu observer de mes propres yeux en la regardant travailler.<\/p>\n<p>[\/vc_column_text][\/vc_column][\/vc_row][vc_row][vc_column][vc_single_image image=\u00a0\u00bb12726&Prime; img_size=\u00a0\u00bbfull\u00a0\u00bb alignment=\u00a0\u00bbcenter\u00a0\u00bb][vc_empty_space][\/vc_column][\/vc_row][vc_row][vc_column][vc_column_text]<\/p>\n<p style=\"text-align: justify;\">\u00a0 \u00a0 \u00a0Un autre aspect incroyable de l\u2019encre selon Cy. est que, m\u00eame en ratant ce que l\u2019on voulait faire au d\u00e9part, il est possible de cr\u00e9er des choses magnifiques, tant ce m\u00e9dium est impr\u00e9visible. Pour elle, l\u2019encre est un peu la tarte tatin de l\u2019illustration, et elle ne compte plus les fois o\u00f9 apr\u00e8s la premi\u00e8re seconde de frustration en ayant ajout\u00e9 un peu trop d\u2019encre sur sa feuille ou rat\u00e9 son trac\u00e9, elle est arriv\u00e9e \u00e0 un r\u00e9sultat qu\u2019elle adore et auquel elle ne s\u2019attendait pas. Il est r\u00e9ellement passionnant d\u2019\u00e9couter une passionn\u00e9e parler de ce qui lui tient \u00e0 c\u0153ur !<\/p>\n<p>[\/vc_column_text][\/vc_column][\/vc_row][vc_row][vc_column][vc_custom_heading text=\u00a0\u00bbLe processus d\u2019une illustration \u00e0 l\u2019encre, par Cy.\u00a0\u00bb][vc_empty_space][\/vc_column][\/vc_row][vc_row][vc_column][vc_column_text]<\/p>\n<p style=\"text-align: justify;\">\u00a0 \u00a0 \u00a0Entrons maintenant dans l\u2019aspect plus concret de la r\u00e9alisation d\u2019une illustration \u00e0 l\u2019encre par Cy. L\u2019illustratrice commence par r\u00e9aliser un croquis sur le logiciel <em>Procreate<\/em>, sur sa tablette, o\u00f9 elle place d\u00e9j\u00e0 tous les motifs et d\u00e9tails de son dessin. Ensuite, elle place ce croquis entre sa table lumineuse et sa feuille pour pouvoir voir ces d\u00e9tails en transparence et les d\u00e9calquer \u00e0 la fin, une fois que les aplats d\u2019encre seront pos\u00e9s. Cy. retrace \u00e9galement les contours des \u00e9l\u00e9ments de son dessin afin de bien les d\u00e9limiter et d\u2019ajouter de la pr\u00e9cision \u00e0 son \u0153uvre. Dans ce m\u00eame but de pr\u00e9cision, elle utilise de la <em>drawing gum<\/em>, une p\u00e2te qui sert prot\u00e9ger le papier et sa couleur, afin que l\u2019encre ne s\u2019y propage pas et conserver des zones claires et lumineuses.<\/p>\n<p>[\/vc_column_text][\/vc_column][\/vc_row][vc_row][vc_column][vc_single_image image=\u00a0\u00bb12729&Prime; img_size=\u00a0\u00bbfull\u00a0\u00bb alignment=\u00a0\u00bbcenter\u00a0\u00bb][vc_empty_space][\/vc_column][\/vc_row][vc_row][vc_column][vc_column_text]<\/p>\n<p style=\"text-align: justify;\">\u00a0 \u00a0 \u00a0Cy. s\u2019inspire beaucoup des tenues et des motifs traditionnels qu\u2019elle rencontre aux diff\u00e9rents coins du monde lors de ses voyages pour r\u00e9aliser ses illustrations. Dans le dessin qu\u2019elle r\u00e9alise avec vous dans son cours Artesane, elle s\u2019inspire par exemple d\u2019une tenue traditionnelle du Mexique, sorte de ch\u00e2le qui couvre la t\u00eate, et des azulejos qu\u2019elle a vus \u00e0 S\u00e9ville, ces petits carreaux de fa\u00efences aux motifs g\u00e9om\u00e9triques qu\u2019on retrouve sur et dans les b\u00e2timents de la ville andalouse, pour les ornements qui le parent. Toutes ces inspirations expliquent la richesse iconographique des \u0153uvres de Cy.<\/p>\n<p>[\/vc_column_text][\/vc_column][\/vc_row][vc_row][vc_column][vc_custom_heading text=\u00a0\u00bbIllustratrice\u2026 et couturi\u00e8re\u00a0\u00bb][vc_empty_space][\/vc_column][\/vc_row][vc_row][vc_column][vc_column_text]<\/p>\n<p style=\"text-align: justify;\">\u00a0 \u00a0 \u00a0Outre l\u2019illustration, Cy. a une autre passion tout \u00e0 fait en lien avec Artesane. En effet, elle passe beaucoup de ses week-ends derri\u00e8re sa machine \u00e0 coudre, \u00e0 se confectionner des v\u00eatements. Pour elle, la couture est une porte ouverte \u00e0 une infinit\u00e9 de possibilit\u00e9s. Elle aime se faire des habits confortables et bien taill\u00e9s, parfaitement adapt\u00e9s \u00e0 sa morphologie. D\u00e9cid\u00e9ment, entre les arts graphiques et les arts du fils, nous ne pouvons qu\u2019appr\u00e9cier Cy. !<\/p>\n<p>[\/vc_column_text][\/vc_column][\/vc_row][vc_row][vc_column][vc_custom_heading text=\u00a0\u00bbLes conseils de Cy. aux illustrateurs en herbe\u00a0\u00bb][vc_empty_space][\/vc_column][\/vc_row][vc_row][vc_column width=\u00a0\u00bb1\/2&Prime;][vc_column_text]<\/p>\n<p style=\"text-align: justify;\">\u00a0 \u00a0 \u00a0Je voudrais conclure cet article en vous partageant les belles paroles de Cy. au sujet de la peur de l\u2019\u00e9chec que l\u2019on peut ressentir lorsque l\u2019on se lance dans une nouvelle activit\u00e9 comme l\u2019illustration. Elle souhaite faire passer un message d\u2019encouragement \u00e0 tous ceux qui commencent \u00e0 dessiner, et les pousse \u00e0 fortement relativiser l\u2019\u00e9chec. Se mettre au dessin, c\u2019est comme se mettre \u00e0 la musique. Si on peut avoir l\u2019impression de ne pas avoir droit \u00e0 l\u2019erreur en tant qu\u2019adulte, Cy. nous affirme que l\u2019\u00e9chec fait parti int\u00e9grante de ce type de passions, et que m\u00eame les professionnels ne cessent d&rsquo;\u00e9chouer.<\/p>\n<p>[\/vc_column_text][vc_column_text]<\/p>\n<p style=\"text-align: justify;\">\u00a0 \u00a0 \u00a0Votre professeure d\u2019illustration \u00e0 l\u2019encre elle-m\u00eame, pourtant professionnelle aguerrie, appose de la rustine partout sur ses dessins lorsqu\u2019elle travaille, pour rattraper ses erreurs. Souvenez-vous donc que rater fait partie du quotidien des dessinateurs, et que l\u2019\u00e9chec ne doit surtout pas constituer une source de stress. Une erreur peut tout \u00e0 fait \u00eatre source de cr\u00e9ation, surtout lorsqu\u2019on manipule l\u2019encre, et les maladresses sont le meilleurs moyen de progresser dans un domaine. Souvenez-vous de la tarte tatin !<\/p>\n<p>[\/vc_column_text][\/vc_column][vc_column width=\u00a0\u00bb1\/2&Prime;][vc_empty_space][vc_empty_space][vc_empty_space][vc_single_image image=\u00a0\u00bb12730&Prime; img_size=\u00a0\u00bbfull\u00a0\u00bb alignment=\u00a0\u00bbcenter\u00a0\u00bb][\/vc_column][\/vc_row][vc_row][vc_column][\/vc_column][\/vc_row][vc_row][vc_column][vc_empty_space][\/vc_column][\/vc_row][vc_row][vc_column][vc_column_text]<\/p>\n<p style=\"text-align: justify;\">\u00a0 \u00a0 \u00a0Merci beaucoup \u00e0 Cy. pour sa gentillesse et pour cet entretien passionnant. J\u2019esp\u00e8re que ce cours d\u2019illustration \u00e0 l\u2019encre vous plaira autant qu\u2019il m\u2019a plu d\u2019assister \u00e0 son enregistrement, et que vous serez aussi heureux que nous de voir Cy. dans notre studio. Pour vous procurer ce cours, disponible d\u00e8s maintenant, <a href=\"https:\/\/www.artesane.com\/fr\/products\/apprenez-l-illustration-a-l-encre-avec-cy\" target=\"_blank\" rel=\"noopener\">rendez-vous ici<\/a> !<\/p>\n<p>[\/vc_column_text][\/vc_column][\/vc_row][vc_row][vc_column][vc_empty_space][vc_empty_space][vc_column_text]<\/p>\n<p style=\"text-align: justify;\">\u00c0 bient\u00f4t chez Artesane\u00a0!<\/p>\n<p>[\/vc_column_text][\/vc_column][\/vc_row][vc_row][vc_column][vc_single_image image=\u00a0\u00bb12727&Prime; img_size=\u00a0\u00bbfull\u00a0\u00bb alignment=\u00a0\u00bbcenter\u00a0\u00bb][\/vc_column][\/vc_row]<\/p>\n","protected":false},"excerpt":{"rendered":"<p>[vc_row][vc_column][vc_column_text] \u00a0 \u00a0 \u00a0Cette semaine, dans le catalogue Artesane, sort un cours tr\u00e8s attendu, propos\u00e9 par une professeure avec qui nous sommes ravi d\u2019avoir collabor\u00e9, et avec qui j\u2019ai pris grand plaisir \u00e0 discuter lors de son tournage dans notre studio. Je veux parler de Cyrielle Evrard, alias Cy., de son nom d\u2019illustratrice, qui vous [&hellip;]<\/p>\n","protected":false},"author":8,"featured_media":12725,"comment_status":"open","ping_status":"open","sticky":false,"template":"","format":"standard","meta":{"_et_pb_use_builder":"","_et_pb_old_content":"","_et_gb_content_width":"","_exactmetrics_skip_tracking":false,"_exactmetrics_sitenote_active":false,"_exactmetrics_sitenote_note":"","_exactmetrics_sitenote_category":0,"footnotes":""},"categories":[914],"tags":[],"class_list":["post-12723","post","type-post","status-publish","format-standard","has-post-thumbnail","hentry","category-dessin-et-peinture"],"yoast_head":"<!-- This site is optimized with the Yoast SEO plugin v27.5 - https:\/\/yoast.com\/product\/yoast-seo-wordpress\/ -->\n<title>Focus sur Cy. : Illustratrice, autrice de BD, et passionn\u00e9e d\u2019encre - Journal Artesane - Arts Plastiques<\/title>\n<meta name=\"robots\" content=\"index, follow, max-snippet:-1, max-image-preview:large, max-video-preview:-1\" \/>\n<link rel=\"canonical\" href=\"https:\/\/www.artesane.com\/le-journal\/arts-plastiques\/focus-sur-cy-illustratrice-autrice-de-bd-et-passionnee-dencre\/\" \/>\n<meta property=\"og:locale\" content=\"fr_FR\" \/>\n<meta property=\"og:type\" content=\"article\" \/>\n<meta property=\"og:title\" content=\"Focus sur Cy. : Illustratrice, autrice de BD, et passionn\u00e9e d\u2019encre - Journal Artesane - Arts Plastiques\" \/>\n<meta property=\"og:description\" content=\"[vc_row][vc_column][vc_column_text] \u00a0 \u00a0 \u00a0Cette semaine, dans le catalogue Artesane, sort un cours tr\u00e8s attendu, propos\u00e9 par une professeure avec qui nous sommes ravi d\u2019avoir collabor\u00e9, et avec qui j\u2019ai pris grand plaisir \u00e0 discuter lors de son tournage dans notre studio. Je veux parler de Cyrielle Evrard, alias Cy., de son nom d\u2019illustratrice, qui vous [&hellip;]\" \/>\n<meta property=\"og:url\" content=\"https:\/\/www.artesane.com\/le-journal\/arts-plastiques\/focus-sur-cy-illustratrice-autrice-de-bd-et-passionnee-dencre\/\" \/>\n<meta property=\"og:site_name\" content=\"Journal Artesane - Arts Plastiques\" \/>\n<meta property=\"article:publisher\" content=\"https:\/\/www.facebook.com\/artesanefrance\" \/>\n<meta property=\"article:published_time\" content=\"2022-02-10T10:59:29+00:00\" \/>\n<meta property=\"article:modified_time\" content=\"2022-05-25T13:22:53+00:00\" \/>\n<meta property=\"og:image\" content=\"https:\/\/www.artesane.com\/le-journal\/arts-plastiques\/wp-content\/uploads\/2022\/02\/banniere-Cy-1024x683.png\" \/>\n\t<meta property=\"og:image:width\" content=\"1024\" \/>\n\t<meta property=\"og:image:height\" content=\"683\" \/>\n\t<meta property=\"og:image:type\" content=\"image\/png\" \/>\n<meta name=\"author\" content=\"Dorian Furet\" \/>\n<meta name=\"twitter:card\" content=\"summary_large_image\" \/>\n<meta name=\"twitter:label1\" content=\"\u00c9crit par\" \/>\n\t<meta name=\"twitter:data1\" content=\"Dorian Furet\" \/>\n\t<meta name=\"twitter:label2\" content=\"Dur\u00e9e de lecture estim\u00e9e\" \/>\n\t<meta name=\"twitter:data2\" content=\"7 minutes\" \/>\n<script type=\"application\/ld+json\" class=\"yoast-schema-graph\">{\"@context\":\"https:\\\/\\\/schema.org\",\"@graph\":[{\"@type\":\"Article\",\"@id\":\"https:\\\/\\\/www.artesane.com\\\/le-journal\\\/arts-plastiques\\\/focus-sur-cy-illustratrice-autrice-de-bd-et-passionnee-dencre\\\/#article\",\"isPartOf\":{\"@id\":\"https:\\\/\\\/www.artesane.com\\\/le-journal\\\/arts-plastiques\\\/focus-sur-cy-illustratrice-autrice-de-bd-et-passionnee-dencre\\\/\"},\"author\":{\"name\":\"Dorian Furet\",\"@id\":\"https:\\\/\\\/www.artesane.com\\\/le-journal\\\/arts-plastiques\\\/#\\\/schema\\\/person\\\/1a21595829c7711bda04fcbb655321b2\"},\"headline\":\"Focus sur Cy. : Illustratrice, autrice de BD, et passionn\u00e9e d\u2019encre\",\"datePublished\":\"2022-02-10T10:59:29+00:00\",\"dateModified\":\"2022-05-25T13:22:53+00:00\",\"mainEntityOfPage\":{\"@id\":\"https:\\\/\\\/www.artesane.com\\\/le-journal\\\/arts-plastiques\\\/focus-sur-cy-illustratrice-autrice-de-bd-et-passionnee-dencre\\\/\"},\"wordCount\":1971,\"commentCount\":0,\"publisher\":{\"@id\":\"https:\\\/\\\/www.artesane.com\\\/le-journal\\\/arts-plastiques\\\/#organization\"},\"image\":{\"@id\":\"https:\\\/\\\/www.artesane.com\\\/le-journal\\\/arts-plastiques\\\/focus-sur-cy-illustratrice-autrice-de-bd-et-passionnee-dencre\\\/#primaryimage\"},\"thumbnailUrl\":\"https:\\\/\\\/www.artesane.com\\\/le-journal\\\/arts-plastiques\\\/wp-content\\\/uploads\\\/2022\\\/02\\\/banniere-Cy.png\",\"articleSection\":[\"Dessin et peinture\"],\"inLanguage\":\"fr-FR\",\"potentialAction\":[{\"@type\":\"CommentAction\",\"name\":\"Comment\",\"target\":[\"https:\\\/\\\/www.artesane.com\\\/le-journal\\\/arts-plastiques\\\/focus-sur-cy-illustratrice-autrice-de-bd-et-passionnee-dencre\\\/#respond\"]}]},{\"@type\":\"WebPage\",\"@id\":\"https:\\\/\\\/www.artesane.com\\\/le-journal\\\/arts-plastiques\\\/focus-sur-cy-illustratrice-autrice-de-bd-et-passionnee-dencre\\\/\",\"url\":\"https:\\\/\\\/www.artesane.com\\\/le-journal\\\/arts-plastiques\\\/focus-sur-cy-illustratrice-autrice-de-bd-et-passionnee-dencre\\\/\",\"name\":\"Focus sur Cy. : Illustratrice, autrice de BD, et passionn\u00e9e d\u2019encre - Journal Artesane - Arts Plastiques\",\"isPartOf\":{\"@id\":\"https:\\\/\\\/www.artesane.com\\\/le-journal\\\/arts-plastiques\\\/#website\"},\"primaryImageOfPage\":{\"@id\":\"https:\\\/\\\/www.artesane.com\\\/le-journal\\\/arts-plastiques\\\/focus-sur-cy-illustratrice-autrice-de-bd-et-passionnee-dencre\\\/#primaryimage\"},\"image\":{\"@id\":\"https:\\\/\\\/www.artesane.com\\\/le-journal\\\/arts-plastiques\\\/focus-sur-cy-illustratrice-autrice-de-bd-et-passionnee-dencre\\\/#primaryimage\"},\"thumbnailUrl\":\"https:\\\/\\\/www.artesane.com\\\/le-journal\\\/arts-plastiques\\\/wp-content\\\/uploads\\\/2022\\\/02\\\/banniere-Cy.png\",\"datePublished\":\"2022-02-10T10:59:29+00:00\",\"dateModified\":\"2022-05-25T13:22:53+00:00\",\"breadcrumb\":{\"@id\":\"https:\\\/\\\/www.artesane.com\\\/le-journal\\\/arts-plastiques\\\/focus-sur-cy-illustratrice-autrice-de-bd-et-passionnee-dencre\\\/#breadcrumb\"},\"inLanguage\":\"fr-FR\",\"potentialAction\":[{\"@type\":\"ReadAction\",\"target\":[\"https:\\\/\\\/www.artesane.com\\\/le-journal\\\/arts-plastiques\\\/focus-sur-cy-illustratrice-autrice-de-bd-et-passionnee-dencre\\\/\"]}]},{\"@type\":\"ImageObject\",\"inLanguage\":\"fr-FR\",\"@id\":\"https:\\\/\\\/www.artesane.com\\\/le-journal\\\/arts-plastiques\\\/focus-sur-cy-illustratrice-autrice-de-bd-et-passionnee-dencre\\\/#primaryimage\",\"url\":\"https:\\\/\\\/www.artesane.com\\\/le-journal\\\/arts-plastiques\\\/wp-content\\\/uploads\\\/2022\\\/02\\\/banniere-Cy.png\",\"contentUrl\":\"https:\\\/\\\/www.artesane.com\\\/le-journal\\\/arts-plastiques\\\/wp-content\\\/uploads\\\/2022\\\/02\\\/banniere-Cy.png\",\"width\":5184,\"height\":3456},{\"@type\":\"BreadcrumbList\",\"@id\":\"https:\\\/\\\/www.artesane.com\\\/le-journal\\\/arts-plastiques\\\/focus-sur-cy-illustratrice-autrice-de-bd-et-passionnee-dencre\\\/#breadcrumb\",\"itemListElement\":[{\"@type\":\"ListItem\",\"position\":1,\"name\":\"Accueil\",\"item\":\"https:\\\/\\\/www.artesane.com\\\/le-journal\\\/arts-plastiques\\\/\"},{\"@type\":\"ListItem\",\"position\":2,\"name\":\"Focus sur Cy. : Illustratrice, autrice de BD, et passionn\u00e9e d\u2019encre\"}]},{\"@type\":\"WebSite\",\"@id\":\"https:\\\/\\\/www.artesane.com\\\/le-journal\\\/arts-plastiques\\\/#website\",\"url\":\"https:\\\/\\\/www.artesane.com\\\/le-journal\\\/arts-plastiques\\\/\",\"name\":\"Journal Artesane - Arts Plastiques\",\"description\":\"\",\"publisher\":{\"@id\":\"https:\\\/\\\/www.artesane.com\\\/le-journal\\\/arts-plastiques\\\/#organization\"},\"potentialAction\":[{\"@type\":\"SearchAction\",\"target\":{\"@type\":\"EntryPoint\",\"urlTemplate\":\"https:\\\/\\\/www.artesane.com\\\/le-journal\\\/arts-plastiques\\\/?s={search_term_string}\"},\"query-input\":{\"@type\":\"PropertyValueSpecification\",\"valueRequired\":true,\"valueName\":\"search_term_string\"}}],\"inLanguage\":\"fr-FR\"},{\"@type\":\"Organization\",\"@id\":\"https:\\\/\\\/www.artesane.com\\\/le-journal\\\/arts-plastiques\\\/#organization\",\"name\":\"Artesane\",\"url\":\"https:\\\/\\\/www.artesane.com\\\/le-journal\\\/arts-plastiques\\\/\",\"logo\":{\"@type\":\"ImageObject\",\"inLanguage\":\"fr-FR\",\"@id\":\"https:\\\/\\\/www.artesane.com\\\/le-journal\\\/arts-plastiques\\\/#\\\/schema\\\/logo\\\/image\\\/\",\"url\":\"https:\\\/\\\/www.artesane.com\\\/le-journal\\\/arts-plastiques\\\/wp-content\\\/uploads\\\/2022\\\/05\\\/logo-simple.png\",\"contentUrl\":\"https:\\\/\\\/www.artesane.com\\\/le-journal\\\/arts-plastiques\\\/wp-content\\\/uploads\\\/2022\\\/05\\\/logo-simple.png\",\"width\":1166,\"height\":201,\"caption\":\"Artesane\"},\"image\":{\"@id\":\"https:\\\/\\\/www.artesane.com\\\/le-journal\\\/arts-plastiques\\\/#\\\/schema\\\/logo\\\/image\\\/\"},\"sameAs\":[\"https:\\\/\\\/www.facebook.com\\\/artesanefrance\",\"https:\\\/\\\/www.instagram.com\\\/artesane_france\\\/\",\"https:\\\/\\\/fr.linkedin.com\\\/company\\\/artesane\",\"https:\\\/\\\/www.pinterest.fr\\\/ArtesaneFrance\\\/\",\"https:\\\/\\\/www.youtube.com\\\/c\\\/Artesane_lesvideos\",\"https:\\\/\\\/www.twitch.tv\\\/artesane?lang=fr\",\"https:\\\/\\\/open.spotify.com\\\/show\\\/2gdmkyp7IoWhWpDRk3G71I\"]},{\"@type\":\"Person\",\"@id\":\"https:\\\/\\\/www.artesane.com\\\/le-journal\\\/arts-plastiques\\\/#\\\/schema\\\/person\\\/1a21595829c7711bda04fcbb655321b2\",\"name\":\"Dorian Furet\"}]}<\/script>\n<!-- \/ Yoast SEO plugin. -->","yoast_head_json":{"title":"Focus sur Cy. : Illustratrice, autrice de BD, et passionn\u00e9e d\u2019encre - Journal Artesane - Arts Plastiques","robots":{"index":"index","follow":"follow","max-snippet":"max-snippet:-1","max-image-preview":"max-image-preview:large","max-video-preview":"max-video-preview:-1"},"canonical":"https:\/\/www.artesane.com\/le-journal\/arts-plastiques\/focus-sur-cy-illustratrice-autrice-de-bd-et-passionnee-dencre\/","og_locale":"fr_FR","og_type":"article","og_title":"Focus sur Cy. : Illustratrice, autrice de BD, et passionn\u00e9e d\u2019encre - Journal Artesane - Arts Plastiques","og_description":"[vc_row][vc_column][vc_column_text] \u00a0 \u00a0 \u00a0Cette semaine, dans le catalogue Artesane, sort un cours tr\u00e8s attendu, propos\u00e9 par une professeure avec qui nous sommes ravi d\u2019avoir collabor\u00e9, et avec qui j\u2019ai pris grand plaisir \u00e0 discuter lors de son tournage dans notre studio. Je veux parler de Cyrielle Evrard, alias Cy., de son nom d\u2019illustratrice, qui vous [&hellip;]","og_url":"https:\/\/www.artesane.com\/le-journal\/arts-plastiques\/focus-sur-cy-illustratrice-autrice-de-bd-et-passionnee-dencre\/","og_site_name":"Journal Artesane - Arts Plastiques","article_publisher":"https:\/\/www.facebook.com\/artesanefrance","article_published_time":"2022-02-10T10:59:29+00:00","article_modified_time":"2022-05-25T13:22:53+00:00","og_image":[{"width":1024,"height":683,"url":"https:\/\/www.artesane.com\/le-journal\/arts-plastiques\/wp-content\/uploads\/2022\/02\/banniere-Cy-1024x683.png","type":"image\/png"}],"author":"Dorian Furet","twitter_card":"summary_large_image","twitter_misc":{"\u00c9crit par":"Dorian Furet","Dur\u00e9e de lecture estim\u00e9e":"7 minutes"},"schema":{"@context":"https:\/\/schema.org","@graph":[{"@type":"Article","@id":"https:\/\/www.artesane.com\/le-journal\/arts-plastiques\/focus-sur-cy-illustratrice-autrice-de-bd-et-passionnee-dencre\/#article","isPartOf":{"@id":"https:\/\/www.artesane.com\/le-journal\/arts-plastiques\/focus-sur-cy-illustratrice-autrice-de-bd-et-passionnee-dencre\/"},"author":{"name":"Dorian Furet","@id":"https:\/\/www.artesane.com\/le-journal\/arts-plastiques\/#\/schema\/person\/1a21595829c7711bda04fcbb655321b2"},"headline":"Focus sur Cy. : Illustratrice, autrice de BD, et passionn\u00e9e d\u2019encre","datePublished":"2022-02-10T10:59:29+00:00","dateModified":"2022-05-25T13:22:53+00:00","mainEntityOfPage":{"@id":"https:\/\/www.artesane.com\/le-journal\/arts-plastiques\/focus-sur-cy-illustratrice-autrice-de-bd-et-passionnee-dencre\/"},"wordCount":1971,"commentCount":0,"publisher":{"@id":"https:\/\/www.artesane.com\/le-journal\/arts-plastiques\/#organization"},"image":{"@id":"https:\/\/www.artesane.com\/le-journal\/arts-plastiques\/focus-sur-cy-illustratrice-autrice-de-bd-et-passionnee-dencre\/#primaryimage"},"thumbnailUrl":"https:\/\/www.artesane.com\/le-journal\/arts-plastiques\/wp-content\/uploads\/2022\/02\/banniere-Cy.png","articleSection":["Dessin et peinture"],"inLanguage":"fr-FR","potentialAction":[{"@type":"CommentAction","name":"Comment","target":["https:\/\/www.artesane.com\/le-journal\/arts-plastiques\/focus-sur-cy-illustratrice-autrice-de-bd-et-passionnee-dencre\/#respond"]}]},{"@type":"WebPage","@id":"https:\/\/www.artesane.com\/le-journal\/arts-plastiques\/focus-sur-cy-illustratrice-autrice-de-bd-et-passionnee-dencre\/","url":"https:\/\/www.artesane.com\/le-journal\/arts-plastiques\/focus-sur-cy-illustratrice-autrice-de-bd-et-passionnee-dencre\/","name":"Focus sur Cy. : Illustratrice, autrice de BD, et passionn\u00e9e d\u2019encre - Journal Artesane - Arts Plastiques","isPartOf":{"@id":"https:\/\/www.artesane.com\/le-journal\/arts-plastiques\/#website"},"primaryImageOfPage":{"@id":"https:\/\/www.artesane.com\/le-journal\/arts-plastiques\/focus-sur-cy-illustratrice-autrice-de-bd-et-passionnee-dencre\/#primaryimage"},"image":{"@id":"https:\/\/www.artesane.com\/le-journal\/arts-plastiques\/focus-sur-cy-illustratrice-autrice-de-bd-et-passionnee-dencre\/#primaryimage"},"thumbnailUrl":"https:\/\/www.artesane.com\/le-journal\/arts-plastiques\/wp-content\/uploads\/2022\/02\/banniere-Cy.png","datePublished":"2022-02-10T10:59:29+00:00","dateModified":"2022-05-25T13:22:53+00:00","breadcrumb":{"@id":"https:\/\/www.artesane.com\/le-journal\/arts-plastiques\/focus-sur-cy-illustratrice-autrice-de-bd-et-passionnee-dencre\/#breadcrumb"},"inLanguage":"fr-FR","potentialAction":[{"@type":"ReadAction","target":["https:\/\/www.artesane.com\/le-journal\/arts-plastiques\/focus-sur-cy-illustratrice-autrice-de-bd-et-passionnee-dencre\/"]}]},{"@type":"ImageObject","inLanguage":"fr-FR","@id":"https:\/\/www.artesane.com\/le-journal\/arts-plastiques\/focus-sur-cy-illustratrice-autrice-de-bd-et-passionnee-dencre\/#primaryimage","url":"https:\/\/www.artesane.com\/le-journal\/arts-plastiques\/wp-content\/uploads\/2022\/02\/banniere-Cy.png","contentUrl":"https:\/\/www.artesane.com\/le-journal\/arts-plastiques\/wp-content\/uploads\/2022\/02\/banniere-Cy.png","width":5184,"height":3456},{"@type":"BreadcrumbList","@id":"https:\/\/www.artesane.com\/le-journal\/arts-plastiques\/focus-sur-cy-illustratrice-autrice-de-bd-et-passionnee-dencre\/#breadcrumb","itemListElement":[{"@type":"ListItem","position":1,"name":"Accueil","item":"https:\/\/www.artesane.com\/le-journal\/arts-plastiques\/"},{"@type":"ListItem","position":2,"name":"Focus sur Cy. : Illustratrice, autrice de BD, et passionn\u00e9e d\u2019encre"}]},{"@type":"WebSite","@id":"https:\/\/www.artesane.com\/le-journal\/arts-plastiques\/#website","url":"https:\/\/www.artesane.com\/le-journal\/arts-plastiques\/","name":"Journal Artesane - Arts Plastiques","description":"","publisher":{"@id":"https:\/\/www.artesane.com\/le-journal\/arts-plastiques\/#organization"},"potentialAction":[{"@type":"SearchAction","target":{"@type":"EntryPoint","urlTemplate":"https:\/\/www.artesane.com\/le-journal\/arts-plastiques\/?s={search_term_string}"},"query-input":{"@type":"PropertyValueSpecification","valueRequired":true,"valueName":"search_term_string"}}],"inLanguage":"fr-FR"},{"@type":"Organization","@id":"https:\/\/www.artesane.com\/le-journal\/arts-plastiques\/#organization","name":"Artesane","url":"https:\/\/www.artesane.com\/le-journal\/arts-plastiques\/","logo":{"@type":"ImageObject","inLanguage":"fr-FR","@id":"https:\/\/www.artesane.com\/le-journal\/arts-plastiques\/#\/schema\/logo\/image\/","url":"https:\/\/www.artesane.com\/le-journal\/arts-plastiques\/wp-content\/uploads\/2022\/05\/logo-simple.png","contentUrl":"https:\/\/www.artesane.com\/le-journal\/arts-plastiques\/wp-content\/uploads\/2022\/05\/logo-simple.png","width":1166,"height":201,"caption":"Artesane"},"image":{"@id":"https:\/\/www.artesane.com\/le-journal\/arts-plastiques\/#\/schema\/logo\/image\/"},"sameAs":["https:\/\/www.facebook.com\/artesanefrance","https:\/\/www.instagram.com\/artesane_france\/","https:\/\/fr.linkedin.com\/company\/artesane","https:\/\/www.pinterest.fr\/ArtesaneFrance\/","https:\/\/www.youtube.com\/c\/Artesane_lesvideos","https:\/\/www.twitch.tv\/artesane?lang=fr","https:\/\/open.spotify.com\/show\/2gdmkyp7IoWhWpDRk3G71I"]},{"@type":"Person","@id":"https:\/\/www.artesane.com\/le-journal\/arts-plastiques\/#\/schema\/person\/1a21595829c7711bda04fcbb655321b2","name":"Dorian Furet"}]}},"_links":{"self":[{"href":"https:\/\/www.artesane.com\/le-journal\/arts-plastiques\/wp-json\/wp\/v2\/posts\/12723","targetHints":{"allow":["GET"]}}],"collection":[{"href":"https:\/\/www.artesane.com\/le-journal\/arts-plastiques\/wp-json\/wp\/v2\/posts"}],"about":[{"href":"https:\/\/www.artesane.com\/le-journal\/arts-plastiques\/wp-json\/wp\/v2\/types\/post"}],"author":[{"embeddable":true,"href":"https:\/\/www.artesane.com\/le-journal\/arts-plastiques\/wp-json\/wp\/v2\/users\/8"}],"replies":[{"embeddable":true,"href":"https:\/\/www.artesane.com\/le-journal\/arts-plastiques\/wp-json\/wp\/v2\/comments?post=12723"}],"version-history":[{"count":1,"href":"https:\/\/www.artesane.com\/le-journal\/arts-plastiques\/wp-json\/wp\/v2\/posts\/12723\/revisions"}],"predecessor-version":[{"id":13387,"href":"https:\/\/www.artesane.com\/le-journal\/arts-plastiques\/wp-json\/wp\/v2\/posts\/12723\/revisions\/13387"}],"wp:featuredmedia":[{"embeddable":true,"href":"https:\/\/www.artesane.com\/le-journal\/arts-plastiques\/wp-json\/wp\/v2\/media\/12725"}],"wp:attachment":[{"href":"https:\/\/www.artesane.com\/le-journal\/arts-plastiques\/wp-json\/wp\/v2\/media?parent=12723"}],"wp:term":[{"taxonomy":"category","embeddable":true,"href":"https:\/\/www.artesane.com\/le-journal\/arts-plastiques\/wp-json\/wp\/v2\/categories?post=12723"},{"taxonomy":"post_tag","embeddable":true,"href":"https:\/\/www.artesane.com\/le-journal\/arts-plastiques\/wp-json\/wp\/v2\/tags?post=12723"}],"curies":[{"name":"wp","href":"https:\/\/api.w.org\/{rel}","templated":true}]}}