{"id":13017,"date":"2022-04-08T11:59:15","date_gmt":"2022-04-08T09:59:15","guid":{"rendered":"https:\/\/le-journal.artesane.com\/?p=13017"},"modified":"2022-05-26T11:45:59","modified_gmt":"2022-05-26T09:45:59","slug":"les-actualites-davril-chez-artesane","status":"publish","type":"post","link":"https:\/\/www.artesane.com\/le-journal\/arts-plastiques\/les-actualites-davril-chez-artesane\/","title":{"rendered":"Les actualit\u00e9s d\u2019avril chez Artesane"},"content":{"rendered":"<p>[vc_row][vc_column][vc_column_text]<\/p>\n<p style=\"text-align: justify;\">\u00a0 \u00a0 \u00a0Voguons \u00e0 travers les brises de printemps, vers la moisson de nouveaux cours pour vos activit\u00e9s cr\u00e9atives. Poser son chevalet devant un champ de bl\u00e9 ou sur le toit d\u2019un immeuble, prendre en photo des enfants qui jouent dans un parc, cr\u00e9er sa propre garde-robe de saison, faire glisser son stylet sur l\u2019\u00e9cran de sa tablette\u2026 Trouvez le cours qui vous correspond ce mois sur <a href=\"https:\/\/www.artesane.com\/fr\/les-cours\" target=\"_blank\" rel=\"noopener\">Artesane.com<\/a>.<\/p>\n<p>[\/vc_column_text][\/vc_column][\/vc_row][vc_row][vc_column][vc_custom_heading text=\u00a0\u00bbL\u2019art de photographier des enfants\u00a0\u00bb google_fonts=\u00a0\u00bbfont_family:dinengschriftstd%3Aregular|font_style:400%20regular%3A400%3Anormal\u00a0\u00bb][vc_empty_space][vc_single_image image=\u00a0\u00bb13026&Prime; img_size=\u00a0\u00bbfull\u00a0\u00bb alignment=\u00a0\u00bbcenter\u00a0\u00bb][vc_empty_space][\/vc_column][\/vc_row][vc_row][vc_column][vc_column_text]<\/p>\n<p style=\"text-align: justify;\">\u00a0 \u00a0 \u00a0L\u2019\u0153il dans l\u2019objectif de son appareil, Ang\u00e9lique Provost, photographe professionnelle, s\u2019adapte aux sp\u00e9cificit\u00e9s de ses sujets impr\u00e9visibles et constamment en mouvement. Un sourire malicieux, un \u00e9clat de rire, elle immortalise tous ces instants pr\u00e9cieux dont l\u2019enfance a le secret.<\/p>\n<p>[\/vc_column_text][\/vc_column][\/vc_row][vc_row][vc_column][vc_column_text]<\/p>\n<p style=\"text-align: justify;\">\u00a0 \u00a0 \u00a0Du moodboard \u00e0 la post-production pour imprimer ou publier vos photographies, en passant par le shooting avec le travail des angles et de la lumi\u00e8re, vous serez capable de r\u00e9aliser votre s\u00e9ance photo de A \u00e0 Z. Rien ne sera laiss\u00e9 au hasard pour obtenir des photos parfaites de vos mannequins en herbe.<\/p>\n<p>[\/vc_column_text][\/vc_column][\/vc_row][vc_row][vc_column][vc_column_text]<\/p>\n<p style=\"text-align: justify;\">Ce cours est d\u00e9j\u00e0 disponible <a href=\"https:\/\/www.artesane.com\/fr\/products\/l-art-de-photographier-des-enfants\" target=\"_blank\" rel=\"noopener\">\u00e0 cette adresse<\/a>.<\/p>\n<p>[\/vc_column_text][\/vc_column][\/vc_row][vc_row][vc_column][vc_custom_heading text=\u00a0\u00bbDeux nouveaux cours de mod\u00e9lisme\u00a0\u00bb][vc_empty_space][vc_single_image image=\u00a0\u00bb13022&Prime; img_size=\u00a0\u00bbfull\u00a0\u00bb alignment=\u00a0\u00bbcenter\u00a0\u00bb][vc_empty_space][\/vc_column][\/vc_row][vc_row][vc_column][vc_custom_heading text=\u00a0\u00bbConstruire manche col et croisure\u00a0\u00bb google_fonts=\u00a0\u00bbfont_family:dinengschriftstd%3Aregular|font_style:400%20regular%3A400%3Anormal\u00a0\u00bb][vc_empty_space][\/vc_column][\/vc_row][vc_row][vc_column][vc_column_text]<\/p>\n<p style=\"text-align: justify;\">\u00a0 \u00a0 \u00a0Pour vous aider \u00e0 cr\u00e9er le chemisier qui vous convient parfaitement, adapt\u00e9 \u00e0 vos go\u00fbts comme \u00e0 votre corps, Christine Charles, de R\u00eave \u00e0 Soie, vous pr\u00e9sente diff\u00e9rentes adaptations de manches, cols et croisures pour le boutonnage.<\/p>\n<p>[\/vc_column_text][\/vc_column][\/vc_row][vc_row][vc_column][vc_column_text]<\/p>\n<p style=\"text-align: justify;\">\u00a0 \u00a0 \u00a0Travailler l\u2019aisance du v\u00eatement, ajouter des manches courtes ou avec poignet, un col ferm\u00e9 avec pied de col ou encore une croisure pour la patte de boutonnage : vous pourrez faire de votre chemisier un v\u00eatement qui vous correspond compl\u00e8tement.<\/p>\n<p>[\/vc_column_text][\/vc_column][\/vc_row][vc_row][vc_column][vc_custom_heading text=\u00a0\u00bbModifier sa manche de base et ajouter un col\u00a0\u00bb google_fonts=\u00a0\u00bbfont_family:dinengschriftstd%3Aregular|font_style:400%20regular%3A400%3Anormal\u00a0\u00bb][vc_empty_space][\/vc_column][\/vc_row][vc_row][vc_column][vc_column_text]<\/p>\n<p style=\"text-align: justify;\">\u00a0 \u00a0 \u00a0Relevez vos manches et ajustez votre col, car Christine Charles de R\u00eave \u00e0 Soie vous apprend, dans ce nouveau cours de mod\u00e9lisme, \u00e0 modifier votre chemisier afin d\u2019en faire un v\u00eatement parfaitement adapt\u00e9 \u00e0 vos go\u00fbts et votre morphologie.<\/p>\n<p>[\/vc_column_text][\/vc_column][\/vc_row][vc_row][vc_column][vc_column_text]<\/p>\n<p style=\"text-align: justify;\">\u00a0 \u00a0 \u00a0Avec ses conseils avis\u00e9s, cr\u00e9ez de nombreuses variantes de manches comme les ballon ou papillon, mais \u00e9galement de col, comme le \u00ab claudine \u00bb ou le volant\u00e9. La garde-robe de vos r\u00eaves n\u2019est plus tr\u00e8s loin !<\/p>\n<p>[\/vc_column_text][\/vc_column][\/vc_row][vc_row][vc_column][vc_empty_space][vc_column_text]<\/p>\n<p style=\"text-align: justify;\">\u00a0 \u00a0 \u00a0Ces deux nouveaux cours de mod\u00e9lisme seront disponibles, <strong>le 7 avril<\/strong>, ensemble dans un <a href=\"https:\/\/www.artesane.com\/fr\/products\/pack-modelisme-manche-col-et-croisure\" target=\"_blank\" rel=\"noopener\">pack \u00ab Mod\u00e9lisme : manche, col, croisure \u00bb<\/a>, et sont ajout\u00e9s au <a href=\"https:\/\/www.artesane.com\/fr\/products\/parcours-modelisme-essentiel\" target=\"_blank\" rel=\"noopener\">parcours \u00ab\u00a0Mod\u00e9lisme essentiel\u00a0\u00bb<\/a> de Christine Charles, comprenant douze cours au total\u00a0! Si vous avez d\u00e9j\u00e0 le parcours mod\u00e9lisme essentiel, vous pouvez le compl\u00e9ter en achetant le <a href=\"https:\/\/www.artesane.com\/fr\/products\/pack-modelisme-manche-col-et-croisure\" target=\"_blank\" rel=\"noopener\">pack<\/a>.<\/p>\n<p>[\/vc_column_text][\/vc_column][\/vc_row][vc_row][vc_column][vc_custom_heading text=\u00a0\u00bbUne farandole de nouveaux packs et parcours \u00ab\u00a0][vc_empty_space][\/vc_column][\/vc_row][vc_row][vc_column][vc_custom_heading text=\u00a0\u00bbParcours \u00ab Apprendre \u00e0 peindre \u00bb\u00a0\u00bb google_fonts=\u00a0\u00bbfont_family:dinengschriftstd%3Aregular|font_style:400%20regular%3A400%3Anormal\u00a0\u00bb][vc_empty_space][vc_single_image image=\u00a0\u00bb13025&Prime; img_size=\u00a0\u00bbfull\u00a0\u00bb alignment=\u00a0\u00bbcenter\u00a0\u00bb][vc_empty_space][\/vc_column][\/vc_row][vc_row][vc_column][vc_column_text]<\/p>\n<p style=\"text-align: justify;\">\u00a0 \u00a0 \u00a0La peinture, art mill\u00e9naire dont les pigments couvraient d\u00e9j\u00e0 les plafonds des grottes pr\u00e9historiques, est un outil fascinant ayant grandement \u00e9volu\u00e9 au fil des \u00e9poques. Pour vous initier \u00e0 ces diff\u00e9rentes techniques, Artesane vous propose ce parcours de six cours vid\u00e9o autour de la gouache, de l\u2019aquarelle, de la peinture \u00e0 l\u2019huile et sur l\u2019\u00e9tude des couleurs. Un v\u00e9ritable tour d\u2019horizon de la peinture en compagnie de professionnels !<\/p>\n<p style=\"text-align: justify;\">Ce <a href=\"https:\/\/www.artesane.com\/fr\/products\/parcours-apprendre-a-peindre\" target=\"_blank\" rel=\"noopener\">pack<\/a> sera disponible <strong>le 6 avril<\/strong>.<\/p>\n<p>[\/vc_column_text][\/vc_column][\/vc_row][vc_row][vc_column][vc_custom_heading text=\u00a0\u00bbPack \u00ab Dessiner et peindre le monde v\u00e9g\u00e9tal \u00bb\u00a0\u00bb google_fonts=\u00a0\u00bbfont_family:dinengschriftstd%3Aregular|font_style:400%20regular%3A400%3Anormal\u00a0\u00bb][vc_empty_space][vc_single_image image=\u00a0\u00bb13027&Prime; img_size=\u00a0\u00bbfull\u00a0\u00bb alignment=\u00a0\u00bbcenter\u00a0\u00bb][vc_empty_space][\/vc_column][\/vc_row][vc_row][vc_column][vc_column_text]<\/p>\n<p style=\"text-align: justify;\">\u00a0 \u00a0 \u00a0Vous marchez dans un champ de fleurs sous le soleil de printemps. Mimosas, chardons, baies, feuillages et fleurs en tous genres d\u00e9filent tandis que vous avancez dans cette flore sauvage. Soudain, vous r\u00e9alisez que cette nature est faite d\u2019encre, d\u2019aquarelle et de graphite.<\/p>\n<p>[\/vc_column_text][\/vc_column][\/vc_row][vc_row][vc_column][vc_column_text]<\/p>\n<p style=\"text-align: justify;\">\u00a0 \u00a0 \u00a0Artesane a r\u00e9uni pour vous quatre cours de dessin autour de la repr\u00e9sentation du monde v\u00e9g\u00e9tal, tant au feutre qu\u2019\u00e0 la peinture aquarelle et \u00e0 la mine graphite. Vous pourrez alors cr\u00e9er vos propres compositions florales en utilisant de nombreux outils et techniques, du dessin stylis\u00e9 \u00e0 l\u2019ultra r\u00e9alisme.<\/p>\n<p>[\/vc_column_text][\/vc_column][\/vc_row][vc_row][vc_column][vc_column_text]Ce pack sera disponible <strong>le 13 avril<\/strong>.[\/vc_column_text][\/vc_column][\/vc_row][vc_row][vc_column][vc_custom_heading text=\u00a0\u00bbPack \u00ab Dessin sur tablette num\u00e9rique \u00bb\u00a0\u00bb google_fonts=\u00a0\u00bbfont_family:dinengschriftstd%3Aregular|font_style:400%20regular%3A400%3Anormal\u00a0\u00bb][vc_empty_space][vc_single_image image=\u00a0\u00bb13023&Prime; img_size=\u00a0\u00bbfull\u00a0\u00bb alignment=\u00a0\u00bbcenter\u00a0\u00bb][vc_empty_space][\/vc_column][\/vc_row][vc_row][vc_column][vc_column_text]<\/p>\n<p style=\"text-align: justify;\">\u00a0 \u00a0 \u00a0Puisque l\u2019art ne s\u2019arr\u00eate pas au crayon ou au pinceau, et que le num\u00e9rique permet des possibilit\u00e9s infinies de cr\u00e9ation, Artesane vous propose un pack contenant cinq cours vid\u00e9o pour appr\u00e9hender les outils num\u00e9riques et d\u00e9velopper votre arsenal cr\u00e9atif.<\/p>\n<p>[\/vc_column_text][\/vc_column][\/vc_row][vc_row][vc_column][vc_column_text]<\/p>\n<p style=\"text-align: justify;\">\u00a0 \u00a0 \u00a0Gr\u00e2ce aux professionnels de l\u2019illustrations num\u00e9rique qui animent ces cours, vous pourrez composer, \u00e0 l\u2019aide de votre tablette et de logiciels comme <em>Procreate<\/em>, vos propres dessins, du croquis \u00e0 la mise en couleur, en passant par la recherche d\u2019inspiration et la cr\u00e9ation de palettes de couleurs.<\/p>\n<p>[\/vc_column_text][\/vc_column][\/vc_row][vc_row][vc_column][vc_column_text]<\/p>\n<p style=\"text-align: justify;\">Ce pack sera disponible <strong>le 20 avril<\/strong>.<\/p>\n<p>[\/vc_column_text][\/vc_column][\/vc_row][vc_row][vc_column][vc_custom_heading text=\u00a0\u00bbPack \u00ab Dessiner et peindre des paysages \u00bb\u00a0\u00bb google_fonts=\u00a0\u00bbfont_family:dinengschriftstd%3Aregular|font_style:400%20regular%3A400%3Anormal\u00a0\u00bb][vc_empty_space][vc_single_image image=\u00a0\u00bb13024&Prime; img_size=\u00a0\u00bbfull\u00a0\u00bb alignment=\u00a0\u00bbcenter\u00a0\u00bb][vc_empty_space][\/vc_column][\/vc_row][vc_row][vc_column][vc_column_text]<\/p>\n<p style=\"text-align: justify;\">\u00a0 \u00a0 \u00a0Lever les yeux et observer les paysages qui nous entourent\u2026 Une montagne, un lac, ou des gratte-ciel qui comblent l\u2019horizon, en voyage ou par la fen\u00eatre de sa maison, nous n\u2019avons qu\u2019une seule envie : immortaliser cette vision. \u00c0 travers ces quatre cours de dessin, vous circulerez entre pastels, feutres, crayons et aquarelle afin de croquer et de repr\u00e9senter tous ces paysages qui vous fascinent.<\/p>\n<p>[\/vc_column_text][\/vc_column][\/vc_row][vc_row][vc_column][vc_column_text]Ce pack sera disponible <strong>le 27 avril<\/strong>.[\/vc_column_text][\/vc_column][\/vc_row][vc_row][vc_column][vc_custom_heading text=\u00a0\u00bbVoyage voyage\u2026 Le d\u00e9fi garde-robe 2022 arrive !\u00a0\u00bb][vc_empty_space][\/vc_column][\/vc_row][vc_row][vc_column][vc_column_text]<\/p>\n<p style=\"text-align: justify;\">\u00a0 \u00a0 \u00a0Le d\u00e9fi garde-robe Artesane sera de retour <strong>du 19 avril au 27 mai<\/strong> ! Cette ann\u00e9e, nous vous proposons de r\u00e9aliser votre tenue en vous inspirant d\u2019une destination de voyage. Je ne vous en dis pas plus pour le moment, et vous donne rendez-vous le <strong>18 avril<\/strong> pour un article d\u00e9di\u00e9, contenant le r\u00e8glement du d\u00e9fi et toutes les informations \u00e0 conna\u00eetre\u00a0! Notez-le dans vos agenda, car, cette ann\u00e9e encore, nos partenaires vous r\u00e9servent de superbes lots \u00e0 remporter\u00a0!<\/p>\n<p>[\/vc_column_text][\/vc_column][\/vc_row][vc_row][vc_column][vc_column_text]<\/p>\n<p style=\"text-align: justify;\">\u00a0 \u00a0 \u00a0Notez aussi que la premi\u00e8re masterclasse consacr\u00e9e au d\u00e9fi 2022 aura lieu <strong>le jeudi 28 avril\u00a0!<\/strong><\/p>\n<p>[\/vc_column_text][\/vc_column][\/vc_row][vc_row][vc_column][vc_empty_space][vc_empty_space][vc_column_text]\u00c0 bient\u00f4t chez Artesane\u00a0![\/vc_column_text][\/vc_column][\/vc_row]<\/p>\n","protected":false},"excerpt":{"rendered":"<p>[vc_row][vc_column][vc_column_text] \u00a0 \u00a0 \u00a0Voguons \u00e0 travers les brises de printemps, vers la moisson de nouveaux cours pour vos activit\u00e9s cr\u00e9atives. Poser son chevalet devant un champ de bl\u00e9 ou sur le toit d\u2019un immeuble, prendre en photo des enfants qui jouent dans un parc, cr\u00e9er sa propre garde-robe de saison, faire glisser son stylet sur [&hellip;]<\/p>\n","protected":false},"author":8,"featured_media":12491,"comment_status":"open","ping_status":"open","sticky":false,"template":"","format":"standard","meta":{"_et_pb_use_builder":"","_et_pb_old_content":"","_et_gb_content_width":"","_exactmetrics_skip_tracking":false,"_exactmetrics_sitenote_active":false,"_exactmetrics_sitenote_note":"","_exactmetrics_sitenote_category":0,"footnotes":""},"categories":[7,914,915,916],"tags":[],"class_list":["post-13017","post","type-post","status-publish","format-standard","has-post-thumbnail","hentry","category-actualite","category-dessin-et-peinture","category-dessin-numerique","category-photographie"],"yoast_head":"<!-- This site is optimized with the Yoast SEO plugin v27.5 - https:\/\/yoast.com\/product\/yoast-seo-wordpress\/ -->\n<title>Les actualit\u00e9s d\u2019avril chez Artesane - Journal Artesane - Arts Plastiques<\/title>\n<meta name=\"robots\" content=\"index, follow, max-snippet:-1, max-image-preview:large, max-video-preview:-1\" \/>\n<link rel=\"canonical\" href=\"https:\/\/www.artesane.com\/le-journal\/arts-plastiques\/les-actualites-davril-chez-artesane\/\" \/>\n<meta property=\"og:locale\" content=\"fr_FR\" \/>\n<meta property=\"og:type\" content=\"article\" \/>\n<meta property=\"og:title\" content=\"Les actualit\u00e9s d\u2019avril chez Artesane - Journal Artesane - Arts Plastiques\" \/>\n<meta property=\"og:description\" content=\"[vc_row][vc_column][vc_column_text] \u00a0 \u00a0 \u00a0Voguons \u00e0 travers les brises de printemps, vers la moisson de nouveaux cours pour vos activit\u00e9s cr\u00e9atives. Poser son chevalet devant un champ de bl\u00e9 ou sur le toit d\u2019un immeuble, prendre en photo des enfants qui jouent dans un parc, cr\u00e9er sa propre garde-robe de saison, faire glisser son stylet sur [&hellip;]\" \/>\n<meta property=\"og:url\" content=\"https:\/\/www.artesane.com\/le-journal\/arts-plastiques\/les-actualites-davril-chez-artesane\/\" \/>\n<meta property=\"og:site_name\" content=\"Journal Artesane - Arts Plastiques\" \/>\n<meta property=\"article:publisher\" content=\"https:\/\/www.facebook.com\/artesanefrance\" \/>\n<meta property=\"article:published_time\" content=\"2022-04-08T09:59:15+00:00\" \/>\n<meta property=\"article:modified_time\" content=\"2022-05-26T09:45:59+00:00\" \/>\n<meta property=\"og:image\" content=\"https:\/\/www.artesane.com\/le-journal\/arts-plastiques\/wp-content\/uploads\/2021\/11\/peinture-numerique.jpg\" \/>\n\t<meta property=\"og:image:width\" content=\"1800\" \/>\n\t<meta property=\"og:image:height\" content=\"1200\" \/>\n\t<meta property=\"og:image:type\" content=\"image\/jpeg\" \/>\n<meta name=\"author\" content=\"Dorian Furet\" \/>\n<meta name=\"twitter:card\" content=\"summary_large_image\" \/>\n<meta name=\"twitter:label1\" content=\"\u00c9crit par\" \/>\n\t<meta name=\"twitter:data1\" content=\"Dorian Furet\" \/>\n\t<meta name=\"twitter:label2\" content=\"Dur\u00e9e de lecture estim\u00e9e\" \/>\n\t<meta name=\"twitter:data2\" content=\"5 minutes\" \/>\n<script type=\"application\/ld+json\" class=\"yoast-schema-graph\">{\"@context\":\"https:\\\/\\\/schema.org\",\"@graph\":[{\"@type\":\"Article\",\"@id\":\"https:\\\/\\\/www.artesane.com\\\/le-journal\\\/arts-plastiques\\\/les-actualites-davril-chez-artesane\\\/#article\",\"isPartOf\":{\"@id\":\"https:\\\/\\\/www.artesane.com\\\/le-journal\\\/arts-plastiques\\\/les-actualites-davril-chez-artesane\\\/\"},\"author\":{\"name\":\"Dorian Furet\",\"@id\":\"https:\\\/\\\/www.artesane.com\\\/le-journal\\\/arts-plastiques\\\/#\\\/schema\\\/person\\\/1a21595829c7711bda04fcbb655321b2\"},\"headline\":\"Les actualit\u00e9s d\u2019avril chez Artesane\",\"datePublished\":\"2022-04-08T09:59:15+00:00\",\"dateModified\":\"2022-05-26T09:45:59+00:00\",\"mainEntityOfPage\":{\"@id\":\"https:\\\/\\\/www.artesane.com\\\/le-journal\\\/arts-plastiques\\\/les-actualites-davril-chez-artesane\\\/\"},\"wordCount\":1544,\"commentCount\":0,\"publisher\":{\"@id\":\"https:\\\/\\\/www.artesane.com\\\/le-journal\\\/arts-plastiques\\\/#organization\"},\"image\":{\"@id\":\"https:\\\/\\\/www.artesane.com\\\/le-journal\\\/arts-plastiques\\\/les-actualites-davril-chez-artesane\\\/#primaryimage\"},\"thumbnailUrl\":\"https:\\\/\\\/www.artesane.com\\\/le-journal\\\/arts-plastiques\\\/wp-content\\\/uploads\\\/2021\\\/11\\\/peinture-numerique.jpg\",\"articleSection\":[\"Actualit\u00e9\",\"Dessin et peinture\",\"Dessin num\u00e9rique\",\"Photographie\"],\"inLanguage\":\"fr-FR\",\"potentialAction\":[{\"@type\":\"CommentAction\",\"name\":\"Comment\",\"target\":[\"https:\\\/\\\/www.artesane.com\\\/le-journal\\\/arts-plastiques\\\/les-actualites-davril-chez-artesane\\\/#respond\"]}]},{\"@type\":\"WebPage\",\"@id\":\"https:\\\/\\\/www.artesane.com\\\/le-journal\\\/arts-plastiques\\\/les-actualites-davril-chez-artesane\\\/\",\"url\":\"https:\\\/\\\/www.artesane.com\\\/le-journal\\\/arts-plastiques\\\/les-actualites-davril-chez-artesane\\\/\",\"name\":\"Les actualit\u00e9s d\u2019avril chez Artesane - Journal Artesane - Arts Plastiques\",\"isPartOf\":{\"@id\":\"https:\\\/\\\/www.artesane.com\\\/le-journal\\\/arts-plastiques\\\/#website\"},\"primaryImageOfPage\":{\"@id\":\"https:\\\/\\\/www.artesane.com\\\/le-journal\\\/arts-plastiques\\\/les-actualites-davril-chez-artesane\\\/#primaryimage\"},\"image\":{\"@id\":\"https:\\\/\\\/www.artesane.com\\\/le-journal\\\/arts-plastiques\\\/les-actualites-davril-chez-artesane\\\/#primaryimage\"},\"thumbnailUrl\":\"https:\\\/\\\/www.artesane.com\\\/le-journal\\\/arts-plastiques\\\/wp-content\\\/uploads\\\/2021\\\/11\\\/peinture-numerique.jpg\",\"datePublished\":\"2022-04-08T09:59:15+00:00\",\"dateModified\":\"2022-05-26T09:45:59+00:00\",\"breadcrumb\":{\"@id\":\"https:\\\/\\\/www.artesane.com\\\/le-journal\\\/arts-plastiques\\\/les-actualites-davril-chez-artesane\\\/#breadcrumb\"},\"inLanguage\":\"fr-FR\",\"potentialAction\":[{\"@type\":\"ReadAction\",\"target\":[\"https:\\\/\\\/www.artesane.com\\\/le-journal\\\/arts-plastiques\\\/les-actualites-davril-chez-artesane\\\/\"]}]},{\"@type\":\"ImageObject\",\"inLanguage\":\"fr-FR\",\"@id\":\"https:\\\/\\\/www.artesane.com\\\/le-journal\\\/arts-plastiques\\\/les-actualites-davril-chez-artesane\\\/#primaryimage\",\"url\":\"https:\\\/\\\/www.artesane.com\\\/le-journal\\\/arts-plastiques\\\/wp-content\\\/uploads\\\/2021\\\/11\\\/peinture-numerique.jpg\",\"contentUrl\":\"https:\\\/\\\/www.artesane.com\\\/le-journal\\\/arts-plastiques\\\/wp-content\\\/uploads\\\/2021\\\/11\\\/peinture-numerique.jpg\",\"width\":1800,\"height\":1200},{\"@type\":\"BreadcrumbList\",\"@id\":\"https:\\\/\\\/www.artesane.com\\\/le-journal\\\/arts-plastiques\\\/les-actualites-davril-chez-artesane\\\/#breadcrumb\",\"itemListElement\":[{\"@type\":\"ListItem\",\"position\":1,\"name\":\"Accueil\",\"item\":\"https:\\\/\\\/www.artesane.com\\\/le-journal\\\/arts-plastiques\\\/\"},{\"@type\":\"ListItem\",\"position\":2,\"name\":\"Les actualit\u00e9s d\u2019avril chez Artesane\"}]},{\"@type\":\"WebSite\",\"@id\":\"https:\\\/\\\/www.artesane.com\\\/le-journal\\\/arts-plastiques\\\/#website\",\"url\":\"https:\\\/\\\/www.artesane.com\\\/le-journal\\\/arts-plastiques\\\/\",\"name\":\"Journal Artesane - Arts Plastiques\",\"description\":\"\",\"publisher\":{\"@id\":\"https:\\\/\\\/www.artesane.com\\\/le-journal\\\/arts-plastiques\\\/#organization\"},\"potentialAction\":[{\"@type\":\"SearchAction\",\"target\":{\"@type\":\"EntryPoint\",\"urlTemplate\":\"https:\\\/\\\/www.artesane.com\\\/le-journal\\\/arts-plastiques\\\/?s={search_term_string}\"},\"query-input\":{\"@type\":\"PropertyValueSpecification\",\"valueRequired\":true,\"valueName\":\"search_term_string\"}}],\"inLanguage\":\"fr-FR\"},{\"@type\":\"Organization\",\"@id\":\"https:\\\/\\\/www.artesane.com\\\/le-journal\\\/arts-plastiques\\\/#organization\",\"name\":\"Artesane\",\"url\":\"https:\\\/\\\/www.artesane.com\\\/le-journal\\\/arts-plastiques\\\/\",\"logo\":{\"@type\":\"ImageObject\",\"inLanguage\":\"fr-FR\",\"@id\":\"https:\\\/\\\/www.artesane.com\\\/le-journal\\\/arts-plastiques\\\/#\\\/schema\\\/logo\\\/image\\\/\",\"url\":\"https:\\\/\\\/www.artesane.com\\\/le-journal\\\/arts-plastiques\\\/wp-content\\\/uploads\\\/2022\\\/05\\\/logo-simple.png\",\"contentUrl\":\"https:\\\/\\\/www.artesane.com\\\/le-journal\\\/arts-plastiques\\\/wp-content\\\/uploads\\\/2022\\\/05\\\/logo-simple.png\",\"width\":1166,\"height\":201,\"caption\":\"Artesane\"},\"image\":{\"@id\":\"https:\\\/\\\/www.artesane.com\\\/le-journal\\\/arts-plastiques\\\/#\\\/schema\\\/logo\\\/image\\\/\"},\"sameAs\":[\"https:\\\/\\\/www.facebook.com\\\/artesanefrance\",\"https:\\\/\\\/www.instagram.com\\\/artesane_france\\\/\",\"https:\\\/\\\/fr.linkedin.com\\\/company\\\/artesane\",\"https:\\\/\\\/www.pinterest.fr\\\/ArtesaneFrance\\\/\",\"https:\\\/\\\/www.youtube.com\\\/c\\\/Artesane_lesvideos\",\"https:\\\/\\\/www.twitch.tv\\\/artesane?lang=fr\",\"https:\\\/\\\/open.spotify.com\\\/show\\\/2gdmkyp7IoWhWpDRk3G71I\"]},{\"@type\":\"Person\",\"@id\":\"https:\\\/\\\/www.artesane.com\\\/le-journal\\\/arts-plastiques\\\/#\\\/schema\\\/person\\\/1a21595829c7711bda04fcbb655321b2\",\"name\":\"Dorian Furet\"}]}<\/script>\n<!-- \/ Yoast SEO plugin. -->","yoast_head_json":{"title":"Les actualit\u00e9s d\u2019avril chez Artesane - Journal Artesane - Arts Plastiques","robots":{"index":"index","follow":"follow","max-snippet":"max-snippet:-1","max-image-preview":"max-image-preview:large","max-video-preview":"max-video-preview:-1"},"canonical":"https:\/\/www.artesane.com\/le-journal\/arts-plastiques\/les-actualites-davril-chez-artesane\/","og_locale":"fr_FR","og_type":"article","og_title":"Les actualit\u00e9s d\u2019avril chez Artesane - Journal Artesane - Arts Plastiques","og_description":"[vc_row][vc_column][vc_column_text] \u00a0 \u00a0 \u00a0Voguons \u00e0 travers les brises de printemps, vers la moisson de nouveaux cours pour vos activit\u00e9s cr\u00e9atives. Poser son chevalet devant un champ de bl\u00e9 ou sur le toit d\u2019un immeuble, prendre en photo des enfants qui jouent dans un parc, cr\u00e9er sa propre garde-robe de saison, faire glisser son stylet sur [&hellip;]","og_url":"https:\/\/www.artesane.com\/le-journal\/arts-plastiques\/les-actualites-davril-chez-artesane\/","og_site_name":"Journal Artesane - Arts Plastiques","article_publisher":"https:\/\/www.facebook.com\/artesanefrance","article_published_time":"2022-04-08T09:59:15+00:00","article_modified_time":"2022-05-26T09:45:59+00:00","og_image":[{"width":1800,"height":1200,"url":"https:\/\/www.artesane.com\/le-journal\/arts-plastiques\/wp-content\/uploads\/2021\/11\/peinture-numerique.jpg","type":"image\/jpeg"}],"author":"Dorian Furet","twitter_card":"summary_large_image","twitter_misc":{"\u00c9crit par":"Dorian Furet","Dur\u00e9e de lecture estim\u00e9e":"5 minutes"},"schema":{"@context":"https:\/\/schema.org","@graph":[{"@type":"Article","@id":"https:\/\/www.artesane.com\/le-journal\/arts-plastiques\/les-actualites-davril-chez-artesane\/#article","isPartOf":{"@id":"https:\/\/www.artesane.com\/le-journal\/arts-plastiques\/les-actualites-davril-chez-artesane\/"},"author":{"name":"Dorian Furet","@id":"https:\/\/www.artesane.com\/le-journal\/arts-plastiques\/#\/schema\/person\/1a21595829c7711bda04fcbb655321b2"},"headline":"Les actualit\u00e9s d\u2019avril chez Artesane","datePublished":"2022-04-08T09:59:15+00:00","dateModified":"2022-05-26T09:45:59+00:00","mainEntityOfPage":{"@id":"https:\/\/www.artesane.com\/le-journal\/arts-plastiques\/les-actualites-davril-chez-artesane\/"},"wordCount":1544,"commentCount":0,"publisher":{"@id":"https:\/\/www.artesane.com\/le-journal\/arts-plastiques\/#organization"},"image":{"@id":"https:\/\/www.artesane.com\/le-journal\/arts-plastiques\/les-actualites-davril-chez-artesane\/#primaryimage"},"thumbnailUrl":"https:\/\/www.artesane.com\/le-journal\/arts-plastiques\/wp-content\/uploads\/2021\/11\/peinture-numerique.jpg","articleSection":["Actualit\u00e9","Dessin et peinture","Dessin num\u00e9rique","Photographie"],"inLanguage":"fr-FR","potentialAction":[{"@type":"CommentAction","name":"Comment","target":["https:\/\/www.artesane.com\/le-journal\/arts-plastiques\/les-actualites-davril-chez-artesane\/#respond"]}]},{"@type":"WebPage","@id":"https:\/\/www.artesane.com\/le-journal\/arts-plastiques\/les-actualites-davril-chez-artesane\/","url":"https:\/\/www.artesane.com\/le-journal\/arts-plastiques\/les-actualites-davril-chez-artesane\/","name":"Les actualit\u00e9s d\u2019avril chez Artesane - Journal Artesane - Arts Plastiques","isPartOf":{"@id":"https:\/\/www.artesane.com\/le-journal\/arts-plastiques\/#website"},"primaryImageOfPage":{"@id":"https:\/\/www.artesane.com\/le-journal\/arts-plastiques\/les-actualites-davril-chez-artesane\/#primaryimage"},"image":{"@id":"https:\/\/www.artesane.com\/le-journal\/arts-plastiques\/les-actualites-davril-chez-artesane\/#primaryimage"},"thumbnailUrl":"https:\/\/www.artesane.com\/le-journal\/arts-plastiques\/wp-content\/uploads\/2021\/11\/peinture-numerique.jpg","datePublished":"2022-04-08T09:59:15+00:00","dateModified":"2022-05-26T09:45:59+00:00","breadcrumb":{"@id":"https:\/\/www.artesane.com\/le-journal\/arts-plastiques\/les-actualites-davril-chez-artesane\/#breadcrumb"},"inLanguage":"fr-FR","potentialAction":[{"@type":"ReadAction","target":["https:\/\/www.artesane.com\/le-journal\/arts-plastiques\/les-actualites-davril-chez-artesane\/"]}]},{"@type":"ImageObject","inLanguage":"fr-FR","@id":"https:\/\/www.artesane.com\/le-journal\/arts-plastiques\/les-actualites-davril-chez-artesane\/#primaryimage","url":"https:\/\/www.artesane.com\/le-journal\/arts-plastiques\/wp-content\/uploads\/2021\/11\/peinture-numerique.jpg","contentUrl":"https:\/\/www.artesane.com\/le-journal\/arts-plastiques\/wp-content\/uploads\/2021\/11\/peinture-numerique.jpg","width":1800,"height":1200},{"@type":"BreadcrumbList","@id":"https:\/\/www.artesane.com\/le-journal\/arts-plastiques\/les-actualites-davril-chez-artesane\/#breadcrumb","itemListElement":[{"@type":"ListItem","position":1,"name":"Accueil","item":"https:\/\/www.artesane.com\/le-journal\/arts-plastiques\/"},{"@type":"ListItem","position":2,"name":"Les actualit\u00e9s d\u2019avril chez Artesane"}]},{"@type":"WebSite","@id":"https:\/\/www.artesane.com\/le-journal\/arts-plastiques\/#website","url":"https:\/\/www.artesane.com\/le-journal\/arts-plastiques\/","name":"Journal Artesane - Arts Plastiques","description":"","publisher":{"@id":"https:\/\/www.artesane.com\/le-journal\/arts-plastiques\/#organization"},"potentialAction":[{"@type":"SearchAction","target":{"@type":"EntryPoint","urlTemplate":"https:\/\/www.artesane.com\/le-journal\/arts-plastiques\/?s={search_term_string}"},"query-input":{"@type":"PropertyValueSpecification","valueRequired":true,"valueName":"search_term_string"}}],"inLanguage":"fr-FR"},{"@type":"Organization","@id":"https:\/\/www.artesane.com\/le-journal\/arts-plastiques\/#organization","name":"Artesane","url":"https:\/\/www.artesane.com\/le-journal\/arts-plastiques\/","logo":{"@type":"ImageObject","inLanguage":"fr-FR","@id":"https:\/\/www.artesane.com\/le-journal\/arts-plastiques\/#\/schema\/logo\/image\/","url":"https:\/\/www.artesane.com\/le-journal\/arts-plastiques\/wp-content\/uploads\/2022\/05\/logo-simple.png","contentUrl":"https:\/\/www.artesane.com\/le-journal\/arts-plastiques\/wp-content\/uploads\/2022\/05\/logo-simple.png","width":1166,"height":201,"caption":"Artesane"},"image":{"@id":"https:\/\/www.artesane.com\/le-journal\/arts-plastiques\/#\/schema\/logo\/image\/"},"sameAs":["https:\/\/www.facebook.com\/artesanefrance","https:\/\/www.instagram.com\/artesane_france\/","https:\/\/fr.linkedin.com\/company\/artesane","https:\/\/www.pinterest.fr\/ArtesaneFrance\/","https:\/\/www.youtube.com\/c\/Artesane_lesvideos","https:\/\/www.twitch.tv\/artesane?lang=fr","https:\/\/open.spotify.com\/show\/2gdmkyp7IoWhWpDRk3G71I"]},{"@type":"Person","@id":"https:\/\/www.artesane.com\/le-journal\/arts-plastiques\/#\/schema\/person\/1a21595829c7711bda04fcbb655321b2","name":"Dorian Furet"}]}},"_links":{"self":[{"href":"https:\/\/www.artesane.com\/le-journal\/arts-plastiques\/wp-json\/wp\/v2\/posts\/13017","targetHints":{"allow":["GET"]}}],"collection":[{"href":"https:\/\/www.artesane.com\/le-journal\/arts-plastiques\/wp-json\/wp\/v2\/posts"}],"about":[{"href":"https:\/\/www.artesane.com\/le-journal\/arts-plastiques\/wp-json\/wp\/v2\/types\/post"}],"author":[{"embeddable":true,"href":"https:\/\/www.artesane.com\/le-journal\/arts-plastiques\/wp-json\/wp\/v2\/users\/8"}],"replies":[{"embeddable":true,"href":"https:\/\/www.artesane.com\/le-journal\/arts-plastiques\/wp-json\/wp\/v2\/comments?post=13017"}],"version-history":[{"count":1,"href":"https:\/\/www.artesane.com\/le-journal\/arts-plastiques\/wp-json\/wp\/v2\/posts\/13017\/revisions"}],"predecessor-version":[{"id":13294,"href":"https:\/\/www.artesane.com\/le-journal\/arts-plastiques\/wp-json\/wp\/v2\/posts\/13017\/revisions\/13294"}],"wp:featuredmedia":[{"embeddable":true,"href":"https:\/\/www.artesane.com\/le-journal\/arts-plastiques\/wp-json\/wp\/v2\/media\/12491"}],"wp:attachment":[{"href":"https:\/\/www.artesane.com\/le-journal\/arts-plastiques\/wp-json\/wp\/v2\/media?parent=13017"}],"wp:term":[{"taxonomy":"category","embeddable":true,"href":"https:\/\/www.artesane.com\/le-journal\/arts-plastiques\/wp-json\/wp\/v2\/categories?post=13017"},{"taxonomy":"post_tag","embeddable":true,"href":"https:\/\/www.artesane.com\/le-journal\/arts-plastiques\/wp-json\/wp\/v2\/tags?post=13017"}],"curies":[{"name":"wp","href":"https:\/\/api.w.org\/{rel}","templated":true}]}}