{"id":13166,"date":"2022-04-29T16:00:09","date_gmt":"2022-04-29T14:00:09","guid":{"rendered":"https:\/\/le-journal.artesane.com\/?p=13166"},"modified":"2024-04-29T16:18:14","modified_gmt":"2024-04-29T14:18:14","slug":"lactualite-de-mai-chez-artesane","status":"publish","type":"post","link":"https:\/\/www.artesane.com\/le-journal\/arts-plastiques\/lactualite-de-mai-chez-artesane\/","title":{"rendered":"L\u2019actualit\u00e9 de mai chez Artesane"},"content":{"rendered":"<p>[vc_row][vc_column][vc_column_text]<\/p>\n<p style=\"text-align: justify;\">\u00a0 \u00a0 \u00a0Encore une actualit\u00e9 charg\u00e9e en ce mois de mai chez Artesane. Entre sorties de <strong>cours de dessin<\/strong>, <strong>cours de tricot<\/strong> et <strong>cours de couture<\/strong>, <strong>frenchdays<\/strong>, <strong>d\u00e9fi garde-robe<\/strong> et <strong>CAP<\/strong>, je vous dresse ici l\u2019agenda de nos actualit\u00e9s\u00a0!<\/p>\n<p>[\/vc_column_text][\/vc_column][\/vc_row][vc_row][vc_column][vc_custom_heading text=\u00a0\u00bbDe nouveaux cours pour l\u2019arriv\u00e9e des beaux jours\u00a0\u00bb][vc_empty_space][\/vc_column][\/vc_row][vc_row][vc_column][vc_custom_heading text=\u00a0\u00bbTechniques de couture enfant : 3 robes de cort\u00e8ge \u00a0\u00bb google_fonts=\u00a0\u00bbfont_family:dinengschriftstd%3Aregular|font_style:400%20regular%3A400%3Anormal\u00a0\u00bb][vc_empty_space][vc_single_image image=\u00a0\u00bb13170&Prime; img_size=\u00a0\u00bbfull\u00a0\u00bb alignment=\u00a0\u00bbcenter\u00a0\u00bb][vc_empty_space][\/vc_column][\/vc_row][vc_row][vc_column][vc_column_text]<\/p>\n<p style=\"text-align: justify;\">\u00a0 \u00a0 \u00a0Derri\u00e8re la mari\u00e9e, suivant la tra\u00eene et les p\u00e9tales de roses, trois jeunes filles font cort\u00e8ge dans des robes blanches chics et raffin\u00e9es. Que ce soit pour un mariage, ou simplement pour l\u2019arriv\u00e9e des beaux jours, Marie-Laure vous propose, dans ce nouveau <strong>cours de couture enfant<\/strong>, de r\u00e9aliser trois robes d\u2019inspiration haute couture, \u00e0 la machine ou \u00e0 la main, aux finitions \u00e9l\u00e9gantes et pouss\u00e9es. Avec les <strong>trois patrons inclus<\/strong> du 2 au 14 ans et les techniques de Marie-Laure, vous pourrez r\u00e9aliser pas \u00e0 pas ces trois robes d\u2019\u00e9t\u00e9 orn\u00e9es de dentelle et de galons. <strong>Ce cours est disponible depuis le 28 avril<\/strong>.<\/p>\n<p>[\/vc_column_text][\/vc_column][\/vc_row][vc_row][vc_column][vc_custom_heading text=\u00a0\u00bbTechniques de couture enfant : tenues de cort\u00e8ge pour gar\u00e7ons \u00a0\u00bb google_fonts=\u00a0\u00bbfont_family:dinengschriftstd%3Aregular|font_style:400%20regular%3A400%3Anormal\u00a0\u00bb][vc_empty_space][vc_single_image image=\u00a0\u00bb13175&Prime; img_size=\u00a0\u00bbfull\u00a0\u00bb alignment=\u00a0\u00bbcenter\u00a0\u00bb][vc_empty_space][\/vc_column][\/vc_row][vc_row][vc_column][vc_column_text]<\/p>\n<p style=\"text-align: justify;\">\u00a0 \u00a0 \u00a0Devant l\u2019h\u00f4tel, en rang aux c\u00f4t\u00e9s du mari\u00e9, deux jeunes gar\u00e7ons resplendissent dans leurs tenues blanches. Avec cette chemise, cette blouse et ce bermuda qui conviennent tant \u00e0 une c\u00e9r\u00e9monie qu\u2019\u00e0 une garde-robe quotidienne, Sandra vous aide \u00e0 donner un \u00e9lan estival aux tenues de vos enfants. Gr\u00e2ce aux <strong>trois patrons inclus<\/strong> du 3 au 14 ans et aux techniques de votre professeure, vous pourrez construire pas \u00e0 pas ces trois pi\u00e8ces et choisir leurs variations de plis, poches, manches\u2026 <strong>Ce cours de couture enfant sera disponible le 17 mai. <\/strong><\/p>\n<p>[\/vc_column_text][\/vc_column][\/vc_row][vc_row][vc_column][vc_custom_heading text=\u00a0\u00bbIllustration color\u00e9e en pointillisme\u00a0\u00bb google_fonts=\u00a0\u00bbfont_family:dinengschriftstd%3Aregular|font_style:400%20regular%3A400%3Anormal\u00a0\u00bb][vc_empty_space][\/vc_column][\/vc_row][vc_row][vc_column][vc_column_text]<\/p>\n<p style=\"text-align: justify;\">\u00a0 \u00a0 \u00a0M\u00ealant tradition et technologie, crayon classique, <em>Illustrator<\/em> et <em>Photoshop<\/em>, Camille Gresset, illustratrice et designer graphique, alterne entre pointillisme, dessin au trait et dessin vectoriel pour cr\u00e9er des illustration douces et bucoliques, \u00e0 la patte artistique marqu\u00e9e. Dans ce nouveau <strong>cours d\u2019arts graphiques<\/strong>, dessinez vos illustrations et scannez-les afin de les enrichir gr\u00e2ce aux logiciels <em>Adobe<\/em>, et cr\u00e9ez vos s\u00e9ries d\u2019illustration en compagnie d&rsquo;une professionnelle du <strong>design graphique<\/strong>. <strong>Ce cours sera disponible le 19 mai.<\/strong><\/p>\n<p>[\/vc_column_text][\/vc_column][\/vc_row][vc_row][vc_column][vc_custom_heading text=\u00a0\u00bb1 001 points en tricot\u00a0\u00bb google_fonts=\u00a0\u00bbfont_family:dinengschriftstd%3Aregular|font_style:400%20regular%3A400%3Anormal\u00a0\u00bb][vc_empty_space][\/vc_column][\/vc_row][vc_row][vc_column][vc_column_text]<\/p>\n<p style=\"text-align: justify;\">\u00a0 \u00a0 \u00a0Deux aiguilles qui s\u2019entrecroisent, resserrant les mailles \u00e0 chaque mouvement, et tissant petit \u00e0 petit la laine color\u00e9e. \u00c0 l\u2019extr\u00e9mit\u00e9 de ces aiguilles, deux mains habiles, celles de Laura Valfort, alias Petite Biche Rose, s\u2019affairent \u00e0 cr\u00e9er des cr\u00e9ations pastelles, textur\u00e9es et originales. Dans ce cours, apprenez tout du <strong>tricot<\/strong>, des points de bases aux points plus techniques, et r\u00e9alisez votre premi\u00e8re \u00e9charpe\u00a0! <strong>Ce cours sera disponible le 24 mai.<\/strong><\/p>\n<p>[\/vc_column_text][\/vc_column][\/vc_row][vc_row][vc_column][vc_custom_heading text=\u00a0\u00bbPack dessin r\u00e9aliste\u00a0\u00bb google_fonts=\u00a0\u00bbfont_family:dinengschriftstd%3Aregular|font_style:400%20regular%3A400%3Anormal\u00a0\u00bb][vc_empty_space][vc_single_image image=\u00a0\u00bb13171&Prime; img_size=\u00a0\u00bbfull\u00a0\u00bb alignment=\u00a0\u00bbcenter\u00a0\u00bb][vc_empty_space][\/vc_column][\/vc_row][vc_row][vc_column][vc_column_text]<\/p>\n<p style=\"text-align: justify;\">\u00a0 \u00a0 \u00a0La profondeur d\u2019un regard, les subtiles nervures d\u2019une feuille, le plumage iris\u00e9 d\u2019un oiseau\u2026 la nature a de nombreuses merveilles \u00e0 nous faire voir. Pour apprendre \u00e0 repr\u00e9senter n\u2019importe quel sujet le plus fid\u00e8lement possible, Artesane a r\u00e9uni dans ce pack<a href=\"https:\/\/www.artesane.com\/arts-plastiques\/produit\/pack-dessin-realiste\"> 5 <strong>cours de dessin r\u00e9aliste<\/strong>.<\/a> Arm\u00e9.e de vos crayons, de votre mine graphite ou de votre feutre fin, vous apprendrez \u00e0 dessiner un portrait dans ses moindres d\u00e9tails, une plante ou un animal avec une rigueur scientifique, et n\u2019importe quel autre objet de mani\u00e8re r\u00e9aliste. Travail des proportions et de la morphologie, des angles et des points de vue, de l\u2019anatomie, du plumage et du pelage, des ombres et de la lumi\u00e8re, vous conna\u00eetrez toutes les techniques pour r\u00e9aliser un dessin ultra r\u00e9aliste.<\/p>\n<p>[\/vc_column_text][\/vc_column][\/vc_row][vc_row][vc_column][vc_custom_heading text=\u00a0\u00bbLes jours fran\u00e7ais sont de retour \u00ab\u00a0][vc_empty_space][vc_single_image image=\u00a0\u00bb13172&Prime; img_size=\u00a0\u00bblarge\u00a0\u00bb alignment=\u00a0\u00bbcenter\u00a0\u00bb][vc_empty_space][\/vc_column][\/vc_row][vc_row][vc_column][vc_column_text]<\/p>\n<p>[\/vc_column_text][\/vc_column][\/vc_row][vc_row][vc_column][vc_custom_heading text=\u00a0\u00bbDeux masterclasses pour le d\u00e9fi garde-robe\u00a0\u00bb][vc_empty_space][\/vc_column][\/vc_row][vc_row][vc_column][vc_column_text]<\/p>\n<p style=\"text-align: justify;\">\u00a0 \u00a0 \u00a0Pour accompagner le <strong>d\u00e9fi garde-robe<\/strong> qui a d\u00e9but\u00e9 le 19 avril, et dont vous pouvez retrouver tous les d\u00e9tails et le r\u00e8glement <a href=\"https:\/\/le-journal.artesane.com\/voyage-voyage-le-defi-garde-robe-2022-est-la\/\" target=\"_blank\" rel=\"noopener\">dans cet article<\/a>, nous vous proposons, pour vous aider dans la r\u00e9alisation de votre tenue, deux masterclasses d\u00e9di\u00e9es.<\/p>\n<ul>\n<li style=\"text-align: justify;\">La premi\u00e8re aura lieu <strong>le jeudi 5 mai 2022<\/strong>, et se concentrera sur la <strong>couture<\/strong> de votre tenue.<\/li>\n<li style=\"text-align: justify;\">La seconde aura lieu <strong>le jeudi 19 mai 2022<\/strong>, et portera sur la <strong>photographie<\/strong> de votre r\u00e9alisation afin de la mettre en valeur.<\/li>\n<\/ul>\n<p style=\"text-align: justify;\">\u00a0 \u00a0 \u00a0Nous vous attendons nombreux et nombreuses pour discuter avec vous de vos projets, et vous aider \u00e0 les mettre en \u0153uvre !<\/p>\n<p>[\/vc_column_text][\/vc_column][\/vc_row][vc_row][vc_column][vc_custom_heading text=\u00a0\u00bbSortez les maillots !\u00a0\u00bb][vc_empty_space][\/vc_column][\/vc_row][vc_row][vc_column width=\u00a0\u00bb1\/2&Prime;][vc_column_text]<\/p>\n<p style=\"text-align: justify;\">\u00a0 \u00a0 \u00a0Puisque la m\u00e9t\u00e9o le permet, nous profitons des jours ensoleill\u00e9s pour vous proposer une <strong>r\u00e9\u00e9dition de deux coffrets maillots de bain<\/strong>. Des pieds nus battent le sable humide qui se soul\u00e8ve en amas qui retombent lourdement pr\u00e8s de l&rsquo;eau. Des \u00e9claboussures s\u2019\u00e9chappent des vagues dans lesquelles s\u2019enfoncent des corps v\u00eatus des trois diff\u00e9rentes variations du maillot de bain Normandy, con\u00e7u par Charlotte Jaubert, parfaitement adapt\u00e9es \u00e0 la morphologie de leurs porteuses. Dans la r\u00e9\u00e9dition de ce coffret, vous retrouverez toutes le fournitures, ainsi que<a href=\"https:\/\/www.artesane.com\/arts-du-fil\/produit\/maillot-de-bain-normandy\"> le cours vid\u00e9o n\u00e9cessaire \u00e0 la confection de votre maillot.<\/a><\/p>\n<p>[\/vc_column_text][\/vc_column][vc_column width=\u00a0\u00bb1\/2&Prime;][vc_single_image image=\u00a0\u00bb13174&Prime; img_size=\u00a0\u00bbfull\u00a0\u00bb alignment=\u00a0\u00bbcenter\u00a0\u00bb][vc_empty_space][\/vc_column][\/vc_row][vc_row][vc_column width=\u00a0\u00bb1\/2&Prime;][vc_single_image image=\u00a0\u00bb13173&Prime; img_size=\u00a0\u00bbfull\u00a0\u00bb alignment=\u00a0\u00bbcenter\u00a0\u00bb][vc_empty_space][\/vc_column][vc_column width=\u00a0\u00bb1\/2&Prime;][vc_column_text]<\/p>\n<p style=\"text-align: justify;\">\u00a0 \u00a0 \u00a0Charlotte admire depuis la plage ses cr\u00e9ations s\u2019enfoncer dans la mer, tandis qu\u2019elle porte l\u2019un des maillots qu\u2019elle a con\u00e7u pour le <em>Cahier Artesane<\/em> n<sup>o<\/sup>5, le maillot Gis\u00e8le. De la m\u00eame mani\u00e8re, vous retrouverez dans la r\u00e9\u00e9dition de ce coffret tout le mat\u00e9riel, ainsi que le cours vid\u00e9o n\u00e9cessaires \u00e0 la<a href=\"https:\/\/www.artesane.com\/arts-du-fil\/produit\/cours-video-du-cahier-volume-5\"> couture de votre maillot Gis\u00e8le.<\/a><\/p>\n<p>[\/vc_column_text][vc_column_text]<\/p>\n<p style=\"text-align: justify;\">\u00a0 \u00a0 \u00a0Mais ce n\u2019est pas tout ! Nouveaut\u00e9 chez Artesane, en collaboration avec Charlotte Jaubert, nous vous proposons <strong>deux shorts de bain pour hommes<\/strong>, de longueurs diff\u00e9rentes ! <strong>Ces coffrets sortiront, en m\u00eame temps que les r\u00e9\u00e9ditions des maillots Normandy et Gis\u00e8le, le 12 mai 2022 <\/strong>! De quoi passer un \u00e9t\u00e9 cr\u00e9atif et ensoleill\u00e9\u00a0!<\/p>\n<p>[\/vc_column_text][\/vc_column][\/vc_row][vc_row][vc_column][vc_empty_space][vc_empty_space][vc_column_text]<\/p>\n<p style=\"text-align: justify;\">\u00c0 bient\u00f4t chez Artesane\u00a0!<\/p>\n<p>[\/vc_column_text][\/vc_column][\/vc_row]<\/p>\n","protected":false},"excerpt":{"rendered":"<p>[vc_row][vc_column][vc_column_text] \u00a0 \u00a0 \u00a0Encore une actualit\u00e9 charg\u00e9e en ce mois de mai chez Artesane. Entre sorties de cours de dessin, cours de tricot et cours de couture, frenchdays, d\u00e9fi garde-robe et CAP, je vous dresse ici l\u2019agenda de nos actualit\u00e9s\u00a0! [\/vc_column_text][\/vc_column][\/vc_row][vc_row][vc_column][vc_custom_heading text=\u00a0\u00bbDe nouveaux cours pour l\u2019arriv\u00e9e des beaux jours\u00a0\u00bb][vc_empty_space][\/vc_column][\/vc_row][vc_row][vc_column][vc_custom_heading text=\u00a0\u00bbTechniques de couture enfant : 3 [&hellip;]<\/p>\n","protected":false},"author":8,"featured_media":13171,"comment_status":"open","ping_status":"open","sticky":false,"template":"","format":"standard","meta":{"_et_pb_use_builder":"","_et_pb_old_content":"","_et_gb_content_width":"","_exactmetrics_skip_tracking":false,"_exactmetrics_sitenote_active":false,"_exactmetrics_sitenote_note":"","_exactmetrics_sitenote_category":0,"footnotes":""},"categories":[7,914],"tags":[],"class_list":["post-13166","post","type-post","status-publish","format-standard","has-post-thumbnail","hentry","category-actualite","category-dessin-et-peinture"],"yoast_head":"<!-- This site is optimized with the Yoast SEO plugin v27.5 - https:\/\/yoast.com\/product\/yoast-seo-wordpress\/ -->\n<title>L\u2019actualit\u00e9 de mai chez Artesane - Journal Artesane - Arts Plastiques<\/title>\n<meta name=\"robots\" content=\"index, follow, max-snippet:-1, max-image-preview:large, max-video-preview:-1\" \/>\n<link rel=\"canonical\" href=\"https:\/\/www.artesane.com\/le-journal\/arts-plastiques\/lactualite-de-mai-chez-artesane\/\" \/>\n<meta property=\"og:locale\" content=\"fr_FR\" \/>\n<meta property=\"og:type\" content=\"article\" \/>\n<meta property=\"og:title\" content=\"L\u2019actualit\u00e9 de mai chez Artesane - Journal Artesane - Arts Plastiques\" \/>\n<meta property=\"og:description\" content=\"[vc_row][vc_column][vc_column_text] \u00a0 \u00a0 \u00a0Encore une actualit\u00e9 charg\u00e9e en ce mois de mai chez Artesane. Entre sorties de cours de dessin, cours de tricot et cours de couture, frenchdays, d\u00e9fi garde-robe et CAP, je vous dresse ici l\u2019agenda de nos actualit\u00e9s\u00a0! [\/vc_column_text][\/vc_column][\/vc_row][vc_row][vc_column][vc_custom_heading text=\u00a0\u00bbDe nouveaux cours pour l\u2019arriv\u00e9e des beaux jours\u00a0\u00bb][vc_empty_space][\/vc_column][\/vc_row][vc_row][vc_column][vc_custom_heading text=\u00a0\u00bbTechniques de couture enfant : 3 [&hellip;]\" \/>\n<meta property=\"og:url\" content=\"https:\/\/www.artesane.com\/le-journal\/arts-plastiques\/lactualite-de-mai-chez-artesane\/\" \/>\n<meta property=\"og:site_name\" content=\"Journal Artesane - Arts Plastiques\" \/>\n<meta property=\"article:publisher\" content=\"https:\/\/www.facebook.com\/artesanefrance\" \/>\n<meta property=\"article:published_time\" content=\"2022-04-29T14:00:09+00:00\" \/>\n<meta property=\"article:modified_time\" content=\"2024-04-29T14:18:14+00:00\" \/>\n<meta property=\"og:image\" content=\"https:\/\/www.artesane.com\/le-journal\/arts-plastiques\/wp-content\/uploads\/2022\/04\/dessin-realiste.png\" \/>\n\t<meta property=\"og:image:width\" content=\"1400\" \/>\n\t<meta property=\"og:image:height\" content=\"933\" \/>\n\t<meta property=\"og:image:type\" content=\"image\/png\" \/>\n<meta name=\"author\" content=\"Dorian Furet\" \/>\n<meta name=\"twitter:card\" content=\"summary_large_image\" \/>\n<meta name=\"twitter:label1\" content=\"\u00c9crit par\" \/>\n\t<meta name=\"twitter:data1\" content=\"Dorian Furet\" \/>\n\t<meta name=\"twitter:label2\" content=\"Dur\u00e9e de lecture estim\u00e9e\" \/>\n\t<meta name=\"twitter:data2\" content=\"5 minutes\" \/>\n<script type=\"application\/ld+json\" class=\"yoast-schema-graph\">{\"@context\":\"https:\\\/\\\/schema.org\",\"@graph\":[{\"@type\":\"Article\",\"@id\":\"https:\\\/\\\/www.artesane.com\\\/le-journal\\\/arts-plastiques\\\/lactualite-de-mai-chez-artesane\\\/#article\",\"isPartOf\":{\"@id\":\"https:\\\/\\\/www.artesane.com\\\/le-journal\\\/arts-plastiques\\\/lactualite-de-mai-chez-artesane\\\/\"},\"author\":{\"name\":\"Dorian Furet\",\"@id\":\"https:\\\/\\\/www.artesane.com\\\/le-journal\\\/arts-plastiques\\\/#\\\/schema\\\/person\\\/1a21595829c7711bda04fcbb655321b2\"},\"headline\":\"L\u2019actualit\u00e9 de mai chez Artesane\",\"datePublished\":\"2022-04-29T14:00:09+00:00\",\"dateModified\":\"2024-04-29T14:18:14+00:00\",\"mainEntityOfPage\":{\"@id\":\"https:\\\/\\\/www.artesane.com\\\/le-journal\\\/arts-plastiques\\\/lactualite-de-mai-chez-artesane\\\/\"},\"wordCount\":1386,\"commentCount\":0,\"publisher\":{\"@id\":\"https:\\\/\\\/www.artesane.com\\\/le-journal\\\/arts-plastiques\\\/#organization\"},\"image\":{\"@id\":\"https:\\\/\\\/www.artesane.com\\\/le-journal\\\/arts-plastiques\\\/lactualite-de-mai-chez-artesane\\\/#primaryimage\"},\"thumbnailUrl\":\"https:\\\/\\\/www.artesane.com\\\/le-journal\\\/arts-plastiques\\\/wp-content\\\/uploads\\\/2022\\\/04\\\/dessin-realiste.png\",\"articleSection\":[\"Actualit\u00e9\",\"Dessin et peinture\"],\"inLanguage\":\"fr-FR\",\"potentialAction\":[{\"@type\":\"CommentAction\",\"name\":\"Comment\",\"target\":[\"https:\\\/\\\/www.artesane.com\\\/le-journal\\\/arts-plastiques\\\/lactualite-de-mai-chez-artesane\\\/#respond\"]}]},{\"@type\":\"WebPage\",\"@id\":\"https:\\\/\\\/www.artesane.com\\\/le-journal\\\/arts-plastiques\\\/lactualite-de-mai-chez-artesane\\\/\",\"url\":\"https:\\\/\\\/www.artesane.com\\\/le-journal\\\/arts-plastiques\\\/lactualite-de-mai-chez-artesane\\\/\",\"name\":\"L\u2019actualit\u00e9 de mai chez Artesane - Journal Artesane - Arts Plastiques\",\"isPartOf\":{\"@id\":\"https:\\\/\\\/www.artesane.com\\\/le-journal\\\/arts-plastiques\\\/#website\"},\"primaryImageOfPage\":{\"@id\":\"https:\\\/\\\/www.artesane.com\\\/le-journal\\\/arts-plastiques\\\/lactualite-de-mai-chez-artesane\\\/#primaryimage\"},\"image\":{\"@id\":\"https:\\\/\\\/www.artesane.com\\\/le-journal\\\/arts-plastiques\\\/lactualite-de-mai-chez-artesane\\\/#primaryimage\"},\"thumbnailUrl\":\"https:\\\/\\\/www.artesane.com\\\/le-journal\\\/arts-plastiques\\\/wp-content\\\/uploads\\\/2022\\\/04\\\/dessin-realiste.png\",\"datePublished\":\"2022-04-29T14:00:09+00:00\",\"dateModified\":\"2024-04-29T14:18:14+00:00\",\"breadcrumb\":{\"@id\":\"https:\\\/\\\/www.artesane.com\\\/le-journal\\\/arts-plastiques\\\/lactualite-de-mai-chez-artesane\\\/#breadcrumb\"},\"inLanguage\":\"fr-FR\",\"potentialAction\":[{\"@type\":\"ReadAction\",\"target\":[\"https:\\\/\\\/www.artesane.com\\\/le-journal\\\/arts-plastiques\\\/lactualite-de-mai-chez-artesane\\\/\"]}]},{\"@type\":\"ImageObject\",\"inLanguage\":\"fr-FR\",\"@id\":\"https:\\\/\\\/www.artesane.com\\\/le-journal\\\/arts-plastiques\\\/lactualite-de-mai-chez-artesane\\\/#primaryimage\",\"url\":\"https:\\\/\\\/www.artesane.com\\\/le-journal\\\/arts-plastiques\\\/wp-content\\\/uploads\\\/2022\\\/04\\\/dessin-realiste.png\",\"contentUrl\":\"https:\\\/\\\/www.artesane.com\\\/le-journal\\\/arts-plastiques\\\/wp-content\\\/uploads\\\/2022\\\/04\\\/dessin-realiste.png\",\"width\":1400,\"height\":933},{\"@type\":\"BreadcrumbList\",\"@id\":\"https:\\\/\\\/www.artesane.com\\\/le-journal\\\/arts-plastiques\\\/lactualite-de-mai-chez-artesane\\\/#breadcrumb\",\"itemListElement\":[{\"@type\":\"ListItem\",\"position\":1,\"name\":\"Accueil\",\"item\":\"https:\\\/\\\/www.artesane.com\\\/le-journal\\\/arts-plastiques\\\/\"},{\"@type\":\"ListItem\",\"position\":2,\"name\":\"L\u2019actualit\u00e9 de mai chez Artesane\"}]},{\"@type\":\"WebSite\",\"@id\":\"https:\\\/\\\/www.artesane.com\\\/le-journal\\\/arts-plastiques\\\/#website\",\"url\":\"https:\\\/\\\/www.artesane.com\\\/le-journal\\\/arts-plastiques\\\/\",\"name\":\"Journal Artesane - Arts Plastiques\",\"description\":\"\",\"publisher\":{\"@id\":\"https:\\\/\\\/www.artesane.com\\\/le-journal\\\/arts-plastiques\\\/#organization\"},\"potentialAction\":[{\"@type\":\"SearchAction\",\"target\":{\"@type\":\"EntryPoint\",\"urlTemplate\":\"https:\\\/\\\/www.artesane.com\\\/le-journal\\\/arts-plastiques\\\/?s={search_term_string}\"},\"query-input\":{\"@type\":\"PropertyValueSpecification\",\"valueRequired\":true,\"valueName\":\"search_term_string\"}}],\"inLanguage\":\"fr-FR\"},{\"@type\":\"Organization\",\"@id\":\"https:\\\/\\\/www.artesane.com\\\/le-journal\\\/arts-plastiques\\\/#organization\",\"name\":\"Artesane\",\"url\":\"https:\\\/\\\/www.artesane.com\\\/le-journal\\\/arts-plastiques\\\/\",\"logo\":{\"@type\":\"ImageObject\",\"inLanguage\":\"fr-FR\",\"@id\":\"https:\\\/\\\/www.artesane.com\\\/le-journal\\\/arts-plastiques\\\/#\\\/schema\\\/logo\\\/image\\\/\",\"url\":\"https:\\\/\\\/www.artesane.com\\\/le-journal\\\/arts-plastiques\\\/wp-content\\\/uploads\\\/2022\\\/05\\\/logo-simple.png\",\"contentUrl\":\"https:\\\/\\\/www.artesane.com\\\/le-journal\\\/arts-plastiques\\\/wp-content\\\/uploads\\\/2022\\\/05\\\/logo-simple.png\",\"width\":1166,\"height\":201,\"caption\":\"Artesane\"},\"image\":{\"@id\":\"https:\\\/\\\/www.artesane.com\\\/le-journal\\\/arts-plastiques\\\/#\\\/schema\\\/logo\\\/image\\\/\"},\"sameAs\":[\"https:\\\/\\\/www.facebook.com\\\/artesanefrance\",\"https:\\\/\\\/www.instagram.com\\\/artesane_france\\\/\",\"https:\\\/\\\/fr.linkedin.com\\\/company\\\/artesane\",\"https:\\\/\\\/www.pinterest.fr\\\/ArtesaneFrance\\\/\",\"https:\\\/\\\/www.youtube.com\\\/c\\\/Artesane_lesvideos\",\"https:\\\/\\\/www.twitch.tv\\\/artesane?lang=fr\",\"https:\\\/\\\/open.spotify.com\\\/show\\\/2gdmkyp7IoWhWpDRk3G71I\"]},{\"@type\":\"Person\",\"@id\":\"https:\\\/\\\/www.artesane.com\\\/le-journal\\\/arts-plastiques\\\/#\\\/schema\\\/person\\\/1a21595829c7711bda04fcbb655321b2\",\"name\":\"Dorian Furet\"}]}<\/script>\n<!-- \/ Yoast SEO plugin. -->","yoast_head_json":{"title":"L\u2019actualit\u00e9 de mai chez Artesane - Journal Artesane - Arts Plastiques","robots":{"index":"index","follow":"follow","max-snippet":"max-snippet:-1","max-image-preview":"max-image-preview:large","max-video-preview":"max-video-preview:-1"},"canonical":"https:\/\/www.artesane.com\/le-journal\/arts-plastiques\/lactualite-de-mai-chez-artesane\/","og_locale":"fr_FR","og_type":"article","og_title":"L\u2019actualit\u00e9 de mai chez Artesane - Journal Artesane - Arts Plastiques","og_description":"[vc_row][vc_column][vc_column_text] \u00a0 \u00a0 \u00a0Encore une actualit\u00e9 charg\u00e9e en ce mois de mai chez Artesane. Entre sorties de cours de dessin, cours de tricot et cours de couture, frenchdays, d\u00e9fi garde-robe et CAP, je vous dresse ici l\u2019agenda de nos actualit\u00e9s\u00a0! [\/vc_column_text][\/vc_column][\/vc_row][vc_row][vc_column][vc_custom_heading text=\u00a0\u00bbDe nouveaux cours pour l\u2019arriv\u00e9e des beaux jours\u00a0\u00bb][vc_empty_space][\/vc_column][\/vc_row][vc_row][vc_column][vc_custom_heading text=\u00a0\u00bbTechniques de couture enfant : 3 [&hellip;]","og_url":"https:\/\/www.artesane.com\/le-journal\/arts-plastiques\/lactualite-de-mai-chez-artesane\/","og_site_name":"Journal Artesane - Arts Plastiques","article_publisher":"https:\/\/www.facebook.com\/artesanefrance","article_published_time":"2022-04-29T14:00:09+00:00","article_modified_time":"2024-04-29T14:18:14+00:00","og_image":[{"width":1400,"height":933,"url":"https:\/\/www.artesane.com\/le-journal\/arts-plastiques\/wp-content\/uploads\/2022\/04\/dessin-realiste.png","type":"image\/png"}],"author":"Dorian Furet","twitter_card":"summary_large_image","twitter_misc":{"\u00c9crit par":"Dorian Furet","Dur\u00e9e de lecture estim\u00e9e":"5 minutes"},"schema":{"@context":"https:\/\/schema.org","@graph":[{"@type":"Article","@id":"https:\/\/www.artesane.com\/le-journal\/arts-plastiques\/lactualite-de-mai-chez-artesane\/#article","isPartOf":{"@id":"https:\/\/www.artesane.com\/le-journal\/arts-plastiques\/lactualite-de-mai-chez-artesane\/"},"author":{"name":"Dorian Furet","@id":"https:\/\/www.artesane.com\/le-journal\/arts-plastiques\/#\/schema\/person\/1a21595829c7711bda04fcbb655321b2"},"headline":"L\u2019actualit\u00e9 de mai chez Artesane","datePublished":"2022-04-29T14:00:09+00:00","dateModified":"2024-04-29T14:18:14+00:00","mainEntityOfPage":{"@id":"https:\/\/www.artesane.com\/le-journal\/arts-plastiques\/lactualite-de-mai-chez-artesane\/"},"wordCount":1386,"commentCount":0,"publisher":{"@id":"https:\/\/www.artesane.com\/le-journal\/arts-plastiques\/#organization"},"image":{"@id":"https:\/\/www.artesane.com\/le-journal\/arts-plastiques\/lactualite-de-mai-chez-artesane\/#primaryimage"},"thumbnailUrl":"https:\/\/www.artesane.com\/le-journal\/arts-plastiques\/wp-content\/uploads\/2022\/04\/dessin-realiste.png","articleSection":["Actualit\u00e9","Dessin et peinture"],"inLanguage":"fr-FR","potentialAction":[{"@type":"CommentAction","name":"Comment","target":["https:\/\/www.artesane.com\/le-journal\/arts-plastiques\/lactualite-de-mai-chez-artesane\/#respond"]}]},{"@type":"WebPage","@id":"https:\/\/www.artesane.com\/le-journal\/arts-plastiques\/lactualite-de-mai-chez-artesane\/","url":"https:\/\/www.artesane.com\/le-journal\/arts-plastiques\/lactualite-de-mai-chez-artesane\/","name":"L\u2019actualit\u00e9 de mai chez Artesane - Journal Artesane - Arts Plastiques","isPartOf":{"@id":"https:\/\/www.artesane.com\/le-journal\/arts-plastiques\/#website"},"primaryImageOfPage":{"@id":"https:\/\/www.artesane.com\/le-journal\/arts-plastiques\/lactualite-de-mai-chez-artesane\/#primaryimage"},"image":{"@id":"https:\/\/www.artesane.com\/le-journal\/arts-plastiques\/lactualite-de-mai-chez-artesane\/#primaryimage"},"thumbnailUrl":"https:\/\/www.artesane.com\/le-journal\/arts-plastiques\/wp-content\/uploads\/2022\/04\/dessin-realiste.png","datePublished":"2022-04-29T14:00:09+00:00","dateModified":"2024-04-29T14:18:14+00:00","breadcrumb":{"@id":"https:\/\/www.artesane.com\/le-journal\/arts-plastiques\/lactualite-de-mai-chez-artesane\/#breadcrumb"},"inLanguage":"fr-FR","potentialAction":[{"@type":"ReadAction","target":["https:\/\/www.artesane.com\/le-journal\/arts-plastiques\/lactualite-de-mai-chez-artesane\/"]}]},{"@type":"ImageObject","inLanguage":"fr-FR","@id":"https:\/\/www.artesane.com\/le-journal\/arts-plastiques\/lactualite-de-mai-chez-artesane\/#primaryimage","url":"https:\/\/www.artesane.com\/le-journal\/arts-plastiques\/wp-content\/uploads\/2022\/04\/dessin-realiste.png","contentUrl":"https:\/\/www.artesane.com\/le-journal\/arts-plastiques\/wp-content\/uploads\/2022\/04\/dessin-realiste.png","width":1400,"height":933},{"@type":"BreadcrumbList","@id":"https:\/\/www.artesane.com\/le-journal\/arts-plastiques\/lactualite-de-mai-chez-artesane\/#breadcrumb","itemListElement":[{"@type":"ListItem","position":1,"name":"Accueil","item":"https:\/\/www.artesane.com\/le-journal\/arts-plastiques\/"},{"@type":"ListItem","position":2,"name":"L\u2019actualit\u00e9 de mai chez Artesane"}]},{"@type":"WebSite","@id":"https:\/\/www.artesane.com\/le-journal\/arts-plastiques\/#website","url":"https:\/\/www.artesane.com\/le-journal\/arts-plastiques\/","name":"Journal Artesane - Arts Plastiques","description":"","publisher":{"@id":"https:\/\/www.artesane.com\/le-journal\/arts-plastiques\/#organization"},"potentialAction":[{"@type":"SearchAction","target":{"@type":"EntryPoint","urlTemplate":"https:\/\/www.artesane.com\/le-journal\/arts-plastiques\/?s={search_term_string}"},"query-input":{"@type":"PropertyValueSpecification","valueRequired":true,"valueName":"search_term_string"}}],"inLanguage":"fr-FR"},{"@type":"Organization","@id":"https:\/\/www.artesane.com\/le-journal\/arts-plastiques\/#organization","name":"Artesane","url":"https:\/\/www.artesane.com\/le-journal\/arts-plastiques\/","logo":{"@type":"ImageObject","inLanguage":"fr-FR","@id":"https:\/\/www.artesane.com\/le-journal\/arts-plastiques\/#\/schema\/logo\/image\/","url":"https:\/\/www.artesane.com\/le-journal\/arts-plastiques\/wp-content\/uploads\/2022\/05\/logo-simple.png","contentUrl":"https:\/\/www.artesane.com\/le-journal\/arts-plastiques\/wp-content\/uploads\/2022\/05\/logo-simple.png","width":1166,"height":201,"caption":"Artesane"},"image":{"@id":"https:\/\/www.artesane.com\/le-journal\/arts-plastiques\/#\/schema\/logo\/image\/"},"sameAs":["https:\/\/www.facebook.com\/artesanefrance","https:\/\/www.instagram.com\/artesane_france\/","https:\/\/fr.linkedin.com\/company\/artesane","https:\/\/www.pinterest.fr\/ArtesaneFrance\/","https:\/\/www.youtube.com\/c\/Artesane_lesvideos","https:\/\/www.twitch.tv\/artesane?lang=fr","https:\/\/open.spotify.com\/show\/2gdmkyp7IoWhWpDRk3G71I"]},{"@type":"Person","@id":"https:\/\/www.artesane.com\/le-journal\/arts-plastiques\/#\/schema\/person\/1a21595829c7711bda04fcbb655321b2","name":"Dorian Furet"}]}},"_links":{"self":[{"href":"https:\/\/www.artesane.com\/le-journal\/arts-plastiques\/wp-json\/wp\/v2\/posts\/13166","targetHints":{"allow":["GET"]}}],"collection":[{"href":"https:\/\/www.artesane.com\/le-journal\/arts-plastiques\/wp-json\/wp\/v2\/posts"}],"about":[{"href":"https:\/\/www.artesane.com\/le-journal\/arts-plastiques\/wp-json\/wp\/v2\/types\/post"}],"author":[{"embeddable":true,"href":"https:\/\/www.artesane.com\/le-journal\/arts-plastiques\/wp-json\/wp\/v2\/users\/8"}],"replies":[{"embeddable":true,"href":"https:\/\/www.artesane.com\/le-journal\/arts-plastiques\/wp-json\/wp\/v2\/comments?post=13166"}],"version-history":[{"count":3,"href":"https:\/\/www.artesane.com\/le-journal\/arts-plastiques\/wp-json\/wp\/v2\/posts\/13166\/revisions"}],"predecessor-version":[{"id":13923,"href":"https:\/\/www.artesane.com\/le-journal\/arts-plastiques\/wp-json\/wp\/v2\/posts\/13166\/revisions\/13923"}],"wp:featuredmedia":[{"embeddable":true,"href":"https:\/\/www.artesane.com\/le-journal\/arts-plastiques\/wp-json\/wp\/v2\/media\/13171"}],"wp:attachment":[{"href":"https:\/\/www.artesane.com\/le-journal\/arts-plastiques\/wp-json\/wp\/v2\/media?parent=13166"}],"wp:term":[{"taxonomy":"category","embeddable":true,"href":"https:\/\/www.artesane.com\/le-journal\/arts-plastiques\/wp-json\/wp\/v2\/categories?post=13166"},{"taxonomy":"post_tag","embeddable":true,"href":"https:\/\/www.artesane.com\/le-journal\/arts-plastiques\/wp-json\/wp\/v2\/tags?post=13166"}],"curies":[{"name":"wp","href":"https:\/\/api.w.org\/{rel}","templated":true}]}}