{"id":13852,"date":"2022-09-09T11:59:00","date_gmt":"2022-09-09T09:59:00","guid":{"rendered":"https:\/\/le-journal.artesane.com\/arts-plastiques\/?p=13852"},"modified":"2024-04-29T16:11:45","modified_gmt":"2024-04-29T14:11:45","slug":"les-actualites-de-septembre-chez-artesane","status":"publish","type":"post","link":"https:\/\/www.artesane.com\/le-journal\/arts-plastiques\/les-actualites-de-septembre-chez-artesane\/","title":{"rendered":"Les actualit\u00e9s de septembre chez Artesane"},"content":{"rendered":"\n<p>     Nous y voil\u00e0 ! Il y a un, je publiai mon premier article sur ce journal, qui a bien \u00e9volu\u00e9 depuis. Ce tout premier article, publi\u00e9 il y a un an jour pour jour, le 9 septembre 2021, portait exactement le m\u00eame titre que celui-ci. Du temps a pass\u00e9, mais les actualit\u00e9s d\u2019Artesane ne cessent pas de se bousculer. Les locaux se remplissent de nouvelles t\u00eates, de la m\u00eame mani\u00e8re que le\u00a0<a href=\"https:\/\/www.artesane.com\/\" target=\"_blank\" rel=\"noreferrer noopener\">catalogue de\u00a0<strong>cours vid\u00e9o<\/strong><\/a>\u00a0s\u2019appr\u00eate \u00e0 s\u2019\u00e9toffer. Alors, que vous r\u00e9serve ce mois de septembre et qu\u2019est-ce qui se profile \u00e0 l\u2019horizon pour cette fin d\u2019ann\u00e9e\u00a0? Demandez le programme\u00a0!<\/p>\n\n\n\n<p><\/p>\n\n\n\n<div id=\"ez-toc-container\" class=\"ez-toc-v2_0_80 counter-hierarchy ez-toc-counter ez-toc-grey ez-toc-container-direction\">\n<div class=\"ez-toc-title-container\">\n<p class=\"ez-toc-title\" style=\"cursor:inherit\">Table of Contents<\/p>\n<span class=\"ez-toc-title-toggle\"><a href=\"#\" class=\"ez-toc-pull-right ez-toc-btn ez-toc-btn-xs ez-toc-btn-default ez-toc-toggle\" aria-label=\"Toggle Table of Content\"><span class=\"ez-toc-js-icon-con\"><span class=\"\"><span class=\"eztoc-hide\" style=\"display:none;\">Toggle<\/span><span class=\"ez-toc-icon-toggle-span\"><svg style=\"fill: #999;color:#999\" xmlns=\"http:\/\/www.w3.org\/2000\/svg\" class=\"list-377408\" width=\"20px\" height=\"20px\" viewBox=\"0 0 24 24\" fill=\"none\"><path d=\"M6 6H4v2h2V6zm14 0H8v2h12V6zM4 11h2v2H4v-2zm16 0H8v2h12v-2zM4 16h2v2H4v-2zm16 0H8v2h12v-2z\" fill=\"currentColor\"><\/path><\/svg><svg style=\"fill: #999;color:#999\" class=\"arrow-unsorted-368013\" xmlns=\"http:\/\/www.w3.org\/2000\/svg\" width=\"10px\" height=\"10px\" viewBox=\"0 0 24 24\" version=\"1.2\" baseProfile=\"tiny\"><path d=\"M18.2 9.3l-6.2-6.3-6.2 6.3c-.2.2-.3.4-.3.7s.1.5.3.7c.2.2.4.3.7.3h11c.3 0 .5-.1.7-.3.2-.2.3-.5.3-.7s-.1-.5-.3-.7zM5.8 14.7l6.2 6.3 6.2-6.3c.2-.2.3-.5.3-.7s-.1-.5-.3-.7c-.2-.2-.4-.3-.7-.3h-11c-.3 0-.5.1-.7.3-.2.2-.3.5-.3.7s.1.5.3.7z\"\/><\/svg><\/span><\/span><\/span><\/a><\/span><\/div>\n<nav><ul class='ez-toc-list ez-toc-list-level-1 ' ><li class='ez-toc-page-1 ez-toc-heading-level-2'><a class=\"ez-toc-link ez-toc-heading-1\" href=\"https:\/\/www.artesane.com\/le-journal\/arts-plastiques\/les-actualites-de-septembre-chez-artesane\/#LES_ACTUALITES\" >LES ACTUALIT\u00c9S<\/a><ul class='ez-toc-list-level-3' ><li class='ez-toc-heading-level-3'><a class=\"ez-toc-link ez-toc-heading-2\" href=\"https:\/\/www.artesane.com\/le-journal\/arts-plastiques\/les-actualites-de-septembre-chez-artesane\/#Du_cote_du_site_internet%E2%80%A6\" >Du c\u00f4t\u00e9 du site internet\u2026<\/a><\/li><li class='ez-toc-page-1 ez-toc-heading-level-3'><a class=\"ez-toc-link ez-toc-heading-3\" href=\"https:\/\/www.artesane.com\/le-journal\/arts-plastiques\/les-actualites-de-septembre-chez-artesane\/#Arts_du_fil_et_arts_culinaires\" >Arts du fil et arts culinaires<\/a><\/li><li class='ez-toc-page-1 ez-toc-heading-level-3'><a class=\"ez-toc-link ez-toc-heading-4\" href=\"https:\/\/www.artesane.com\/le-journal\/arts-plastiques\/les-actualites-de-septembre-chez-artesane\/#Un_nouveau_livre_de_preparation_au_CAP_couture\" >Un nouveau livre de pr\u00e9paration au CAP couture<\/a><\/li><\/ul><\/li><li class='ez-toc-page-1 ez-toc-heading-level-2'><a class=\"ez-toc-link ez-toc-heading-5\" href=\"https:\/\/www.artesane.com\/le-journal\/arts-plastiques\/les-actualites-de-septembre-chez-artesane\/#LES_SORTIES_DE_COURS\" >LES SORTIES DE COURS<\/a><ul class='ez-toc-list-level-3' ><li class='ez-toc-heading-level-3'><a class=\"ez-toc-link ez-toc-heading-6\" href=\"https:\/\/www.artesane.com\/le-journal\/arts-plastiques\/les-actualites-de-septembre-chez-artesane\/#Ceramique_%E2%80%93_Creer_votre_premiere_tasse\" >C\u00e9ramique \u2013 Cr\u00e9er votre premi\u00e8re tasse<\/a><\/li><\/ul><\/li><\/ul><\/nav><\/div>\n<h2 class=\"wp-block-heading\"><span class=\"ez-toc-section\" id=\"LES_ACTUALITES\"><\/span>LES ACTUALIT\u00c9S<span class=\"ez-toc-section-end\"><\/span><\/h2>\n\n\n\n<p><\/p>\n\n\n\n<h3 class=\"wp-block-heading\"><span class=\"ez-toc-section\" id=\"Du_cote_du_site_internet%E2%80%A6\"><\/span>Du c\u00f4t\u00e9 du site internet\u2026<span class=\"ez-toc-section-end\"><\/span><\/h3>\n\n\n\n<p>     Promenons-nous du c\u00f4t\u00e9 de l\u2019informatique et de ses miracles. Vous connaissez sans doute notre site\u00a0<a href=\"https:\/\/www.artesane.com\" target=\"_blank\" rel=\"noreferrer noopener\">Artesane.com<\/a>\u00a0regroupant l\u2019int\u00e9gralit\u00e9 de nos cours disponibles, ainsi que nos coffrets et autres produits. Notre d\u00e9veloppeuse web Clo\u00e9 s\u2019est attel\u00e9e \u00e0 un grand chantier\u00a0: donner un coup de neuf \u00e0 ce site, qui, rassurez-vous, conservera toutes ses fonctionnalit\u00e9s et en ajoutera de nouvelles. Ces nouveaut\u00e9s seront impl\u00e9ment\u00e9es petit \u00e0 petit apr\u00e8s le basculement au tout nouveau site Artesane en novembre. Pour avoir eu un aper\u00e7u du travail de Clo\u00e9 et du nouveau site, je peux vous garantir que vous ne serez pas d\u00e9\u00e7us\u00a0!<\/p>\n\n\n\n<blockquote class=\"wp-block-quote is-layout-flow wp-block-quote-is-layout-flow\">\n<p>\u00ab&nbsp;Je travaille principalement sur la partie&nbsp;<em>front<\/em>&nbsp;du nouveau site, c\u2019est-\u00e0-dire la partie que les utilisateurs voient et avec laquelle ils vont directement interagir. L\u2019enjeu de cette refonte, c\u2019est principalement de r\u00e9organiser le site pour fluidifier la navigation de nos&nbsp;client.e.s, tout en profitant d\u2019un nouveau design pens\u00e9 par Marie-Gabrielle Berland. C\u2019est un projet de longue haleine qui n\u00e9cessite le travail et la mati\u00e8re grise d\u2019une multitude de personnes. Et c\u2019est un projet \u00f4 combien enrichissant pour la d\u00e9veloppeuse fra\u00eechement reconvertie que je suis !&nbsp;\u00bb<\/p>\n<cite>Clo\u00e9<\/cite><\/blockquote>\n\n\n\n<p><\/p>\n\n\n\n<h3 class=\"wp-block-heading\"><span class=\"ez-toc-section\" id=\"Arts_du_fil_et_arts_culinaires\"><\/span>Arts du fil et arts culinaires<span class=\"ez-toc-section-end\"><\/span><\/h3>\n\n\n\n<figure class=\"wp-block-image alignwide size-large\"><img loading=\"lazy\" decoding=\"async\" width=\"1024\" height=\"683\" src=\"https:\/\/www.artesane.com\/le-journal\/arts-plastiques\/wp-content\/uploads\/2022\/09\/cuisine-1024x683.jpeg\" alt=\"\" class=\"wp-image-13856\" srcset=\"https:\/\/www.artesane.com\/le-journal\/arts-plastiques\/wp-content\/uploads\/2022\/09\/cuisine-980x653.jpeg 980w, https:\/\/www.artesane.com\/le-journal\/arts-plastiques\/wp-content\/uploads\/2022\/09\/cuisine-480x320.jpeg 480w\" sizes=\"auto, (min-width: 0px) and (max-width: 480px) 480px, (min-width: 481px) and (max-width: 980px) 980px, (min-width: 981px) 1024px, 100vw\" \/><\/figure>\n\n\n\n<p>\u00a0\u00a0 Ce petit paragraphe pour vous assurer que, malgr\u00e9 ces changements, l\u2019\u00e9quipe Artesane et tous vos professeurs continuent de se d\u00e9mener pour vous proposer une multitudes de nouveaux cours, tant en arts du fil qu\u2019en arts culinaires. Comme vous pourrez le constater dans la pr\u00e9sentation des nombreuses sorties du mois de septembre, le\u00a0<a href=\"https:\/\/www.artesane.com\/arts-culinaires\" target=\"_blank\" rel=\"noreferrer noopener\">catalogue de\u00a0<strong>cours de cuisine<\/strong><\/a>\u00a0va s\u2019\u00e9tendre de mani\u00e8re rapide \u00e0 partir de cette rentr\u00e9e, tandis que le\u00a0<a href=\"https:\/\/www.artesane.com\/arts-du-fil\" target=\"_blank\" rel=\"noreferrer noopener\">catalogue de\u00a0<strong>cours de couture\u00a0<\/strong><\/a>et d\u2019arts du fil d\u00e9j\u00e0 solide ne va cesser de se renforcer avec des cours toujours aussi travaill\u00e9s, tant pour les d\u00e9butants que pour les couturiers avertis.<\/p>\n\n\n\n<p><\/p>\n\n\n\n<h3 class=\"wp-block-heading\"><span class=\"ez-toc-section\" id=\"Un_nouveau_livre_de_preparation_au_CAP_couture\"><\/span>Un nouveau livre de pr\u00e9paration au CAP couture<span class=\"ez-toc-section-end\"><\/span><\/h3>\n\n\n\n<figure class=\"wp-block-image alignwide size-large\"><img loading=\"lazy\" decoding=\"async\" width=\"1024\" height=\"683\" src=\"https:\/\/www.artesane.com\/le-journal\/arts-plastiques\/wp-content\/uploads\/2022\/09\/livre-CAP-scaled-1-1024x683.jpeg\" alt=\"\" class=\"wp-image-13857\" srcset=\"https:\/\/www.artesane.com\/le-journal\/arts-plastiques\/wp-content\/uploads\/2022\/09\/livre-CAP-scaled-1-980x653.jpeg 980w, https:\/\/www.artesane.com\/le-journal\/arts-plastiques\/wp-content\/uploads\/2022\/09\/livre-CAP-scaled-1-480x320.jpeg 480w\" sizes=\"auto, (min-width: 0px) and (max-width: 480px) 480px, (min-width: 481px) and (max-width: 980px) 980px, (min-width: 981px) 1024px, 100vw\" \/><\/figure>\n\n\n\n<p>\u00a0\u00a0 \u00a0Pour toutes celles et ceux qui d\u00e9sirent suivre l\u2019<a href=\"https:\/\/www.artesane.com\/le-journal\/arts-du-fil\/passer-cap-couture-vetements-flous\/\" target=\"_blank\" rel=\"noreferrer noopener\">une de nos formations professionnelles au dipl\u00f4me du\u00a0<strong>CAP M\u00e9tiers de la mode \u2013 v\u00eatement Flou<\/strong><\/a>\u00a0(MMVF), mais \u00e9galement \u00e0 celles et ceux qui souhaitent avoir des mod\u00e8les de couture ainsi que des conseils et des techniques pour am\u00e9liorer leur niveau de couture et atteindre un niveau professionnel, un tout nouveau livre en collaboration avec Artesane et Christine Charles de la soci\u00e9t\u00e9 R\u00eave \u00e0 Soie va voir le jour en librairies et sur notre site le 10 novembre. Avec un programme sur 10 mois, comprenant des mod\u00e8les \u00e0 coudre tous les mois, vous \u00e9voluerez vite dans votre pratique de la couture avec ce livre qui fait suite au\u00a0<a href=\"https:\/\/www.artesane.com\/arts-du-fil\/produit\/livre-passez-votre-cap-couture-avec-artesane-com\" target=\"_blank\" rel=\"noreferrer noopener\">livre Passez votre CAP couture avec Artesane.com<\/a>.<\/p>\n\n\n\n<p><\/p>\n\n\n\n<h2 class=\"wp-block-heading\"><span class=\"ez-toc-section\" id=\"LES_SORTIES_DE_COURS\"><\/span>LES SORTIES DE COURS<span class=\"ez-toc-section-end\"><\/span><\/h2>\n\n\n\n<h3 class=\"wp-block-heading\"><span class=\"ez-toc-section\" id=\"Ceramique_%E2%80%93_Creer_votre_premiere_tasse\"><\/span>C\u00e9ramique \u2013 Cr\u00e9er votre premi\u00e8re tasse<span class=\"ez-toc-section-end\"><\/span><\/h3>\n\n\n\n<p>&nbsp;&nbsp; &nbsp;Des mains plong\u00e9es dans la terre sortent des merveilles, c\u00e9ramiques cylindriques provenant de l\u2019argile m\u00e9tamorphe fa\u00e7onn\u00e9e par des mains habiles. Le&nbsp;<strong>c\u00e9ramiste professionnel<\/strong>&nbsp;Corentin Brison vous attend dans ce cours pour faire sortir de tere, avec lui, de sublimes tasses originales. Pr\u00e9paration de la terre,&nbsp;<strong>tournage<\/strong>,&nbsp;<strong>fa\u00e7onnage<\/strong>&nbsp;de l\u2019anse,&nbsp;<strong>assemblage<\/strong>&nbsp;et&nbsp;<strong>\u00e9maillage<\/strong>, vous cr\u00e9erez de vos mains des tasses uniques en travaillant cette belle mati\u00e8re qu\u2019est la terre. Ce cours sera disponible le 13 septembre<\/p>\n\n\n\n<p>\u00c0 bient\u00f4t chez Artesane !<\/p>\n","protected":false},"excerpt":{"rendered":"<p>Nouveaut\u00e9s de la rentr\u00e9e, sorties de cours et nouveau livre, je vous dit tout sur ce qui vous attend dans les actualit\u00e9s Artesane ! <\/p>\n","protected":false},"author":8,"featured_media":13853,"comment_status":"open","ping_status":"closed","sticky":false,"template":"","format":"standard","meta":{"_et_pb_use_builder":"off","_et_pb_old_content":"","_et_gb_content_width":"","_exactmetrics_skip_tracking":false,"_exactmetrics_sitenote_active":false,"_exactmetrics_sitenote_note":"","_exactmetrics_sitenote_category":0,"footnotes":""},"categories":[1],"tags":[],"class_list":["post-13852","post","type-post","status-publish","format-standard","has-post-thumbnail","hentry","category-non-classe"],"yoast_head":"<!-- This site is optimized with the Yoast SEO plugin v27.5 - https:\/\/yoast.com\/product\/yoast-seo-wordpress\/ -->\n<title>Les actualit\u00e9s de septembre chez Artesane - Arts plastiques<\/title>\n<meta name=\"description\" content=\"Nouveaut\u00e9s de la rentr\u00e9e, sorties de cours et nouveau livre, je vous dit tout sur ce qui vous attend dans les actualit\u00e9s Artesane !\" \/>\n<meta name=\"robots\" content=\"index, follow, max-snippet:-1, max-image-preview:large, max-video-preview:-1\" \/>\n<link rel=\"canonical\" href=\"https:\/\/www.artesane.com\/le-journal\/arts-plastiques\/les-actualites-de-septembre-chez-artesane\/\" \/>\n<meta property=\"og:locale\" content=\"fr_FR\" \/>\n<meta property=\"og:type\" content=\"article\" \/>\n<meta property=\"og:title\" content=\"Les actualit\u00e9s de septembre chez Artesane - Arts plastiques\" \/>\n<meta property=\"og:description\" content=\"Nouveaut\u00e9s de la rentr\u00e9e, sorties de cours et nouveau livre, je vous dit tout sur ce qui vous attend dans les actualit\u00e9s Artesane !\" \/>\n<meta property=\"og:url\" content=\"https:\/\/www.artesane.com\/le-journal\/arts-plastiques\/les-actualites-de-septembre-chez-artesane\/\" \/>\n<meta property=\"og:site_name\" content=\"Journal Artesane - Arts Plastiques\" \/>\n<meta property=\"article:publisher\" content=\"https:\/\/www.facebook.com\/artesanefrance\" \/>\n<meta property=\"article:published_time\" content=\"2022-09-09T09:59:00+00:00\" \/>\n<meta property=\"article:modified_time\" content=\"2024-04-29T14:11:45+00:00\" \/>\n<meta property=\"og:image\" content=\"https:\/\/www.artesane.com\/le-journal\/arts-plastiques\/wp-content\/uploads\/2022\/09\/8A_XWdig.jpeg\" \/>\n\t<meta property=\"og:image:width\" content=\"1800\" \/>\n\t<meta property=\"og:image:height\" content=\"1200\" \/>\n\t<meta property=\"og:image:type\" content=\"image\/jpeg\" \/>\n<meta name=\"author\" content=\"Dorian Furet\" \/>\n<meta name=\"twitter:card\" content=\"summary_large_image\" \/>\n<meta name=\"twitter:label1\" content=\"\u00c9crit par\" \/>\n\t<meta name=\"twitter:data1\" content=\"Dorian Furet\" \/>\n\t<meta name=\"twitter:label2\" content=\"Dur\u00e9e de lecture estim\u00e9e\" \/>\n\t<meta name=\"twitter:data2\" content=\"4 minutes\" \/>\n<script type=\"application\/ld+json\" class=\"yoast-schema-graph\">{\"@context\":\"https:\\\/\\\/schema.org\",\"@graph\":[{\"@type\":\"Article\",\"@id\":\"https:\\\/\\\/www.artesane.com\\\/le-journal\\\/arts-plastiques\\\/les-actualites-de-septembre-chez-artesane\\\/#article\",\"isPartOf\":{\"@id\":\"https:\\\/\\\/www.artesane.com\\\/le-journal\\\/arts-plastiques\\\/les-actualites-de-septembre-chez-artesane\\\/\"},\"author\":{\"name\":\"Dorian Furet\",\"@id\":\"https:\\\/\\\/www.artesane.com\\\/le-journal\\\/arts-plastiques\\\/#\\\/schema\\\/person\\\/1a21595829c7711bda04fcbb655321b2\"},\"headline\":\"Les actualit\u00e9s de septembre chez Artesane\",\"datePublished\":\"2022-09-09T09:59:00+00:00\",\"dateModified\":\"2024-04-29T14:11:45+00:00\",\"mainEntityOfPage\":{\"@id\":\"https:\\\/\\\/www.artesane.com\\\/le-journal\\\/arts-plastiques\\\/les-actualites-de-septembre-chez-artesane\\\/\"},\"wordCount\":710,\"commentCount\":0,\"publisher\":{\"@id\":\"https:\\\/\\\/www.artesane.com\\\/le-journal\\\/arts-plastiques\\\/#organization\"},\"image\":{\"@id\":\"https:\\\/\\\/www.artesane.com\\\/le-journal\\\/arts-plastiques\\\/les-actualites-de-septembre-chez-artesane\\\/#primaryimage\"},\"thumbnailUrl\":\"https:\\\/\\\/www.artesane.com\\\/le-journal\\\/arts-plastiques\\\/wp-content\\\/uploads\\\/2022\\\/09\\\/8A_XWdig.jpeg\",\"inLanguage\":\"fr-FR\",\"potentialAction\":[{\"@type\":\"CommentAction\",\"name\":\"Comment\",\"target\":[\"https:\\\/\\\/www.artesane.com\\\/le-journal\\\/arts-plastiques\\\/les-actualites-de-septembre-chez-artesane\\\/#respond\"]}]},{\"@type\":\"WebPage\",\"@id\":\"https:\\\/\\\/www.artesane.com\\\/le-journal\\\/arts-plastiques\\\/les-actualites-de-septembre-chez-artesane\\\/\",\"url\":\"https:\\\/\\\/www.artesane.com\\\/le-journal\\\/arts-plastiques\\\/les-actualites-de-septembre-chez-artesane\\\/\",\"name\":\"Les actualit\u00e9s de septembre chez Artesane - Arts plastiques\",\"isPartOf\":{\"@id\":\"https:\\\/\\\/www.artesane.com\\\/le-journal\\\/arts-plastiques\\\/#website\"},\"primaryImageOfPage\":{\"@id\":\"https:\\\/\\\/www.artesane.com\\\/le-journal\\\/arts-plastiques\\\/les-actualites-de-septembre-chez-artesane\\\/#primaryimage\"},\"image\":{\"@id\":\"https:\\\/\\\/www.artesane.com\\\/le-journal\\\/arts-plastiques\\\/les-actualites-de-septembre-chez-artesane\\\/#primaryimage\"},\"thumbnailUrl\":\"https:\\\/\\\/www.artesane.com\\\/le-journal\\\/arts-plastiques\\\/wp-content\\\/uploads\\\/2022\\\/09\\\/8A_XWdig.jpeg\",\"datePublished\":\"2022-09-09T09:59:00+00:00\",\"dateModified\":\"2024-04-29T14:11:45+00:00\",\"description\":\"Nouveaut\u00e9s de la rentr\u00e9e, sorties de cours et nouveau livre, je vous dit tout sur ce qui vous attend dans les actualit\u00e9s Artesane !\",\"breadcrumb\":{\"@id\":\"https:\\\/\\\/www.artesane.com\\\/le-journal\\\/arts-plastiques\\\/les-actualites-de-septembre-chez-artesane\\\/#breadcrumb\"},\"inLanguage\":\"fr-FR\",\"potentialAction\":[{\"@type\":\"ReadAction\",\"target\":[\"https:\\\/\\\/www.artesane.com\\\/le-journal\\\/arts-plastiques\\\/les-actualites-de-septembre-chez-artesane\\\/\"]}]},{\"@type\":\"ImageObject\",\"inLanguage\":\"fr-FR\",\"@id\":\"https:\\\/\\\/www.artesane.com\\\/le-journal\\\/arts-plastiques\\\/les-actualites-de-septembre-chez-artesane\\\/#primaryimage\",\"url\":\"https:\\\/\\\/www.artesane.com\\\/le-journal\\\/arts-plastiques\\\/wp-content\\\/uploads\\\/2022\\\/09\\\/8A_XWdig.jpeg\",\"contentUrl\":\"https:\\\/\\\/www.artesane.com\\\/le-journal\\\/arts-plastiques\\\/wp-content\\\/uploads\\\/2022\\\/09\\\/8A_XWdig.jpeg\",\"width\":1800,\"height\":1200,\"caption\":\"bols en c\u00e9ramique\"},{\"@type\":\"BreadcrumbList\",\"@id\":\"https:\\\/\\\/www.artesane.com\\\/le-journal\\\/arts-plastiques\\\/les-actualites-de-septembre-chez-artesane\\\/#breadcrumb\",\"itemListElement\":[{\"@type\":\"ListItem\",\"position\":1,\"name\":\"Accueil\",\"item\":\"https:\\\/\\\/www.artesane.com\\\/le-journal\\\/arts-plastiques\\\/\"},{\"@type\":\"ListItem\",\"position\":2,\"name\":\"Les actualit\u00e9s de septembre chez Artesane\"}]},{\"@type\":\"WebSite\",\"@id\":\"https:\\\/\\\/www.artesane.com\\\/le-journal\\\/arts-plastiques\\\/#website\",\"url\":\"https:\\\/\\\/www.artesane.com\\\/le-journal\\\/arts-plastiques\\\/\",\"name\":\"Journal Artesane - Arts Plastiques\",\"description\":\"\",\"publisher\":{\"@id\":\"https:\\\/\\\/www.artesane.com\\\/le-journal\\\/arts-plastiques\\\/#organization\"},\"potentialAction\":[{\"@type\":\"SearchAction\",\"target\":{\"@type\":\"EntryPoint\",\"urlTemplate\":\"https:\\\/\\\/www.artesane.com\\\/le-journal\\\/arts-plastiques\\\/?s={search_term_string}\"},\"query-input\":{\"@type\":\"PropertyValueSpecification\",\"valueRequired\":true,\"valueName\":\"search_term_string\"}}],\"inLanguage\":\"fr-FR\"},{\"@type\":\"Organization\",\"@id\":\"https:\\\/\\\/www.artesane.com\\\/le-journal\\\/arts-plastiques\\\/#organization\",\"name\":\"Artesane\",\"url\":\"https:\\\/\\\/www.artesane.com\\\/le-journal\\\/arts-plastiques\\\/\",\"logo\":{\"@type\":\"ImageObject\",\"inLanguage\":\"fr-FR\",\"@id\":\"https:\\\/\\\/www.artesane.com\\\/le-journal\\\/arts-plastiques\\\/#\\\/schema\\\/logo\\\/image\\\/\",\"url\":\"https:\\\/\\\/www.artesane.com\\\/le-journal\\\/arts-plastiques\\\/wp-content\\\/uploads\\\/2022\\\/05\\\/logo-simple.png\",\"contentUrl\":\"https:\\\/\\\/www.artesane.com\\\/le-journal\\\/arts-plastiques\\\/wp-content\\\/uploads\\\/2022\\\/05\\\/logo-simple.png\",\"width\":1166,\"height\":201,\"caption\":\"Artesane\"},\"image\":{\"@id\":\"https:\\\/\\\/www.artesane.com\\\/le-journal\\\/arts-plastiques\\\/#\\\/schema\\\/logo\\\/image\\\/\"},\"sameAs\":[\"https:\\\/\\\/www.facebook.com\\\/artesanefrance\",\"https:\\\/\\\/www.instagram.com\\\/artesane_france\\\/\",\"https:\\\/\\\/fr.linkedin.com\\\/company\\\/artesane\",\"https:\\\/\\\/www.pinterest.fr\\\/ArtesaneFrance\\\/\",\"https:\\\/\\\/www.youtube.com\\\/c\\\/Artesane_lesvideos\",\"https:\\\/\\\/www.twitch.tv\\\/artesane?lang=fr\",\"https:\\\/\\\/open.spotify.com\\\/show\\\/2gdmkyp7IoWhWpDRk3G71I\"]},{\"@type\":\"Person\",\"@id\":\"https:\\\/\\\/www.artesane.com\\\/le-journal\\\/arts-plastiques\\\/#\\\/schema\\\/person\\\/1a21595829c7711bda04fcbb655321b2\",\"name\":\"Dorian Furet\"}]}<\/script>\n<!-- \/ Yoast SEO plugin. -->","yoast_head_json":{"title":"Les actualit\u00e9s de septembre chez Artesane - Arts plastiques","description":"Nouveaut\u00e9s de la rentr\u00e9e, sorties de cours et nouveau livre, je vous dit tout sur ce qui vous attend dans les actualit\u00e9s Artesane !","robots":{"index":"index","follow":"follow","max-snippet":"max-snippet:-1","max-image-preview":"max-image-preview:large","max-video-preview":"max-video-preview:-1"},"canonical":"https:\/\/www.artesane.com\/le-journal\/arts-plastiques\/les-actualites-de-septembre-chez-artesane\/","og_locale":"fr_FR","og_type":"article","og_title":"Les actualit\u00e9s de septembre chez Artesane - Arts plastiques","og_description":"Nouveaut\u00e9s de la rentr\u00e9e, sorties de cours et nouveau livre, je vous dit tout sur ce qui vous attend dans les actualit\u00e9s Artesane !","og_url":"https:\/\/www.artesane.com\/le-journal\/arts-plastiques\/les-actualites-de-septembre-chez-artesane\/","og_site_name":"Journal Artesane - Arts Plastiques","article_publisher":"https:\/\/www.facebook.com\/artesanefrance","article_published_time":"2022-09-09T09:59:00+00:00","article_modified_time":"2024-04-29T14:11:45+00:00","og_image":[{"width":1800,"height":1200,"url":"https:\/\/www.artesane.com\/le-journal\/arts-plastiques\/wp-content\/uploads\/2022\/09\/8A_XWdig.jpeg","type":"image\/jpeg"}],"author":"Dorian Furet","twitter_card":"summary_large_image","twitter_misc":{"\u00c9crit par":"Dorian Furet","Dur\u00e9e de lecture estim\u00e9e":"4 minutes"},"schema":{"@context":"https:\/\/schema.org","@graph":[{"@type":"Article","@id":"https:\/\/www.artesane.com\/le-journal\/arts-plastiques\/les-actualites-de-septembre-chez-artesane\/#article","isPartOf":{"@id":"https:\/\/www.artesane.com\/le-journal\/arts-plastiques\/les-actualites-de-septembre-chez-artesane\/"},"author":{"name":"Dorian Furet","@id":"https:\/\/www.artesane.com\/le-journal\/arts-plastiques\/#\/schema\/person\/1a21595829c7711bda04fcbb655321b2"},"headline":"Les actualit\u00e9s de septembre chez Artesane","datePublished":"2022-09-09T09:59:00+00:00","dateModified":"2024-04-29T14:11:45+00:00","mainEntityOfPage":{"@id":"https:\/\/www.artesane.com\/le-journal\/arts-plastiques\/les-actualites-de-septembre-chez-artesane\/"},"wordCount":710,"commentCount":0,"publisher":{"@id":"https:\/\/www.artesane.com\/le-journal\/arts-plastiques\/#organization"},"image":{"@id":"https:\/\/www.artesane.com\/le-journal\/arts-plastiques\/les-actualites-de-septembre-chez-artesane\/#primaryimage"},"thumbnailUrl":"https:\/\/www.artesane.com\/le-journal\/arts-plastiques\/wp-content\/uploads\/2022\/09\/8A_XWdig.jpeg","inLanguage":"fr-FR","potentialAction":[{"@type":"CommentAction","name":"Comment","target":["https:\/\/www.artesane.com\/le-journal\/arts-plastiques\/les-actualites-de-septembre-chez-artesane\/#respond"]}]},{"@type":"WebPage","@id":"https:\/\/www.artesane.com\/le-journal\/arts-plastiques\/les-actualites-de-septembre-chez-artesane\/","url":"https:\/\/www.artesane.com\/le-journal\/arts-plastiques\/les-actualites-de-septembre-chez-artesane\/","name":"Les actualit\u00e9s de septembre chez Artesane - Arts plastiques","isPartOf":{"@id":"https:\/\/www.artesane.com\/le-journal\/arts-plastiques\/#website"},"primaryImageOfPage":{"@id":"https:\/\/www.artesane.com\/le-journal\/arts-plastiques\/les-actualites-de-septembre-chez-artesane\/#primaryimage"},"image":{"@id":"https:\/\/www.artesane.com\/le-journal\/arts-plastiques\/les-actualites-de-septembre-chez-artesane\/#primaryimage"},"thumbnailUrl":"https:\/\/www.artesane.com\/le-journal\/arts-plastiques\/wp-content\/uploads\/2022\/09\/8A_XWdig.jpeg","datePublished":"2022-09-09T09:59:00+00:00","dateModified":"2024-04-29T14:11:45+00:00","description":"Nouveaut\u00e9s de la rentr\u00e9e, sorties de cours et nouveau livre, je vous dit tout sur ce qui vous attend dans les actualit\u00e9s Artesane !","breadcrumb":{"@id":"https:\/\/www.artesane.com\/le-journal\/arts-plastiques\/les-actualites-de-septembre-chez-artesane\/#breadcrumb"},"inLanguage":"fr-FR","potentialAction":[{"@type":"ReadAction","target":["https:\/\/www.artesane.com\/le-journal\/arts-plastiques\/les-actualites-de-septembre-chez-artesane\/"]}]},{"@type":"ImageObject","inLanguage":"fr-FR","@id":"https:\/\/www.artesane.com\/le-journal\/arts-plastiques\/les-actualites-de-septembre-chez-artesane\/#primaryimage","url":"https:\/\/www.artesane.com\/le-journal\/arts-plastiques\/wp-content\/uploads\/2022\/09\/8A_XWdig.jpeg","contentUrl":"https:\/\/www.artesane.com\/le-journal\/arts-plastiques\/wp-content\/uploads\/2022\/09\/8A_XWdig.jpeg","width":1800,"height":1200,"caption":"bols en c\u00e9ramique"},{"@type":"BreadcrumbList","@id":"https:\/\/www.artesane.com\/le-journal\/arts-plastiques\/les-actualites-de-septembre-chez-artesane\/#breadcrumb","itemListElement":[{"@type":"ListItem","position":1,"name":"Accueil","item":"https:\/\/www.artesane.com\/le-journal\/arts-plastiques\/"},{"@type":"ListItem","position":2,"name":"Les actualit\u00e9s de septembre chez Artesane"}]},{"@type":"WebSite","@id":"https:\/\/www.artesane.com\/le-journal\/arts-plastiques\/#website","url":"https:\/\/www.artesane.com\/le-journal\/arts-plastiques\/","name":"Journal Artesane - Arts Plastiques","description":"","publisher":{"@id":"https:\/\/www.artesane.com\/le-journal\/arts-plastiques\/#organization"},"potentialAction":[{"@type":"SearchAction","target":{"@type":"EntryPoint","urlTemplate":"https:\/\/www.artesane.com\/le-journal\/arts-plastiques\/?s={search_term_string}"},"query-input":{"@type":"PropertyValueSpecification","valueRequired":true,"valueName":"search_term_string"}}],"inLanguage":"fr-FR"},{"@type":"Organization","@id":"https:\/\/www.artesane.com\/le-journal\/arts-plastiques\/#organization","name":"Artesane","url":"https:\/\/www.artesane.com\/le-journal\/arts-plastiques\/","logo":{"@type":"ImageObject","inLanguage":"fr-FR","@id":"https:\/\/www.artesane.com\/le-journal\/arts-plastiques\/#\/schema\/logo\/image\/","url":"https:\/\/www.artesane.com\/le-journal\/arts-plastiques\/wp-content\/uploads\/2022\/05\/logo-simple.png","contentUrl":"https:\/\/www.artesane.com\/le-journal\/arts-plastiques\/wp-content\/uploads\/2022\/05\/logo-simple.png","width":1166,"height":201,"caption":"Artesane"},"image":{"@id":"https:\/\/www.artesane.com\/le-journal\/arts-plastiques\/#\/schema\/logo\/image\/"},"sameAs":["https:\/\/www.facebook.com\/artesanefrance","https:\/\/www.instagram.com\/artesane_france\/","https:\/\/fr.linkedin.com\/company\/artesane","https:\/\/www.pinterest.fr\/ArtesaneFrance\/","https:\/\/www.youtube.com\/c\/Artesane_lesvideos","https:\/\/www.twitch.tv\/artesane?lang=fr","https:\/\/open.spotify.com\/show\/2gdmkyp7IoWhWpDRk3G71I"]},{"@type":"Person","@id":"https:\/\/www.artesane.com\/le-journal\/arts-plastiques\/#\/schema\/person\/1a21595829c7711bda04fcbb655321b2","name":"Dorian Furet"}]}},"_links":{"self":[{"href":"https:\/\/www.artesane.com\/le-journal\/arts-plastiques\/wp-json\/wp\/v2\/posts\/13852","targetHints":{"allow":["GET"]}}],"collection":[{"href":"https:\/\/www.artesane.com\/le-journal\/arts-plastiques\/wp-json\/wp\/v2\/posts"}],"about":[{"href":"https:\/\/www.artesane.com\/le-journal\/arts-plastiques\/wp-json\/wp\/v2\/types\/post"}],"author":[{"embeddable":true,"href":"https:\/\/www.artesane.com\/le-journal\/arts-plastiques\/wp-json\/wp\/v2\/users\/8"}],"replies":[{"embeddable":true,"href":"https:\/\/www.artesane.com\/le-journal\/arts-plastiques\/wp-json\/wp\/v2\/comments?post=13852"}],"version-history":[{"count":10,"href":"https:\/\/www.artesane.com\/le-journal\/arts-plastiques\/wp-json\/wp\/v2\/posts\/13852\/revisions"}],"predecessor-version":[{"id":13920,"href":"https:\/\/www.artesane.com\/le-journal\/arts-plastiques\/wp-json\/wp\/v2\/posts\/13852\/revisions\/13920"}],"wp:featuredmedia":[{"embeddable":true,"href":"https:\/\/www.artesane.com\/le-journal\/arts-plastiques\/wp-json\/wp\/v2\/media\/13853"}],"wp:attachment":[{"href":"https:\/\/www.artesane.com\/le-journal\/arts-plastiques\/wp-json\/wp\/v2\/media?parent=13852"}],"wp:term":[{"taxonomy":"category","embeddable":true,"href":"https:\/\/www.artesane.com\/le-journal\/arts-plastiques\/wp-json\/wp\/v2\/categories?post=13852"},{"taxonomy":"post_tag","embeddable":true,"href":"https:\/\/www.artesane.com\/le-journal\/arts-plastiques\/wp-json\/wp\/v2\/tags?post=13852"}],"curies":[{"name":"wp","href":"https:\/\/api.w.org\/{rel}","templated":true}]}}