{"id":4477,"date":"2016-07-26T16:07:33","date_gmt":"2016-07-26T14:07:33","guid":{"rendered":"http:\/\/www.artesane.com\/le-journal\/?p=4477"},"modified":"2022-05-25T15:33:14","modified_gmt":"2022-05-25T13:33:14","slug":"affichons-nos-messages","status":"publish","type":"post","link":"https:\/\/www.artesane.com\/le-journal\/arts-plastiques\/affichons-nos-messages\/","title":{"rendered":"Affichons nos messages !"},"content":{"rendered":"<p>[vc_row][vc_column][vc_column_text]<em>\u00ab\u00a0vous avez un nouveau message\u00a0\u00bb<\/em>, juste l\u00e0 sur le mur. Amoureux ou rigolo, revendicatif ou po\u00e9tique, philosophique ou na\u00eff. Un message qui s&rsquo;affiche en grand et qui change au fil des jours. Un message \u00e9ph\u00e9m\u00e8re qui traduit vos humeurs et vos d\u00e9sirs\u00a0!<!--more--><\/p>\n<p>Aujourd&rsquo;hui on vous propose un diy tr\u00e8s simple mais terriblement efficace pour exposer vos pens\u00e9es\u00a0! On a imagin\u00e9 un tableau avec un syst\u00e8me de lettres \u00e0 glisser. assez grand pour y \u00e9crire les phrases les plus longues. A vos outils, les murs ont h\u00e2te de se parer de vos messages\u00a0![\/vc_column_text][\/vc_column][\/vc_row][vc_row][vc_column][vc_single_image image=\u00a0\u00bb4480&Prime; img_size=\u00a0\u00bbfull\u00a0\u00bb][vc_column_text]<\/p>\n<p style=\"text-align: center;\"><strong>Fournitures<\/strong><\/p>\n<ul>\n<li style=\"text-align: center;\">Une planche de m\u00e9dium (80 x 60 cm)<\/li>\n<li style=\"text-align: center;\">des baguettes de 2 cm de large<\/li>\n<li style=\"text-align: center;\">des baguettes de 2,5 cm de large<\/li>\n<li style=\"text-align: center;\">une scie<\/li>\n<li style=\"text-align: center;\">du papier de verre<\/li>\n<li style=\"text-align: center;\">de la colle \u00e0\u00a0 bois (ou colle forte)<\/li>\n<li style=\"text-align: center;\">de la peinture<\/li>\n<li style=\"text-align: center;\">du papier \u00e9pais (minimum 200g)<\/li>\n<\/ul>\n<p>[\/vc_column_text][vc_column_text]<img loading=\"lazy\" decoding=\"async\" class=\"aligncenter wp-image-4481 size-full\" src=\"http:\/\/www.artesane.com\/le-journal\/wp-content\/uploads\/2016\/07\/tableau2.jpg\" alt=\"tableau2\" width=\"1222\" height=\"815\" srcset=\"https:\/\/www.artesane.com\/le-journal\/arts-plastiques\/wp-content\/uploads\/2016\/07\/tableau2.jpg 1222w, https:\/\/www.artesane.com\/le-journal\/arts-plastiques\/wp-content\/uploads\/2016\/07\/tableau2-300x200.jpg 300w, https:\/\/www.artesane.com\/le-journal\/arts-plastiques\/wp-content\/uploads\/2016\/07\/tableau2-1024x683.jpg 1024w, https:\/\/www.artesane.com\/le-journal\/arts-plastiques\/wp-content\/uploads\/2016\/07\/tableau2-768x512.jpg 768w\" sizes=\"auto, (max-width: 1222px) 100vw, 1222px\" \/><\/p>\n<p>1. On scie les baguettes en bois afin d&rsquo;obtenir 7 baguettes larges (2,5 cm) et 7 baguettes \u00e9troites (2 cm) de 60 cm de long.<\/p>\n<p><span style=\"border-radius: 2px; text-indent: 20px; width: auto; padding: 0px 4px 0px 0px; text-align: center; font: bold 11px\/20px 'Helvetica Neue',Helvetica,sans-serif; color: #ffffff; background: #bd081c no-repeat scroll 3px 50% \/ 14px 14px; position: absolute; opacity: 0.85; z-index: 8675309; display: none; cursor: pointer; top: 30px; left: 20px;\">Enregistrer<\/span>[\/vc_column_text][\/vc_column][\/vc_row][vc_row][vc_column][vc_column_text]<img loading=\"lazy\" decoding=\"async\" class=\"alignnone wp-image-4482 size-full\" src=\"http:\/\/www.artesane.com\/le-journal\/wp-content\/uploads\/2016\/07\/tableau3.jpg\" alt=\"tableau3\" width=\"1211\" height=\"807\" srcset=\"https:\/\/www.artesane.com\/le-journal\/arts-plastiques\/wp-content\/uploads\/2016\/07\/tableau3.jpg 1211w, https:\/\/www.artesane.com\/le-journal\/arts-plastiques\/wp-content\/uploads\/2016\/07\/tableau3-300x200.jpg 300w, https:\/\/www.artesane.com\/le-journal\/arts-plastiques\/wp-content\/uploads\/2016\/07\/tableau3-1024x682.jpg 1024w, https:\/\/www.artesane.com\/le-journal\/arts-plastiques\/wp-content\/uploads\/2016\/07\/tableau3-768x512.jpg 768w\" sizes=\"auto, (max-width: 1211px) 100vw, 1211px\" \/><img loading=\"lazy\" decoding=\"async\" class=\"alignnone wp-image-4483 size-full\" src=\"http:\/\/www.artesane.com\/le-journal\/wp-content\/uploads\/2016\/07\/tableau4.jpg\" alt=\"tableau4\" width=\"1132\" height=\"755\" srcset=\"https:\/\/www.artesane.com\/le-journal\/arts-plastiques\/wp-content\/uploads\/2016\/07\/tableau4.jpg 1132w, https:\/\/www.artesane.com\/le-journal\/arts-plastiques\/wp-content\/uploads\/2016\/07\/tableau4-300x200.jpg 300w, https:\/\/www.artesane.com\/le-journal\/arts-plastiques\/wp-content\/uploads\/2016\/07\/tableau4-1024x683.jpg 1024w, https:\/\/www.artesane.com\/le-journal\/arts-plastiques\/wp-content\/uploads\/2016\/07\/tableau4-768x512.jpg 768w\" sizes=\"auto, (max-width: 1132px) 100vw, 1132px\" \/><\/p>\n<p>2. Pour un r\u00e9sultat propre, on ponce les extr\u00e9mit\u00e9s.<\/p>\n<p><span style=\"border-radius: 2px; text-indent: 20px; width: auto; padding: 0px 4px 0px 0px; text-align: center; font: bold 11px\/20px 'Helvetica Neue',Helvetica,sans-serif; color: #ffffff; background: #bd081c no-repeat scroll 3px 50% \/ 14px 14px; position: absolute; opacity: 0.85; z-index: 8675309; display: none; cursor: pointer; top: 30px; left: 20px;\">Enregistrer<\/span>[\/vc_column_text][\/vc_column][\/vc_row][vc_row][vc_column][vc_single_image image=\u00a0\u00bb4504&Prime; img_size=\u00a0\u00bbfull\u00a0\u00bb][\/vc_column][\/vc_row][vc_row][vc_column][vc_column_text]3. En suivant le sch\u00e9ma ci-dessus on trace nos rep\u00e8res sur la planche de m\u00e9dium. L&rsquo;espace entre les baguettes est de 10,2 cm. En effet, les lettres ont une hauteur de 10 cm. Par pr\u00e9caution on a ajout\u00e9 2 mm. On vient ensuite coller nos baguettes \u00e9troites (2 cm) \u00e0 l&rsquo;endroit d\u00e9fini.<\/p>\n<p><img loading=\"lazy\" decoding=\"async\" class=\"alignnone wp-image-4484 size-full\" src=\"http:\/\/www.artesane.com\/le-journal\/wp-content\/uploads\/2016\/07\/tableau5.jpg\" alt=\"tableau5\" width=\"1360\" height=\"907\" srcset=\"https:\/\/www.artesane.com\/le-journal\/arts-plastiques\/wp-content\/uploads\/2016\/07\/tableau5.jpg 1360w, https:\/\/www.artesane.com\/le-journal\/arts-plastiques\/wp-content\/uploads\/2016\/07\/tableau5-300x200.jpg 300w, https:\/\/www.artesane.com\/le-journal\/arts-plastiques\/wp-content\/uploads\/2016\/07\/tableau5-1024x683.jpg 1024w, https:\/\/www.artesane.com\/le-journal\/arts-plastiques\/wp-content\/uploads\/2016\/07\/tableau5-768x512.jpg 768w\" sizes=\"auto, (max-width: 1360px) 100vw, 1360px\" \/><img loading=\"lazy\" decoding=\"async\" class=\"alignnone wp-image-4485 size-full\" src=\"http:\/\/www.artesane.com\/le-journal\/wp-content\/uploads\/2016\/07\/tableau6.jpg\" alt=\"tableau6\" width=\"1212\" height=\"808\" srcset=\"https:\/\/www.artesane.com\/le-journal\/arts-plastiques\/wp-content\/uploads\/2016\/07\/tableau6.jpg 1212w, https:\/\/www.artesane.com\/le-journal\/arts-plastiques\/wp-content\/uploads\/2016\/07\/tableau6-300x200.jpg 300w, https:\/\/www.artesane.com\/le-journal\/arts-plastiques\/wp-content\/uploads\/2016\/07\/tableau6-1024x683.jpg 1024w, https:\/\/www.artesane.com\/le-journal\/arts-plastiques\/wp-content\/uploads\/2016\/07\/tableau6-768x512.jpg 768w\" sizes=\"auto, (max-width: 1212px) 100vw, 1212px\" \/><img loading=\"lazy\" decoding=\"async\" class=\"alignnone wp-image-4486 size-full\" src=\"http:\/\/www.artesane.com\/le-journal\/wp-content\/uploads\/2016\/07\/tableau7.jpg\" alt=\"tableau7\" width=\"1258\" height=\"839\" srcset=\"https:\/\/www.artesane.com\/le-journal\/arts-plastiques\/wp-content\/uploads\/2016\/07\/tableau7.jpg 1258w, https:\/\/www.artesane.com\/le-journal\/arts-plastiques\/wp-content\/uploads\/2016\/07\/tableau7-300x200.jpg 300w, https:\/\/www.artesane.com\/le-journal\/arts-plastiques\/wp-content\/uploads\/2016\/07\/tableau7-1024x683.jpg 1024w, https:\/\/www.artesane.com\/le-journal\/arts-plastiques\/wp-content\/uploads\/2016\/07\/tableau7-768x512.jpg 768w\" sizes=\"auto, (max-width: 1258px) 100vw, 1258px\" \/><\/p>\n<p><span style=\"border-radius: 2px; text-indent: 20px; width: auto; padding: 0px 4px 0px 0px; text-align: center; font: bold 11px\/20px 'Helvetica Neue',Helvetica,sans-serif; color: #ffffff; background: #bd081c no-repeat scroll 3px 50% \/ 14px 14px; position: absolute; opacity: 0.85; z-index: 8675309; display: none; cursor: pointer; top: 155px; left: 20px;\">Enregistrer<\/span>[\/vc_column_text][\/vc_column][\/vc_row][vc_row][vc_column][vc_single_image image=\u00a0\u00bb4503&Prime; img_size=\u00a0\u00bbfull\u00a0\u00bb][\/vc_column][\/vc_row][vc_row][vc_column][vc_column_text]4. On vient coller nos baguettes larges (2,5 cm) par dessus les baguettes \u00e9troites. Attention, il faut bien centrer la deuxi\u00e8me baguette par rapport \u00e0 la premi\u00e8re (voir sch\u00e9ma ci-dessus).<\/p>\n<p><img loading=\"lazy\" decoding=\"async\" class=\"alignnone wp-image-4487 size-full\" src=\"http:\/\/www.artesane.com\/le-journal\/wp-content\/uploads\/2016\/07\/tableau8.jpg\" alt=\"tableau8\" width=\"1104\" height=\"736\" srcset=\"https:\/\/www.artesane.com\/le-journal\/arts-plastiques\/wp-content\/uploads\/2016\/07\/tableau8.jpg 1104w, https:\/\/www.artesane.com\/le-journal\/arts-plastiques\/wp-content\/uploads\/2016\/07\/tableau8-300x200.jpg 300w, https:\/\/www.artesane.com\/le-journal\/arts-plastiques\/wp-content\/uploads\/2016\/07\/tableau8-1024x683.jpg 1024w, https:\/\/www.artesane.com\/le-journal\/arts-plastiques\/wp-content\/uploads\/2016\/07\/tableau8-768x512.jpg 768w\" sizes=\"auto, (max-width: 1104px) 100vw, 1104px\" \/><img loading=\"lazy\" decoding=\"async\" class=\"alignnone wp-image-4488 size-full\" src=\"http:\/\/www.artesane.com\/le-journal\/wp-content\/uploads\/2016\/07\/tableau9.jpg\" alt=\"tableau9\" width=\"1440\" height=\"960\" srcset=\"https:\/\/www.artesane.com\/le-journal\/arts-plastiques\/wp-content\/uploads\/2016\/07\/tableau9.jpg 1440w, https:\/\/www.artesane.com\/le-journal\/arts-plastiques\/wp-content\/uploads\/2016\/07\/tableau9-300x200.jpg 300w, https:\/\/www.artesane.com\/le-journal\/arts-plastiques\/wp-content\/uploads\/2016\/07\/tableau9-1024x683.jpg 1024w, https:\/\/www.artesane.com\/le-journal\/arts-plastiques\/wp-content\/uploads\/2016\/07\/tableau9-768x512.jpg 768w\" sizes=\"auto, (max-width: 1440px) 100vw, 1440px\" \/><img loading=\"lazy\" decoding=\"async\" class=\"alignnone wp-image-4489 size-full\" src=\"http:\/\/www.artesane.com\/le-journal\/wp-content\/uploads\/2016\/07\/tableau10.jpg\" alt=\"tableau10\" width=\"1315\" height=\"877\" srcset=\"https:\/\/www.artesane.com\/le-journal\/arts-plastiques\/wp-content\/uploads\/2016\/07\/tableau10.jpg 1315w, https:\/\/www.artesane.com\/le-journal\/arts-plastiques\/wp-content\/uploads\/2016\/07\/tableau10-300x200.jpg 300w, https:\/\/www.artesane.com\/le-journal\/arts-plastiques\/wp-content\/uploads\/2016\/07\/tableau10-1024x683.jpg 1024w, https:\/\/www.artesane.com\/le-journal\/arts-plastiques\/wp-content\/uploads\/2016\/07\/tableau10-768x512.jpg 768w\" sizes=\"auto, (max-width: 1315px) 100vw, 1315px\" \/><\/p>\n<p><span style=\"border-radius: 2px; text-indent: 20px; width: auto; padding: 0px 4px 0px 0px; text-align: center; font: bold 11px\/20px 'Helvetica Neue',Helvetica,sans-serif; color: #ffffff; background: #bd081c no-repeat scroll 3px 50% \/ 14px 14px; position: absolute; opacity: 0.85; z-index: 8675309; display: none; cursor: pointer; top: 129px; left: 20px;\">Enregistrer<\/span>[\/vc_column_text][\/vc_column][\/vc_row][vc_row][vc_column][vc_column_text]<img loading=\"lazy\" decoding=\"async\" class=\"alignnone wp-image-4490 size-full\" src=\"http:\/\/www.artesane.com\/le-journal\/wp-content\/uploads\/2016\/07\/tableau11.jpg\" alt=\"tableau11\" width=\"1268\" height=\"845\" srcset=\"https:\/\/www.artesane.com\/le-journal\/arts-plastiques\/wp-content\/uploads\/2016\/07\/tableau11.jpg 1268w, https:\/\/www.artesane.com\/le-journal\/arts-plastiques\/wp-content\/uploads\/2016\/07\/tableau11-300x200.jpg 300w, https:\/\/www.artesane.com\/le-journal\/arts-plastiques\/wp-content\/uploads\/2016\/07\/tableau11-1024x682.jpg 1024w, https:\/\/www.artesane.com\/le-journal\/arts-plastiques\/wp-content\/uploads\/2016\/07\/tableau11-768x512.jpg 768w\" sizes=\"auto, (max-width: 1268px) 100vw, 1268px\" \/><img loading=\"lazy\" decoding=\"async\" class=\"alignnone wp-image-4492 size-full\" src=\"http:\/\/www.artesane.com\/le-journal\/wp-content\/uploads\/2016\/07\/tableau13.jpg\" alt=\"tableau13\" width=\"1281\" height=\"854\" srcset=\"https:\/\/www.artesane.com\/le-journal\/arts-plastiques\/wp-content\/uploads\/2016\/07\/tableau13.jpg 1281w, https:\/\/www.artesane.com\/le-journal\/arts-plastiques\/wp-content\/uploads\/2016\/07\/tableau13-300x200.jpg 300w, https:\/\/www.artesane.com\/le-journal\/arts-plastiques\/wp-content\/uploads\/2016\/07\/tableau13-1024x683.jpg 1024w, https:\/\/www.artesane.com\/le-journal\/arts-plastiques\/wp-content\/uploads\/2016\/07\/tableau13-768x512.jpg 768w\" sizes=\"auto, (max-width: 1281px) 100vw, 1281px\" \/><\/p>\n<p>5. Le tableau prend forme\u00a0! On passe maintenant \u00e0 l&rsquo;\u00e9tape la plus rigolote (et parfois la plus compliqu\u00e9e)\u00a0: le choix de la couleur. On a choisi ici un vert d&rsquo;eau estival. Pastel, fluo, acidul\u00e9, blanc minimaliste, amusez-vous\u00a0!<\/p>\n<p><span style=\"border-radius: 2px; text-indent: 20px; width: auto; padding: 0px 4px 0px 0px; text-align: center; font: bold 11px\/20px 'Helvetica Neue',Helvetica,sans-serif; color: #ffffff; background: #bd081c no-repeat scroll 3px 50% \/ 14px 14px; position: absolute; opacity: 0.85; z-index: 8675309; display: none; cursor: pointer; top: 30px; left: 20px;\">Enregistrer<\/span><\/p>\n<p><span style=\"border-radius: 2px; text-indent: 20px; width: auto; padding: 0px 4px 0px 0px; text-align: center; font: bold 11px\/20px 'Helvetica Neue',Helvetica,sans-serif; color: #ffffff; background: #bd081c no-repeat scroll 3px 50% \/ 14px 14px; position: absolute; opacity: 0.85; z-index: 8675309; display: none; cursor: pointer; top: 30px; left: 20px;\">Enregistrer<\/span>[\/vc_column_text][\/vc_column][\/vc_row][vc_row][vc_column][vc_column_text]<img loading=\"lazy\" decoding=\"async\" class=\"alignnone wp-image-4493 size-full\" src=\"http:\/\/www.artesane.com\/le-journal\/wp-content\/uploads\/2016\/07\/tableau14.jpg\" alt=\"tableau14\" width=\"1419\" height=\"946\" srcset=\"https:\/\/www.artesane.com\/le-journal\/arts-plastiques\/wp-content\/uploads\/2016\/07\/tableau14.jpg 1419w, https:\/\/www.artesane.com\/le-journal\/arts-plastiques\/wp-content\/uploads\/2016\/07\/tableau14-300x200.jpg 300w, https:\/\/www.artesane.com\/le-journal\/arts-plastiques\/wp-content\/uploads\/2016\/07\/tableau14-1024x683.jpg 1024w, https:\/\/www.artesane.com\/le-journal\/arts-plastiques\/wp-content\/uploads\/2016\/07\/tableau14-768x512.jpg 768w\" sizes=\"auto, (max-width: 1419px) 100vw, 1419px\" \/><\/p>\n<p>6. On peint le tableau avec la teinte choisie. On passe au minimum deux couches de peinture. Et on n&rsquo;oublie pas de faire un tr\u00e8s l\u00e9ger pon\u00e7age entre chaque couche (effleurer le bois suffit\u00a0!)<\/p>\n<p><span style=\"border-radius: 2px; text-indent: 20px; width: auto; padding: 0px 4px 0px 0px; text-align: center; font: bold 11px\/20px 'Helvetica Neue',Helvetica,sans-serif; color: #ffffff; background: #bd081c no-repeat scroll 3px 50% \/ 14px 14px; position: absolute; opacity: 0.85; z-index: 8675309; display: none; cursor: pointer; top: 30px; left: 20px;\">Enregistrer<\/span>[\/vc_column_text][\/vc_column][\/vc_row][vc_row][vc_column][vc_single_image image=\u00a0\u00bb4506&Prime; img_size=\u00a0\u00bbfull\u00a0\u00bb onclick=\u00a0\u00bbcustom_link\u00a0\u00bb img_link_target=\u00a0\u00bb_blank\u00a0\u00bb link=\u00a0\u00bbhttp:\/\/www.artesane.com\/le-journal\/wp-content\/uploads\/2016\/07\/Lettres.pdf\u00a0\u00bb][\/vc_column][\/vc_row][vc_row][vc_column][vc_column_text]<img loading=\"lazy\" decoding=\"async\" class=\"alignnone wp-image-4494 size-full\" src=\"http:\/\/www.artesane.com\/le-journal\/wp-content\/uploads\/2016\/07\/tableau15.jpg\" alt=\"tableau15\" width=\"1362\" height=\"908\" srcset=\"https:\/\/www.artesane.com\/le-journal\/arts-plastiques\/wp-content\/uploads\/2016\/07\/tableau15.jpg 1362w, https:\/\/www.artesane.com\/le-journal\/arts-plastiques\/wp-content\/uploads\/2016\/07\/tableau15-300x200.jpg 300w, https:\/\/www.artesane.com\/le-journal\/arts-plastiques\/wp-content\/uploads\/2016\/07\/tableau15-1024x683.jpg 1024w, https:\/\/www.artesane.com\/le-journal\/arts-plastiques\/wp-content\/uploads\/2016\/07\/tableau15-768x512.jpg 768w\" sizes=\"auto, (max-width: 1362px) 100vw, 1362px\" \/><img loading=\"lazy\" decoding=\"async\" class=\"alignnone wp-image-4495 size-full\" src=\"http:\/\/www.artesane.com\/le-journal\/wp-content\/uploads\/2016\/07\/tableau16.jpg\" alt=\"tableau16\" width=\"1274\" height=\"849\" srcset=\"https:\/\/www.artesane.com\/le-journal\/arts-plastiques\/wp-content\/uploads\/2016\/07\/tableau16.jpg 1274w, https:\/\/www.artesane.com\/le-journal\/arts-plastiques\/wp-content\/uploads\/2016\/07\/tableau16-300x200.jpg 300w, https:\/\/www.artesane.com\/le-journal\/arts-plastiques\/wp-content\/uploads\/2016\/07\/tableau16-1024x682.jpg 1024w, https:\/\/www.artesane.com\/le-journal\/arts-plastiques\/wp-content\/uploads\/2016\/07\/tableau16-768x512.jpg 768w\" sizes=\"auto, (max-width: 1274px) 100vw, 1274px\" \/><\/p>\n<p>7. Apr\u00e8s avoir t\u00e9l\u00e9charg\u00e9 le pdf ci-dessus, on l&rsquo;imprime sur du papier suffisamment \u00e9pais, au minimum 200g. On d\u00e9coupe au cutter le jeu de lettres.<\/p>\n<p><span style=\"border-radius: 2px; text-indent: 20px; width: auto; padding: 0px 4px 0px 0px; text-align: center; font: bold 11px\/20px 'Helvetica Neue',Helvetica,sans-serif; color: #ffffff; background: #bd081c no-repeat scroll 3px 50% \/ 14px 14px; position: absolute; opacity: 0.85; z-index: 8675309; display: none; cursor: pointer; top: 30px; left: 20px;\">Enregistrer<\/span>[\/vc_column_text][\/vc_column][\/vc_row][vc_row][vc_column][vc_column_text]<img loading=\"lazy\" decoding=\"async\" class=\"alignnone wp-image-4496 size-full\" src=\"http:\/\/www.artesane.com\/le-journal\/wp-content\/uploads\/2016\/07\/tableau17.jpg\" alt=\"tableau17\" width=\"960\" height=\"1440\" srcset=\"https:\/\/www.artesane.com\/le-journal\/arts-plastiques\/wp-content\/uploads\/2016\/07\/tableau17.jpg 960w, https:\/\/www.artesane.com\/le-journal\/arts-plastiques\/wp-content\/uploads\/2016\/07\/tableau17-200x300.jpg 200w, https:\/\/www.artesane.com\/le-journal\/arts-plastiques\/wp-content\/uploads\/2016\/07\/tableau17-683x1024.jpg 683w, https:\/\/www.artesane.com\/le-journal\/arts-plastiques\/wp-content\/uploads\/2016\/07\/tableau17-768x1152.jpg 768w\" sizes=\"auto, (max-width: 960px) 100vw, 960px\" \/><img loading=\"lazy\" decoding=\"async\" class=\"alignnone wp-image-4497 size-full\" src=\"http:\/\/www.artesane.com\/le-journal\/wp-content\/uploads\/2016\/07\/tableau18.jpg\" alt=\"tableau18\" width=\"1364\" height=\"910\" srcset=\"https:\/\/www.artesane.com\/le-journal\/arts-plastiques\/wp-content\/uploads\/2016\/07\/tableau18.jpg 1364w, https:\/\/www.artesane.com\/le-journal\/arts-plastiques\/wp-content\/uploads\/2016\/07\/tableau18-300x200.jpg 300w, https:\/\/www.artesane.com\/le-journal\/arts-plastiques\/wp-content\/uploads\/2016\/07\/tableau18-1024x683.jpg 1024w, https:\/\/www.artesane.com\/le-journal\/arts-plastiques\/wp-content\/uploads\/2016\/07\/tableau18-768x512.jpg 768w\" sizes=\"auto, (max-width: 1364px) 100vw, 1364px\" \/><\/p>\n<p>8. Et voil\u00e0 le tableau fini\u00a0! On n&rsquo;a plus qu&rsquo;\u00e0 disposer les lettres et cr\u00e9er des messages au gr\u00e8s de nos envies\u00a0! Vous pouvez aussi cr\u00e9er votre propre alphabet ou vos pictogrammes. La seule contrainte\u00a0: les lettres et les dessins doivent faire 10 cm de haut. Le tableau que nous avons con\u00e7u est de taille moyenne, mais vous pouvez aussi le r\u00e9aliser tout petit ou gigantesque. Imaginez un pan de mur enti\u00e8rement recouvert de vos messages, ce serait formidable\u00a0!<\/p>\n<p style=\"text-align: center;\">N&rsquo;h\u00e9sitez pas \u00e0 partager vos r\u00e9alisations sur votre espace perso sur le site d&rsquo;Artesane ou sur les r\u00e9seaux sociaux\u00a0! On a h\u00e2te de voir vos jolis messages\u00a0!<\/p>\n<p><span style=\"border-radius: 2px; text-indent: 20px; width: auto; padding: 0px 4px 0px 0px; text-align: center; font: bold 11px\/20px 'Helvetica Neue',Helvetica,sans-serif; color: #ffffff; background: #bd081c no-repeat scroll 3px 50% \/ 14px 14px; position: absolute; opacity: 0.85; z-index: 8675309; display: none; cursor: pointer; top: 30px; left: 20px;\">Enregistrer<\/span><\/p>\n<p><span style=\"border-radius: 2px; text-indent: 20px; width: auto; padding: 0px 4px 0px 0px; text-align: center; font: bold 11px\/20px 'Helvetica Neue',Helvetica,sans-serif; color: #ffffff; background: #bd081c no-repeat scroll 3px 50% \/ 14px 14px; position: absolute; opacity: 0.85; z-index: 8675309; display: none; cursor: pointer; top: 30px; left: 20px;\">Enregistrer<\/span>[\/vc_column_text][\/vc_column][\/vc_row][vc_row][vc_column][vc_column_text]<img loading=\"lazy\" decoding=\"async\" class=\"alignnone wp-image-4498 size-full\" src=\"http:\/\/www.artesane.com\/le-journal\/wp-content\/uploads\/2016\/07\/tableau19.jpg\" alt=\"tableau19\" width=\"1305\" height=\"870\" srcset=\"https:\/\/www.artesane.com\/le-journal\/arts-plastiques\/wp-content\/uploads\/2016\/07\/tableau19.jpg 1305w, https:\/\/www.artesane.com\/le-journal\/arts-plastiques\/wp-content\/uploads\/2016\/07\/tableau19-300x200.jpg 300w, https:\/\/www.artesane.com\/le-journal\/arts-plastiques\/wp-content\/uploads\/2016\/07\/tableau19-1024x683.jpg 1024w, https:\/\/www.artesane.com\/le-journal\/arts-plastiques\/wp-content\/uploads\/2016\/07\/tableau19-768x512.jpg 768w\" sizes=\"auto, (max-width: 1305px) 100vw, 1305px\" \/><img loading=\"lazy\" decoding=\"async\" class=\"alignnone wp-image-4499 size-full\" src=\"http:\/\/www.artesane.com\/le-journal\/wp-content\/uploads\/2016\/07\/tableau20.jpg\" alt=\"tableau20\" width=\"1440\" height=\"960\" srcset=\"https:\/\/www.artesane.com\/le-journal\/arts-plastiques\/wp-content\/uploads\/2016\/07\/tableau20.jpg 1440w, https:\/\/www.artesane.com\/le-journal\/arts-plastiques\/wp-content\/uploads\/2016\/07\/tableau20-300x200.jpg 300w, https:\/\/www.artesane.com\/le-journal\/arts-plastiques\/wp-content\/uploads\/2016\/07\/tableau20-1024x683.jpg 1024w, https:\/\/www.artesane.com\/le-journal\/arts-plastiques\/wp-content\/uploads\/2016\/07\/tableau20-768x512.jpg 768w\" sizes=\"auto, (max-width: 1440px) 100vw, 1440px\" \/><img loading=\"lazy\" decoding=\"async\" class=\"alignnone wp-image-4502 size-full\" src=\"http:\/\/www.artesane.com\/le-journal\/wp-content\/uploads\/2016\/07\/tableau23.jpg\" alt=\"tableau23\" width=\"1314\" height=\"876\" srcset=\"https:\/\/www.artesane.com\/le-journal\/arts-plastiques\/wp-content\/uploads\/2016\/07\/tableau23.jpg 1314w, https:\/\/www.artesane.com\/le-journal\/arts-plastiques\/wp-content\/uploads\/2016\/07\/tableau23-300x200.jpg 300w, https:\/\/www.artesane.com\/le-journal\/arts-plastiques\/wp-content\/uploads\/2016\/07\/tableau23-1024x683.jpg 1024w, https:\/\/www.artesane.com\/le-journal\/arts-plastiques\/wp-content\/uploads\/2016\/07\/tableau23-768x512.jpg 768w\" sizes=\"auto, (max-width: 1314px) 100vw, 1314px\" \/>[\/vc_column_text][\/vc_column][\/vc_row][vc_row][vc_column][vc_column_text]<\/p>\n<p><span style=\"border-radius: 2px; text-indent: 20px; width: auto; padding: 0px 4px 0px 0px; text-align: center; font: bold 11px\/20px 'Helvetica Neue',Helvetica,sans-serif; color: #ffffff; background: #bd081c no-repeat scroll 3px 50% \/ 14px 14px; position: absolute; opacity: 1; z-index: 8675309; display: none; cursor: pointer;\">Enregistrer<\/span>[\/vc_column_text][\/vc_column][\/vc_row]<\/p>\n<p><span style=\"border-radius: 2px; text-indent: 20px; width: auto; padding: 0px 4px 0px 0px; text-align: center; font: bold 11px\/20px 'Helvetica Neue',Helvetica,sans-serif; color: #ffffff; background: #bd081c no-repeat scroll 3px 50% \/ 14px 14px; position: absolute; opacity: 1; z-index: 8675309; display: none; cursor: pointer;\">Enregistrer<\/span><\/p>\n<p><span style=\"border-radius: 2px; text-indent: 20px; width: auto; padding: 0px 4px 0px 0px; text-align: center; font: bold 11px\/20px 'Helvetica Neue',Helvetica,sans-serif; color: #ffffff; background: #bd081c no-repeat scroll 3px 50% \/ 14px 14px; position: absolute; opacity: 1; z-index: 8675309; display: none; cursor: pointer;\">Enregistrer<\/span><\/p>\n<p><span style=\"border-radius: 2px; text-indent: 20px; width: auto; padding: 0px 4px 0px 0px; text-align: center; font: bold 11px\/20px 'Helvetica Neue',Helvetica,sans-serif; color: #ffffff; background: #bd081c no-repeat scroll 3px 50% \/ 14px 14px; position: absolute; opacity: 1; z-index: 8675309; display: none; cursor: pointer;\">Enregistrer<\/span><\/p>\n<p><span style=\"border-radius: 2px; text-indent: 20px; width: auto; padding: 0px 4px 0px 0px; text-align: center; font: bold 11px\/20px 'Helvetica Neue',Helvetica,sans-serif; color: #ffffff; background: #bd081c  no-repeat scroll 3px 50% \/ 14px 14px; position: absolute; opacity: 0.85; z-index: 8675309; display: none; cursor: pointer; top: 11801px; left: 20px;\">Enregistrer<\/span><\/p>\n","protected":false},"excerpt":{"rendered":"<p>[vc_row][vc_column][vc_column_text]\u00ab\u00a0vous avez un nouveau message\u00a0\u00bb, juste l\u00e0 sur le mur. Amoureux ou rigolo, revendicatif ou po\u00e9tique, philosophique ou na\u00eff. Un message qui s&rsquo;affiche en grand et qui change au fil des jours. Un message \u00e9ph\u00e9m\u00e8re qui traduit vos humeurs et vos d\u00e9sirs\u00a0!<\/p>\n","protected":false},"author":5,"featured_media":4512,"comment_status":"open","ping_status":"open","sticky":false,"template":"","format":"standard","meta":{"_et_pb_use_builder":"","_et_pb_old_content":"","_et_gb_content_width":"","_exactmetrics_skip_tracking":false,"_exactmetrics_sitenote_active":false,"_exactmetrics_sitenote_note":"","_exactmetrics_sitenote_category":0,"footnotes":""},"categories":[912],"tags":[13,124,74,125,39,126,20,127],"class_list":["post-4477","post","type-post","status-publish","format-standard","has-post-thumbnail","hentry","category-autre","tag-artesane","tag-bricolage","tag-diy","tag-message","tag-pas-a-pas","tag-tableau","tag-tuto","tag-typographie"],"yoast_head":"<!-- This site is optimized with the Yoast SEO plugin v27.5 - https:\/\/yoast.com\/product\/yoast-seo-wordpress\/ -->\n<title>Affichons nos messages ! - Journal Artesane - Arts Plastiques<\/title>\n<meta name=\"description\" content=\"Affichons nos messages !Un tutoriel pour cr\u00e9er un tableau \u00e0 messages \u00e0 afficher sur le mur. Un diy simple et efficace pour exposer nos humeurs !\" \/>\n<meta name=\"robots\" content=\"index, follow, max-snippet:-1, max-image-preview:large, max-video-preview:-1\" \/>\n<link rel=\"canonical\" href=\"https:\/\/www.artesane.com\/le-journal\/arts-plastiques\/affichons-nos-messages\/\" \/>\n<meta property=\"og:locale\" content=\"fr_FR\" \/>\n<meta property=\"og:type\" content=\"article\" \/>\n<meta property=\"og:title\" content=\"Affichons nos messages ! - Journal Artesane - Arts Plastiques\" \/>\n<meta property=\"og:description\" content=\"Affichons nos messages !Un tutoriel pour cr\u00e9er un tableau \u00e0 messages \u00e0 afficher sur le mur. Un diy simple et efficace pour exposer nos humeurs !\" \/>\n<meta property=\"og:url\" content=\"https:\/\/www.artesane.com\/le-journal\/arts-plastiques\/affichons-nos-messages\/\" \/>\n<meta property=\"og:site_name\" content=\"Journal Artesane - Arts Plastiques\" \/>\n<meta property=\"article:publisher\" content=\"https:\/\/www.facebook.com\/artesanefrance\" \/>\n<meta property=\"article:published_time\" content=\"2016-07-26T14:07:33+00:00\" \/>\n<meta property=\"article:modified_time\" content=\"2022-05-25T13:33:14+00:00\" \/>\n<meta property=\"og:image\" content=\"https:\/\/www.artesane.com\/le-journal\/arts-plastiques\/wp-content\/uploads\/2016\/07\/tableau22-1.jpg\" \/>\n\t<meta property=\"og:image:width\" content=\"1344\" \/>\n\t<meta property=\"og:image:height\" content=\"896\" \/>\n\t<meta property=\"og:image:type\" content=\"image\/jpeg\" \/>\n<meta name=\"author\" content=\"mg-berland\" \/>\n<meta name=\"twitter:card\" content=\"summary_large_image\" \/>\n<meta name=\"twitter:label1\" content=\"\u00c9crit par\" \/>\n\t<meta name=\"twitter:data1\" content=\"mg-berland\" \/>\n\t<meta name=\"twitter:label2\" content=\"Dur\u00e9e de lecture estim\u00e9e\" \/>\n\t<meta name=\"twitter:data2\" content=\"4 minutes\" \/>\n<script type=\"application\/ld+json\" class=\"yoast-schema-graph\">{\"@context\":\"https:\\\/\\\/schema.org\",\"@graph\":[{\"@type\":\"Article\",\"@id\":\"https:\\\/\\\/www.artesane.com\\\/le-journal\\\/arts-plastiques\\\/affichons-nos-messages\\\/#article\",\"isPartOf\":{\"@id\":\"https:\\\/\\\/www.artesane.com\\\/le-journal\\\/arts-plastiques\\\/affichons-nos-messages\\\/\"},\"author\":{\"name\":\"mg-berland\",\"@id\":\"https:\\\/\\\/www.artesane.com\\\/le-journal\\\/arts-plastiques\\\/#\\\/schema\\\/person\\\/b627b43b13db72377217cb06c5560f9f\"},\"headline\":\"Affichons nos messages !\",\"datePublished\":\"2016-07-26T14:07:33+00:00\",\"dateModified\":\"2022-05-25T13:33:14+00:00\",\"mainEntityOfPage\":{\"@id\":\"https:\\\/\\\/www.artesane.com\\\/le-journal\\\/arts-plastiques\\\/affichons-nos-messages\\\/\"},\"wordCount\":724,\"commentCount\":2,\"publisher\":{\"@id\":\"https:\\\/\\\/www.artesane.com\\\/le-journal\\\/arts-plastiques\\\/#organization\"},\"image\":{\"@id\":\"https:\\\/\\\/www.artesane.com\\\/le-journal\\\/arts-plastiques\\\/affichons-nos-messages\\\/#primaryimage\"},\"thumbnailUrl\":\"https:\\\/\\\/www.artesane.com\\\/le-journal\\\/arts-plastiques\\\/wp-content\\\/uploads\\\/2016\\\/07\\\/tableau22-1.jpg\",\"keywords\":[\"artesane\",\"bricolage\",\"DIY\",\"message\",\"pas \u00e0 pas\",\"tableau\",\"tuto\",\"typographie\"],\"articleSection\":[\"Autre\"],\"inLanguage\":\"fr-FR\",\"potentialAction\":[{\"@type\":\"CommentAction\",\"name\":\"Comment\",\"target\":[\"https:\\\/\\\/www.artesane.com\\\/le-journal\\\/arts-plastiques\\\/affichons-nos-messages\\\/#respond\"]}]},{\"@type\":\"WebPage\",\"@id\":\"https:\\\/\\\/www.artesane.com\\\/le-journal\\\/arts-plastiques\\\/affichons-nos-messages\\\/\",\"url\":\"https:\\\/\\\/www.artesane.com\\\/le-journal\\\/arts-plastiques\\\/affichons-nos-messages\\\/\",\"name\":\"Affichons nos messages ! - Journal Artesane - Arts Plastiques\",\"isPartOf\":{\"@id\":\"https:\\\/\\\/www.artesane.com\\\/le-journal\\\/arts-plastiques\\\/#website\"},\"primaryImageOfPage\":{\"@id\":\"https:\\\/\\\/www.artesane.com\\\/le-journal\\\/arts-plastiques\\\/affichons-nos-messages\\\/#primaryimage\"},\"image\":{\"@id\":\"https:\\\/\\\/www.artesane.com\\\/le-journal\\\/arts-plastiques\\\/affichons-nos-messages\\\/#primaryimage\"},\"thumbnailUrl\":\"https:\\\/\\\/www.artesane.com\\\/le-journal\\\/arts-plastiques\\\/wp-content\\\/uploads\\\/2016\\\/07\\\/tableau22-1.jpg\",\"datePublished\":\"2016-07-26T14:07:33+00:00\",\"dateModified\":\"2022-05-25T13:33:14+00:00\",\"description\":\"Affichons nos messages !Un tutoriel pour cr\u00e9er un tableau \u00e0 messages \u00e0 afficher sur le mur. Un diy simple et efficace pour exposer nos humeurs !\",\"breadcrumb\":{\"@id\":\"https:\\\/\\\/www.artesane.com\\\/le-journal\\\/arts-plastiques\\\/affichons-nos-messages\\\/#breadcrumb\"},\"inLanguage\":\"fr-FR\",\"potentialAction\":[{\"@type\":\"ReadAction\",\"target\":[\"https:\\\/\\\/www.artesane.com\\\/le-journal\\\/arts-plastiques\\\/affichons-nos-messages\\\/\"]}]},{\"@type\":\"ImageObject\",\"inLanguage\":\"fr-FR\",\"@id\":\"https:\\\/\\\/www.artesane.com\\\/le-journal\\\/arts-plastiques\\\/affichons-nos-messages\\\/#primaryimage\",\"url\":\"https:\\\/\\\/www.artesane.com\\\/le-journal\\\/arts-plastiques\\\/wp-content\\\/uploads\\\/2016\\\/07\\\/tableau22-1.jpg\",\"contentUrl\":\"https:\\\/\\\/www.artesane.com\\\/le-journal\\\/arts-plastiques\\\/wp-content\\\/uploads\\\/2016\\\/07\\\/tableau22-1.jpg\",\"width\":1344,\"height\":896,\"caption\":\"Affichons nos messages\"},{\"@type\":\"BreadcrumbList\",\"@id\":\"https:\\\/\\\/www.artesane.com\\\/le-journal\\\/arts-plastiques\\\/affichons-nos-messages\\\/#breadcrumb\",\"itemListElement\":[{\"@type\":\"ListItem\",\"position\":1,\"name\":\"Accueil\",\"item\":\"https:\\\/\\\/www.artesane.com\\\/le-journal\\\/arts-plastiques\\\/\"},{\"@type\":\"ListItem\",\"position\":2,\"name\":\"Affichons nos messages !\"}]},{\"@type\":\"WebSite\",\"@id\":\"https:\\\/\\\/www.artesane.com\\\/le-journal\\\/arts-plastiques\\\/#website\",\"url\":\"https:\\\/\\\/www.artesane.com\\\/le-journal\\\/arts-plastiques\\\/\",\"name\":\"Journal Artesane - Arts Plastiques\",\"description\":\"\",\"publisher\":{\"@id\":\"https:\\\/\\\/www.artesane.com\\\/le-journal\\\/arts-plastiques\\\/#organization\"},\"potentialAction\":[{\"@type\":\"SearchAction\",\"target\":{\"@type\":\"EntryPoint\",\"urlTemplate\":\"https:\\\/\\\/www.artesane.com\\\/le-journal\\\/arts-plastiques\\\/?s={search_term_string}\"},\"query-input\":{\"@type\":\"PropertyValueSpecification\",\"valueRequired\":true,\"valueName\":\"search_term_string\"}}],\"inLanguage\":\"fr-FR\"},{\"@type\":\"Organization\",\"@id\":\"https:\\\/\\\/www.artesane.com\\\/le-journal\\\/arts-plastiques\\\/#organization\",\"name\":\"Artesane\",\"url\":\"https:\\\/\\\/www.artesane.com\\\/le-journal\\\/arts-plastiques\\\/\",\"logo\":{\"@type\":\"ImageObject\",\"inLanguage\":\"fr-FR\",\"@id\":\"https:\\\/\\\/www.artesane.com\\\/le-journal\\\/arts-plastiques\\\/#\\\/schema\\\/logo\\\/image\\\/\",\"url\":\"https:\\\/\\\/www.artesane.com\\\/le-journal\\\/arts-plastiques\\\/wp-content\\\/uploads\\\/2022\\\/05\\\/logo-simple.png\",\"contentUrl\":\"https:\\\/\\\/www.artesane.com\\\/le-journal\\\/arts-plastiques\\\/wp-content\\\/uploads\\\/2022\\\/05\\\/logo-simple.png\",\"width\":1166,\"height\":201,\"caption\":\"Artesane\"},\"image\":{\"@id\":\"https:\\\/\\\/www.artesane.com\\\/le-journal\\\/arts-plastiques\\\/#\\\/schema\\\/logo\\\/image\\\/\"},\"sameAs\":[\"https:\\\/\\\/www.facebook.com\\\/artesanefrance\",\"https:\\\/\\\/www.instagram.com\\\/artesane_france\\\/\",\"https:\\\/\\\/fr.linkedin.com\\\/company\\\/artesane\",\"https:\\\/\\\/www.pinterest.fr\\\/ArtesaneFrance\\\/\",\"https:\\\/\\\/www.youtube.com\\\/c\\\/Artesane_lesvideos\",\"https:\\\/\\\/www.twitch.tv\\\/artesane?lang=fr\",\"https:\\\/\\\/open.spotify.com\\\/show\\\/2gdmkyp7IoWhWpDRk3G71I\"]},{\"@type\":\"Person\",\"@id\":\"https:\\\/\\\/www.artesane.com\\\/le-journal\\\/arts-plastiques\\\/#\\\/schema\\\/person\\\/b627b43b13db72377217cb06c5560f9f\",\"name\":\"mg-berland\"}]}<\/script>\n<!-- \/ Yoast SEO plugin. -->","yoast_head_json":{"title":"Affichons nos messages ! - Journal Artesane - Arts Plastiques","description":"Affichons nos messages !Un tutoriel pour cr\u00e9er un tableau \u00e0 messages \u00e0 afficher sur le mur. Un diy simple et efficace pour exposer nos humeurs !","robots":{"index":"index","follow":"follow","max-snippet":"max-snippet:-1","max-image-preview":"max-image-preview:large","max-video-preview":"max-video-preview:-1"},"canonical":"https:\/\/www.artesane.com\/le-journal\/arts-plastiques\/affichons-nos-messages\/","og_locale":"fr_FR","og_type":"article","og_title":"Affichons nos messages ! - Journal Artesane - Arts Plastiques","og_description":"Affichons nos messages !Un tutoriel pour cr\u00e9er un tableau \u00e0 messages \u00e0 afficher sur le mur. Un diy simple et efficace pour exposer nos humeurs !","og_url":"https:\/\/www.artesane.com\/le-journal\/arts-plastiques\/affichons-nos-messages\/","og_site_name":"Journal Artesane - Arts Plastiques","article_publisher":"https:\/\/www.facebook.com\/artesanefrance","article_published_time":"2016-07-26T14:07:33+00:00","article_modified_time":"2022-05-25T13:33:14+00:00","og_image":[{"width":1344,"height":896,"url":"https:\/\/www.artesane.com\/le-journal\/arts-plastiques\/wp-content\/uploads\/2016\/07\/tableau22-1.jpg","type":"image\/jpeg"}],"author":"mg-berland","twitter_card":"summary_large_image","twitter_misc":{"\u00c9crit par":"mg-berland","Dur\u00e9e de lecture estim\u00e9e":"4 minutes"},"schema":{"@context":"https:\/\/schema.org","@graph":[{"@type":"Article","@id":"https:\/\/www.artesane.com\/le-journal\/arts-plastiques\/affichons-nos-messages\/#article","isPartOf":{"@id":"https:\/\/www.artesane.com\/le-journal\/arts-plastiques\/affichons-nos-messages\/"},"author":{"name":"mg-berland","@id":"https:\/\/www.artesane.com\/le-journal\/arts-plastiques\/#\/schema\/person\/b627b43b13db72377217cb06c5560f9f"},"headline":"Affichons nos messages !","datePublished":"2016-07-26T14:07:33+00:00","dateModified":"2022-05-25T13:33:14+00:00","mainEntityOfPage":{"@id":"https:\/\/www.artesane.com\/le-journal\/arts-plastiques\/affichons-nos-messages\/"},"wordCount":724,"commentCount":2,"publisher":{"@id":"https:\/\/www.artesane.com\/le-journal\/arts-plastiques\/#organization"},"image":{"@id":"https:\/\/www.artesane.com\/le-journal\/arts-plastiques\/affichons-nos-messages\/#primaryimage"},"thumbnailUrl":"https:\/\/www.artesane.com\/le-journal\/arts-plastiques\/wp-content\/uploads\/2016\/07\/tableau22-1.jpg","keywords":["artesane","bricolage","DIY","message","pas \u00e0 pas","tableau","tuto","typographie"],"articleSection":["Autre"],"inLanguage":"fr-FR","potentialAction":[{"@type":"CommentAction","name":"Comment","target":["https:\/\/www.artesane.com\/le-journal\/arts-plastiques\/affichons-nos-messages\/#respond"]}]},{"@type":"WebPage","@id":"https:\/\/www.artesane.com\/le-journal\/arts-plastiques\/affichons-nos-messages\/","url":"https:\/\/www.artesane.com\/le-journal\/arts-plastiques\/affichons-nos-messages\/","name":"Affichons nos messages ! - Journal Artesane - Arts Plastiques","isPartOf":{"@id":"https:\/\/www.artesane.com\/le-journal\/arts-plastiques\/#website"},"primaryImageOfPage":{"@id":"https:\/\/www.artesane.com\/le-journal\/arts-plastiques\/affichons-nos-messages\/#primaryimage"},"image":{"@id":"https:\/\/www.artesane.com\/le-journal\/arts-plastiques\/affichons-nos-messages\/#primaryimage"},"thumbnailUrl":"https:\/\/www.artesane.com\/le-journal\/arts-plastiques\/wp-content\/uploads\/2016\/07\/tableau22-1.jpg","datePublished":"2016-07-26T14:07:33+00:00","dateModified":"2022-05-25T13:33:14+00:00","description":"Affichons nos messages !Un tutoriel pour cr\u00e9er un tableau \u00e0 messages \u00e0 afficher sur le mur. Un diy simple et efficace pour exposer nos humeurs !","breadcrumb":{"@id":"https:\/\/www.artesane.com\/le-journal\/arts-plastiques\/affichons-nos-messages\/#breadcrumb"},"inLanguage":"fr-FR","potentialAction":[{"@type":"ReadAction","target":["https:\/\/www.artesane.com\/le-journal\/arts-plastiques\/affichons-nos-messages\/"]}]},{"@type":"ImageObject","inLanguage":"fr-FR","@id":"https:\/\/www.artesane.com\/le-journal\/arts-plastiques\/affichons-nos-messages\/#primaryimage","url":"https:\/\/www.artesane.com\/le-journal\/arts-plastiques\/wp-content\/uploads\/2016\/07\/tableau22-1.jpg","contentUrl":"https:\/\/www.artesane.com\/le-journal\/arts-plastiques\/wp-content\/uploads\/2016\/07\/tableau22-1.jpg","width":1344,"height":896,"caption":"Affichons nos messages"},{"@type":"BreadcrumbList","@id":"https:\/\/www.artesane.com\/le-journal\/arts-plastiques\/affichons-nos-messages\/#breadcrumb","itemListElement":[{"@type":"ListItem","position":1,"name":"Accueil","item":"https:\/\/www.artesane.com\/le-journal\/arts-plastiques\/"},{"@type":"ListItem","position":2,"name":"Affichons nos messages !"}]},{"@type":"WebSite","@id":"https:\/\/www.artesane.com\/le-journal\/arts-plastiques\/#website","url":"https:\/\/www.artesane.com\/le-journal\/arts-plastiques\/","name":"Journal Artesane - Arts Plastiques","description":"","publisher":{"@id":"https:\/\/www.artesane.com\/le-journal\/arts-plastiques\/#organization"},"potentialAction":[{"@type":"SearchAction","target":{"@type":"EntryPoint","urlTemplate":"https:\/\/www.artesane.com\/le-journal\/arts-plastiques\/?s={search_term_string}"},"query-input":{"@type":"PropertyValueSpecification","valueRequired":true,"valueName":"search_term_string"}}],"inLanguage":"fr-FR"},{"@type":"Organization","@id":"https:\/\/www.artesane.com\/le-journal\/arts-plastiques\/#organization","name":"Artesane","url":"https:\/\/www.artesane.com\/le-journal\/arts-plastiques\/","logo":{"@type":"ImageObject","inLanguage":"fr-FR","@id":"https:\/\/www.artesane.com\/le-journal\/arts-plastiques\/#\/schema\/logo\/image\/","url":"https:\/\/www.artesane.com\/le-journal\/arts-plastiques\/wp-content\/uploads\/2022\/05\/logo-simple.png","contentUrl":"https:\/\/www.artesane.com\/le-journal\/arts-plastiques\/wp-content\/uploads\/2022\/05\/logo-simple.png","width":1166,"height":201,"caption":"Artesane"},"image":{"@id":"https:\/\/www.artesane.com\/le-journal\/arts-plastiques\/#\/schema\/logo\/image\/"},"sameAs":["https:\/\/www.facebook.com\/artesanefrance","https:\/\/www.instagram.com\/artesane_france\/","https:\/\/fr.linkedin.com\/company\/artesane","https:\/\/www.pinterest.fr\/ArtesaneFrance\/","https:\/\/www.youtube.com\/c\/Artesane_lesvideos","https:\/\/www.twitch.tv\/artesane?lang=fr","https:\/\/open.spotify.com\/show\/2gdmkyp7IoWhWpDRk3G71I"]},{"@type":"Person","@id":"https:\/\/www.artesane.com\/le-journal\/arts-plastiques\/#\/schema\/person\/b627b43b13db72377217cb06c5560f9f","name":"mg-berland"}]}},"_links":{"self":[{"href":"https:\/\/www.artesane.com\/le-journal\/arts-plastiques\/wp-json\/wp\/v2\/posts\/4477","targetHints":{"allow":["GET"]}}],"collection":[{"href":"https:\/\/www.artesane.com\/le-journal\/arts-plastiques\/wp-json\/wp\/v2\/posts"}],"about":[{"href":"https:\/\/www.artesane.com\/le-journal\/arts-plastiques\/wp-json\/wp\/v2\/types\/post"}],"author":[{"embeddable":true,"href":"https:\/\/www.artesane.com\/le-journal\/arts-plastiques\/wp-json\/wp\/v2\/users\/5"}],"replies":[{"embeddable":true,"href":"https:\/\/www.artesane.com\/le-journal\/arts-plastiques\/wp-json\/wp\/v2\/comments?post=4477"}],"version-history":[{"count":1,"href":"https:\/\/www.artesane.com\/le-journal\/arts-plastiques\/wp-json\/wp\/v2\/posts\/4477\/revisions"}],"predecessor-version":[{"id":13628,"href":"https:\/\/www.artesane.com\/le-journal\/arts-plastiques\/wp-json\/wp\/v2\/posts\/4477\/revisions\/13628"}],"wp:featuredmedia":[{"embeddable":true,"href":"https:\/\/www.artesane.com\/le-journal\/arts-plastiques\/wp-json\/wp\/v2\/media\/4512"}],"wp:attachment":[{"href":"https:\/\/www.artesane.com\/le-journal\/arts-plastiques\/wp-json\/wp\/v2\/media?parent=4477"}],"wp:term":[{"taxonomy":"category","embeddable":true,"href":"https:\/\/www.artesane.com\/le-journal\/arts-plastiques\/wp-json\/wp\/v2\/categories?post=4477"},{"taxonomy":"post_tag","embeddable":true,"href":"https:\/\/www.artesane.com\/le-journal\/arts-plastiques\/wp-json\/wp\/v2\/tags?post=4477"}],"curies":[{"name":"wp","href":"https:\/\/api.w.org\/{rel}","templated":true}]}}