{"id":7549,"date":"2018-06-22T10:42:20","date_gmt":"2018-06-22T08:42:20","guid":{"rendered":"http:\/\/le-journal.artesane.com\/?p=7549"},"modified":"2022-05-25T15:30:44","modified_gmt":"2022-05-25T13:30:44","slug":"tuto-aquarelle-creer-son-nuancier","status":"publish","type":"post","link":"https:\/\/www.artesane.com\/le-journal\/arts-plastiques\/tuto-aquarelle-creer-son-nuancier\/","title":{"rendered":"TUTO aquarelle : Cr\u00e9er son nuancier"},"content":{"rendered":"<p class=\"p4\"><span class=\"s2\">Vous avez tendance \u00e0 utiliser tout le temps les m\u00eames couleurs dans vos compositions ? Alors sortez de votre zone de confort et <strong>cr\u00e9ez votre nuancier \u00e0 l&rsquo;aquarelle<\/strong> !\u00a0<\/span><span class=\"s2\">L&rsquo;objectif est de m\u00e9langer les couleurs de votre palette pour mieux la comprendre, pour avoir une vue d\u2019ensemble de vos couleurs. Cela vous aidera \u00e0 avoir une id\u00e9e des possibilit\u00e9s infinies de vos couleurs.\u00a0<\/span><\/p>\n<p><!--more--><\/p>\n<div id=\"ez-toc-container\" class=\"ez-toc-v2_0_80 counter-hierarchy ez-toc-counter ez-toc-grey ez-toc-container-direction\">\n<div class=\"ez-toc-title-container\">\n<p class=\"ez-toc-title\" style=\"cursor:inherit\">Table of Contents<\/p>\n<span class=\"ez-toc-title-toggle\"><a href=\"#\" class=\"ez-toc-pull-right ez-toc-btn ez-toc-btn-xs ez-toc-btn-default ez-toc-toggle\" aria-label=\"Toggle Table of Content\"><span class=\"ez-toc-js-icon-con\"><span class=\"\"><span class=\"eztoc-hide\" style=\"display:none;\">Toggle<\/span><span class=\"ez-toc-icon-toggle-span\"><svg style=\"fill: #999;color:#999\" xmlns=\"http:\/\/www.w3.org\/2000\/svg\" class=\"list-377408\" width=\"20px\" height=\"20px\" viewBox=\"0 0 24 24\" fill=\"none\"><path d=\"M6 6H4v2h2V6zm14 0H8v2h12V6zM4 11h2v2H4v-2zm16 0H8v2h12v-2zM4 16h2v2H4v-2zm16 0H8v2h12v-2z\" fill=\"currentColor\"><\/path><\/svg><svg style=\"fill: #999;color:#999\" class=\"arrow-unsorted-368013\" xmlns=\"http:\/\/www.w3.org\/2000\/svg\" width=\"10px\" height=\"10px\" viewBox=\"0 0 24 24\" version=\"1.2\" baseProfile=\"tiny\"><path d=\"M18.2 9.3l-6.2-6.3-6.2 6.3c-.2.2-.3.4-.3.7s.1.5.3.7c.2.2.4.3.7.3h11c.3 0 .5-.1.7-.3.2-.2.3-.5.3-.7s-.1-.5-.3-.7zM5.8 14.7l6.2 6.3 6.2-6.3c.2-.2.3-.5.3-.7s-.1-.5-.3-.7c-.2-.2-.4-.3-.7-.3h-11c-.3 0-.5.1-.7.3-.2.2-.3.5-.3.7s.1.5.3.7z\"\/><\/svg><\/span><\/span><\/span><\/a><\/span><\/div>\n<nav><ul class='ez-toc-list ez-toc-list-level-1 ' ><li class='ez-toc-page-1 ez-toc-heading-level-3'><a class=\"ez-toc-link ez-toc-heading-1\" href=\"https:\/\/www.artesane.com\/le-journal\/arts-plastiques\/tuto-aquarelle-creer-son-nuancier\/#Creer_son_nuancier_le_pas_a_pas\" >Cr\u00e9er son nuancier : le pas \u00e0 pas<\/a><\/li><li class='ez-toc-page-1 ez-toc-heading-level-3'><a class=\"ez-toc-link ez-toc-heading-2\" href=\"https:\/\/www.artesane.com\/le-journal\/arts-plastiques\/tuto-aquarelle-creer-son-nuancier\/#Associer_ses_couleurs_pour_une_composition\" >Associer ses couleurs pour une composition<\/a><\/li><li class='ez-toc-page-1 ez-toc-heading-level-3'><a class=\"ez-toc-link ez-toc-heading-3\" href=\"https:\/\/www.artesane.com\/le-journal\/arts-plastiques\/tuto-aquarelle-creer-son-nuancier\/#Les_differentes_techniques_pour_melanger_les_couleurs\" >Les diff\u00e9rentes techniques pour m\u00e9langer les couleurs<\/a><\/li><\/ul><\/nav><\/div>\n<h3 class=\"p4\"><span class=\"ez-toc-section\" id=\"Creer_son_nuancier_le_pas_a_pas\"><\/span><span class=\"s2\">Cr\u00e9er son nuancier : le pas \u00e0 pas<\/span><span class=\"ez-toc-section-end\"><\/span><\/h3>\n<h5 class=\"p4\"><span class=\"s2\">\u00e9tape 1 : Les Couleurs pures<\/span><\/h5>\n<p class=\"p4\"><span class=\"s2\">Pour commencer, vous allez <strong>poser les couleurs pures<\/strong>, c&rsquo;est-\u00e0-dire directement sorties <a href=\"http:\/\/le-journal.artesane.com\/aquarelle-en-tube-ou-en-godet-comment-choisir\/\">du tube (ou du godet)<\/a>. Vous pouvez poser de grands aplats en haut et de plus petits sur les cot\u00e9s, comme indicateur des proportions que vous allez utiliser \u00e0 l&rsquo;\u00e9tape suivante, pour les m\u00e9langes.<\/span><\/p>\n<p><img loading=\"lazy\" decoding=\"async\" class=\"aligncenter wp-image-7550 size-full\" src=\"https:\/\/le-journal.artesane.com\/wp-content\/uploads\/2018\/06\/nuanciers-aquarelle.jpg\" alt=\"nuancier aquarelle\" width=\"1403\" height=\"1240\" srcset=\"https:\/\/www.artesane.com\/le-journal\/arts-plastiques\/wp-content\/uploads\/2018\/06\/nuanciers-aquarelle.jpg 1403w, https:\/\/www.artesane.com\/le-journal\/arts-plastiques\/wp-content\/uploads\/2018\/06\/nuanciers-aquarelle-300x265.jpg 300w, https:\/\/www.artesane.com\/le-journal\/arts-plastiques\/wp-content\/uploads\/2018\/06\/nuanciers-aquarelle-1024x905.jpg 1024w, https:\/\/www.artesane.com\/le-journal\/arts-plastiques\/wp-content\/uploads\/2018\/06\/nuanciers-aquarelle-768x679.jpg 768w\" sizes=\"auto, (max-width: 1403px) 100vw, 1403px\" \/><\/p>\n<h5 class=\"p4\"><span class=\"s2\">\u00e9TAPE 2 : M\u00e9langer les couleurs<\/span><\/h5>\n<p class=\"p4\"><span class=\"s2\">Maintenant, nous allons <strong>m\u00e9langer les couleurs pures entre-elles<\/strong> en suivant les proportions suivantes : 2\/3 de la couleur situ\u00e9e en haut du nuancier, et 1\/3 de la couleur situ\u00e9e sur le c\u00f4t\u00e9 du nuancier (approximativement bien s\u00fbr !).\u00a0<\/span><\/p>\n<p class=\"p4\"><span class=\"s2\">Par exemple : dans la troisi\u00e8me case \u00ab\u00a0rouge cadmium\u00a0\u00bb nous allons pr\u00e9lever une grande quantit\u00e9 de rose, et peu de rouge. Et inversement pour la deuxi\u00e8me cas \u00ab\u00a0scarlet lake\u00a0\u00bb, et ainsi de suite jusqu&rsquo;\u00e0 remplir votre nuancier.\u00a0<\/span><\/p>\n<p class=\"p4\"><span class=\"s2\"><img loading=\"lazy\" decoding=\"async\" class=\"aligncenter wp-image-7551 size-full\" src=\"https:\/\/le-journal.artesane.com\/wp-content\/uploads\/2018\/06\/nuanciers-aquarelle2.jpg\" alt=\"nuancier aquarelle\" width=\"1403\" height=\"1240\" srcset=\"https:\/\/www.artesane.com\/le-journal\/arts-plastiques\/wp-content\/uploads\/2018\/06\/nuanciers-aquarelle2.jpg 1403w, https:\/\/www.artesane.com\/le-journal\/arts-plastiques\/wp-content\/uploads\/2018\/06\/nuanciers-aquarelle2-300x265.jpg 300w, https:\/\/www.artesane.com\/le-journal\/arts-plastiques\/wp-content\/uploads\/2018\/06\/nuanciers-aquarelle2-1024x905.jpg 1024w, https:\/\/www.artesane.com\/le-journal\/arts-plastiques\/wp-content\/uploads\/2018\/06\/nuanciers-aquarelle2-768x679.jpg 768w\" sizes=\"auto, (max-width: 1403px) 100vw, 1403px\" \/><\/span><\/p>\n<h3 class=\"p4\"><span class=\"ez-toc-section\" id=\"Associer_ses_couleurs_pour_une_composition\"><\/span><span class=\"s2\">Associer ses couleurs pour une composition<\/span><span class=\"ez-toc-section-end\"><\/span><\/h3>\n<p class=\"p4\"><span class=\"s2\">En g\u00e9n\u00e9ral dans un dessin on utilise<strong> 4 \u00e0 6 couleurs \u00ab\u00a0soutenues\u00a0\u00bb, pures ou m\u00e9lang\u00e9es,<\/strong> que vous pouvez ensuite dilu\u00e9es pour cr\u00e9er d\u2019autres nuances. Si vous d\u00e9cidez d\u2019utiliser des nuances m\u00e9lang\u00e9es, il faut \u00e9viter de les m\u00e9langer une nouvelle fois entre-elles, car vous risquez d\u2019obtenir des marrons pas forc\u00e9ment voulus..!<\/span><\/p>\n<p class=\"p4\"><span class=\"s2\">Pour une composition harmonieuse, <strong>\u00e9vitez aussi d&rsquo;utiliser toutes les couleurs dans les m\u00eames proportions<\/strong>. Choisissez plut\u00f4t une ou deux couleurs principales, deux ou trois couleurs secondaires et des couleurs que vous utiliserez en petites touches. L\u2019id\u00e9al quand on d\u00e9bute et qu\u2019on ne ma\u00eetrise pas encore les couleurs, c\u2019est de mettre dans ses compositions <strong>au moins une couleur fonc\u00e9e et une couleur claire<\/strong>, qui apportent du contraste et du volume.<\/span><\/p>\n<p><span class=\"s2\">L&rsquo;id\u00e9al, c&rsquo;est de <strong>pr\u00e9parer des petits \u00ab\u00a0cartons\u00a0\u00bb avec toutes vos couleurs<\/strong> : pures et\/ou m\u00e9lang\u00e9es. N&rsquo;oubliez pas d&rsquo;y inscrire les r\u00e9f\u00e9rences et des proportions des couleurs utilis\u00e9es.\u00a0 Il sera ensuite<\/span><span class=\"s2\">\u00a0beaucoup plus facile et rapide de trouver vos couleurs et de cr\u00e9er des harmonies, des m\u00e9langes. Vous pouvez les attacher ensemble sur un porte cl\u00e9 ou les ranger dans une boite, dans une pochette, dans un classeur&#8230;<\/span><\/p>\n<h3 class=\"p4\"><span class=\"ez-toc-section\" id=\"Les_differentes_techniques_pour_melanger_les_couleurs\"><\/span><span class=\"s2\"><img loading=\"lazy\" decoding=\"async\" class=\"aligncenter wp-image-7503 size-full\" src=\"https:\/\/le-journal.artesane.com\/wp-content\/uploads\/2018\/06\/palette-couleurs-1.jpg\" alt=\"palette aquarelle\" width=\"842\" height=\"469\" srcset=\"https:\/\/www.artesane.com\/le-journal\/arts-plastiques\/wp-content\/uploads\/2018\/06\/palette-couleurs-1.jpg 842w, https:\/\/www.artesane.com\/le-journal\/arts-plastiques\/wp-content\/uploads\/2018\/06\/palette-couleurs-1-300x167.jpg 300w, https:\/\/www.artesane.com\/le-journal\/arts-plastiques\/wp-content\/uploads\/2018\/06\/palette-couleurs-1-768x428.jpg 768w\" sizes=\"auto, (max-width: 842px) 100vw, 842px\" \/>Les diff\u00e9rentes techniques pour m\u00e9langer les couleurs<\/span><span class=\"ez-toc-section-end\"><\/span><\/h3>\n<ul>\n<li><span class=\"s2\"><strong>M\u00e9langez les teintes chaudes et les teintes froides<\/strong>, en s\u2019inspirant du cercle chromatique, des couleurs compl\u00e9mentaires et des<a href=\"http:\/\/le-journal.artesane.com\/theorie-de-la-couleur-le-cercle-chromatique-demystifie\/\"> accords de couleurs.<\/a><\/span><\/li>\n<li class=\"p4\"><span class=\"s2\"><strong>Cr\u00e9ez des harmonies des cama\u00efeux<\/strong>, en m\u00e9langeant 3 \u00e0 4 nuances d\u2019une seule couleur, avec des teintes diff\u00e9rentes, claires, fonc\u00e9es, satur\u00e9es et d\u00e9satur\u00e9es.\u00a0<\/span><\/li>\n<li class=\"p4\"><strong>Inspirez vous<\/strong> de utiliser des dessins, des peintures, des photos que vous aimez et, gr\u00e2ce \u00e0 votre nuancier, retrouvez les couleurs de votre palette qui se rapprochent le plus de votre inspiration.<\/li>\n<li class=\"p4\">Enfin, <strong>se lancer et tester reste encore le meilleur moyen de d\u2019apprendre<\/strong> et de d\u00e9couvrir les associations qui vous plairont !<\/li>\n<\/ul>\n","protected":false},"excerpt":{"rendered":"<p>Vous avez tendance \u00e0 utiliser tout le temps les m\u00eames couleurs dans vos compositions ? Alors sortez de votre zone de confort et cr\u00e9ez votre nuancier \u00e0 l&rsquo;aquarelle !\u00a0L&rsquo;objectif est de m\u00e9langer les couleurs de votre palette pour mieux la comprendre, pour avoir une vue d\u2019ensemble de vos couleurs. Cela vous aidera \u00e0 avoir une [&hellip;]<\/p>\n","protected":false},"author":1,"featured_media":7485,"comment_status":"open","ping_status":"open","sticky":false,"template":"","format":"standard","meta":{"_et_pb_use_builder":"","_et_pb_old_content":"","_et_gb_content_width":"","_exactmetrics_skip_tracking":false,"_exactmetrics_sitenote_active":false,"_exactmetrics_sitenote_note":"","_exactmetrics_sitenote_category":0,"footnotes":""},"categories":[914],"tags":[459,444,460,13,450,464,421,478,479,386,474,480],"class_list":["post-7549","post","type-post","status-publish","format-standard","has-post-thumbnail","hentry","category-dessin-et-peinture","tag-apprendre-laquarelle","tag-aquarelle","tag-aquarelle-debutant","tag-artesane","tag-bases-aquarelle","tag-cours-video-daquarelle","tag-creer","tag-nuancier-aquarelle","tag-palette-aquarelle","tag-palette-de-couleurs","tag-tuto-aquarelle","tag-tuto-artesane"],"yoast_head":"<!-- This site is optimized with the Yoast SEO plugin v27.4 - https:\/\/yoast.com\/product\/yoast-seo-wordpress\/ -->\n<title>TUTO aquarelle : Cr\u00e9er son nuancier - Journal Artesane - Arts Plastiques<\/title>\n<meta name=\"description\" content=\"TUTO nuancier aquarelle : Vous avez tendance \u00e0 utiliser tout le temps les m\u00eames couleurs dans vos compositions ? Alors cr\u00e9ez votre nuancier \u00e0 l&#039;aquarelle !\" \/>\n<meta name=\"robots\" content=\"index, follow, max-snippet:-1, max-image-preview:large, max-video-preview:-1\" \/>\n<link rel=\"canonical\" href=\"https:\/\/www.artesane.com\/le-journal\/arts-plastiques\/tuto-aquarelle-creer-son-nuancier\/\" \/>\n<meta property=\"og:locale\" content=\"fr_FR\" \/>\n<meta property=\"og:type\" content=\"article\" \/>\n<meta property=\"og:title\" content=\"TUTO aquarelle : Cr\u00e9er son nuancier - Journal Artesane - Arts Plastiques\" \/>\n<meta property=\"og:description\" content=\"TUTO nuancier aquarelle : Vous avez tendance \u00e0 utiliser tout le temps les m\u00eames couleurs dans vos compositions ? Alors cr\u00e9ez votre nuancier \u00e0 l&#039;aquarelle !\" \/>\n<meta property=\"og:url\" content=\"https:\/\/www.artesane.com\/le-journal\/arts-plastiques\/tuto-aquarelle-creer-son-nuancier\/\" \/>\n<meta property=\"og:site_name\" content=\"Journal Artesane - Arts Plastiques\" \/>\n<meta property=\"article:publisher\" content=\"https:\/\/www.facebook.com\/artesanefrance\" \/>\n<meta property=\"article:published_time\" content=\"2018-06-22T08:42:20+00:00\" \/>\n<meta property=\"article:modified_time\" content=\"2022-05-25T13:30:44+00:00\" \/>\n<meta property=\"og:image\" content=\"https:\/\/www.artesane.com\/le-journal\/arts-plastiques\/wp-content\/uploads\/2018\/06\/3-1.jpg\" \/>\n\t<meta property=\"og:image:width\" content=\"1440\" \/>\n\t<meta property=\"og:image:height\" content=\"960\" \/>\n\t<meta property=\"og:image:type\" content=\"image\/jpeg\" \/>\n<meta name=\"author\" content=\"artesane\" \/>\n<meta name=\"twitter:card\" content=\"summary_large_image\" \/>\n<meta name=\"twitter:label1\" content=\"\u00c9crit par\" \/>\n\t<meta name=\"twitter:data1\" content=\"artesane\" \/>\n\t<meta name=\"twitter:label2\" content=\"Dur\u00e9e de lecture estim\u00e9e\" \/>\n\t<meta name=\"twitter:data2\" content=\"3 minutes\" \/>\n<script type=\"application\/ld+json\" class=\"yoast-schema-graph\">{\"@context\":\"https:\\\/\\\/schema.org\",\"@graph\":[{\"@type\":\"Article\",\"@id\":\"https:\\\/\\\/www.artesane.com\\\/le-journal\\\/arts-plastiques\\\/tuto-aquarelle-creer-son-nuancier\\\/#article\",\"isPartOf\":{\"@id\":\"https:\\\/\\\/www.artesane.com\\\/le-journal\\\/arts-plastiques\\\/tuto-aquarelle-creer-son-nuancier\\\/\"},\"author\":{\"name\":\"artesane\",\"@id\":\"https:\\\/\\\/www.artesane.com\\\/le-journal\\\/arts-plastiques\\\/#\\\/schema\\\/person\\\/9c41823f863da9b8b51d5ae10d81571b\"},\"headline\":\"TUTO aquarelle : Cr\u00e9er son nuancier\",\"datePublished\":\"2018-06-22T08:42:20+00:00\",\"dateModified\":\"2022-05-25T13:30:44+00:00\",\"mainEntityOfPage\":{\"@id\":\"https:\\\/\\\/www.artesane.com\\\/le-journal\\\/arts-plastiques\\\/tuto-aquarelle-creer-son-nuancier\\\/\"},\"wordCount\":557,\"commentCount\":1,\"publisher\":{\"@id\":\"https:\\\/\\\/www.artesane.com\\\/le-journal\\\/arts-plastiques\\\/#organization\"},\"image\":{\"@id\":\"https:\\\/\\\/www.artesane.com\\\/le-journal\\\/arts-plastiques\\\/tuto-aquarelle-creer-son-nuancier\\\/#primaryimage\"},\"thumbnailUrl\":\"https:\\\/\\\/www.artesane.com\\\/le-journal\\\/arts-plastiques\\\/wp-content\\\/uploads\\\/2018\\\/06\\\/3-1.jpg\",\"keywords\":[\"apprendre l'aquarelle\",\"aquarelle\",\"aquarelle d\u00e9butant\",\"artesane\",\"bases aquarelle\",\"cours vid\u00e9o d'aquarelle\",\"cr\u00e9er\",\"nuancier aquarelle\",\"palette aquarelle\",\"palette de couleurs\",\"tuto aquarelle\",\"tuto artesane\"],\"articleSection\":[\"Dessin et peinture\"],\"inLanguage\":\"fr-FR\",\"potentialAction\":[{\"@type\":\"CommentAction\",\"name\":\"Comment\",\"target\":[\"https:\\\/\\\/www.artesane.com\\\/le-journal\\\/arts-plastiques\\\/tuto-aquarelle-creer-son-nuancier\\\/#respond\"]}]},{\"@type\":\"WebPage\",\"@id\":\"https:\\\/\\\/www.artesane.com\\\/le-journal\\\/arts-plastiques\\\/tuto-aquarelle-creer-son-nuancier\\\/\",\"url\":\"https:\\\/\\\/www.artesane.com\\\/le-journal\\\/arts-plastiques\\\/tuto-aquarelle-creer-son-nuancier\\\/\",\"name\":\"TUTO aquarelle : Cr\u00e9er son nuancier - Journal Artesane - Arts Plastiques\",\"isPartOf\":{\"@id\":\"https:\\\/\\\/www.artesane.com\\\/le-journal\\\/arts-plastiques\\\/#website\"},\"primaryImageOfPage\":{\"@id\":\"https:\\\/\\\/www.artesane.com\\\/le-journal\\\/arts-plastiques\\\/tuto-aquarelle-creer-son-nuancier\\\/#primaryimage\"},\"image\":{\"@id\":\"https:\\\/\\\/www.artesane.com\\\/le-journal\\\/arts-plastiques\\\/tuto-aquarelle-creer-son-nuancier\\\/#primaryimage\"},\"thumbnailUrl\":\"https:\\\/\\\/www.artesane.com\\\/le-journal\\\/arts-plastiques\\\/wp-content\\\/uploads\\\/2018\\\/06\\\/3-1.jpg\",\"datePublished\":\"2018-06-22T08:42:20+00:00\",\"dateModified\":\"2022-05-25T13:30:44+00:00\",\"description\":\"TUTO nuancier aquarelle : Vous avez tendance \u00e0 utiliser tout le temps les m\u00eames couleurs dans vos compositions ? Alors cr\u00e9ez votre nuancier \u00e0 l'aquarelle !\",\"breadcrumb\":{\"@id\":\"https:\\\/\\\/www.artesane.com\\\/le-journal\\\/arts-plastiques\\\/tuto-aquarelle-creer-son-nuancier\\\/#breadcrumb\"},\"inLanguage\":\"fr-FR\",\"potentialAction\":[{\"@type\":\"ReadAction\",\"target\":[\"https:\\\/\\\/www.artesane.com\\\/le-journal\\\/arts-plastiques\\\/tuto-aquarelle-creer-son-nuancier\\\/\"]}]},{\"@type\":\"ImageObject\",\"inLanguage\":\"fr-FR\",\"@id\":\"https:\\\/\\\/www.artesane.com\\\/le-journal\\\/arts-plastiques\\\/tuto-aquarelle-creer-son-nuancier\\\/#primaryimage\",\"url\":\"https:\\\/\\\/www.artesane.com\\\/le-journal\\\/arts-plastiques\\\/wp-content\\\/uploads\\\/2018\\\/06\\\/3-1.jpg\",\"contentUrl\":\"https:\\\/\\\/www.artesane.com\\\/le-journal\\\/arts-plastiques\\\/wp-content\\\/uploads\\\/2018\\\/06\\\/3-1.jpg\",\"width\":1440,\"height\":960,\"caption\":\"nuancier aquarelle\"},{\"@type\":\"BreadcrumbList\",\"@id\":\"https:\\\/\\\/www.artesane.com\\\/le-journal\\\/arts-plastiques\\\/tuto-aquarelle-creer-son-nuancier\\\/#breadcrumb\",\"itemListElement\":[{\"@type\":\"ListItem\",\"position\":1,\"name\":\"Accueil\",\"item\":\"https:\\\/\\\/www.artesane.com\\\/le-journal\\\/arts-plastiques\\\/\"},{\"@type\":\"ListItem\",\"position\":2,\"name\":\"TUTO aquarelle : Cr\u00e9er son nuancier\"}]},{\"@type\":\"WebSite\",\"@id\":\"https:\\\/\\\/www.artesane.com\\\/le-journal\\\/arts-plastiques\\\/#website\",\"url\":\"https:\\\/\\\/www.artesane.com\\\/le-journal\\\/arts-plastiques\\\/\",\"name\":\"Journal Artesane - Arts Plastiques\",\"description\":\"\",\"publisher\":{\"@id\":\"https:\\\/\\\/www.artesane.com\\\/le-journal\\\/arts-plastiques\\\/#organization\"},\"potentialAction\":[{\"@type\":\"SearchAction\",\"target\":{\"@type\":\"EntryPoint\",\"urlTemplate\":\"https:\\\/\\\/www.artesane.com\\\/le-journal\\\/arts-plastiques\\\/?s={search_term_string}\"},\"query-input\":{\"@type\":\"PropertyValueSpecification\",\"valueRequired\":true,\"valueName\":\"search_term_string\"}}],\"inLanguage\":\"fr-FR\"},{\"@type\":\"Organization\",\"@id\":\"https:\\\/\\\/www.artesane.com\\\/le-journal\\\/arts-plastiques\\\/#organization\",\"name\":\"Artesane\",\"url\":\"https:\\\/\\\/www.artesane.com\\\/le-journal\\\/arts-plastiques\\\/\",\"logo\":{\"@type\":\"ImageObject\",\"inLanguage\":\"fr-FR\",\"@id\":\"https:\\\/\\\/www.artesane.com\\\/le-journal\\\/arts-plastiques\\\/#\\\/schema\\\/logo\\\/image\\\/\",\"url\":\"https:\\\/\\\/www.artesane.com\\\/le-journal\\\/arts-plastiques\\\/wp-content\\\/uploads\\\/2022\\\/05\\\/logo-simple.png\",\"contentUrl\":\"https:\\\/\\\/www.artesane.com\\\/le-journal\\\/arts-plastiques\\\/wp-content\\\/uploads\\\/2022\\\/05\\\/logo-simple.png\",\"width\":1166,\"height\":201,\"caption\":\"Artesane\"},\"image\":{\"@id\":\"https:\\\/\\\/www.artesane.com\\\/le-journal\\\/arts-plastiques\\\/#\\\/schema\\\/logo\\\/image\\\/\"},\"sameAs\":[\"https:\\\/\\\/www.facebook.com\\\/artesanefrance\",\"https:\\\/\\\/www.instagram.com\\\/artesane_france\\\/\",\"https:\\\/\\\/fr.linkedin.com\\\/company\\\/artesane\",\"https:\\\/\\\/www.pinterest.fr\\\/ArtesaneFrance\\\/\",\"https:\\\/\\\/www.youtube.com\\\/c\\\/Artesane_lesvideos\",\"https:\\\/\\\/www.twitch.tv\\\/artesane?lang=fr\",\"https:\\\/\\\/open.spotify.com\\\/show\\\/2gdmkyp7IoWhWpDRk3G71I\"]},{\"@type\":\"Person\",\"@id\":\"https:\\\/\\\/www.artesane.com\\\/le-journal\\\/arts-plastiques\\\/#\\\/schema\\\/person\\\/9c41823f863da9b8b51d5ae10d81571b\",\"name\":\"artesane\",\"sameAs\":[\"https:\\\/\\\/le-journal.artesane.com\\\/arts-du-fil\"]}]}<\/script>\n<!-- \/ Yoast SEO plugin. -->","yoast_head_json":{"title":"TUTO aquarelle : Cr\u00e9er son nuancier - Journal Artesane - Arts Plastiques","description":"TUTO nuancier aquarelle : Vous avez tendance \u00e0 utiliser tout le temps les m\u00eames couleurs dans vos compositions ? Alors cr\u00e9ez votre nuancier \u00e0 l'aquarelle !","robots":{"index":"index","follow":"follow","max-snippet":"max-snippet:-1","max-image-preview":"max-image-preview:large","max-video-preview":"max-video-preview:-1"},"canonical":"https:\/\/www.artesane.com\/le-journal\/arts-plastiques\/tuto-aquarelle-creer-son-nuancier\/","og_locale":"fr_FR","og_type":"article","og_title":"TUTO aquarelle : Cr\u00e9er son nuancier - Journal Artesane - Arts Plastiques","og_description":"TUTO nuancier aquarelle : Vous avez tendance \u00e0 utiliser tout le temps les m\u00eames couleurs dans vos compositions ? Alors cr\u00e9ez votre nuancier \u00e0 l'aquarelle !","og_url":"https:\/\/www.artesane.com\/le-journal\/arts-plastiques\/tuto-aquarelle-creer-son-nuancier\/","og_site_name":"Journal Artesane - Arts Plastiques","article_publisher":"https:\/\/www.facebook.com\/artesanefrance","article_published_time":"2018-06-22T08:42:20+00:00","article_modified_time":"2022-05-25T13:30:44+00:00","og_image":[{"width":1440,"height":960,"url":"https:\/\/www.artesane.com\/le-journal\/arts-plastiques\/wp-content\/uploads\/2018\/06\/3-1.jpg","type":"image\/jpeg"}],"author":"artesane","twitter_card":"summary_large_image","twitter_misc":{"\u00c9crit par":"artesane","Dur\u00e9e de lecture estim\u00e9e":"3 minutes"},"schema":{"@context":"https:\/\/schema.org","@graph":[{"@type":"Article","@id":"https:\/\/www.artesane.com\/le-journal\/arts-plastiques\/tuto-aquarelle-creer-son-nuancier\/#article","isPartOf":{"@id":"https:\/\/www.artesane.com\/le-journal\/arts-plastiques\/tuto-aquarelle-creer-son-nuancier\/"},"author":{"name":"artesane","@id":"https:\/\/www.artesane.com\/le-journal\/arts-plastiques\/#\/schema\/person\/9c41823f863da9b8b51d5ae10d81571b"},"headline":"TUTO aquarelle : Cr\u00e9er son nuancier","datePublished":"2018-06-22T08:42:20+00:00","dateModified":"2022-05-25T13:30:44+00:00","mainEntityOfPage":{"@id":"https:\/\/www.artesane.com\/le-journal\/arts-plastiques\/tuto-aquarelle-creer-son-nuancier\/"},"wordCount":557,"commentCount":1,"publisher":{"@id":"https:\/\/www.artesane.com\/le-journal\/arts-plastiques\/#organization"},"image":{"@id":"https:\/\/www.artesane.com\/le-journal\/arts-plastiques\/tuto-aquarelle-creer-son-nuancier\/#primaryimage"},"thumbnailUrl":"https:\/\/www.artesane.com\/le-journal\/arts-plastiques\/wp-content\/uploads\/2018\/06\/3-1.jpg","keywords":["apprendre l'aquarelle","aquarelle","aquarelle d\u00e9butant","artesane","bases aquarelle","cours vid\u00e9o d'aquarelle","cr\u00e9er","nuancier aquarelle","palette aquarelle","palette de couleurs","tuto aquarelle","tuto artesane"],"articleSection":["Dessin et peinture"],"inLanguage":"fr-FR","potentialAction":[{"@type":"CommentAction","name":"Comment","target":["https:\/\/www.artesane.com\/le-journal\/arts-plastiques\/tuto-aquarelle-creer-son-nuancier\/#respond"]}]},{"@type":"WebPage","@id":"https:\/\/www.artesane.com\/le-journal\/arts-plastiques\/tuto-aquarelle-creer-son-nuancier\/","url":"https:\/\/www.artesane.com\/le-journal\/arts-plastiques\/tuto-aquarelle-creer-son-nuancier\/","name":"TUTO aquarelle : Cr\u00e9er son nuancier - Journal Artesane - Arts Plastiques","isPartOf":{"@id":"https:\/\/www.artesane.com\/le-journal\/arts-plastiques\/#website"},"primaryImageOfPage":{"@id":"https:\/\/www.artesane.com\/le-journal\/arts-plastiques\/tuto-aquarelle-creer-son-nuancier\/#primaryimage"},"image":{"@id":"https:\/\/www.artesane.com\/le-journal\/arts-plastiques\/tuto-aquarelle-creer-son-nuancier\/#primaryimage"},"thumbnailUrl":"https:\/\/www.artesane.com\/le-journal\/arts-plastiques\/wp-content\/uploads\/2018\/06\/3-1.jpg","datePublished":"2018-06-22T08:42:20+00:00","dateModified":"2022-05-25T13:30:44+00:00","description":"TUTO nuancier aquarelle : Vous avez tendance \u00e0 utiliser tout le temps les m\u00eames couleurs dans vos compositions ? Alors cr\u00e9ez votre nuancier \u00e0 l'aquarelle !","breadcrumb":{"@id":"https:\/\/www.artesane.com\/le-journal\/arts-plastiques\/tuto-aquarelle-creer-son-nuancier\/#breadcrumb"},"inLanguage":"fr-FR","potentialAction":[{"@type":"ReadAction","target":["https:\/\/www.artesane.com\/le-journal\/arts-plastiques\/tuto-aquarelle-creer-son-nuancier\/"]}]},{"@type":"ImageObject","inLanguage":"fr-FR","@id":"https:\/\/www.artesane.com\/le-journal\/arts-plastiques\/tuto-aquarelle-creer-son-nuancier\/#primaryimage","url":"https:\/\/www.artesane.com\/le-journal\/arts-plastiques\/wp-content\/uploads\/2018\/06\/3-1.jpg","contentUrl":"https:\/\/www.artesane.com\/le-journal\/arts-plastiques\/wp-content\/uploads\/2018\/06\/3-1.jpg","width":1440,"height":960,"caption":"nuancier aquarelle"},{"@type":"BreadcrumbList","@id":"https:\/\/www.artesane.com\/le-journal\/arts-plastiques\/tuto-aquarelle-creer-son-nuancier\/#breadcrumb","itemListElement":[{"@type":"ListItem","position":1,"name":"Accueil","item":"https:\/\/www.artesane.com\/le-journal\/arts-plastiques\/"},{"@type":"ListItem","position":2,"name":"TUTO aquarelle : Cr\u00e9er son nuancier"}]},{"@type":"WebSite","@id":"https:\/\/www.artesane.com\/le-journal\/arts-plastiques\/#website","url":"https:\/\/www.artesane.com\/le-journal\/arts-plastiques\/","name":"Journal Artesane - Arts Plastiques","description":"","publisher":{"@id":"https:\/\/www.artesane.com\/le-journal\/arts-plastiques\/#organization"},"potentialAction":[{"@type":"SearchAction","target":{"@type":"EntryPoint","urlTemplate":"https:\/\/www.artesane.com\/le-journal\/arts-plastiques\/?s={search_term_string}"},"query-input":{"@type":"PropertyValueSpecification","valueRequired":true,"valueName":"search_term_string"}}],"inLanguage":"fr-FR"},{"@type":"Organization","@id":"https:\/\/www.artesane.com\/le-journal\/arts-plastiques\/#organization","name":"Artesane","url":"https:\/\/www.artesane.com\/le-journal\/arts-plastiques\/","logo":{"@type":"ImageObject","inLanguage":"fr-FR","@id":"https:\/\/www.artesane.com\/le-journal\/arts-plastiques\/#\/schema\/logo\/image\/","url":"https:\/\/www.artesane.com\/le-journal\/arts-plastiques\/wp-content\/uploads\/2022\/05\/logo-simple.png","contentUrl":"https:\/\/www.artesane.com\/le-journal\/arts-plastiques\/wp-content\/uploads\/2022\/05\/logo-simple.png","width":1166,"height":201,"caption":"Artesane"},"image":{"@id":"https:\/\/www.artesane.com\/le-journal\/arts-plastiques\/#\/schema\/logo\/image\/"},"sameAs":["https:\/\/www.facebook.com\/artesanefrance","https:\/\/www.instagram.com\/artesane_france\/","https:\/\/fr.linkedin.com\/company\/artesane","https:\/\/www.pinterest.fr\/ArtesaneFrance\/","https:\/\/www.youtube.com\/c\/Artesane_lesvideos","https:\/\/www.twitch.tv\/artesane?lang=fr","https:\/\/open.spotify.com\/show\/2gdmkyp7IoWhWpDRk3G71I"]},{"@type":"Person","@id":"https:\/\/www.artesane.com\/le-journal\/arts-plastiques\/#\/schema\/person\/9c41823f863da9b8b51d5ae10d81571b","name":"artesane","sameAs":["https:\/\/le-journal.artesane.com\/arts-du-fil"]}]}},"_links":{"self":[{"href":"https:\/\/www.artesane.com\/le-journal\/arts-plastiques\/wp-json\/wp\/v2\/posts\/7549","targetHints":{"allow":["GET"]}}],"collection":[{"href":"https:\/\/www.artesane.com\/le-journal\/arts-plastiques\/wp-json\/wp\/v2\/posts"}],"about":[{"href":"https:\/\/www.artesane.com\/le-journal\/arts-plastiques\/wp-json\/wp\/v2\/types\/post"}],"author":[{"embeddable":true,"href":"https:\/\/www.artesane.com\/le-journal\/arts-plastiques\/wp-json\/wp\/v2\/users\/1"}],"replies":[{"embeddable":true,"href":"https:\/\/www.artesane.com\/le-journal\/arts-plastiques\/wp-json\/wp\/v2\/comments?post=7549"}],"version-history":[{"count":1,"href":"https:\/\/www.artesane.com\/le-journal\/arts-plastiques\/wp-json\/wp\/v2\/posts\/7549\/revisions"}],"predecessor-version":[{"id":13548,"href":"https:\/\/www.artesane.com\/le-journal\/arts-plastiques\/wp-json\/wp\/v2\/posts\/7549\/revisions\/13548"}],"wp:featuredmedia":[{"embeddable":true,"href":"https:\/\/www.artesane.com\/le-journal\/arts-plastiques\/wp-json\/wp\/v2\/media\/7485"}],"wp:attachment":[{"href":"https:\/\/www.artesane.com\/le-journal\/arts-plastiques\/wp-json\/wp\/v2\/media?parent=7549"}],"wp:term":[{"taxonomy":"category","embeddable":true,"href":"https:\/\/www.artesane.com\/le-journal\/arts-plastiques\/wp-json\/wp\/v2\/categories?post=7549"},{"taxonomy":"post_tag","embeddable":true,"href":"https:\/\/www.artesane.com\/le-journal\/arts-plastiques\/wp-json\/wp\/v2\/tags?post=7549"}],"curies":[{"name":"wp","href":"https:\/\/api.w.org\/{rel}","templated":true}]}}