{"id":9443,"date":"2019-07-22T16:55:28","date_gmt":"2019-07-22T14:55:28","guid":{"rendered":"https:\/\/le-journal.artesane.com\/?p=9443"},"modified":"2022-05-25T15:29:11","modified_gmt":"2022-05-25T13:29:11","slug":"le-defi-de-lete-dessine-moi-un-conte","status":"publish","type":"post","link":"https:\/\/www.artesane.com\/le-journal\/arts-plastiques\/le-defi-de-lete-dessine-moi-un-conte\/","title":{"rendered":"Le de\u0301fi de l\u2019e\u0301te\u0301 : dessine-moi un conte"},"content":{"rendered":"<div class=\"page\" title=\"Page 53\">\n<div class=\"layoutArea\">\n<div class=\"column\">\n<p style=\"text-align: justify;\">Enfin les grandes vacances&#8230; C\u2019est l\u2019occasion de tailler vos crayons et de sortir vos plumes les plus inspire\u0301es. Artesane lance un de\u0301fi a\u0300 toute la famille : parents et enfants, vous allez pouvoir re\u0301diger et illustrer ensemble votre propre conte. Le best-seller de l\u2019e\u0301te\u0301 n\u2019est pas encore sorti puisque c\u2019est vous qui allez le cre\u0301er !<\/p>\n<p style=\"text-align: justify;\">Et nous, chez Artesane, nous n\u2019avons qu\u2019une ha\u0302te : vous lire et admirer vos illustrations. Vous avez jusqu\u2019au 26 aou\u0302t pour participer et inventer le conte de l\u2019e\u0301te\u0301&#8230;, nous vous re\u0301ve\u0301lerons les tre\u0300s beaux cadeaux a\u0300 gagner tout au long de l\u2019e\u0301te\u0301 ; restez ici pour en savoir plus !<\/p>\n<p>Nous allons passer en revue toutes les pages du conte que vous devrez remplir (<a href=\"https:\/\/le-journal.artesane.com\/wp-content\/uploads\/edd\/2019\/07\/pdf-defi-conte.pdf\">voici le template juste ici<\/a>)<\/p>\n<\/div>\n<div class=\"column\">\n<div class=\"page\" title=\"Page 54\">\n<div class=\"layoutArea\">\n<div class=\"column\">\n<div id=\"ez-toc-container\" class=\"ez-toc-v2_0_80 counter-hierarchy ez-toc-counter ez-toc-grey ez-toc-container-direction\">\n<div class=\"ez-toc-title-container\">\n<p class=\"ez-toc-title\" style=\"cursor:inherit\">Table of Contents<\/p>\n<span class=\"ez-toc-title-toggle\"><a href=\"#\" class=\"ez-toc-pull-right ez-toc-btn ez-toc-btn-xs ez-toc-btn-default ez-toc-toggle\" aria-label=\"Toggle Table of Content\"><span class=\"ez-toc-js-icon-con\"><span class=\"\"><span class=\"eztoc-hide\" style=\"display:none;\">Toggle<\/span><span class=\"ez-toc-icon-toggle-span\"><svg style=\"fill: #999;color:#999\" xmlns=\"http:\/\/www.w3.org\/2000\/svg\" class=\"list-377408\" width=\"20px\" height=\"20px\" viewBox=\"0 0 24 24\" fill=\"none\"><path d=\"M6 6H4v2h2V6zm14 0H8v2h12V6zM4 11h2v2H4v-2zm16 0H8v2h12v-2zM4 16h2v2H4v-2zm16 0H8v2h12v-2z\" fill=\"currentColor\"><\/path><\/svg><svg style=\"fill: #999;color:#999\" class=\"arrow-unsorted-368013\" xmlns=\"http:\/\/www.w3.org\/2000\/svg\" width=\"10px\" height=\"10px\" viewBox=\"0 0 24 24\" version=\"1.2\" baseProfile=\"tiny\"><path d=\"M18.2 9.3l-6.2-6.3-6.2 6.3c-.2.2-.3.4-.3.7s.1.5.3.7c.2.2.4.3.7.3h11c.3 0 .5-.1.7-.3.2-.2.3-.5.3-.7s-.1-.5-.3-.7zM5.8 14.7l6.2 6.3 6.2-6.3c.2-.2.3-.5.3-.7s-.1-.5-.3-.7c-.2-.2-.4-.3-.7-.3h-11c-.3 0-.5.1-.7.3-.2.2-.3.5-.3.7s.1.5.3.7z\"\/><\/svg><\/span><\/span><\/span><\/a><\/span><\/div>\n<nav><ul class='ez-toc-list ez-toc-list-level-1 ' ><li class='ez-toc-page-1 ez-toc-heading-level-2'><a class=\"ez-toc-link ez-toc-heading-1\" href=\"https:\/\/www.artesane.com\/le-journal\/arts-plastiques\/le-defi-de-lete-dessine-moi-un-conte\/#Etape_1_trouver_un_point_de_depart\" >\u00c9tape 1 : trouver un point de de\u0301part<\/a><\/li><li class='ez-toc-page-1 ez-toc-heading-level-2'><a class=\"ez-toc-link ez-toc-heading-2\" href=\"https:\/\/www.artesane.com\/le-journal\/arts-plastiques\/le-defi-de-lete-dessine-moi-un-conte\/#Etape_2_ecrire_lhistoire\" >\u00c9tape 2 : \u00e9crire l\u2019histoire<\/a><\/li><li class='ez-toc-page-1 ez-toc-heading-level-2'><a class=\"ez-toc-link ez-toc-heading-3\" href=\"https:\/\/www.artesane.com\/le-journal\/arts-plastiques\/le-defi-de-lete-dessine-moi-un-conte\/#Etape_n%C2%B03_fabriquer_son_livre\" >E\u0301tape n\u00b03 : fabriquer son livre !<\/a><\/li><li class='ez-toc-page-1 ez-toc-heading-level-2'><a class=\"ez-toc-link ez-toc-heading-4\" href=\"https:\/\/www.artesane.com\/le-journal\/arts-plastiques\/le-defi-de-lete-dessine-moi-un-conte\/#Etape_n%C2%B04_dessiner_les_illustrations_et_ecrire_le_texte\" >E\u0301tape n\u00b04 : dessiner les illustrations et e\u0301crire le texte<\/a><\/li><li class='ez-toc-page-1 ez-toc-heading-level-2'><a class=\"ez-toc-link ez-toc-heading-5\" href=\"https:\/\/www.artesane.com\/le-journal\/arts-plastiques\/le-defi-de-lete-dessine-moi-un-conte\/#Etape_n%C2%B05_dessiner_la_couverture\" >E\u0301tape n\u00b05 : dessiner la couverture<\/a><\/li><li class='ez-toc-page-1 ez-toc-heading-level-2'><a class=\"ez-toc-link ez-toc-heading-6\" href=\"https:\/\/www.artesane.com\/le-journal\/arts-plastiques\/le-defi-de-lete-dessine-moi-un-conte\/#Comment_participer\" >Comment participer ?<\/a><ul class='ez-toc-list-level-3' ><li class='ez-toc-heading-level-3'><a class=\"ez-toc-link ez-toc-heading-7\" href=\"https:\/\/www.artesane.com\/le-journal\/arts-plastiques\/le-defi-de-lete-dessine-moi-un-conte\/#Quels_sont_les_criteres\" >Quels sont les crite\u0300res ?<\/a><\/li><li class='ez-toc-page-1 ez-toc-heading-level-3'><a class=\"ez-toc-link ez-toc-heading-8\" href=\"https:\/\/www.artesane.com\/le-journal\/arts-plastiques\/le-defi-de-lete-dessine-moi-un-conte\/#Comment_serez-vous_departages\" >Comment serez-vous de\u0301partage\u0301s ?<\/a><\/li><\/ul><\/li><\/ul><\/nav><\/div>\n<h2><span class=\"ez-toc-section\" id=\"Etape_1_trouver_un_point_de_depart\"><\/span>\u00c9tape 1 : trouver un point de de\u0301part<span class=\"ez-toc-section-end\"><\/span><\/h2>\n<\/div>\n<div class=\"column\">\n<p style=\"text-align: justify;\"><img loading=\"lazy\" decoding=\"async\" class=\"wp-image-9446 aligncenter\" src=\"https:\/\/le-journal.artesane.com\/wp-content\/uploads\/2019\/07\/396-defi-conte2.jpg\" alt=\"\" width=\"776\" height=\"517\" srcset=\"https:\/\/www.artesane.com\/le-journal\/arts-plastiques\/wp-content\/uploads\/2019\/07\/396-defi-conte2.jpg 1772w, https:\/\/www.artesane.com\/le-journal\/arts-plastiques\/wp-content\/uploads\/2019\/07\/396-defi-conte2-300x200.jpg 300w, https:\/\/www.artesane.com\/le-journal\/arts-plastiques\/wp-content\/uploads\/2019\/07\/396-defi-conte2-1024x682.jpg 1024w, https:\/\/www.artesane.com\/le-journal\/arts-plastiques\/wp-content\/uploads\/2019\/07\/396-defi-conte2-768x512.jpg 768w, https:\/\/www.artesane.com\/le-journal\/arts-plastiques\/wp-content\/uploads\/2019\/07\/396-defi-conte2-1536x1024.jpg 1536w\" sizes=\"auto, (max-width: 776px) 100vw, 776px\" \/><\/p>\n<p style=\"text-align: justify;\">Il faut d\u2019abord choisir ou\u0300 se passe ton histoire. Aide-toi de la carte de la page pre\u0301ce\u0301dente pour trouver dans quel monde tu souhaites situer le conte que tu t\u2019appre\u0302tes a\u0300 e\u0301crire. Pr\u00e8s des r\u00e9cifs ? Dans un d\u00e9sert terrifiant ? Dans la for\u00eat enchant\u00e9e ? \u00c0 toi de choisir ce qui t&rsquo;inspire le plus !<\/p>\n<p style=\"text-align: left;\">Ensuite, tu dois imaginer et trouver les caracte\u0301ristiques de ton personnage principal ! Est-ce une sorcie\u0300re, une pirate , un chevalier ? Est-il grand, petit, gros ? Est-il courageux ou re\u0302veur ? Pour t\u2019aider, comple\u0300te la fiche de l\u2019e\u0301tape n\u00b01. Notre <a href=\"https:\/\/www.artesane.com\/fr\/products\/je-dessine-des-personnages-de-contes-et-legendes\">cours vid\u00e9o sur les contes et l\u00e9gendes<\/a> pourra \u00e9galement t&rsquo;aider \u00e0 les dessiner.<\/p>\n<p><iframe loading=\"lazy\" title=\"TUTO - Imaginer son personnage principal - 2\/7\" width=\"1080\" height=\"608\" src=\"https:\/\/www.youtube.com\/embed\/oFHzW0jMql8?feature=oembed\"  allow=\"accelerometer; autoplay; clipboard-write; encrypted-media; gyroscope; picture-in-picture\" allowfullscreen><\/iframe><\/p>\n<\/div>\n<div class=\"page\" title=\"Page 54\">\n<div class=\"layoutArea\">\n<div class=\"column\">\n<h2><span class=\"ez-toc-section\" id=\"Etape_2_ecrire_lhistoire\"><\/span>\u00c9tape 2 : \u00e9crire l\u2019histoire<span class=\"ez-toc-section-end\"><\/span><\/h2>\n<\/div>\n<div class=\"page\" title=\"Page 54\">\n<div class=\"layoutArea\">\n<div class=\"column\">\n<p><img loading=\"lazy\" decoding=\"async\" class=\"alignnone size-full wp-image-9447\" src=\"https:\/\/le-journal.artesane.com\/wp-content\/uploads\/2019\/07\/396-defi-conte3.jpg\" alt=\"\" width=\"1772\" height=\"1181\" srcset=\"https:\/\/www.artesane.com\/le-journal\/arts-plastiques\/wp-content\/uploads\/2019\/07\/396-defi-conte3.jpg 1772w, https:\/\/www.artesane.com\/le-journal\/arts-plastiques\/wp-content\/uploads\/2019\/07\/396-defi-conte3-300x200.jpg 300w, https:\/\/www.artesane.com\/le-journal\/arts-plastiques\/wp-content\/uploads\/2019\/07\/396-defi-conte3-1024x682.jpg 1024w, https:\/\/www.artesane.com\/le-journal\/arts-plastiques\/wp-content\/uploads\/2019\/07\/396-defi-conte3-768x512.jpg 768w, https:\/\/www.artesane.com\/le-journal\/arts-plastiques\/wp-content\/uploads\/2019\/07\/396-defi-conte3-1536x1024.jpg 1536w\" sizes=\"auto, (max-width: 1772px) 100vw, 1772px\" \/>Une fois le personnage principal et le lieu choisis, c&rsquo;est ensuite moment de re\u0301fle\u0301chir aux diffe\u0301rentes e\u0301tapes de l\u2019histoire ! Voila\u0300 comment proce\u0301der pour e\u0301crire ton conte :<\/p>\n<p>1\/ Le personnage principal rencontre un proble\u0300me qu\u2019il doit re\u0301soudre. <strong>Quel est ce proble\u0300me ?<\/strong><\/p>\n<p>Exemple (tr\u00e8s classique on avoue) : mon personnage principal est <strong>un prince <\/strong>d\u00e9tenu captif dans <strong>un ch\u00e2teau au coeur de la for\u00eat<\/strong> par <strong>une m\u00e9chante sorci\u00e8re<\/strong>. Voici un sacr\u00e9 probl\u00e8me&#8230;<\/p>\n<p>2\/ Le personnage principal <strong>essaye de trouver une solution<\/strong>. Parfois la solution est toute simple et cela va tre\u0300s vite. Parfois le proble\u0300me est tre\u0300s complique\u0301 et cela lui prend beaucoup de temps. Pour re\u0301soudre son proble\u0300me il peut avoir besoin de voyager, d\u2019e\u0302tre aide\u0301 par d\u2019autres personnages, de combattre des obstacles. Quelles sont toutes les e\u0301tapes que le personnage principal traverse ?<\/p>\n<p>Exemple : il souhaite \u00eatre d\u00e9livr\u00e9 bien s\u00fbr&#8230; Pour cela, il existe plusieurs solutions que vous pourrez imaginer&#8230; Il faudra bien s\u00fbr en choisir une seule. Nous nous avons choisi la n\u00f4tre : tous les jours, il envoya des messages po\u00e9tiques de SOS \u00e0 l&rsquo;aide d&rsquo;une colombe. Un jour, cette colombe parvint \u00e0 une sultane. Cette sultane tomba amoureuse de sa plume et d\u00e9cida de le d\u00e9livrer avec son tigre enchant\u00e9.<\/p>\n<div class=\"page\" title=\"Page 54\">\n<div class=\"layoutArea\">\n<div class=\"column\">\n<p>&#8211; \u00c0 la fin de l\u2019histoire <strong>le personnage principal<\/strong> a trouve\u0301 une solution. Souvent sa situation a change\u0301 par rapport a\u0300 celle du de\u0301but de l\u2019histoire. Quelle est re\u0301solution du conte ?<\/p>\n<p>Exemple : Le prince f\u00fbt impressionn\u00e9 du courage et du d\u00e9vouement de la sultane et tomba amoureux. Ils v\u00e9curent heureux dans le d\u00e9sert elle, lui et leur tigre enchant\u00e9.<\/p>\n<p>Une fois que tu as re\u0301pondu a\u0300 toutes ces questions et que tu as e\u0301crit ton histoire, <strong>tu peux comple\u0301ter la fiche de l\u2019e\u0301tape n\u00b02 en faisant des petits dessins rapides<\/strong>. Cela t\u2019aidera pour la suite.<\/p>\n<\/div>\n<p><iframe loading=\"lazy\" title=\"TUTO - Imaginer la storyboard du conte - 3\/7\" width=\"1080\" height=\"608\" src=\"https:\/\/www.youtube.com\/embed\/ZRiD576Y3iM?start=70&#038;feature=oembed\"  allow=\"accelerometer; autoplay; clipboard-write; encrypted-media; gyroscope; picture-in-picture\" allowfullscreen><\/iframe><\/p>\n<div class=\"page\" title=\"Page 54\">\n<div class=\"layoutArea\">\n<div class=\"column\">\n<h2><span class=\"ez-toc-section\" id=\"Etape_n%C2%B03_fabriquer_son_livre\"><\/span>E\u0301tape n\u00b03 : fabriquer son livre !<span class=\"ez-toc-section-end\"><\/span><\/h2>\n<div class=\"page\" title=\"Page 54\">\n<div class=\"layoutArea\">\n<div class=\"column\">\n<p>C\u2019est le moment de fabriquer ton livre ! <strong>Imprime la page de de\u0301but et la page de fin en un seul exemplaire<\/strong>. Par contre, tu peux imprimer <strong>la page du milieu autant de fois que ne\u0301cessaire<\/strong> !<\/p>\n<div class=\"page\" title=\"Page 54\">\n<div class=\"layoutArea\">\n<div class=\"column\">\n<p>1\/ Imprimez les pages 4,5 et 6 &#8211; Ce sont elles qui serviront \u00e0 fabriquer votre livre (n\u2019h\u00e9sitez pas \u00e0 imprimer la page n\u00b05 plusieurs fois pour nous raconter l\u2019int\u00e9gralit\u00e9 de votre histoire)<\/p>\n<p>2\/ Plie toutes les pages en deux !<\/p>\n<p>3\/ Met de la colle sur le dos des pages et colle les dos a\u0300 dos. Fais attention a\u0300 l\u2019ordre des pages : d\u2019abord la page de de\u0301but, puis les pages du milieu, et enfin la page de fin !<\/p>\n<p>4\/ Une fois que toutes les pages sont colle\u0301es, prends une feuille blanche plie\u0301e en deux et inse\u0300re ton livre dedans. Tu n\u2019as plus qu\u2019a\u0300 les coller ensemble.<\/p>\n<p><iframe loading=\"lazy\" title=\"TUTO- Fabriquer son livre de conte - 4\/7\" width=\"1080\" height=\"608\" src=\"https:\/\/www.youtube.com\/embed\/EgK33OODE78?feature=oembed\"  allow=\"accelerometer; autoplay; clipboard-write; encrypted-media; gyroscope; picture-in-picture\" allowfullscreen><\/iframe><\/p>\n<div class=\"page\" title=\"Page 54\">\n<div class=\"layoutArea\">\n<div class=\"column\">\n<div class=\"page\" title=\"Page 54\">\n<div class=\"layoutArea\">\n<div class=\"column\">\n<h2><span class=\"ez-toc-section\" id=\"Etape_n%C2%B04_dessiner_les_illustrations_et_ecrire_le_texte\"><\/span><img loading=\"lazy\" decoding=\"async\" class=\"alignnone size-full wp-image-9448\" src=\"https:\/\/le-journal.artesane.com\/wp-content\/uploads\/2019\/07\/396-defi-conte4.jpg\" alt=\"\" width=\"1772\" height=\"1378\" srcset=\"https:\/\/www.artesane.com\/le-journal\/arts-plastiques\/wp-content\/uploads\/2019\/07\/396-defi-conte4.jpg 1772w, https:\/\/www.artesane.com\/le-journal\/arts-plastiques\/wp-content\/uploads\/2019\/07\/396-defi-conte4-300x233.jpg 300w, https:\/\/www.artesane.com\/le-journal\/arts-plastiques\/wp-content\/uploads\/2019\/07\/396-defi-conte4-1024x796.jpg 1024w, https:\/\/www.artesane.com\/le-journal\/arts-plastiques\/wp-content\/uploads\/2019\/07\/396-defi-conte4-768x597.jpg 768w, https:\/\/www.artesane.com\/le-journal\/arts-plastiques\/wp-content\/uploads\/2019\/07\/396-defi-conte4-1536x1194.jpg 1536w\" sizes=\"auto, (max-width: 1772px) 100vw, 1772px\" \/>E\u0301tape n\u00b04 : dessiner les illustrations et e\u0301crire le texte<span class=\"ez-toc-section-end\"><\/span><\/h2>\n<div class=\"page\" title=\"Page 54\">\n<div class=\"layoutArea\">\n<div class=\"column\">\n<p><img loading=\"lazy\" decoding=\"async\" class=\"wp-image-9449 aligncenter\" src=\"https:\/\/le-journal.artesane.com\/wp-content\/uploads\/2019\/07\/396-defi-conte5.jpg\" alt=\"\" width=\"827\" height=\"551\" srcset=\"https:\/\/www.artesane.com\/le-journal\/arts-plastiques\/wp-content\/uploads\/2019\/07\/396-defi-conte5.jpg 1772w, https:\/\/www.artesane.com\/le-journal\/arts-plastiques\/wp-content\/uploads\/2019\/07\/396-defi-conte5-300x200.jpg 300w, https:\/\/www.artesane.com\/le-journal\/arts-plastiques\/wp-content\/uploads\/2019\/07\/396-defi-conte5-1024x682.jpg 1024w, https:\/\/www.artesane.com\/le-journal\/arts-plastiques\/wp-content\/uploads\/2019\/07\/396-defi-conte5-768x512.jpg 768w, https:\/\/www.artesane.com\/le-journal\/arts-plastiques\/wp-content\/uploads\/2019\/07\/396-defi-conte5-1536x1024.jpg 1536w\" sizes=\"auto, (max-width: 827px) 100vw, 827px\" \/><\/p>\n<p>Une fois que ton livre est fabrique\u0301, il faut le comple\u0301ter !<br \/>\n<strong>A\u0300 droite<\/strong>, tu dois e\u0301crire le texte. Tu peux commencer chaque texte par une lettrine (c\u2019est a\u0300 dire une jolie lettre e\u0301crite en majuscule). Pour cela il suffit de de\u0301couper la lettre dont tu as besoin et la coller sur l\u2019emplacement carre\u0301.<\/p>\n<p><iframe loading=\"lazy\" title=\"TUTO - Ecrire l&#039;histoire de son conte - 5\/7\" width=\"1080\" height=\"608\" src=\"https:\/\/www.youtube.com\/embed\/-KCkgtaZdgI?feature=oembed\"  allow=\"accelerometer; autoplay; clipboard-write; encrypted-media; gyroscope; picture-in-picture\" allowfullscreen><\/iframe><\/p>\n<p>A\u0300 gauche tu dois dessiner les illustrations. Tu peux utiliser les e\u0301le\u0301ments de de\u0301cor de la planche a\u0300 de\u0301couper pour t\u2019aider !<\/p>\n<\/div>\n<p><iframe loading=\"lazy\" title=\"TUTO - Dessiner les illustration de son conte - 6\/7\" width=\"1080\" height=\"608\" src=\"https:\/\/www.youtube.com\/embed\/nA1bzmYOJko?feature=oembed\"  allow=\"accelerometer; autoplay; clipboard-write; encrypted-media; gyroscope; picture-in-picture\" allowfullscreen><\/iframe><\/p>\n<div class=\"column\">\n<div class=\"page\" title=\"Page 54\">\n<div class=\"layoutArea\">\n<h2 class=\"column\"><span class=\"ez-toc-section\" id=\"Etape_n%C2%B05_dessiner_la_couverture\"><\/span>E\u0301tape n\u00b05 : dessiner la couverture<span class=\"ez-toc-section-end\"><\/span><\/h2>\n<div class=\"page\" title=\"Page 54\">\n<div class=\"layoutArea\">\n<div class=\"column\">\n<p>C\u2019est presque fini, il ne te reste plus qu\u2019a\u0300 e\u0301crire le titre sur la couverture et faire le dessin qui va donner envie de lire le conte ! Par exemple, tu peux dessiner le personnage principal et des e\u0301le\u0301ments de de\u0301cor&#8230;<\/p>\n<p><iframe loading=\"lazy\" title=\"TUTO - Dessiner la couverture - 7\/7\" width=\"1080\" height=\"608\" src=\"https:\/\/www.youtube.com\/embed\/fuWPBRd5Uxc?feature=oembed\"  allow=\"accelerometer; autoplay; clipboard-write; encrypted-media; gyroscope; picture-in-picture\" allowfullscreen><\/iframe><\/p>\n<div class=\"page\" title=\"Page 54\">\n<div class=\"layoutArea\">\n<div class=\"column\">\n<h2><span class=\"ez-toc-section\" id=\"Comment_participer\"><\/span>Comment participer ?<span class=\"ez-toc-section-end\"><\/span><\/h2>\n<p>1\/ Te\u0301le\u0301chargez<a href=\"https:\/\/le-journal.artesane.com\/wp-content\/uploads\/edd\/2019\/07\/pdf-defi-conte.pdf\"> notre livret a\u0300 comple\u0301ter<\/a><\/p>\n<p>2\/ Dessinez un conte en suivant les e\u0301tapes<\/p>\n<p><strong>3\/ Publiez sur Instagram et\/ou Facebook une collection de photos du conte illustre\u0301 en utilisant les hashtags #defifamille2019, #dessinemoiunconte et #artesane<\/strong><\/p>\n<p><strong>OU\u00a0<\/strong><\/p>\n<p><strong>Vous pouvez nous envoyer votre conte complet par mail a\u0300 l\u2019adresse : contact@artesane avec en objet \u00ab\u00a0D\u00e9fi famille : dessine moi un conte\u00a0\u00bb<\/strong><\/p>\n<h3><span class=\"ez-toc-section\" id=\"Quels_sont_les_criteres\"><\/span>Quels sont les crite\u0300res ?<span class=\"ez-toc-section-end\"><\/span><\/h3>\n<p>Toutes les techniques sont autorise\u0301es : feutres, crayons de couleur, peinture, crayons pastel&#8230; Laissez parler votre cre\u0301ativite\u0301 !<\/p>\n<h3><span class=\"ez-toc-section\" id=\"Comment_serez-vous_departages\"><\/span>Comment serez-vous de\u0301partage\u0301s ?<span class=\"ez-toc-section-end\"><\/span><\/h3>\n<p>Trois jolis lots sont a\u0300 gagner ! Les re\u0301alisations les plus cre\u0301atives, inventives, amusantes, poe\u0301tiques, colore\u0301es, originales, ou me\u0302me terrifiantes &#8230; seront re\u0301compense\u0301es par de chouettes cadeaux que nous vous de\u0301voilerons tout au long du mois d\u2019aou\u0302t !<\/p>\n<p>Pre\u0302ts a\u0300 vous lancer en famille ?<br \/>\nVous avez jusqu\u2019au lundi 26 aou\u0302t pour participer !<\/p>\n<\/div>\n<\/div>\n<\/div>\n<\/div>\n<\/div>\n<\/div>\n<\/div>\n<\/div>\n<\/div>\n<\/div>\n<\/div>\n<\/div>\n<\/div>\n<\/div>\n<\/div>\n<\/div>\n<\/div>\n<\/div>\n<\/div>\n<\/div>\n<\/div>\n<\/div>\n<\/div>\n<\/div>\n<\/div>\n<\/div>\n<\/div>\n<\/div>\n<\/div>\n<\/div>\n<\/div>\n<\/div>\n<\/div>\n<\/div>\n<\/div>\n<\/div>\n<\/div>\n<\/div>\n<p><!--more--><\/p>\n<p><!--more--><\/p>\n","protected":false},"excerpt":{"rendered":"<p>Enfin les grandes vacances&#8230; C\u2019est l\u2019occasion de tailler vos crayons et de sortir vos plumes les plus inspire\u0301es. Artesane lance un de\u0301fi a\u0300 toute la famille : parents et enfants, vous allez pouvoir re\u0301diger et illustrer ensemble votre propre conte. Le best-seller de l\u2019e\u0301te\u0301 n\u2019est pas encore sorti puisque c\u2019est vous qui allez le cre\u0301er [&hellip;]<\/p>\n","protected":false},"author":9,"featured_media":9445,"comment_status":"open","ping_status":"open","sticky":false,"template":"","format":"standard","meta":{"_et_pb_use_builder":"","_et_pb_old_content":"","_et_gb_content_width":"","_exactmetrics_skip_tracking":false,"_exactmetrics_sitenote_active":false,"_exactmetrics_sitenote_note":"","_exactmetrics_sitenote_category":0,"footnotes":""},"categories":[7,914],"tags":[],"class_list":["post-9443","post","type-post","status-publish","format-standard","has-post-thumbnail","hentry","category-actualite","category-dessin-et-peinture"],"yoast_head":"<!-- This site is optimized with the Yoast SEO plugin v27.5 - https:\/\/yoast.com\/product\/yoast-seo-wordpress\/ -->\n<title>Le de\u0301fi de l\u2019e\u0301te\u0301 : dessine-moi un conte - Journal Artesane - Arts Plastiques<\/title>\n<meta name=\"robots\" content=\"index, follow, max-snippet:-1, max-image-preview:large, max-video-preview:-1\" \/>\n<link rel=\"canonical\" href=\"https:\/\/www.artesane.com\/le-journal\/arts-plastiques\/le-defi-de-lete-dessine-moi-un-conte\/\" \/>\n<meta property=\"og:locale\" content=\"fr_FR\" \/>\n<meta property=\"og:type\" content=\"article\" \/>\n<meta property=\"og:title\" content=\"Le de\u0301fi de l\u2019e\u0301te\u0301 : dessine-moi un conte - Journal Artesane - Arts Plastiques\" \/>\n<meta property=\"og:description\" content=\"Enfin les grandes vacances&#8230; C\u2019est l\u2019occasion de tailler vos crayons et de sortir vos plumes les plus inspire\u0301es. Artesane lance un de\u0301fi a\u0300 toute la famille : parents et enfants, vous allez pouvoir re\u0301diger et illustrer ensemble votre propre conte. Le best-seller de l\u2019e\u0301te\u0301 n\u2019est pas encore sorti puisque c\u2019est vous qui allez le cre\u0301er [&hellip;]\" \/>\n<meta property=\"og:url\" content=\"https:\/\/www.artesane.com\/le-journal\/arts-plastiques\/le-defi-de-lete-dessine-moi-un-conte\/\" \/>\n<meta property=\"og:site_name\" content=\"Journal Artesane - Arts Plastiques\" \/>\n<meta property=\"article:publisher\" content=\"https:\/\/www.facebook.com\/artesanefrance\" \/>\n<meta property=\"article:published_time\" content=\"2019-07-22T14:55:28+00:00\" \/>\n<meta property=\"article:modified_time\" content=\"2022-05-25T13:29:11+00:00\" \/>\n<meta property=\"og:image\" content=\"https:\/\/www.artesane.com\/le-journal\/arts-plastiques\/wp-content\/uploads\/2019\/07\/396-defi-conte.jpg\" \/>\n\t<meta property=\"og:image:width\" content=\"1772\" \/>\n\t<meta property=\"og:image:height\" content=\"1181\" \/>\n\t<meta property=\"og:image:type\" content=\"image\/jpeg\" \/>\n<meta name=\"author\" content=\"myriamartesane\" \/>\n<meta name=\"twitter:card\" content=\"summary_large_image\" \/>\n<meta name=\"twitter:label1\" content=\"\u00c9crit par\" \/>\n\t<meta name=\"twitter:data1\" content=\"myriamartesane\" \/>\n\t<meta name=\"twitter:label2\" content=\"Dur\u00e9e de lecture estim\u00e9e\" \/>\n\t<meta name=\"twitter:data2\" content=\"6 minutes\" \/>\n<script type=\"application\/ld+json\" class=\"yoast-schema-graph\">{\"@context\":\"https:\\\/\\\/schema.org\",\"@graph\":[{\"@type\":\"Article\",\"@id\":\"https:\\\/\\\/www.artesane.com\\\/le-journal\\\/arts-plastiques\\\/le-defi-de-lete-dessine-moi-un-conte\\\/#article\",\"isPartOf\":{\"@id\":\"https:\\\/\\\/www.artesane.com\\\/le-journal\\\/arts-plastiques\\\/le-defi-de-lete-dessine-moi-un-conte\\\/\"},\"author\":{\"name\":\"myriamartesane\",\"@id\":\"https:\\\/\\\/www.artesane.com\\\/le-journal\\\/arts-plastiques\\\/#\\\/schema\\\/person\\\/2f551dccee73d15f2bcd4cdb630724f7\"},\"headline\":\"Le de\u0301fi de l\u2019e\u0301te\u0301 : dessine-moi un conte\",\"datePublished\":\"2019-07-22T14:55:28+00:00\",\"dateModified\":\"2022-05-25T13:29:11+00:00\",\"mainEntityOfPage\":{\"@id\":\"https:\\\/\\\/www.artesane.com\\\/le-journal\\\/arts-plastiques\\\/le-defi-de-lete-dessine-moi-un-conte\\\/\"},\"wordCount\":1124,\"commentCount\":0,\"publisher\":{\"@id\":\"https:\\\/\\\/www.artesane.com\\\/le-journal\\\/arts-plastiques\\\/#organization\"},\"image\":{\"@id\":\"https:\\\/\\\/www.artesane.com\\\/le-journal\\\/arts-plastiques\\\/le-defi-de-lete-dessine-moi-un-conte\\\/#primaryimage\"},\"thumbnailUrl\":\"https:\\\/\\\/www.artesane.com\\\/le-journal\\\/arts-plastiques\\\/wp-content\\\/uploads\\\/2019\\\/07\\\/396-defi-conte.jpg\",\"articleSection\":[\"Actualit\u00e9\",\"Dessin et peinture\"],\"inLanguage\":\"fr-FR\",\"potentialAction\":[{\"@type\":\"CommentAction\",\"name\":\"Comment\",\"target\":[\"https:\\\/\\\/www.artesane.com\\\/le-journal\\\/arts-plastiques\\\/le-defi-de-lete-dessine-moi-un-conte\\\/#respond\"]}]},{\"@type\":\"WebPage\",\"@id\":\"https:\\\/\\\/www.artesane.com\\\/le-journal\\\/arts-plastiques\\\/le-defi-de-lete-dessine-moi-un-conte\\\/\",\"url\":\"https:\\\/\\\/www.artesane.com\\\/le-journal\\\/arts-plastiques\\\/le-defi-de-lete-dessine-moi-un-conte\\\/\",\"name\":\"Le de\u0301fi de l\u2019e\u0301te\u0301 : dessine-moi un conte - Journal Artesane - Arts Plastiques\",\"isPartOf\":{\"@id\":\"https:\\\/\\\/www.artesane.com\\\/le-journal\\\/arts-plastiques\\\/#website\"},\"primaryImageOfPage\":{\"@id\":\"https:\\\/\\\/www.artesane.com\\\/le-journal\\\/arts-plastiques\\\/le-defi-de-lete-dessine-moi-un-conte\\\/#primaryimage\"},\"image\":{\"@id\":\"https:\\\/\\\/www.artesane.com\\\/le-journal\\\/arts-plastiques\\\/le-defi-de-lete-dessine-moi-un-conte\\\/#primaryimage\"},\"thumbnailUrl\":\"https:\\\/\\\/www.artesane.com\\\/le-journal\\\/arts-plastiques\\\/wp-content\\\/uploads\\\/2019\\\/07\\\/396-defi-conte.jpg\",\"datePublished\":\"2019-07-22T14:55:28+00:00\",\"dateModified\":\"2022-05-25T13:29:11+00:00\",\"breadcrumb\":{\"@id\":\"https:\\\/\\\/www.artesane.com\\\/le-journal\\\/arts-plastiques\\\/le-defi-de-lete-dessine-moi-un-conte\\\/#breadcrumb\"},\"inLanguage\":\"fr-FR\",\"potentialAction\":[{\"@type\":\"ReadAction\",\"target\":[\"https:\\\/\\\/www.artesane.com\\\/le-journal\\\/arts-plastiques\\\/le-defi-de-lete-dessine-moi-un-conte\\\/\"]}]},{\"@type\":\"ImageObject\",\"inLanguage\":\"fr-FR\",\"@id\":\"https:\\\/\\\/www.artesane.com\\\/le-journal\\\/arts-plastiques\\\/le-defi-de-lete-dessine-moi-un-conte\\\/#primaryimage\",\"url\":\"https:\\\/\\\/www.artesane.com\\\/le-journal\\\/arts-plastiques\\\/wp-content\\\/uploads\\\/2019\\\/07\\\/396-defi-conte.jpg\",\"contentUrl\":\"https:\\\/\\\/www.artesane.com\\\/le-journal\\\/arts-plastiques\\\/wp-content\\\/uploads\\\/2019\\\/07\\\/396-defi-conte.jpg\",\"width\":1772,\"height\":1181,\"caption\":\"dessine moi un conte\"},{\"@type\":\"BreadcrumbList\",\"@id\":\"https:\\\/\\\/www.artesane.com\\\/le-journal\\\/arts-plastiques\\\/le-defi-de-lete-dessine-moi-un-conte\\\/#breadcrumb\",\"itemListElement\":[{\"@type\":\"ListItem\",\"position\":1,\"name\":\"Accueil\",\"item\":\"https:\\\/\\\/www.artesane.com\\\/le-journal\\\/arts-plastiques\\\/\"},{\"@type\":\"ListItem\",\"position\":2,\"name\":\"Le de\u0301fi de l\u2019e\u0301te\u0301 : dessine-moi un conte\"}]},{\"@type\":\"WebSite\",\"@id\":\"https:\\\/\\\/www.artesane.com\\\/le-journal\\\/arts-plastiques\\\/#website\",\"url\":\"https:\\\/\\\/www.artesane.com\\\/le-journal\\\/arts-plastiques\\\/\",\"name\":\"Journal Artesane - Arts Plastiques\",\"description\":\"\",\"publisher\":{\"@id\":\"https:\\\/\\\/www.artesane.com\\\/le-journal\\\/arts-plastiques\\\/#organization\"},\"potentialAction\":[{\"@type\":\"SearchAction\",\"target\":{\"@type\":\"EntryPoint\",\"urlTemplate\":\"https:\\\/\\\/www.artesane.com\\\/le-journal\\\/arts-plastiques\\\/?s={search_term_string}\"},\"query-input\":{\"@type\":\"PropertyValueSpecification\",\"valueRequired\":true,\"valueName\":\"search_term_string\"}}],\"inLanguage\":\"fr-FR\"},{\"@type\":\"Organization\",\"@id\":\"https:\\\/\\\/www.artesane.com\\\/le-journal\\\/arts-plastiques\\\/#organization\",\"name\":\"Artesane\",\"url\":\"https:\\\/\\\/www.artesane.com\\\/le-journal\\\/arts-plastiques\\\/\",\"logo\":{\"@type\":\"ImageObject\",\"inLanguage\":\"fr-FR\",\"@id\":\"https:\\\/\\\/www.artesane.com\\\/le-journal\\\/arts-plastiques\\\/#\\\/schema\\\/logo\\\/image\\\/\",\"url\":\"https:\\\/\\\/www.artesane.com\\\/le-journal\\\/arts-plastiques\\\/wp-content\\\/uploads\\\/2022\\\/05\\\/logo-simple.png\",\"contentUrl\":\"https:\\\/\\\/www.artesane.com\\\/le-journal\\\/arts-plastiques\\\/wp-content\\\/uploads\\\/2022\\\/05\\\/logo-simple.png\",\"width\":1166,\"height\":201,\"caption\":\"Artesane\"},\"image\":{\"@id\":\"https:\\\/\\\/www.artesane.com\\\/le-journal\\\/arts-plastiques\\\/#\\\/schema\\\/logo\\\/image\\\/\"},\"sameAs\":[\"https:\\\/\\\/www.facebook.com\\\/artesanefrance\",\"https:\\\/\\\/www.instagram.com\\\/artesane_france\\\/\",\"https:\\\/\\\/fr.linkedin.com\\\/company\\\/artesane\",\"https:\\\/\\\/www.pinterest.fr\\\/ArtesaneFrance\\\/\",\"https:\\\/\\\/www.youtube.com\\\/c\\\/Artesane_lesvideos\",\"https:\\\/\\\/www.twitch.tv\\\/artesane?lang=fr\",\"https:\\\/\\\/open.spotify.com\\\/show\\\/2gdmkyp7IoWhWpDRk3G71I\"]},{\"@type\":\"Person\",\"@id\":\"https:\\\/\\\/www.artesane.com\\\/le-journal\\\/arts-plastiques\\\/#\\\/schema\\\/person\\\/2f551dccee73d15f2bcd4cdb630724f7\",\"name\":\"myriamartesane\"}]}<\/script>\n<!-- \/ Yoast SEO plugin. -->","yoast_head_json":{"title":"Le de\u0301fi de l\u2019e\u0301te\u0301 : dessine-moi un conte - Journal Artesane - Arts Plastiques","robots":{"index":"index","follow":"follow","max-snippet":"max-snippet:-1","max-image-preview":"max-image-preview:large","max-video-preview":"max-video-preview:-1"},"canonical":"https:\/\/www.artesane.com\/le-journal\/arts-plastiques\/le-defi-de-lete-dessine-moi-un-conte\/","og_locale":"fr_FR","og_type":"article","og_title":"Le de\u0301fi de l\u2019e\u0301te\u0301 : dessine-moi un conte - Journal Artesane - Arts Plastiques","og_description":"Enfin les grandes vacances&#8230; C\u2019est l\u2019occasion de tailler vos crayons et de sortir vos plumes les plus inspire\u0301es. Artesane lance un de\u0301fi a\u0300 toute la famille : parents et enfants, vous allez pouvoir re\u0301diger et illustrer ensemble votre propre conte. Le best-seller de l\u2019e\u0301te\u0301 n\u2019est pas encore sorti puisque c\u2019est vous qui allez le cre\u0301er [&hellip;]","og_url":"https:\/\/www.artesane.com\/le-journal\/arts-plastiques\/le-defi-de-lete-dessine-moi-un-conte\/","og_site_name":"Journal Artesane - Arts Plastiques","article_publisher":"https:\/\/www.facebook.com\/artesanefrance","article_published_time":"2019-07-22T14:55:28+00:00","article_modified_time":"2022-05-25T13:29:11+00:00","og_image":[{"width":1772,"height":1181,"url":"https:\/\/www.artesane.com\/le-journal\/arts-plastiques\/wp-content\/uploads\/2019\/07\/396-defi-conte.jpg","type":"image\/jpeg"}],"author":"myriamartesane","twitter_card":"summary_large_image","twitter_misc":{"\u00c9crit par":"myriamartesane","Dur\u00e9e de lecture estim\u00e9e":"6 minutes"},"schema":{"@context":"https:\/\/schema.org","@graph":[{"@type":"Article","@id":"https:\/\/www.artesane.com\/le-journal\/arts-plastiques\/le-defi-de-lete-dessine-moi-un-conte\/#article","isPartOf":{"@id":"https:\/\/www.artesane.com\/le-journal\/arts-plastiques\/le-defi-de-lete-dessine-moi-un-conte\/"},"author":{"name":"myriamartesane","@id":"https:\/\/www.artesane.com\/le-journal\/arts-plastiques\/#\/schema\/person\/2f551dccee73d15f2bcd4cdb630724f7"},"headline":"Le de\u0301fi de l\u2019e\u0301te\u0301 : dessine-moi un conte","datePublished":"2019-07-22T14:55:28+00:00","dateModified":"2022-05-25T13:29:11+00:00","mainEntityOfPage":{"@id":"https:\/\/www.artesane.com\/le-journal\/arts-plastiques\/le-defi-de-lete-dessine-moi-un-conte\/"},"wordCount":1124,"commentCount":0,"publisher":{"@id":"https:\/\/www.artesane.com\/le-journal\/arts-plastiques\/#organization"},"image":{"@id":"https:\/\/www.artesane.com\/le-journal\/arts-plastiques\/le-defi-de-lete-dessine-moi-un-conte\/#primaryimage"},"thumbnailUrl":"https:\/\/www.artesane.com\/le-journal\/arts-plastiques\/wp-content\/uploads\/2019\/07\/396-defi-conte.jpg","articleSection":["Actualit\u00e9","Dessin et peinture"],"inLanguage":"fr-FR","potentialAction":[{"@type":"CommentAction","name":"Comment","target":["https:\/\/www.artesane.com\/le-journal\/arts-plastiques\/le-defi-de-lete-dessine-moi-un-conte\/#respond"]}]},{"@type":"WebPage","@id":"https:\/\/www.artesane.com\/le-journal\/arts-plastiques\/le-defi-de-lete-dessine-moi-un-conte\/","url":"https:\/\/www.artesane.com\/le-journal\/arts-plastiques\/le-defi-de-lete-dessine-moi-un-conte\/","name":"Le de\u0301fi de l\u2019e\u0301te\u0301 : dessine-moi un conte - Journal Artesane - Arts Plastiques","isPartOf":{"@id":"https:\/\/www.artesane.com\/le-journal\/arts-plastiques\/#website"},"primaryImageOfPage":{"@id":"https:\/\/www.artesane.com\/le-journal\/arts-plastiques\/le-defi-de-lete-dessine-moi-un-conte\/#primaryimage"},"image":{"@id":"https:\/\/www.artesane.com\/le-journal\/arts-plastiques\/le-defi-de-lete-dessine-moi-un-conte\/#primaryimage"},"thumbnailUrl":"https:\/\/www.artesane.com\/le-journal\/arts-plastiques\/wp-content\/uploads\/2019\/07\/396-defi-conte.jpg","datePublished":"2019-07-22T14:55:28+00:00","dateModified":"2022-05-25T13:29:11+00:00","breadcrumb":{"@id":"https:\/\/www.artesane.com\/le-journal\/arts-plastiques\/le-defi-de-lete-dessine-moi-un-conte\/#breadcrumb"},"inLanguage":"fr-FR","potentialAction":[{"@type":"ReadAction","target":["https:\/\/www.artesane.com\/le-journal\/arts-plastiques\/le-defi-de-lete-dessine-moi-un-conte\/"]}]},{"@type":"ImageObject","inLanguage":"fr-FR","@id":"https:\/\/www.artesane.com\/le-journal\/arts-plastiques\/le-defi-de-lete-dessine-moi-un-conte\/#primaryimage","url":"https:\/\/www.artesane.com\/le-journal\/arts-plastiques\/wp-content\/uploads\/2019\/07\/396-defi-conte.jpg","contentUrl":"https:\/\/www.artesane.com\/le-journal\/arts-plastiques\/wp-content\/uploads\/2019\/07\/396-defi-conte.jpg","width":1772,"height":1181,"caption":"dessine moi un conte"},{"@type":"BreadcrumbList","@id":"https:\/\/www.artesane.com\/le-journal\/arts-plastiques\/le-defi-de-lete-dessine-moi-un-conte\/#breadcrumb","itemListElement":[{"@type":"ListItem","position":1,"name":"Accueil","item":"https:\/\/www.artesane.com\/le-journal\/arts-plastiques\/"},{"@type":"ListItem","position":2,"name":"Le de\u0301fi de l\u2019e\u0301te\u0301 : dessine-moi un conte"}]},{"@type":"WebSite","@id":"https:\/\/www.artesane.com\/le-journal\/arts-plastiques\/#website","url":"https:\/\/www.artesane.com\/le-journal\/arts-plastiques\/","name":"Journal Artesane - Arts Plastiques","description":"","publisher":{"@id":"https:\/\/www.artesane.com\/le-journal\/arts-plastiques\/#organization"},"potentialAction":[{"@type":"SearchAction","target":{"@type":"EntryPoint","urlTemplate":"https:\/\/www.artesane.com\/le-journal\/arts-plastiques\/?s={search_term_string}"},"query-input":{"@type":"PropertyValueSpecification","valueRequired":true,"valueName":"search_term_string"}}],"inLanguage":"fr-FR"},{"@type":"Organization","@id":"https:\/\/www.artesane.com\/le-journal\/arts-plastiques\/#organization","name":"Artesane","url":"https:\/\/www.artesane.com\/le-journal\/arts-plastiques\/","logo":{"@type":"ImageObject","inLanguage":"fr-FR","@id":"https:\/\/www.artesane.com\/le-journal\/arts-plastiques\/#\/schema\/logo\/image\/","url":"https:\/\/www.artesane.com\/le-journal\/arts-plastiques\/wp-content\/uploads\/2022\/05\/logo-simple.png","contentUrl":"https:\/\/www.artesane.com\/le-journal\/arts-plastiques\/wp-content\/uploads\/2022\/05\/logo-simple.png","width":1166,"height":201,"caption":"Artesane"},"image":{"@id":"https:\/\/www.artesane.com\/le-journal\/arts-plastiques\/#\/schema\/logo\/image\/"},"sameAs":["https:\/\/www.facebook.com\/artesanefrance","https:\/\/www.instagram.com\/artesane_france\/","https:\/\/fr.linkedin.com\/company\/artesane","https:\/\/www.pinterest.fr\/ArtesaneFrance\/","https:\/\/www.youtube.com\/c\/Artesane_lesvideos","https:\/\/www.twitch.tv\/artesane?lang=fr","https:\/\/open.spotify.com\/show\/2gdmkyp7IoWhWpDRk3G71I"]},{"@type":"Person","@id":"https:\/\/www.artesane.com\/le-journal\/arts-plastiques\/#\/schema\/person\/2f551dccee73d15f2bcd4cdb630724f7","name":"myriamartesane"}]}},"_links":{"self":[{"href":"https:\/\/www.artesane.com\/le-journal\/arts-plastiques\/wp-json\/wp\/v2\/posts\/9443","targetHints":{"allow":["GET"]}}],"collection":[{"href":"https:\/\/www.artesane.com\/le-journal\/arts-plastiques\/wp-json\/wp\/v2\/posts"}],"about":[{"href":"https:\/\/www.artesane.com\/le-journal\/arts-plastiques\/wp-json\/wp\/v2\/types\/post"}],"author":[{"embeddable":true,"href":"https:\/\/www.artesane.com\/le-journal\/arts-plastiques\/wp-json\/wp\/v2\/users\/9"}],"replies":[{"embeddable":true,"href":"https:\/\/www.artesane.com\/le-journal\/arts-plastiques\/wp-json\/wp\/v2\/comments?post=9443"}],"version-history":[{"count":1,"href":"https:\/\/www.artesane.com\/le-journal\/arts-plastiques\/wp-json\/wp\/v2\/posts\/9443\/revisions"}],"predecessor-version":[{"id":13466,"href":"https:\/\/www.artesane.com\/le-journal\/arts-plastiques\/wp-json\/wp\/v2\/posts\/9443\/revisions\/13466"}],"wp:featuredmedia":[{"embeddable":true,"href":"https:\/\/www.artesane.com\/le-journal\/arts-plastiques\/wp-json\/wp\/v2\/media\/9445"}],"wp:attachment":[{"href":"https:\/\/www.artesane.com\/le-journal\/arts-plastiques\/wp-json\/wp\/v2\/media?parent=9443"}],"wp:term":[{"taxonomy":"category","embeddable":true,"href":"https:\/\/www.artesane.com\/le-journal\/arts-plastiques\/wp-json\/wp\/v2\/categories?post=9443"},{"taxonomy":"post_tag","embeddable":true,"href":"https:\/\/www.artesane.com\/le-journal\/arts-plastiques\/wp-json\/wp\/v2\/tags?post=9443"}],"curies":[{"name":"wp","href":"https:\/\/api.w.org\/{rel}","templated":true}]}}